
{"id":77721,"date":"2026-09-06T16:24:47","date_gmt":"2026-09-06T14:24:47","guid":{"rendered":"https:\/\/www.gdapress.it\/it\/?p=77721"},"modified":"2026-09-06T16:27:47","modified_gmt":"2026-09-06T14:27:47","slug":"mito26-il-war-requiem-di-britten","status":"publish","type":"post","link":"https:\/\/www.gdapress.it\/it\/index.php\/77721\/musica\/mito26-il-war-requiem-di-britten.html","title":{"rendered":"MITO26  il War Requiem di Britten"},"content":{"rendered":"<p>MITO SETTEMBREMUSICA 2026 \u201cHARMONIA\u201d<br \/>\nSI APRE CON IL WAR REQUIEM DI BENJAMIN BRITTEN<\/p>\n<p>Domenica 6 settembre al Teatro alla Scala di Milano e luned\u00ec 7 settembre all\u2019Auditorium Rai di Torino il capolavoro pacifista del Novecento inaugura la ventesima edizione del festival<\/p>\n<p>Sul podio Simone Young, alla guida dell\u2019Orchestra Sinfonica Nazionale della Rai, del Coro e del Coro di voci bianche del Teatro Regio Torino. Solisti Elena Guseva, Nicky Spence e Bo Skovhus<\/p>\n<p>Milano, Teatro alla Scala, domenica 6 settembre, ore 20<br \/>\nTorino, Auditorium Rai Arturo Toscanini, luned\u00ec 7 settembre, ore 20.00<\/p>\n<p>Sar\u00e0 il War Requiem op. 66 di Benjamin Britten ad aprire la ventesima edizione di MITO SettembreMusica, in programma a Milano e Torino dal 6 al 20 settembre 2026 e dedicata, nel primo cartellone firmato dalla direttrice artistica Speranza Scappucci, al tema Harmonia.<\/p>\n<p>Il concerto inaugurale del festival, presieduto da Alberto Meomartini, si terr\u00e0 domenica 6 settembre alle ore 20 al Teatro alla Scala di Milano (con collegamento in diretta su Radio3) e sar\u00e0 replicato luned\u00ec 7 settembre alle ore 20 all\u2019Auditorium Rai Arturo Toscanini di Torino. Protagonisti saranno l\u2019Orchestra Sinfonica Nazionale della Rai, il Coro e il Coro di voci bianche del Teatro Regio Torino, preparati rispettivamente da Gea Garatti Ansini e Claudio Fenoglio, con la direzione di Simone Young. Le parti solistiche saranno affidate al soprano Elena Guseva, al tenore Nicky Spence e al baritono Bo Skovhus. Entrambi gli appuntamenti sono realizzati grazie al Presenting Partner Intesa Sanpaolo.<\/p>\n<p>Nel cinquantenario della morte di Britten, MITO SettembreMusica sceglie dunque di inaugurare il proprio percorso con una delle partiture pi\u00f9 alte del secondo Novecento: un\u2019opera monumentale, di circa ottantacinque minuti, che intreccia il testo latino della Missa pro defunctis con i versi di Wilfred Owen, giovane ufficiale e poeta inglese caduto in Francia il 4 novembre 1918, pochi giorni prima dell\u2019armistizio. La frase posta da Britten in apertura della partitura, \u00abIl mio soggetto \u00e8 la guerra, e la piet\u00e0 della guerra. La poesia sta nella piet\u00e0\u2026 Tutto ci\u00f2 che un poeta pu\u00f2 fare oggi \u00e8 ammonire\u00bb, ne dichiara con chiarezza il senso profondo: una riflessione radicale e un ammonimento sull\u2019assurdit\u00e0 e sull\u2019immoralit\u00e0 della guerra.<\/p>\n<p>Composto per la consacrazione della nuova Cattedrale di Coventry, ricostruita accanto alle rovine dell\u2019edificio medievale distrutto dai bombardamenti tedeschi nella notte tra il 13 e il 14 novembre 1940, il War Requiem fu eseguito per la prima volta il 30 maggio 1962. Britten vi costru\u00ec una drammaturgia sonora di straordinaria forza simbolica: al soprano, al grande coro, alla grande orchestra e al coro di voci bianche sono affidate le sezioni liturgiche in latino; al tenore e al baritono, accompagnati da un ensemble strumentale pi\u00f9 raccolto, le poesie di Owen. Due mondi espressivi diversi \u2013 il rito collettivo e la voce individuale, la memoria religiosa e l\u2019esperienza concreta della trincea \u2013 si guardano, si interrogano, talvolta si contraddicono, fino a confluire nel Libera me conclusivo. \u00c8 proprio in questa struttura, fatta di piani sonori e poetici distinti, posti in continua relazione, che il War Requiem diventa il manifesto ideale di Harmonia, l\u2019armonia evocata dal festival che non \u00e8 assenza di tensione ma capacit\u00e0 di attraversare il conflitto e trasformare il dolore in responsabilit\u00e0 condivisa.<\/p>\n<p>A dare voce a questa partitura sar\u00e0 una compagine di particolare rilievo. Simone Young, tra le direttrici pi\u00f9 importanti della scena internazionale, sale per la prima volta sul podio dell\u2019Orchestra Sinfonica Nazionale della Rai, impegnata nell\u2019esecuzione insieme al Coro e al Coro di voci bianche del Teatro Regio Torino diretti rispettivamente da Gea Garatti Ansini e Claudio Fenoglio. Il cast vocale riunisce il soprano Elena Guseva, applaudita nei principali teatri europei, cui \u00e8 affidata una parte luminosa e insieme tragica, il tenore Nicky Spence (che sostituisce il previsto Clayton Allan) dar\u00e0 voce ai versi di Owen insieme al baritono danese Bo Skovhus, artista tra i pi\u00f9 autorevoli della sua generazione e interprete di un repertorio vastissimo, dal teatro musicale tedesco al Novecento e alla contemporaneit\u00e0.<\/p>\n<p>La programmazione di MITO SettembreMusica proseguir\u00e0 fino al 20 settembre con oltre sessanta appuntamenti tra Milano e Torino, attraversando antico e contemporaneo, repertorio classico e nuove creazioni, grandi interpreti internazionali e giovani talenti, luoghi simbolici delle due citt\u00e0 e spazi meno consueti. Dopo l\u2019apertura affidata al War Requiem, il cartellone accoglier\u00e0, tra gli altri, la Filarmonica della Scala con Riccardo Chailly, William Christie con Les Arts Florissants, la nuova commissione KAOS di Paola Prestini diretta da Michele Mariotti, lo Stabat Mater di Rossini diretto da Speranza Scappucci con i giovani dei Conservatori di Milano e Torino, David Fray con le Variazioni Goldberg e i Bamberger Symphoniker con Jakub Hr\u016f\u0161a.<\/p>\n<p>domenica 6 settembre 2026, ore 20<br \/>\nMilano, Teatro alla Scala<br \/>\nluned\u00ec 7 settembre 2026, ore 20<br \/>\nTorino, Auditorium Rai Arturo Toscanini<\/p>\n<p>Benjamin Britten<br \/>\nWar Requiem op. 66<br \/>\nper soli, coro, coro di ragazzi, orchestra e orchestra da camera<br \/>\nTesto tratto dalla Missa pro defunctis e da versi di Wilfred Owen<\/p>\n<p>Orchestra Sinfonica Nazionale della Rai<br \/>\nCoro e Coro di voci bianche Teatro Regio Torino<br \/>\nElena Guseva, soprano<br \/>\nNicky Spence, tenore<br \/>\nBo Skovhus, baritono<br \/>\nGea Garatti Ansini, maestro del coro<br \/>\nClaudio Fenoglio, maestro del coro di voci bianche<br \/>\nSimone Young, direttrice<\/p>\n<p>Presenting Partner Intesa Sanpaolo<\/p>\n<p>Australiana, Simone Young dal 2022 ricopre il ruolo di Direttrice Principale della Sydney Symphony Orchestra, dopo essere stata Direttrice Artistica della Staatsoper di Amburgo e Direttrice Musicale Generale della Philharmonisches Staatsorchester della stessa citt\u00e0 tedesca, Direttrice Principale della Bergen Philharmonic Orchestra e Direttrice Artistica di Opera Australia a Sydney e Melbourne. \u00c8 ospite regolare di orchestre come i Wiener Philharmoniker, i Berliner Philharmoniker, la Chicago Symphony Orchestra, la New York Philharmonic, la Los Angeles Philharmonic, la Symphonieorchester des Bayerischen Rundfunks e la London Philharmonic Orchestra, oltre che dei principali teatri del mondo, dalla Wiener Staatsoper all\u2019Op\u00e9ra national de Paris, dalla Royal Opera House di Londra alla Metropolitan Opera di New York, fino alla Scala di Milano, dove ha recentemente diretto il ciclo integrale Der Ring des Nibelungen di Wagner.<\/p>\n<p>MITO SettembreMusica, con la presidenza di Alberto Meomartini e la direzione artistica di Speranza Scappucci, \u00e8 un progetto delle Citt\u00e0 di Torino e Milano, con il contributo del Ministero della Cultura e della Regione Piemonte, realizzato dalla Fondazione per la Cultura Torino e dalla Fondazione I Pomeriggi Musicali, Partner Intesa Sanpaolo, con il sostegno della Fondazione Compagnia di San Paolo e della Fondazione CRT, degli sponsor Iren, Pirelli, Fondazione Fiera Milano, con il supporto di Jacobacci &#038; Partners e del Charity Partner Fondazione Allegra Agnelli per la Ricerca sul Cancro.<br \/>\nLa Rai con Rai Cultura e Radio3 \u00e8 Media partner del Festival insieme a Sky Classica e Pi\u00f9 Classica.<\/p>\n<p>www.mitosettembremusica.it<\/p>\n<p>Costo dei biglietti<br \/>\nconcerti a Milano > da euro 5 a euro 50<br \/>\nconcerti a Torino > da euro 1 a euro 40<br \/>\nSono previsti carnet e varie tipologie di pass<\/p>\n<p>Biglietteria online<br \/>\nticketone.it (concerti a Milano)<br \/>\nvivaticket.it (concerti a Torino)<\/p>\n<p>Milano<br \/>\nBiglietteria TicketOne &#8211; Teatro Dal Verme<br \/>\nvia San Giovanni sul Muro, 2 &#8211; Milano<br \/>\nTel. +39 02 87905 201<br \/>\nbiglietteriamito@ipomeriggi.it<br \/>\nLa biglietteria \u00e8 aperta da marted\u00ec a sabato ore 10-18 \/<\/p>\n<p>Torino<br \/>\nNuova sede piazza Palazzo di Citt\u00e0 5\/A<br \/>\n+39 011 4249144<br \/>\nbiglietteria@fpct.it<br \/>\nLa biglietteria \u00e8 aperta tutti i giorni, ore 10.30 \u2013 18<\/p>\n<p>Se ancora disponibili, i biglietti saranno messi in vendita anche il giorno del concerto, a partire da 45 minuti prima dell\u2019inizio presso la biglietteria della relativa sede.<\/p>\n","protected":false},"excerpt":{"rendered":"<p>MITO SETTEMBREMUSICA 2026 \u201cHARMONIA\u201d SI APRE CON IL WAR REQUIEM DI BENJAMIN BRITTEN Domenica 6 settembre al Teatro alla Scala di Milano e luned\u00ec 7 settembre all\u2019Auditorium Rai di Torino il capolavoro pacifista del Novecento inaugura la ventesima edizione del festival Sul podio Simone Young, alla guida dell\u2019Orchestra Sinfonica Nazionale della Rai, del Coro e &hellip; <a href=\"https:\/\/www.gdapress.it\/it\/index.php\/77721\/musica\/mito26-il-war-requiem-di-britten.html\" class=\"more-link\">Read more <span class=\"screen-reader-text\">MITO26  il War Requiem di Britten<\/span><\/a><\/p>\n","protected":false},"author":1,"featured_media":77724,"comment_status":"closed","ping_status":"open","sticky":false,"template":"","format":"standard","meta":{"footnotes":""},"categories":[19],"tags":[27616,6426,27598,17,27614,3853,29,27615],"class_list":["post-77721","post","type-post","status-publish","format-standard","has-post-thumbnail","hentry","category-musica","tag-auditorium-rai-arturo-toscanini","tag-britten","tag-harmonia","tag-milano","tag-mito-settembremusica-2026","tag-teatro-alla-scala","tag-torino","tag-war-requiem"],"_links":{"self":[{"href":"https:\/\/www.gdapress.it\/it\/index.php\/wp-json\/wp\/v2\/posts\/77721","targetHints":{"allow":["GET"]}}],"collection":[{"href":"https:\/\/www.gdapress.it\/it\/index.php\/wp-json\/wp\/v2\/posts"}],"about":[{"href":"https:\/\/www.gdapress.it\/it\/index.php\/wp-json\/wp\/v2\/types\/post"}],"author":[{"embeddable":true,"href":"https:\/\/www.gdapress.it\/it\/index.php\/wp-json\/wp\/v2\/users\/1"}],"replies":[{"embeddable":true,"href":"https:\/\/www.gdapress.it\/it\/index.php\/wp-json\/wp\/v2\/comments?post=77721"}],"version-history":[{"count":3,"href":"https:\/\/www.gdapress.it\/it\/index.php\/wp-json\/wp\/v2\/posts\/77721\/revisions"}],"predecessor-version":[{"id":77726,"href":"https:\/\/www.gdapress.it\/it\/index.php\/wp-json\/wp\/v2\/posts\/77721\/revisions\/77726"}],"wp:featuredmedia":[{"embeddable":true,"href":"https:\/\/www.gdapress.it\/it\/index.php\/wp-json\/wp\/v2\/media\/77724"}],"wp:attachment":[{"href":"https:\/\/www.gdapress.it\/it\/index.php\/wp-json\/wp\/v2\/media?parent=77721"}],"wp:term":[{"taxonomy":"category","embeddable":true,"href":"https:\/\/www.gdapress.it\/it\/index.php\/wp-json\/wp\/v2\/categories?post=77721"},{"taxonomy":"post_tag","embeddable":true,"href":"https:\/\/www.gdapress.it\/it\/index.php\/wp-json\/wp\/v2\/tags?post=77721"}],"curies":[{"name":"wp","href":"https:\/\/api.w.org\/{rel}","templated":true}]}}