
{"id":77382,"date":"2026-05-01T18:20:42","date_gmt":"2026-05-01T16:20:42","guid":{"rendered":"https:\/\/www.gdapress.it\/it\/?p=77382"},"modified":"2026-05-01T18:20:42","modified_gmt":"2026-05-01T16:20:42","slug":"a-orticola-ce-di-piu-non-solo-fiori-e-piante","status":"publish","type":"post","link":"https:\/\/www.gdapress.it\/it\/index.php\/77382\/ambiente\/a-orticola-ce-di-piu-non-solo-fiori-e-piante.html","title":{"rendered":"A ORTICOLA C\u2019\u00c8 DI PI\u00d9 \u2026 NON SOLO FIORI E PIANTE!"},"content":{"rendered":"<p>Ogni anno una scenografia nuova e diversa, ogni anno uno sguardo intrigante e innovativo<br \/>\nA ORTICOLA C\u2019\u00c8 DI PI\u00d9 \u2026 NON SOLO FIORI E PIANTE!<br \/>\nQuattro giorni per scoprire il verde e tutto quello che c\u2019\u00e8 dentro, intorno e accanto. Il paese ospite, gli ingressi, le installazioni, gli incontri, i workshop<br \/>\n Un patrimonio di giardini ricco e variegato, frutto della sua diversit\u00e0 climatica, geografica e culturale, da quelli reali e storici ai grandi orti botanici, dai paesaggi agricoli modellati dall\u2019uomo alle creazioni contemporanee, il giardino in Spagna \u00e8 da secoli uno spazio di dialogo tra natura e cultura.<br \/>\n\u00c8 la Spagna il Paese ospite nel 2026. \u201cEssere Paese Ospite di Orticola 2026 rappresenta per la Spagna un\u2019occasione privilegiata per raccontare il nostro patrimonio paesaggistico in un contesto di eccellenza internazionale.\u201d \u2013 afferma Blanca P\u00e9rez-Sauquillo, Console Aggiunto dell\u2019Ambasciata di Spagna in Italia e Direttrice dell\u2019Ente Spagnolo del Turismo a Milano \u2013 \u201cI giardini spagnoli esprimono la nostra storia e la nostra diversit\u00e0, ma soprattutto offrono luoghi da vivere: spazi in cui arte, cultura e natura si intrecciano, generando esperienze autentiche, sensoriali e sostenibili. Attraverso questa partecipazione desideriamo rafforzare il posizionamento della Spagna come destinazione di turismo esperienziale, capace di invitare il visitatore a scoprire il Paese non solo attraverso i suoi luoghi, ma attraverso le emozioni, i ritmi e il paesaggio che ne definiscono l\u2019identit\u00e0 e lo stile di vita.\u201d<br \/>\nLa Spagna invita il pubblico italiano a scoprire un Paese in cui il paesaggio diventa esperienza, identit\u00e0 e racconto con un fitto programma che include attivit\u00e0 per diversi pubblici. In particolare, saranno proposti tre laboratori creativi per bambini nell\u2019Area Corsi Giardini, sabato 9 alle ore 15,30 e alle ore 16,30 e domenica 10 maggio alle ore 11,00 ispirati a grandi artisti spagnoli, Antoni Gaud\u00ed, Joan Mir\u00f3 e \u00d3scar Dom\u00ednguez, e al dialogo tra creativit\u00e0 e ambiente naturale per realizzare piccoli oggetti come sottobicchieri e borse. Sono inoltre previsti tre workshop nello spazio dell\u2019Ente Spagnolo del Turismo a Milano (Stand 98) dal titolo \u201cPasseggiata tra i fiori\u201d gioved\u00ec 7 alle ore 15,00, 17,00 e 18,00 e venerd\u00ec 8 alle ore 11,30 e 13,00, realizzato in collaborazione con il Museo Nacional Thyssen-Bornemisza, una visita virtuale ai capolavori del museo, con spiegazioni dedicate alle opere d\u2019arte, abbinata a un\u2019esperienza sensoriale da vivere alla scoperta di profumi, colori e piante tipici della Spagna, che si conclude con la realizzazione di un piccolo mazzolino da portare con s\u00e9 come ricordo dell\u2019esperienza. Consigliata la prenotazione scrivendo a: milan@tourspain.com. Elemento centrale della partecipazione \u00e8 la realizzazione di \u201cIl Rifugio Naturale\u201d, un giardino temporaneo a cura del paesaggista spagnolo Fernando Martos, concepito come spazio immersivo capace di esprimere la sensibilit\u00e0 paesaggistica contemporanea della Spagna, che si sviluppa quindi con la collaborazione dell\u2019Ente Spagnolo del Turismo a Milano &#8211; Ambasciata di Spagna in Italia, il progetto di Fernando Martos, il coordinamento e sostegno della rivista Gardenia e l\u2019aiuto degli studenti della Fondazione Minoprio per la messa in opera.<br \/>\nUn ringraziamento particolare va a Mauro Crescini per Valfredda, Andrea Foschi, Ludovico Grasso, I giardini e le fronde, Orvieto Arte, Anna Patrucco per Salix, Andrea Pironi per Floricoltura Pironi e Vannino Vannucci per Vannucci Piante che hanno permesso la realizzazione fornendo la serra, gli ortaggi, i melograni, i cordoli, il recinto, le erbacee, i vasi in terracotta. Si tratta di un progetto paesaggistico che rende omaggio al tradizionale orto mediterraneo, ma con un design contemporaneo, infatti vuole trasformare lo spazio in un piccolo rifugio naturale, la cui essenza risiede nell\u2019uso di materiali naturali e di tecniche tradizionali. Uno spazio delicato che ricordi un ambiente familiare e sereno, creato per la felicit\u00e0 di tutti gli amanti delle piante, degli orti e del verde in genere.<br \/>\nMa anche l\u2019occhio vuole la sua parte e la scenografia di Orticola prosegue. Basta entrare da piazza Cavour per immergersi nei Passaggi e Meditazioni di Emy Petrini, una struttura in tondino di ferro intrecciata con rami di salice per creare, appunto, un passaggio enfatizzato dalla presenza di due guardiani, Le Meditazioni, con le teste scolpite nel marmo, una in quello rosa del Portogallo e l\u2019altra in quello blu Bahia brasiliano. Proseguendo nei viali si incontrano le Composizioni pr\u00eat \u00e0 planter, realizzate da Erika Mazza di Atelier Botanico, che vivacizzano il Padiglione Orticola, le Aree Corsi, le Tende della Segreteria, dell\u2019Ufficio Stampa e dell\u2019Area Amici della Fondazione e introducono a un nuovo modo di intendere il plant design: composizioni pre-coltivate, pronte per essere scelte e piantate in giardini e terrazzi, portando bellezza nel grigio della citt\u00e0. Biodegradabilit\u00e0, sostenibilit\u00e0 e biodiversit\u00e0 sono le caratteristiche di queste composizioni, realizzate con un processo il pi\u00f9 possibile plastic-free. Accanto alla fontana si erge fino a tre metri verso il cielo: \u201cSinaptica\u201d, una struttura composta da archi e listelli di bamb\u00f9 che rende omaggio al mondo vegetale e alle sue forme armoniche. Il bamb\u00f9, materiale vivo e flessibile, guida la costruzione verso geometrie fluide e naturali. L\u2019azione artigianale segue il ritmo della materia, lasciando che sia lo stesso bamb\u00f9 a suggerire la forma. Ogni elemento nasce da un gesto lento e rispettoso dell\u2019ambiente. La struttura appare come un organismo leggero, quasi in crescita. Le linee morbide richiamano paesaggi minimi della natura: cellule, nervature, l\u2019interno silenzioso di un fiore. Un\u2019opera che dialoga con la natura da cui proviene, a cura di CANYALAB | Architettura organica in bamb\u00f9 e canna mediterranea.<br \/>\nGioved\u00ec pomeriggio \u00e8 assegnato il Premio iO Donna L\u2019Assessora all\u2019Ambiente e Verde del Comune di Milano, Elena Grandi, la Direttrice di iO Donna, Danda Santini e Filippo Pizzoni con Eugenia Bruni consegnano l\u2019esclusiva litografia di Carlo Stanga con la borsa dedicata ai 30 anni della testata e un bracciale della collezione Petit Joli Lunaire, oro rosa 18k con agata verde, pietra di luna e diamanti, firmato Pasquale Bruni a Franca Vittoria Bessi che, fin dalla tesi universitaria in Ecologia vegetale, ha dedicato la sua vita allo studio appassionato delle piante e in particolare della rosa. Questo premio vuole riconoscere l\u2019impegno nel mettere l\u2019infinita competenza a beneficio di enti, istituzioni e scuole, per la diffusione e l\u2019affermazione della cultura botanica nel nostro Paese.<br \/>\nA seguire Filippo Pizzoni e Vittorio Barni, presentano la rosa Ornella Vanoni, creata da Barni Rose per celebrare la famosa cantante italiana scomparsa nel novembre dello scorso anno, alla presenza dei familiari. Alcune sue famosissime canzoni sono presenti nella playlist realizzata in esclusiva per i visitatori di Orticola da Radio Monte Carlo, Radio ufficiale dell\u2019evento, che \u00e8 possibile scaricare, grazie ad un QRCode da inquadrare posizionato su cartelli bianchi e blu accanto alle aree relax e ai punti ristoro, sul catalogo di Orticola, sul sito www.orticola.org e www.radiomontecarlo.net e anche qua!<br \/>\nVicino alla fontana il Padiglione Orticola accoglie nelle giornate di venerd\u00ec, sabati e domenica \u201cI Dialoghi in Giardino 2026\u201d. Si inizia venerd\u00ec alle 11,00 con \u201cL\u2019influsso del cielo. I giardini storici tra conservazione e adattamento al cambiamento climatico\u201d. Ne parlano Ester Germani, Architetto Paesaggista e Specialista in Beni Architettonici e del Paesaggio, Marco Ferrari, Architetto Paesaggista e PhD in Beni Architettonici e Paesaggistici, Docente di Restauro dei Giardini al Politecnico di Torino, Maria Angela Previtera, Direttore di Villa Carlotta a Tremezzina, Como. Seguir\u00e0 la presentazione del libro di Marco Ferrari \u201cDopo la tempesta. Resilienza al cambiamento climatico nell\u2019arte e nel restauro dei giardini storici\u201d, edito da Il Mulino, Bologna. I giardini storici costituiscono un patrimonio fragile sempre pi\u00f9 vessato dal riscaldamento globale e dall\u2019aumento di fenomeni atmosferici distruttivi. Quale sar\u00e0 la loro \u2013 e la nostra \u2013 capacit\u00e0 di adattamento e resilienza? Per custodire questa inestimabile eredit\u00e0 culturale \u00e8 necessario un approccio attivo, creativo e sostenibile. La giornata di venerd\u00ec si conclude alle ore 17,00 con \u201cL\u2019idea di giardino dal XV secolo a XX secolo\u201d, presentazione del libro di Franco Giorgetta edito da Marsilio Arte Editori, Milano. <\/p>\n<p> Ne parlano l\u2019autore, Franco Giorgetta, Architetto del passaggio, Fondatore e Direttore del Corso di Perfezionamento in Architettura del paesaggio della Facolt\u00e0 di Architettura del Politecnico di Milano, con Filippo Pizzoni. Modera Margherita Lombardi, giornalista botanica. Il libro percorre la storia del giardino attraverso le fonti originarie a stampa, dal Cinquecento ad oggi, osservando le metamorfosi delle figure e delle forme del giardino e i suoi significati. I Dialoghi riprendono sabato 9 alle ore 17,00 con \u201cPersone che fioriscono: cinque nuove cultivar nel segno di Milano e della sua tradizione orticola\u201d, Andrea Corneo, Presidente della Societ\u00e0 Italiana della Camelia, presenta in esclusiva per Orticola 5 nuove camelie dedicate a donne e uomini milanesi e lombardi. Sono presenti Camilla Bagatti Valsecchi, Pietro Berlingeri, Jacopo Cicogna Mozzoni e Giovanni Sala. Si concludono domenica 10 alle ore 11,00 con \u201cIl tempo del giardino\u201d, presentazione del libro scritto da Pietro Bruni, edito da Mondadori Editore, Milano. L\u2019autore, Pietro Bruni, Naturalista e Fondatore di Yougardener, con Gian Marco Mapelli, Agrotecnico e @amicodellepiante introducono il tema della biofilia, in relazione al rapporto tra persone e piante e al ruolo del giardino nel benessere quotidiano. Il tempo del giardino \u00e8 un manuale pratico che raccoglie rimedi naturali e soluzioni concrete per coltivare meglio, a partire da problemi reali.<br \/>\nSempre parlando di libri, si spazia dalla scoperta dei percorsi e curiosit\u00e0 sugli agrumi con \u201cIl viaggio degli agrumi in Italia\u201d, a cura di Paola Fanucci e Alberto Tintori (venerd\u00ec alle ore 15,00) alla scoperta delle piante pi\u00f9 resilienti e delle soluzioni pi\u00f9 innovative per dare vita a giardini in dialogo con il territorio con \u201cGiardini sostenibili \u201c, a cura di Francesco Fedelfio (sabato alle ore 12,00) fino a scoprire chi ha inventato l\u2019uovo di Pasqua o come \u00e8 nato il caff\u00e8 espresso,  con \u201cL\u2019ospite felice. Manuale semiserio di sopravvivenza sociale\u201d con Paola Trifir\u00f2 Siniramed (gioved\u00ec alle ore 15,30). Venerd\u00ec 8 sono previsti due altri incontri. In Area Corsi Dugnani 1 alle ore 16,00 \u201cL\u2019importanza dei giardini Montanelli\u201d. Storia, architettura, arte, botanica dei primi e pi\u00f9 importanti giardini di Milano a cura di Agiamo, con Giovanni Sala-Land Italia e Orticola di Lombardia, Emilio Pizzi, Michele Vitali, Nicoletta Attolico, Enrico Pluda-Agiamo. Modera Giovanni Bottini-Agiamo. Alle ore 17 in Area Corsi Dugnani 2 Stefano Baia Curioni, direttore della Fondazione Palazzo Te e l\u2019agronomo e garden designer Emanuele Bortolotti presentano la mostra \u201dInventare la natura\u201d. Leonardo, Arcimboldo, Caravaggio in programma da settembre 2026 a Palazzo Te di Mantova, a cura di Barbara Furlotti e Guido Rebecchini. L\u2019esposizione celebra il rapporto tra mondo naturale, produzione artistica e cultura di corte nel Cinquecento. \u00c8 previsto l\u2019ingresso ridotto alla mostra con il biglietto di Orticola 2026.<br \/>\nDi Orticola si parla anche in trasferta \u2026 Laura Gatti, paesaggista agronoma, partecipa, in rappresentanza di Orticola di Lombardia, venerd\u00ec 1\u00b0 maggio all\u2019incontro \u201cAlla ricerca del verde tra orti e citt\u00e0\u201d, incontro di divulgazione scientifica, organizzato presso l\u2019Auditorium dell\u2019Orto botanico di Padova durante l\u2019annuale Festival Risvegli, che vuole intrecciare ricerca botanica, pratica orticola e cultura del paesaggio per interrogare il ruolo del verde pubblico nella citt\u00e0 contemporanea. Partecipano Terry Hartig, studioso di psicologia ambientale, Rogier van Vugt, responsabile settore orticoltura dell\u2019Orto botanico di Leida in Olanda, Luigi Latini, architetto paesaggista e docente IUAV di Venezia, con l\u2019introduzione di Francesco Del Grande, docente di botanica sistematica all\u2019Universit\u00e0 di Padova https:\/\/ortobotanico1545.it\/eventi\/alla-ricerca-del-verde-tra-orti-e-citta\/<br \/>\nPartendo dall\u2019Ufficio Stampa si pu\u00f2 prendere parte anche quest\u2019anno alla Caccia al Tesoro, tutti i visitatori, grandi e piccini, sono invitati a cercare, nei viali della mostra-mercato, la pianta dalle grandi foglie che galleggiano sull\u2019acqua o il frutto che cade e ispira Isaac Newton o ancora il frutto giallo e acido e la pianta che vive senza terra e assorbe l\u2019acqua dall\u2019aria. A chi trova tutte le risposte e completa il giro premi per proseguire a rincorrere la felicit\u00e0 anche a casa!<br \/>\nLa Spagna ha ispirato il workshop proposto da iO Donna. Decorazioni ispirate ai disegni delle ceramiche spagnole sono il tema dei workshop \u201cSottovasi d\u2019autore per un giardino felice\u201d a cura di Na\u00cfs che iO Donna, media partner della mostra-mercato, organizza gratuitamente due volte al giorno da venerd\u00ec 8 a domenica 10 maggio, a completare una piacevole immersione nella cultura e tradizione iberica. Un rappresentante dell\u2019Ente Spagnolo del Turismo a Milano introduce alla cultura dei giardini e al ruolo della ceramica in Spagna. Corsi di acquarello botanico, letture dei testi di Pia Pera, nel decennale della sua scomparsa, scambio di semi, i segreti del Maestro Giardiniere sono alcuni dei momenti organizzati nel corso dei 4 giorni da Gardenia. Felicit\u00e0 anche in tavola, per evocare un\u2019idea di convivialit\u00e0 autentica, dove il verde dialoga con il piacere dello stare insieme, durante Orticola, da venerd\u00ec a domenica, Giardino Antico presenta \u201cApparecchiare la Natura\u201d e accoglie tre mise en place scenografiche, una al giorno, perch\u00e9 in tavola la natura non sia solo presenza decorativa, ma ispirazione profonda. Seminare, piantare, coltivare, ma se in queste operazioni dobbiamo trovare la felicit\u00e0, bisogna farlo senza stress, come fare lo si pu\u00f2 scoprire grazie agli incontri di Vita in Campagna. Non presenti in mostra-mercato, ma sempre accanto a Orticola, anche quest\u2019anno: Equestrian Time Magazine www.grey-panthers.it, it.yougardener.com e MiTomorrow.<br \/>\nwww.orticola.org <\/p>\n","protected":false},"excerpt":{"rendered":"<p>Ogni anno una scenografia nuova e diversa, ogni anno uno sguardo intrigante e innovativo A ORTICOLA C\u2019\u00c8 DI PI\u00d9 \u2026 NON SOLO FIORI E PIANTE! Quattro giorni per scoprire il verde e tutto quello che c\u2019\u00e8 dentro, intorno e accanto. Il paese ospite, gli ingressi, le installazioni, gli incontri, i workshop Un patrimonio di giardini &hellip; <a href=\"https:\/\/www.gdapress.it\/it\/index.php\/77382\/ambiente\/a-orticola-ce-di-piu-non-solo-fiori-e-piante.html\" class=\"more-link\">Read more <span class=\"screen-reader-text\">A ORTICOLA C\u2019\u00c8 DI PI\u00d9 \u2026 NON SOLO FIORI E PIANTE!<\/span><\/a><\/p>\n","protected":false},"author":1,"featured_media":77383,"comment_status":"closed","ping_status":"open","sticky":false,"template":"","format":"standard","meta":{"footnotes":""},"categories":[340,2245],"tags":[17,27478],"class_list":["post-77382","post","type-post","status-publish","format-standard","has-post-thumbnail","hentry","category-ambiente","category-appuntamenti","tag-milano","tag-orticola-26"],"_links":{"self":[{"href":"https:\/\/www.gdapress.it\/it\/index.php\/wp-json\/wp\/v2\/posts\/77382","targetHints":{"allow":["GET"]}}],"collection":[{"href":"https:\/\/www.gdapress.it\/it\/index.php\/wp-json\/wp\/v2\/posts"}],"about":[{"href":"https:\/\/www.gdapress.it\/it\/index.php\/wp-json\/wp\/v2\/types\/post"}],"author":[{"embeddable":true,"href":"https:\/\/www.gdapress.it\/it\/index.php\/wp-json\/wp\/v2\/users\/1"}],"replies":[{"embeddable":true,"href":"https:\/\/www.gdapress.it\/it\/index.php\/wp-json\/wp\/v2\/comments?post=77382"}],"version-history":[{"count":1,"href":"https:\/\/www.gdapress.it\/it\/index.php\/wp-json\/wp\/v2\/posts\/77382\/revisions"}],"predecessor-version":[{"id":77384,"href":"https:\/\/www.gdapress.it\/it\/index.php\/wp-json\/wp\/v2\/posts\/77382\/revisions\/77384"}],"wp:featuredmedia":[{"embeddable":true,"href":"https:\/\/www.gdapress.it\/it\/index.php\/wp-json\/wp\/v2\/media\/77383"}],"wp:attachment":[{"href":"https:\/\/www.gdapress.it\/it\/index.php\/wp-json\/wp\/v2\/media?parent=77382"}],"wp:term":[{"taxonomy":"category","embeddable":true,"href":"https:\/\/www.gdapress.it\/it\/index.php\/wp-json\/wp\/v2\/categories?post=77382"},{"taxonomy":"post_tag","embeddable":true,"href":"https:\/\/www.gdapress.it\/it\/index.php\/wp-json\/wp\/v2\/tags?post=77382"}],"curies":[{"name":"wp","href":"https:\/\/api.w.org\/{rel}","templated":true}]}}