
{"id":77375,"date":"2026-04-30T17:45:35","date_gmt":"2026-04-30T15:45:35","guid":{"rendered":"https:\/\/www.gdapress.it\/it\/?p=77375"},"modified":"2026-04-30T17:45:35","modified_gmt":"2026-04-30T15:45:35","slug":"triennale-milano-don-bronstein","status":"publish","type":"post","link":"https:\/\/www.gdapress.it\/it\/index.php\/77375\/arte\/triennale-milano-don-bronstein.html","title":{"rendered":"Triennale Milano Don Bronstein"},"content":{"rendered":"<p>Il ritmo dell\u2019occhio<br \/>\nDon Bronstein e la scena jazz a Chicago 1953 \u2013 1968<\/p>\n<p>4 aprile \u2013 17 maggio 2026<\/p>\n<p>Triennale Milano presenta la mostra Il ritmo dell\u2019occhio. Don Bronstein e la scena jazz a Chicago 1953 \u2013 1968, a cura di Filippo Fossati e Nicola Ricciardi, e concepita nel contesto di miart.<\/p>\n<p>L\u2019esposizione \u00e8 la prima mostra europea dedicata a Don Bronstein (Chicago, 1926\u20131968), fotografo, grafico e direttore artistico la cui opera ha attraversato in modo silenzioso ma decisivo la cultura visiva americana del dopoguerra, e segna la prima presentazione organica del suo lavoro in Europa.<\/p>\n<p>Il ritmo dell\u2019occhio presenta una selezione di 25 immagini tratte da uno dei corpi di lavoro pi\u00f9 intimi: la scena jazz e blues di Chicago, ritratta nei club e negli studi di registrazione con la stessa discrezione che caratterizza tutto il suo lavoro. Le fotografie in mostra, realizzate tra il 1953 e il 1968, rivelano un corpus di opere fondato sull&#8217;osservazione e sullo scambio: immagini che si muovono tra performance e pausa, tra presenza e atmosfera, e che ritraggono celebri protagonisti della scena jazz, tra i quali Miles Davis e Nat King Cole.<\/p>\n<p>Lavorando in stretta prossimit\u00e0 con i suoi soggetti, Bronstein sviluppava relazioni che consentivano un eccezionale grado di apertura. Fotografo per riviste e per la grafica musicale, i suoi scatti sono caratterizzati da una forte improvvisazione; con i suoi soggetti, il fotografo costruiva relazioni autentiche e durature, da cui nascevano ritratti di rara intensit\u00e0. Nelle fotografie esposte in mostra si percepisce la capacit\u00e0 di muoversi tra i musicisti senza disturbare. Senza filtri n\u00e9 artifici, il suo occhio riusciva a entrare nella scena dall&#8217;interno, pronto a carpire un frammento di realt\u00e0: uno sguardo, una mossa, una stranezza, la pausa prima di una nota.<\/p>\n<p>Analizzando le sue immagini \u00e8 possibile ritrovare, oltre all&#8217;esordio di un autore che forgia il suo linguaggio, anche l&#8217;inizio di un&#8217;operazione conoscitiva, un atto di scoperta e di verifica delle possibilit\u00e0 del mezzo fotografico. Tra il 1953 e il 1968, Bronstein stava gi\u00e0 scrivendo, con la sua macchina, le regole del proprio lavoro e della propria idea di estetica.<\/p>\n<p>La mostra inaugura inoltre un percorso di ricerca che trover\u00e0 continuit\u00e0 in Triennale nei mesi a seguire con Henri Matisse. Jazz as a Method, a cura di Viviana Bertanzetti e Nicola Ricciardi: un ulteriore capitolo di approfondimento che, a partire dall\u2019opera Jazz (1947) del maestro francese, estender\u00e0 la riflessione al rapporto tra arti visive, composizione e sperimentazione editoriale.<\/p>\n<p>I Partner istituzionali Deloitte e Fondazione Deloitte, Lavazza Group e Salone del Mobile.Milano sostengono Triennale Milano anche per questo progetto.<\/p>\n<p>Informazioni<br \/>\nIl ritmo dell\u2019occhio<br \/>\nDon Bronstein e la scena jazz a Chicago 1953\u20131968<br \/>\n4 aprile \u2013 17 maggio 2026<br \/>\nA cura di: Filippo Fossati e Nicola Ricciardi<br \/>\nIngresso libero<\/p>\n<p>Triennale Milano<br \/>\nDa marted\u00ec a domenica<br \/>\n10.30 \u2013 20.00 (ultimo ingresso consentito alle ore 19.00)<\/p>\n<p>Triennale Milano<br \/>\nViale Alemagna 6<br \/>\n20121 Milano<br \/>\nwww.triennale.org<\/p>\n","protected":false},"excerpt":{"rendered":"<p>Il ritmo dell\u2019occhio Don Bronstein e la scena jazz a Chicago 1953 \u2013 1968 4 aprile \u2013 17 maggio 2026 Triennale Milano presenta la mostra Il ritmo dell\u2019occhio. Don Bronstein e la scena jazz a Chicago 1953 \u2013 1968, a cura di Filippo Fossati e Nicola Ricciardi, e concepita nel contesto di miart. L\u2019esposizione \u00e8 &hellip; <a href=\"https:\/\/www.gdapress.it\/it\/index.php\/77375\/arte\/triennale-milano-don-bronstein.html\" class=\"more-link\">Read more <span class=\"screen-reader-text\">Triennale Milano Don Bronstein<\/span><\/a><\/p>\n","protected":false},"author":1,"featured_media":77376,"comment_status":"closed","ping_status":"open","sticky":false,"template":"","format":"standard","meta":{"footnotes":""},"categories":[4],"tags":[27474,930],"class_list":["post-77375","post","type-post","status-publish","format-standard","has-post-thumbnail","hentry","category-arte","tag-don-bronstein","tag-triennale-milano"],"_links":{"self":[{"href":"https:\/\/www.gdapress.it\/it\/index.php\/wp-json\/wp\/v2\/posts\/77375","targetHints":{"allow":["GET"]}}],"collection":[{"href":"https:\/\/www.gdapress.it\/it\/index.php\/wp-json\/wp\/v2\/posts"}],"about":[{"href":"https:\/\/www.gdapress.it\/it\/index.php\/wp-json\/wp\/v2\/types\/post"}],"author":[{"embeddable":true,"href":"https:\/\/www.gdapress.it\/it\/index.php\/wp-json\/wp\/v2\/users\/1"}],"replies":[{"embeddable":true,"href":"https:\/\/www.gdapress.it\/it\/index.php\/wp-json\/wp\/v2\/comments?post=77375"}],"version-history":[{"count":1,"href":"https:\/\/www.gdapress.it\/it\/index.php\/wp-json\/wp\/v2\/posts\/77375\/revisions"}],"predecessor-version":[{"id":77377,"href":"https:\/\/www.gdapress.it\/it\/index.php\/wp-json\/wp\/v2\/posts\/77375\/revisions\/77377"}],"wp:featuredmedia":[{"embeddable":true,"href":"https:\/\/www.gdapress.it\/it\/index.php\/wp-json\/wp\/v2\/media\/77376"}],"wp:attachment":[{"href":"https:\/\/www.gdapress.it\/it\/index.php\/wp-json\/wp\/v2\/media?parent=77375"}],"wp:term":[{"taxonomy":"category","embeddable":true,"href":"https:\/\/www.gdapress.it\/it\/index.php\/wp-json\/wp\/v2\/categories?post=77375"},{"taxonomy":"post_tag","embeddable":true,"href":"https:\/\/www.gdapress.it\/it\/index.php\/wp-json\/wp\/v2\/tags?post=77375"}],"curies":[{"name":"wp","href":"https:\/\/api.w.org\/{rel}","templated":true}]}}