
{"id":77366,"date":"2026-04-30T15:40:58","date_gmt":"2026-04-30T13:40:58","guid":{"rendered":"https:\/\/www.gdapress.it\/it\/?p=77366"},"modified":"2026-04-30T15:40:58","modified_gmt":"2026-04-30T13:40:58","slug":"orticola-2026-giardini-pubblici-indro-montanelli-milano-il-giardinaggio-fa-la-felicita","status":"publish","type":"post","link":"https:\/\/www.gdapress.it\/it\/index.php\/77366\/ambiente\/orticola-2026-giardini-pubblici-indro-montanelli-milano-il-giardinaggio-fa-la-felicita.html","title":{"rendered":"Orticola 2026 Giardini Pubblici Indro Montanelli Milano IL GIARDINAGGIO FA LA FELICIT\u00c0 \u2026"},"content":{"rendered":"<p>Migliora l\u2019umore, riduce ansia e stress, aumenta l\u2019autostima, non ci resta che mettere le mani nella terra perch\u00e9 \u2026 IL GIARDINAGGIO FA LA FELICIT\u00c0 \u2026 e forse anche Orticola \u2026 Orticola 2026: il tema, l\u2019immagine, le novit\u00e0 verdi, le iniziative di cura per la citt\u00e0 <\/p>\n<p>Dal 1996 la Fondazione Orticola di Lombardia ETS porta ai Giardini Pubblici Indro Montanelli di Milano la mostra-mercato Orticola, che quest\u2019anno si tiene da gioved\u00ec 7 a domenica 10 maggio, per avvicinare tutti al verde e sostenere, grazie ai proventi derivanti dalla vendita dei biglietti d\u2019ingresso e all\u2019impegno del Corporate Partner, Ceresio Investors, e fin dalla prima edizione, i progetti di riqualificazione e di manutenzione di aree verdi di Milano. \u201cAbbiamo deciso di diventare Fondazione per ampliare la nostra visione e facilitare le attivit\u00e0 di utilit\u00e0 sociale e civica da sempre nel nostro DNA, garantendo maggior trasparenza, favorendo la nostra crescita e rimanendo per\u00f2 fedeli alla nostra tradizione che sostiene la diffusione della cultura botanica, il vivaismo italiano e l\u2019orticoltura.\u201d \u2013 afferma Gianluca Brivio Sforza, Presidente della Fondazione \u2013 \u201cVogliamo rafforzare e attualizzare la nostra missione, continuando a promuovere e sostenere il benessere del verde di Milano per disegnare un impatto positivo e duraturo sulla citt\u00e0.\u201d <\/p>\n<p>Ogni anno Orticola propone un tema che vuole diventare un messaggio con lo scopo di avvicinare tutti al verde con semplicit\u00e0 e meraviglia, sia coloro che amano la botanica, il giardinaggio e lo praticano regolarmente, ma anche per chi desidera capire il mondo delle piante per la prima volta con curiosit\u00e0, con la voglia di imparare e cercando di fare esperienza. \u201cIl giardinaggio fa la felicit\u00e0\u201d \u00e8 il tema-messaggio del 2026. Recenti ricerche scientifiche realizzate da studiosi inglesi hanno scoperto che nel terreno si trova un batterio, Mycobacterium vaccae, assolutamente innocuo per l\u2019essere umano, che ogni qualvolta affondiamo le mani nella terra, camminiamo in un bosco, mangiamo le verdure del nostro orto o scaviamo nel giardino di casa, questo batterio, facilmente inalato o ingerito perch\u00e9 trasportato dall\u2019aria, sarebbe capace di stimolare il cervello, inducendolo a produrre serotonina, la sostanza chiamata comunemente \u201cormone della felicit\u00e0\u201d, offrendo quindi benefici simili a un antidepressivo. Il giardinaggio quindi non pu\u00f2 che essere una potente \u201cterapia naturale\u201d che migliora l\u2019umore, riduce ansia e stress, in quanto abbassa il cortisolo e aumenta l\u2019autostima attraverso il contatto con la natura e il raggiungimento di obiettivi tangibili. Inoltre attivit\u00e0 come scavare, potare e piantare agiscono come un allenamento, riducendo l\u2019indice di massa corporea e migliorando la salute cardiovascolare, prendersi cura delle piante incoraggia la pazienza, la concentrazione e la consapevolezza, vedere fiorire una pianta o raccogliere i propri frutti crea una profonda gratificazione e un senso di realizzazione e il colore verde predominante e il profumo dei fiori aiutano a rilassare la mente. Anche solo pochi minuti al giorno sul balcone o in giardino possono trasformare l\u2019energia della giornata, migliorando la qualit\u00e0 della vita e migliorando anche l\u2019aspetto della citt\u00e0, che bella sarebbe se ci fossero piante e fiori su ogni balcone! \u201cIn un momento internazionalmente molto difficile come questo, pertanto, \u00e8 importante proporre messaggi positivi e noi di Orticola, insieme ai nostri espositori, ai compagni di viaggio e ai media partner abbiamo pensato a una mostra-mercato orientata proprio verso la felicit\u00e0.\u201d \u2013 spiega Filippo Pizzoni, Vice Presidente della Fondazione \u2013 \u201cVogliamo stimolare sempre pi\u00f9 persone a dedicarsi al giardinaggio perch\u00e9 seminare, rinvasare, trapiantare, anche solo delle erbacee perenni in terrazzo, aromatiche sul balcone, bulbi sul davanzale o piante tropicali in casa sono azioni che ci permettono, non solo di circondarci di fiori, profumi e bellezza, ma anche di ritrovare equilibrio e serenit\u00e0\u201d. 1FUORIORTICOLA 2026 1-31 MAGGIO 2026 Chi pratica giardinaggio ha sempre sperimentato questo benessere al corpo, alla mente e all\u2019anima, ma oggi la scienza d\u00e0 la conferma del perch\u00e9 e da dove proviene e, soprattutto, che tutti possiamo raggiungerlo!<\/p>\n<p> \u201cOgni anno oltre al tema, Orticola propone un\u2019immagine che \u00e8 la trasposizione visiva del tema stesso e, mai come quest\u2019anno, \u00e8 stata cos\u00ec in simbiosi\u201d \u2013 racconta Giulia Santagostino, Vice Presidente della Fondazione \u2013 \u201cun abbraccio, simbolo di amore e armonia, perch\u00e9 coltivare significa nutrire il corpo e lo sguardo e la felicit\u00e0 nasce proprio dall\u2019armonia. Il giardino e l\u2019orto diventano cos\u00ec spazi di armonia, dove il ritmo della natura ristabilisce equilibrio, serenit\u00e0 e connessione profonda con la vita.\u201d Una figura stilizzata con accanto un rastrello che abbraccia un picciolo, in questo caso quello di un pomodoro, che nel Feng Shui simboleggia energia, passione, vitalit\u00e0 e creativit\u00e0, ma rappresenta in realt\u00e0 tutte le piante che se trattate con rispetto e amore, ci restituiscono serenit\u00e0, pace e armonia. \u00c8 l\u2019immagine di Orticola 2026, creata e donata a Orticola da Chiara Pomati e il team creativo di The Branding Letters. Il concept racconta che la cura della Natura, \u00e8 la cura di S\u00e9 e il giardinaggio \u00e8 un gesto di profonda cura. Affondare le mani nella terra ci permette di amare non solo la natura, ma anche noi stessi. Gli ortaggi, i vegetali, i f iori e i frutti che coltiviamo sono vita che si trasforma in felicit\u00e0: simboli concreti di rinascita e della straordinaria capacit\u00e0 umana di rigenerare, creare e trasformare il nostro pianeta, con l\u2019attenzione alle piccole cose.<br \/>\n\u201cLa cura della Natura, \u00e8 la cura di S\u00e9. Il giardinaggio \u00e8 un gesto di profonda cura. Affondare le mani nella terra ci permette di amare non solo la natura, ma anche noi stessi. Gli ortaggi, i vegetali, i fiori e i frutti che coltiviamo sono vita che si trasforma in felicit\u00e0: simboli concreti di rinascita e della straordinaria capacit\u00e0 umana di rigenerare, creare e trasformare il nostro pianeta, con l\u2019attenzione alle piccole cose\u201d, come spiega Chiara Pomati per The Branding Letters, ideatrice dell\u2019immagine. <\/p>\n<p>Nell\u2019ottica di avvicinare sempre pi\u00f9 persone al verde e alla sua cura e rimanere fedele alla sua missione di diffusione della cultura botanica, la Fondazione Orticola di Lombardia ETS mette a disposizione la sua esperienza pluriennale, concedendo il patrocinio a favore della prima edizione del St. Moritz Flower Show, una mostra-mercato che si terr\u00e0 negli spazi prospicienti l\u2019Hotel Kempinski di St. Moritz da gioved\u00ec 2 a domenica 5 luglio 2026. Questa partnership nasce allo scopo di promuovere il vivaismo italiano anche fuori dai nostri confini, la Fondazione infatti segnaler\u00e0 e selezioner\u00e0 gli espositori per partecipare alla mostra-mercato svizzera, privilegiando i vivaisti di ricerca che presentano produzioni interessanti, collezioni botaniche particolari, piante rare e insolite, e che inoltre rispettano i tempi della Natura, utilizzano materiali di origine naturale e sostenibile, a basso impatto ambientale e riciclabili. L\u2019evento \u00e8 ideato e organizzato da Giorgio Pace, gi\u00e0 fondatore di Nomad, la fiera boutique dedicata al design e all\u2019arte contemporanea, e oggi tra gli animatori pi\u00f9 attivi della vita culturale dell\u2019Engadina con il suo nuovo progetto Der Pavilion. <\/p>\n<p>Riparte per il secondo anno consecutivo \u201cA SCUOLA DI ALBERI\u201d, il progetto promosso da Orticola di Lombardia con Orto Botanico di Brera dell\u2019Universit\u00e0 degli Studi di Milano. Il progetto vuole approfondire i diversi temi legati all\u2019albero, dalla sua forma e dalle sue caratteristiche fino al pi\u00f9 complesso \u201cecosistema albero\u201d, per offrire ai bambini contenuti adeguati, finalizzati alla conoscenza e al rispetto per la natura e l\u2019ambiente, temi cari a tutte le due istituzioni coinvolte nel progetto, impegnate a raggiungere un uso sostenibile delle piante per i nostri bisogni e per preservare la biodiversit\u00e0. A questa edizione di \u201cA scuola di alberi\u201d partecipano 60 bambini di 3 classi, appartenenti a 2 scuole e provenienti dai Municipi 1 e 8 di Milano. I 4 incontri, uno per ogni gruppo, della durata di 3 ore ciascuno, sono iniziati a febbraio e si concludono a giugno. Gli alunni, sotto la guida di Chiara Mainetti, educatrice dell\u2019Orto Botanico, sono accompagnati in un percorso alla scoperta degli alberi storici dei giardini e delle specie pi\u00f9 particolari o curiose, partendo dalla spiegazione di come nasce, si sviluppa, vive e cresce un albero.<br \/>\nNell\u2019ambito di Orticola per Milano, le attivit\u00e0 di riqualificazione e di manutenzione di aree verdi cittadine, la Fondazione ha di recente siglato una collaborazione tecnica con il Comune di Milano per la riqualificazione e la manutenzione ordinaria del giardino Camilla Cederna di Largo Richini, situato di fronte all\u2019Universit\u00e0 degli Studi di Milano. 2FUORIORTICOLA 2026 1-31 MAGGIO 2026 Tra gli obiettivi della collaborazione tecnica ci sono il mantenimento dell\u2019equilibrio tra le masse arboree, i gruppi di conifere prostrate gi\u00e0 presenti e le zone a prato, tramite periodici e stagionali interventi di manutenzione ordinaria con un piano calmierato nel rispetto della natura e delle caratteristiche delle diverse specie, inclusi la cura e il taglio del tappeto erboso, oltre alla creazione di altri piccoli gruppi di Cycas revoluta in punti strategici, sia dal punto di vista estetico sia funzionale, e la piantagione di arbusti, come Cornus stolonifera \u2018Flaviramea\u2019, Cotoneaster salicifolius \u2018Repens\u2019 e Hedera spp.<br \/>\nNei mesi di marzo e aprile sono iniziati sia i lavori di manutenzione ordinaria, con il taglio del prato, sia gli interventi straordinari, con la messa a dimora di rudbeckie, Rudbeckia fulgida var. sullivantii \u2018Goldsturm\u2019, una specie perenne proveniente dal nord America orientale, che vede in \u2018Goldstrum\u2019 una variet\u00e0 storica che produce una gran quantit\u00e0 di fiori e Rudbeckia subtomentosa \u2018Henry Eilers\u2019, perenne di origine americana (Missouri), molto rustica e dai fiori insoliti che si allargano a spatola all\u2019estremit\u00e0. Queste specie formano un\u2019aiuola di asteracee, la celebre famiglia con i fiori che sembrano stelle, aster in latino appunto, a richiamare il monumento a Margherita Hack, intitolato anche Sguardo fisico, una scultura in bronzo eretta nel 2022. Tra le altre piantagioni eseguite, Ruscus aculeatus, il pungitopo, specie spontanea in Lombardia, dove si pu\u00f2 trovare nei boschi e arbusteti in posizioni calde e Cotoneaster salicifolius \u2018Repens\u2019, una pianta sempreverde della famiglia delle rosacee, che, con lo sviluppo basso e allargato, si espande facilmente sul suolo e produce fogliame brillante e robusto e una bella fioritura con piccoli fiori chiari in estate e frutti rossi ornamentali in autunno. Queste ultime due specie, messe a dimora in posizioni strategiche, aiuteranno ad indirizzare i flussi sui percorsi pavimentati, con l\u2019intento di prevenire attraversamenti sulle aree a prato o tra altri arbusti.<br \/>\nIn uno scenario climatico in mutamento, in assenza di un impianto d\u2019irrigazione, prima delle piantagioni, durante la preparazione del terreno sono stati incorporati al substrato dei ritentori idrici, per aumentare la capacit\u00e0 del terreno di trattenere l\u2019acqua, rendendola maggiormente disponibile alle radici delle piante. Questi ritentori favoriscono la penetrazione dell\u2019acqua anche nei substrati pi\u00f9 compatti, migliorando non solo la distribuzione e l\u2019assorbimento dell\u2019acqua ma anche degli elementi nutritivi. In questo modo si sviluppa un apparato radicale sano che aumenta la possibilit\u00e0 di assorbire acqua ed elementi nutritivi. In periodi di cambiamenti climatici, con scarsa disponibilit\u00e0 idrica e alti costi energetici, questo \u00e8 molto importante: meno acqua in movimento, minori costi energetici. Prosegue inoltre la cura e la manutenzione anche delle altre aree verdi di cui si occupa la Fondazione: Piazza Santo Stefano e Brolo, Pergola al Castello Sforzesco, Giardino di Palazzo Reale, Cortile di Palazzo Dugnani, Aiuola dei Cerbiatti, in collaborazione con Agiamo.<br \/>\nQuesti progetti per Milano sono possibili grazie alla vendita dei biglietti e a Ceresio Investors, questa unione prosegue anche oltre la mostra-mercato: entrambe le istituzioni si sono assunte l\u2019impegno verso Fondazione Politecnico di Milano a conferire per i prossimi 5 anni una Borsa di Studio a uno studente meritevole. <\/p>\n<p>Presenti anche quest\u2019anno il salotto fiorito in cui la maison Pasquale Bruni celebra la natura nella sua collezione dedicata ai giardini fioriti con un occhio di riguardo ai nostri amici a quattro zampe e lo spazio verde de L\u2019Erbolario dove immergersi in inebrianti profumi. Entrambi accolgono il pubblico di Orticola con iniziative espressamente dedicate, da gioved\u00ec a domenica presso i loro stand per realizzare bracciali e spille da Pasquale Bruni e ghirlande e accessori fioriti da L\u2019Erbolario.<\/p>\n","protected":false},"excerpt":{"rendered":"<p>Migliora l\u2019umore, riduce ansia e stress, aumenta l\u2019autostima, non ci resta che mettere le mani nella terra perch\u00e9 \u2026 IL GIARDINAGGIO FA LA FELICIT\u00c0 \u2026 e forse anche Orticola \u2026 Orticola 2026: il tema, l\u2019immagine, le novit\u00e0 verdi, le iniziative di cura per la citt\u00e0 Dal 1996 la Fondazione Orticola di Lombardia ETS porta ai &hellip; <a href=\"https:\/\/www.gdapress.it\/it\/index.php\/77366\/ambiente\/orticola-2026-giardini-pubblici-indro-montanelli-milano-il-giardinaggio-fa-la-felicita.html\" class=\"more-link\">Read more <span class=\"screen-reader-text\">Orticola 2026 Giardini Pubblici Indro Montanelli Milano IL GIARDINAGGIO FA LA FELICIT\u00c0 \u2026<\/span><\/a><\/p>\n","protected":false},"author":1,"featured_media":77367,"comment_status":"closed","ping_status":"open","sticky":false,"template":"","format":"standard","meta":{"footnotes":""},"categories":[340,2245],"tags":[15661,27472,17,27471],"class_list":["post-77366","post","type-post","status-publish","format-standard","has-post-thumbnail","hentry","category-ambiente","category-appuntamenti","tag-giardini-pubblici-indro-montanelli","tag-il-giardinaggio-fa-la-felicita","tag-milano","tag-orticola-2026"],"_links":{"self":[{"href":"https:\/\/www.gdapress.it\/it\/index.php\/wp-json\/wp\/v2\/posts\/77366","targetHints":{"allow":["GET"]}}],"collection":[{"href":"https:\/\/www.gdapress.it\/it\/index.php\/wp-json\/wp\/v2\/posts"}],"about":[{"href":"https:\/\/www.gdapress.it\/it\/index.php\/wp-json\/wp\/v2\/types\/post"}],"author":[{"embeddable":true,"href":"https:\/\/www.gdapress.it\/it\/index.php\/wp-json\/wp\/v2\/users\/1"}],"replies":[{"embeddable":true,"href":"https:\/\/www.gdapress.it\/it\/index.php\/wp-json\/wp\/v2\/comments?post=77366"}],"version-history":[{"count":1,"href":"https:\/\/www.gdapress.it\/it\/index.php\/wp-json\/wp\/v2\/posts\/77366\/revisions"}],"predecessor-version":[{"id":77368,"href":"https:\/\/www.gdapress.it\/it\/index.php\/wp-json\/wp\/v2\/posts\/77366\/revisions\/77368"}],"wp:featuredmedia":[{"embeddable":true,"href":"https:\/\/www.gdapress.it\/it\/index.php\/wp-json\/wp\/v2\/media\/77367"}],"wp:attachment":[{"href":"https:\/\/www.gdapress.it\/it\/index.php\/wp-json\/wp\/v2\/media?parent=77366"}],"wp:term":[{"taxonomy":"category","embeddable":true,"href":"https:\/\/www.gdapress.it\/it\/index.php\/wp-json\/wp\/v2\/categories?post=77366"},{"taxonomy":"post_tag","embeddable":true,"href":"https:\/\/www.gdapress.it\/it\/index.php\/wp-json\/wp\/v2\/tags?post=77366"}],"curies":[{"name":"wp","href":"https:\/\/api.w.org\/{rel}","templated":true}]}}