
{"id":77359,"date":"2026-04-29T18:59:11","date_gmt":"2026-04-29T16:59:11","guid":{"rendered":"https:\/\/www.gdapress.it\/it\/?p=77359"},"modified":"2026-04-29T18:59:11","modified_gmt":"2026-04-29T16:59:11","slug":"made4art-milano-filippo-circelli","status":"publish","type":"post","link":"https:\/\/www.gdapress.it\/it\/index.php\/77359\/arte\/made4art-milano-filippo-circelli.html","title":{"rendered":"MADE4ART Milano Filippo Circelli"},"content":{"rendered":"<p>Lo spazio MADE4ART \u00e8 lieto di presentare presso la propria sede in Via Ciovasso 17 nel cuore di Brera, il quartiere dell\u2019arte nel centro di Milano, la mostra<br \/>\nFilippo Circelli: STRUTTURA N.1.<br \/>\nDalla traccia al reperto materico<br \/>\na cura di Valentina Abbate e realizzata in collaborazione con PitturiAmo.<\/p>\n<p>In esposizione un nucleo di opere pittoriche e scultoree realizzate dal giovane artista bresciano a partire dal 2024. La scelta dei lavori rappresenta il percorso artistico-filosofico di Filippo Circelli dalle prime fasi fino ad arrivare all\u2019Io di oggi.<\/p>\n<p>Essi sono la testimonianza concreta e oggettiva dello sviluppo del suo pensiero e della sua crescita artistica, ma non solo. Se dapprima la ricerca \u00e8 nata per gioco, con il passare del tempo \u00e8 diventata un meticoloso investigare circa l\u2019universo, il mondo, l\u2019uomo: il suo primo saggio, intitolato \u201cLa Firma come Opera d\u2019Arte\u201d, dunque, serve per indagare, analizzare e far comprendere tale percorso al pi\u00f9 vasto numero di persone possibile.<\/p>\n<p>Filippo Circelli, nato a Brescia nell\u2019agosto 2006, \u00e8 un esponente di rilievo dell\u2019arte visiva concettuale. Formatosi al Liceo Foppa in \u201cArchitettura e Ambiente\u201d, ha sviluppato una maturit\u00e0 tecnica alimentata sia dall\u2019esperienza nel lavoro manuale familiare sia da una spiccata passione per la filosofia moderna. Definito un \u201crivoluzionario\u201d della percezione, Circelli supera la tradizionale bidimensionalit\u00e0 della tela per approdare a una creazione pittorico-plastica tridimensionale, dove la materia e il colore diventano strumenti di indagine introspettiva e spaziale.<\/p>\n<p>Il suo percorso artistico \u00e8 strettamente connesso alla riflessione teorica, come testimoniano le sue opere letterarie, tra cui \u201cSofferenza\u201d e \u201cLa triade: io giudice, io giuria, io esecutore di me stesso. Io, Filippo Circelli!\u201d. La sua carriera, seppur giovane, vanta gi\u00e0 prestigiosi traguardi internazionali: dal Premio Artista d\u2019Europa 2025 a Venezia al riconoscimento come \u201cArtista del Regno Unito\u201d a Londra, fino a esposizioni a Firenze, Milano (Brera), Cannes, Barcellona e il traguardo del MoMA di New York.<\/p>\n<p>La sua estetica fonde vigore cromatico e precisione tecnica, invitando lo spettatore a esplorare una \u201cspazialit\u00e0 rovesciata\u201d. Per la critica, Circelli \u00e8 un comunicatore complesso che non si limita a ritrarre il mondo, ma lo analizza e trasforma in un palcoscenico per l\u2019essenza universale, consolidando la sua posizione di autore eclettico capace di unire arte, sport e pensiero critico in un unico linguaggio vitale.<\/p>\n<p>L\u2019inaugurazione della mostra si terr\u00e0 gioved\u00ec 7 maggio 2026 dalle ore 17 alle 19; apertura al pubblico dal 5 al 18 maggio su appuntamento consigliato negli orari di apertura della sede, il luned\u00ec dalle ore 15 alle 18, dal marted\u00ec al venerd\u00ec dalle 10 alle 18, il sabato dalle 15 alle 18.<\/p>\n<p>Filippo Circelli: STRUTTURA N.1. Dalla traccia al reperto materico a cura di Valentina Abbate<br \/>\n5 &#8211; 18 maggio 2026<br \/>\nInaugurazione gioved\u00ec 7 maggio ore 17 &#8211; 19<br \/>\nOrari di apertura: luned\u00ec ore 15 &#8211; 18, marted\u00ec &#8211; venerd\u00ec ore 10 &#8211; 18, sabato ore 15 &#8211; 18 Ingresso gratuito, consigliato appuntamento: info@made4art.it<br \/>\nSi invita a verificare sempre sul sito Internet e i social network di MADE4ART eventuali aggiornamenti sugli orari e le modalit\u00e0 di accesso allo spazio<\/p>\n<p>Catalogo della Collana MADE4ART disponibile in sede in versione cartacea o scaricabile gratuitamente da www.made4art.it nella versione digitale<\/p>\n<p>MADE4ART<br \/>\nSpazio, comunicazione e servizi per l\u2019arte e la cultura Via Ciovasso 17, Brera District, 20121 Milano, Italia Fermate metropolitana Lanza, Cairoli, Montenapoleone www.made4art.it, info@made4art.it, +39.02.2366361<\/p>\n","protected":false},"excerpt":{"rendered":"<p>Lo spazio MADE4ART \u00e8 lieto di presentare presso la propria sede in Via Ciovasso 17 nel cuore di Brera, il quartiere dell\u2019arte nel centro di Milano, la mostra Filippo Circelli: STRUTTURA N.1. Dalla traccia al reperto materico a cura di Valentina Abbate e realizzata in collaborazione con PitturiAmo. In esposizione un nucleo di opere pittoriche &hellip; <a href=\"https:\/\/www.gdapress.it\/it\/index.php\/77359\/arte\/made4art-milano-filippo-circelli.html\" class=\"more-link\">Read more <span class=\"screen-reader-text\">MADE4ART Milano Filippo Circelli<\/span><\/a><\/p>\n","protected":false},"author":1,"featured_media":77360,"comment_status":"closed","ping_status":"open","sticky":false,"template":"","format":"standard","meta":{"footnotes":""},"categories":[4],"tags":[27468,18177,17],"class_list":["post-77359","post","type-post","status-publish","format-standard","has-post-thumbnail","hentry","category-arte","tag-filippo-circelli","tag-made4art","tag-milano"],"_links":{"self":[{"href":"https:\/\/www.gdapress.it\/it\/index.php\/wp-json\/wp\/v2\/posts\/77359","targetHints":{"allow":["GET"]}}],"collection":[{"href":"https:\/\/www.gdapress.it\/it\/index.php\/wp-json\/wp\/v2\/posts"}],"about":[{"href":"https:\/\/www.gdapress.it\/it\/index.php\/wp-json\/wp\/v2\/types\/post"}],"author":[{"embeddable":true,"href":"https:\/\/www.gdapress.it\/it\/index.php\/wp-json\/wp\/v2\/users\/1"}],"replies":[{"embeddable":true,"href":"https:\/\/www.gdapress.it\/it\/index.php\/wp-json\/wp\/v2\/comments?post=77359"}],"version-history":[{"count":1,"href":"https:\/\/www.gdapress.it\/it\/index.php\/wp-json\/wp\/v2\/posts\/77359\/revisions"}],"predecessor-version":[{"id":77361,"href":"https:\/\/www.gdapress.it\/it\/index.php\/wp-json\/wp\/v2\/posts\/77359\/revisions\/77361"}],"wp:featuredmedia":[{"embeddable":true,"href":"https:\/\/www.gdapress.it\/it\/index.php\/wp-json\/wp\/v2\/media\/77360"}],"wp:attachment":[{"href":"https:\/\/www.gdapress.it\/it\/index.php\/wp-json\/wp\/v2\/media?parent=77359"}],"wp:term":[{"taxonomy":"category","embeddable":true,"href":"https:\/\/www.gdapress.it\/it\/index.php\/wp-json\/wp\/v2\/categories?post=77359"},{"taxonomy":"post_tag","embeddable":true,"href":"https:\/\/www.gdapress.it\/it\/index.php\/wp-json\/wp\/v2\/tags?post=77359"}],"curies":[{"name":"wp","href":"https:\/\/api.w.org\/{rel}","templated":true}]}}