
{"id":77105,"date":"2026-03-02T15:31:46","date_gmt":"2026-03-02T13:31:46","guid":{"rendered":"https:\/\/www.gdapress.it\/it\/?p=77105"},"modified":"2026-03-02T15:31:46","modified_gmt":"2026-03-02T13:31:46","slug":"fa-la-cosa-giusta-2026-fiera-milano-rho","status":"publish","type":"post","link":"https:\/\/www.gdapress.it\/it\/index.php\/77105\/cultura\/fa-la-cosa-giusta-2026-fiera-milano-rho.html","title":{"rendered":"Fa\u2019 la cosa giusta! 2026 Fiera Milano Rho"},"content":{"rendered":"<p>Fa\u2019 la cosa giusta! 2026<br \/>\nFiera Milano Rho, da venerd\u00ec 13 a domenica 15 marzo 2026<br \/>\n22esima edizione della fiera nazionale del consumo critico e degli stili di vita sostenibili<br \/>\nIngresso gratuito (previa registrazione: falacosagiusta.org )<\/p>\n<p>Fa\u2019 la cosa giusta! 2026<br \/>\n \u201cDi quante persone abbiamo bisogno? (per cambiare il mondo)<\/p>\n<p>Tra i protagonisti di questa edizione: Luca Mercalli, don Luigi Ciotti, Eraldo Affinati, Valeria Solarino, Andrea Giuliacci, Cristina Cotorobai, <\/p>\n<p>Benedetta Tobagi, Alessandro Beloli, Arnoldo Mosca Mondadori, Enrico Zucca, Max Laudadio, Matteo Mazzola <\/p>\n<p>Di quante persone abbiamo bisogno? (per cambiare il mondo). \u201cQuante ne servono per costruire la pace, per non sentirsi soli, per fare la differenza? La risposta \u00e8 davanti ai nostri occhi: di tutti noi c\u2019\u00e8 bisogno &#8211; spiega Miriam Giovanzana, direttrice editoriale di Fa\u2019 la cosa giusta! &#8211; Nell\u2019edizione 2026 della fiera raccontiamo come le scelte di ognuno, messe in relazione tra loro, acquistano un valore nuovo e trasformativo. La parte espositiva e i tanti incontri rendono evidente proprio questo: come siamo parte di un\u2019unica realt\u00e0 di cui tutti siamo protagonisti\u201d.<\/p>\n<p>\u00c8 questo il filo rosso &#8211; \u201cDi quante persone abbiamo bisogno? (per cambiare il mondo)\u201d &#8211; che percorre la nuova edizione, la 22esima, di Fa\u2019 la giusta!, la fiera nazionale del consumo critico e degli stili di vita sostenibili, in programma a Fiera Milano Rho da venerd\u00ec 13 a domenica 15 marzo 2026. Anche quest\u2019anno l\u2019ingresso \u00e8 gratuito (previa registrazione) per chiunque desidera conoscere le 500 realt\u00e0 espositive e partecipare ai 350 incontri del programma culturale e dialogare con i 500 relatori, in un\u2019area complessiva di 30mila mq. <\/p>\n<p>Ricche di spunti e nuove idee le aree tematiche in cui \u00e8 possibile scoprire le buone pratiche di consumo e produzione, dando valore ai territori e creando sinergia tra associazioni, istituzioni e imprenditori locali: abitare sostenibile; cibo e sana alimentazione; cosmesi naturale e biologica; grandi cammini, turismo responsabile e outdoor; moda etica e sostenibile; pace, cultura e partecipazione; prodotti e servizi per famiglie e bambini; street food.<\/p>\n<p>Frequentando le piazze interne della fiera, dove si sviluppano gli incontri culturali (falacosagiusta.org\/la-fiera\/programma-culturale), sar\u00e0 possibile incontrare tra gli altri Valeria Solarino presente con Amnesty International, Andrea Giuliacci e Alan Cappelli Goetz per PEFC Italia, Luca Mercalli con Legambiente, lo scrittore Eraldo Affinati, il geografo e divulgatore Alessandro Beloli, il camminatore intorno al mondo Nicol\u00f2 Guarrera alias Pieroad, la green influencer Silvia Moroni, Cristina Cotorobai con il suo approccio alla bioedilizia, Max Laudadio in versione scrittore, lo sportivo Mauro Berruto, il nuovo arcivescovo di Assisi Felice Accrocca, Duccio Facchini direttore di Altreconomia, Benedetta Tobagi e tantissimi altri.<\/p>\n<p>Fiore all\u2019occhiello di Fa\u2019 la cosa giusta! \u00e8 l\u2019area dedicata alla Fiera dei Grandi Cammini che, con i suoi 100 appuntamenti culturali e la presenza di tutte le associazioni del settore e quasi tutte le Regioni italiane, \u00e8 un imperdibile punto di riferimento per chi vede nel turismo lento e nel viaggio a piedi o in bicicletta uno strumento di scoperta personale e di valorizzazione del territorio.<\/p>\n<p>Ampia risonanza quest\u2019anno per il Cammino di Santiago di Compostela a cui \u00e8 dedicato uno spazio ad hoc e tanti incontri e libri dove reperire informazioni, consigli pratici e curiosit\u00e0 sul cammino pi\u00f9 famoso dell\u2019Occidente. Sabato pomeriggio alle 18 appuntamento per tutti con i protagonisti dei cammini italiani e il film campione d\u2019incassi Buen Camino di Checco Zalone con il critico cinematografico Gianni Canova.<\/p>\n<p>Il Club Alpino Italiano partecipa a Fa\u2019 la cosa giusta! per raccontare una montagna che non \u00e8 solo sfida e vetta, ma spazio di crescita, inclusione e sostenibilit\u00e0. Attraverso i suoi progetti, il CAI porta in fiera i valori che guidano l&#8217;associazione: il cammino consapevole lungo il Sentiero Italia, l&#8217;impegno concreto per una montagna accessibile a tutti, la formazione delle nuove generazioni e il sostegno al talento dei giovani alpinisti: un invito a riscoprire la montagna come laboratorio di cittadinanza attiva e rispetto per il territorio.<\/p>\n<p>Una novit\u00e0 nell\u2019area dedicata ai Cammini \u00e8 Oasi Zegna, che presenta in fiera un itinerario ad anello di tre giorni, 50 km e 2.000 metri di dislivello tra le Alpi Biellesi: \u00e8 il Cammino di Ermenegildo, dedicato al fondatore a cui si deve l\u2019opera di valorizzazione ambientale e sociale delle montagne intorno al Lanificio Zegna.<\/p>\n<p>Un nuovo spazio dedicato all\u2019outdoor allestito per gli appassionati di sport e vita all\u2019aria aperta \u00e8 la piazza \u201cFuori Traccia\u201d, dove anche il riciclo \u00e8 creativo: a una tenda dismessa si pu\u00f2 dare nuova vita invece che trasformarla in rifiuto.<\/p>\n<p>Nove sale e uno spazio ad hoc sono dedicati agli incontri di formazione proposta da SFIDE &#8211; La scuola di tutti, l\u2019iniziativa interna alla fiera organizzata da Terre di mezzo Editore in collaborazione con Edizioni Erickson e MCE (Movimento di Cooperazione Educativa), che quest\u2019anno propone 100 incontri sotto il titolo \u201cOrientarci nella complessit\u00e0\u201d &#8211; rivolti a insegnanti, dirigenti scolastici, studenti, famiglie e a chiunque sia interessato al mondo dell\u2019educazione &#8211; per riflettere sull\u2019autonomia che i docenti dovranno abitare dal prossimo anno scolastico, quando entreranno in vigore le \u201cNuove indicazioni nazionali\u201d del Ministero.<\/p>\n<p>Alberto Pellai, Barbara Tamborini, Pierdomenico Baccalario, Christian Raimo, Daniele Aristarco, Esp\u00e9rance Hakuzwimana, Amir Issaa, Chiara Faggiolani, Irene Biemmi, Giuseppe Burgio, Michele Arena sono tra i relatori di quest\u2019anno.<\/p>\n<p>Per partecipare agli eventi di SFIDE \u00e8 necessario iscriversi e acquistare i biglietti sul sito: sfide-lascuoladitutti.it\/  <\/p>\n<p>Rimanendo in ambito scuola, \u00e8 atteso l\u2019incontro, per la prima volta dal vivo dopo una fitta corrispondenza online, tra gli studenti e le studentesse di una scuola di Ain Ebel, nel sud del Libano, territorio sotto assedio dal 9 ottobre 2024, e i loro coetanei di 3 scuole superiori italiane (Russel e Boccioni di Milano e Parini di Seregno): un gemellaggio nel nome del dialogo per la pace che sottolinea anche il ruolo della scuola come forza aggregatrice oltre ogni frontiera.<\/p>\n<p>Questo appuntamento rientra nel filone che Fa\u2019 la cosa giusta! dedica alle guerre che in questo momento storico devastano il mondo: dalla Palestina all\u2019Ucraina, dal Myanmar al Sud Sudan. Sono incontri raggruppati sotto il titolo \u201cAscoltare il dolore degli altri\u201d. Vertice e conclusione di questo percorso sar\u00e0 domenica alle 17 l\u2019incontro dedicato all\u2019esperienza di Neve Shalom Wahat al-Salam (\u201cOasi di pace\u201d, in ebraico e arabo), l\u2019unico villaggio in Israele in cui, da oltre cinquant\u2019anni, vivono insieme per scelta ebrei e palestinesi, tutti di cittadinanza israeliana.<br \/>\nAl centro dell\u2019incontro il faticoso processo di dialogo e di riconoscimento reciproco del dolore degli altri. Un panel tutto al femminile, con due testimoni d\u2019eccezione: Nava Sonnenschein cofondatrice della Scuola per la pace di Neve Shalom, e Reem Al-Hajajreh, attivista palestinese e fondatrice di Women of the Sun.<\/p>\n<p>Il climatologo Luca Mercalli e il meteorologo Andrea Giuliacci sono tra gli ospiti che frequenteranno l\u2019area dedicata alla cura e alla tutela dell\u2019ambiente, che quest\u2019anno ha una posizione di primo piano in fiera, per le riflessioni sul cambiamento climatico;  molte le storie che riguardano orti e foreste: due luoghi di relazione e scambio che ben intrecciano il senso di comunit\u00e0 descritto dal filo rosso della fiera.<\/p>\n<p>Presente uno sportello della community di appassionati ortisti Orto da coltivare, preparati a dare consigli su come coltivare prodotti in armonia con la natura e rispondere alle domande dei visitatori amanti di orticoltura e giardinaggio.<\/p>\n<p>Un intero spazio con incontri e laboratori racconta ad adulti e bambini la straordinaria complessit\u00e0 delle comunit\u00e0 create dalle foreste, grazie alla proposta di PEFC Italia, realt\u00e0 per la prima volta a Fa\u2019 la cosa giusta! che coordina a livello nazionale il sistema di certificazione basato sul coinvolgimento di un\u2019ampia comunit\u00e0 di soggetti impegnati nella gestione forestale sostenibile.<\/p>\n<p>Altroconsumo \u00e8 presente con \u201cImpegnati a cambiare\u201d, l\u2019iniziativa nata per costruire una nuova piattaforma di cultura del consumo responsabile, con uno spazio promosso dalla Fondazione Altroconsumo e ideato con il contributo di un team di studentesse del Master in Comunicazione d\u2019Impresa dell\u2019Universit\u00e0 degli Studi di Siena. Il programma propone attivit\u00e0 e incontri volti a \u201csfidare i tab\u00f9 nell\u2019era della perfezione\u201d, creando momenti di confronto e partecipazione; previsti 3 appuntamenti nello spazio Arena dedicati all\u2019educazione affettiva, alla consapevolezza digitale e al burnout. All\u2019interno dello stand, oltre a un\u2019area talk, si sviluppa un percorso di attivit\u00e0 interattive collegate ad ambiti della vita quotidiana e a pregiudizi da superare: Altrovestire, Altroviaggiare, Altromangiare, Altrocurare e Altroabitare.<\/p>\n<p>In fatto di consumi, si apre anche quest\u2019anno in fiera un\u2019ampia riflessione sull\u2019industria della moda, coscienti che l\u2019Italia \u00e8 uno dei Paesi pi\u00f9 consapevoli dell&#8217;impatto ambientale e sociale della moda e in particolare dell\u2019industria della fast fashion. Se ne parla per esempio grazie alla nuova indagine della Campagna Abiti Puliti \u201cFabbriche verdi, lavoro grigio\u201d sull\u2019industria dell\u2019abbigliamento in Bangladesh, che intende promuovere allo stesso tempo la tutela dell\u2019ambiente, la protezione di lavoratori e lavoratrici e un\u2019occupazione di qualit\u00e0: elementi fondanti della \u201ctransizione giusta\u201d.<\/p>\n<p>Per rompere il ciclo del consumo eccessivo proponendo un\u2019alternativa concreta, si presenta a Fa\u2019 la cosa giusta! anche la bella novit\u00e0 di Leila Milano &#8211; la Biblioteca degli Oggetti dove le cose non si possiedono ma si condividono, cos\u00ec che lo scambio materiale crea un luogo di relazioni tra persone che scoprono, attraverso gli oggetti di cui hanno bisogno, storie interessanti da ascoltare.<\/p>\n<p>Sul fronte della sana alimentazione, tra le tante proposte e scoperte bio, vegan e km zero, Fa\u2019 la cosa giusta! \u00e8 sinonimo di riscoperta del pane come bene comune, anche per trovare forme di convivenza pi\u00f9 giuste: tutto questo grazie al rito di panificazione collettiva, dove 100 visitatori impastano insieme in un laboratorio che \u00e8 soprattutto un\u2019azione di cura, e al forno-container, pronto a sfornare per 3 giorni pane agricolo impastato con farine di filiera che il pubblico pu\u00f2 assaggiare e portare a casa.<\/p>\n<p>falacosagiusta.org <\/p>\n","protected":false},"excerpt":{"rendered":"<p>Fa\u2019 la cosa giusta! 2026 Fiera Milano Rho, da venerd\u00ec 13 a domenica 15 marzo 2026 22esima edizione della fiera nazionale del consumo critico e degli stili di vita sostenibili Ingresso gratuito (previa registrazione: falacosagiusta.org ) Fa\u2019 la cosa giusta! 2026 \u201cDi quante persone abbiamo bisogno? (per cambiare il mondo) Tra i protagonisti di questa &hellip; <a href=\"https:\/\/www.gdapress.it\/it\/index.php\/77105\/cultura\/fa-la-cosa-giusta-2026-fiera-milano-rho.html\" class=\"more-link\">Read more <span class=\"screen-reader-text\">Fa\u2019 la cosa giusta! 2026 Fiera Milano Rho<\/span><\/a><\/p>\n","protected":false},"author":1,"featured_media":77106,"comment_status":"closed","ping_status":"open","sticky":false,"template":"","format":"standard","meta":{"footnotes":""},"categories":[340,2245,5],"tags":[27299,9390],"class_list":["post-77105","post","type-post","status-publish","format-standard","has-post-thumbnail","hentry","category-ambiente","category-appuntamenti","category-cultura","tag-fa-la-cosa-giusta-2026","tag-fiera-milano-rho"],"_links":{"self":[{"href":"https:\/\/www.gdapress.it\/it\/index.php\/wp-json\/wp\/v2\/posts\/77105","targetHints":{"allow":["GET"]}}],"collection":[{"href":"https:\/\/www.gdapress.it\/it\/index.php\/wp-json\/wp\/v2\/posts"}],"about":[{"href":"https:\/\/www.gdapress.it\/it\/index.php\/wp-json\/wp\/v2\/types\/post"}],"author":[{"embeddable":true,"href":"https:\/\/www.gdapress.it\/it\/index.php\/wp-json\/wp\/v2\/users\/1"}],"replies":[{"embeddable":true,"href":"https:\/\/www.gdapress.it\/it\/index.php\/wp-json\/wp\/v2\/comments?post=77105"}],"version-history":[{"count":1,"href":"https:\/\/www.gdapress.it\/it\/index.php\/wp-json\/wp\/v2\/posts\/77105\/revisions"}],"predecessor-version":[{"id":77107,"href":"https:\/\/www.gdapress.it\/it\/index.php\/wp-json\/wp\/v2\/posts\/77105\/revisions\/77107"}],"wp:featuredmedia":[{"embeddable":true,"href":"https:\/\/www.gdapress.it\/it\/index.php\/wp-json\/wp\/v2\/media\/77106"}],"wp:attachment":[{"href":"https:\/\/www.gdapress.it\/it\/index.php\/wp-json\/wp\/v2\/media?parent=77105"}],"wp:term":[{"taxonomy":"category","embeddable":true,"href":"https:\/\/www.gdapress.it\/it\/index.php\/wp-json\/wp\/v2\/categories?post=77105"},{"taxonomy":"post_tag","embeddable":true,"href":"https:\/\/www.gdapress.it\/it\/index.php\/wp-json\/wp\/v2\/tags?post=77105"}],"curies":[{"name":"wp","href":"https:\/\/api.w.org\/{rel}","templated":true}]}}