
{"id":76905,"date":"2026-01-29T20:37:15","date_gmt":"2026-01-29T18:37:15","guid":{"rendered":"https:\/\/www.gdapress.it\/it\/?p=76905"},"modified":"2026-01-29T20:37:15","modified_gmt":"2026-01-29T18:37:15","slug":"a-palazzo-reale-milano-la-mostra-metafisica-metafisiche","status":"publish","type":"post","link":"https:\/\/www.gdapress.it\/it\/index.php\/76905\/arte\/a-palazzo-reale-milano-la-mostra-metafisica-metafisiche.html","title":{"rendered":"A PALAZZO REALE MILANO LA MOSTRA \u201cMETAFISICA\/METAFISICHE\u201d"},"content":{"rendered":"<p>A PALAZZO REALE LA MOSTRA \u201cMETAFISICA\/METAFISICHE\u201d CON 400 OPERE<br \/>\nDipinti, sculture, fotografie, disegni, oggetti di design e altre opere provenienti da 150 istituzioni<\/p>\n<p>Palazzo Reale e Museo del Novecento dal 28 gennaio al 21 giugno 2026 | Gallerie d\u2019Italia dal 28 gennaio al 6 aprile | Grande Brera-Palazzo Citterio dal 6 febbraio al 5 aprile<\/p>\n<p>Una grande mostra a Palazzo Reale e tre \u201ccapitoli espositivi\u201d in tre grandi musei milanesi con un programma multidisciplinare di iniziative per la citt\u00e0: dal 28 gennaio fino al 21 giugno 2026, \u201cMetafisica\/Metafisiche\u201d, il progetto a cura di Vincenzo Trione che mette in dialogo i maestri della Metafisica con gli \u201ceredi\u201d internazionali e con gli \u201callievi\u201d del XX e XXI secolo.<br \/>\nL\u2019iniziativa, promossa dal Ministero della Cultura e dal Comune di Milano, \u00e8 prodotta da Palazzo Reale, Museo del Novecento, Grande Brera-Palazzo Citterio e Gallerie d\u2019Italia, con la casa editrice Electa e rientra nel programma culturale dei Giochi Olimpici e Paralimpici Invernali Milano Cortina 2026. La mostra Modernit\u00e0 e malinconia a Palazzo Reale si avvale della collaborazione scientifica della Fondazione Giorgio e Isa de Chirico e del Museo Morandi e della partecipazione dell\u2019Archivio Alberto Savinio e dell\u2019Archivio Carlo Carr\u00e0.<\/p>\n<p>A Palazzo Reale vengono presentate oltre 400 opere tra dipinti, sculture, fotografie, disegni, oggetti di design oltre a plastici e modelli architettonici, illustrazioni, fumetti, riviste, video, vinili con prestiti nazionali e internazionali provenienti da pi\u00f9 di 150 istituzioni tra pubbliche e private, gallerie, archivi e prestigiose collezioni private. Dai protagonisti del gruppo storico nato a Ferrara nel 1917 \u2013 Giorgio de Chirico, Alberto Savinio, Carlo Carr\u00e0, Filippo de Pisis, Giorgio Morandi \u2013, agli artisti che, in Europa e in America, hanno assorbito atmosfere e soluzioni del movimento, fino agli echi contemporanei con lavori di diversi autori che si sono ispirati alla poetica Metafisica nel campo dell\u2019arte ma anche della fotografia, dell\u2019architettura, del cinema, del teatro, del design, della moda, della letteratura, del graphic novel e della musica. Da Mario Sironi a Felice Casorati, da Ren\u00e9 Magritte a Max Ernst, da Salvador Dal\u00ed a Andy Warhol. E ancora da Mimmo Paladino a Giulio Paolini, da Jannis Kounellis a Francesco Vezzoli, da Aldo Rossi a Gio Ponti, da Paolo Portoghesi a Frank Gehry, da Mimmo Jodice a Gabriele Basilico, da Giorgio Armani a Fendi, da Paolo Sorrentino a Tim Burton fino ai Genesis, ai Pink Floyd e a molti altri ancora.<\/p>\n<p>\u201cEpisodi lontani e diversi, che sembrano non avere niente in comune, nati dall\u2019immaginazione di artisti distanti dal punto di vista generazionale, culturale e linguistico \u2013 spiega il curatore Vincenzo Trione \u2013. E, tuttavia, pur se per sentieri segreti, in maniera non sempre del tutto intenzionale, queste voci sono accomunate da una specifica postura. Una sorta di inconfondibile mani\u00e8re de voir, ispirata a un\u2019esperienza poetica laterale, clandestina e forse marginale, maturata pi\u00f9 di un secolo fa in una citt\u00e0 di provincia, posta fuori della storia\u201d.<\/p>\n<p>\u201cDa piazza Duomo a Brera sono duemila passi d\u2019arte: il percorso che prende avvio il prossimo 28 gennaio con Metafisica\/Metafisiche nelle sale di Palazzo Reale toccher\u00e0 il Museo del Novecento e le Gallerie d\u2019Italia in piazza della Scala, per terminare a Palazzo Citterio \u2013 afferma l\u2019assessore alla Cultura Tommaso Sacchi \u2013. Una mappa sentimentale nel cuore di Milano che connette spazi fisici e opere d\u2019arte e che rimanda a un\u2019idea di citt\u00e0 come museo diffuso, attraversabile anche a piedi, capace di mettere in relazione passato e presente, grandi maestri e sguardi contemporanei. Un progetto ambizioso e corale che restituisce alla Metafisica la sua forza generativa e invita cittadini e visitatori a riscoprire Milano come luogo di pensiero, immaginazione e visione\u201d.<\/p>\n<p>Al Museo del Novecento, negli Archivi Ettore e Claudia Gian Ferrari, il progetto propone un approfondimento sul rapporto tra la Metafisica e Milano: indagato il legame tra alcuni protagonisti del gruppo guidato da de Chirico e la citt\u00e0, crocevia artistico e intellettuale, ma anche laboratorio di sperimentazione e dialogo tra le arti. Nello spazio espositivo, il pubblico incontra una selezione di disegni, maquette, abiti, materiali d\u2019archivio e fotografie, a testimonianza dell\u2019attivit\u00e0 di de Chirico, Savinio e Carr\u00e0 nel capoluogo lombardo e della loro collaborazione con alcune delle pi\u00f9 importanti istituzioni artistiche e culturali cittadine. In particolare, bozzetti di scenografie e costumi da loro realizzati tra gli anni Quaranta e Cinquanta per il Teatro alla Scala e fotografie d\u2019epoca e disegni preparatori dei Bagni Misteriosi progettati per la Triennale di Milano. Un focus \u00e8 poi dedicato ad Ascolto il tuo cuore, citt\u00e0 (1944) di Alberto Savinio, che racchiude \u201ctutto l\u2019amore \u2018carnale\u2019 che uomo pu\u00f2 avere [per] una citt\u00e0\u201d. A questo romanzo documentario \u00e8 dedicata una serie di dieci tavole di Mimmo Paladino dal titolo Disegni per Savinio, che ne ha estratto situazioni e atmosfere, componendo le sequenze di una sorta di involontario film disegnato d\u2019impronta neorealista, governato da un calibrato gioco tra fedelt\u00e0 e infedelt\u00e0, tra brandelli di scritture e visioni.<\/p>\n<p>Alle Gallerie d\u2019Italia &#8211; Milano, museo di Intesa Sanpaolo, in piazza della Scala, in dialogo con le opere in caveau, \u00e8 previsto un omaggio a Morandi attraverso le fotografie di Gianni Berengo Gardin dedicate all\u2019atelier bolognese del pittore. E sempre a Giorgio Morandi, la Grande Brera a Palazzo Citterio dedica una videoinstallazione sonora e una sequenza di sculture in cartone di William Kentridge.<br \/>\nIl catalogo unico delle mostre \u00e8 edito da Electa.<\/p>\n","protected":false},"excerpt":{"rendered":"<p>A PALAZZO REALE LA MOSTRA \u201cMETAFISICA\/METAFISICHE\u201d CON 400 OPERE Dipinti, sculture, fotografie, disegni, oggetti di design e altre opere provenienti da 150 istituzioni Palazzo Reale e Museo del Novecento dal 28 gennaio al 21 giugno 2026 | Gallerie d\u2019Italia dal 28 gennaio al 6 aprile | Grande Brera-Palazzo Citterio dal 6 febbraio al 5 aprile &hellip; <a href=\"https:\/\/www.gdapress.it\/it\/index.php\/76905\/arte\/a-palazzo-reale-milano-la-mostra-metafisica-metafisiche.html\" class=\"more-link\">Read more <span class=\"screen-reader-text\">A PALAZZO REALE MILANO LA MOSTRA \u201cMETAFISICA\/METAFISICHE\u201d<\/span><\/a><\/p>\n","protected":false},"author":1,"featured_media":76906,"comment_status":"closed","ping_status":"open","sticky":false,"template":"","format":"standard","meta":{"footnotes":""},"categories":[4],"tags":[6333,27214,27190,53,292],"class_list":["post-76905","post","type-post","status-publish","format-standard","has-post-thumbnail","hentry","category-arte","tag-gallerie-ditalia","tag-grande-brera-palazzo-citterio","tag-metafisica-metafisiche","tag-museo-del-novecento","tag-palazzo-reale-milano"],"_links":{"self":[{"href":"https:\/\/www.gdapress.it\/it\/index.php\/wp-json\/wp\/v2\/posts\/76905","targetHints":{"allow":["GET"]}}],"collection":[{"href":"https:\/\/www.gdapress.it\/it\/index.php\/wp-json\/wp\/v2\/posts"}],"about":[{"href":"https:\/\/www.gdapress.it\/it\/index.php\/wp-json\/wp\/v2\/types\/post"}],"author":[{"embeddable":true,"href":"https:\/\/www.gdapress.it\/it\/index.php\/wp-json\/wp\/v2\/users\/1"}],"replies":[{"embeddable":true,"href":"https:\/\/www.gdapress.it\/it\/index.php\/wp-json\/wp\/v2\/comments?post=76905"}],"version-history":[{"count":1,"href":"https:\/\/www.gdapress.it\/it\/index.php\/wp-json\/wp\/v2\/posts\/76905\/revisions"}],"predecessor-version":[{"id":76907,"href":"https:\/\/www.gdapress.it\/it\/index.php\/wp-json\/wp\/v2\/posts\/76905\/revisions\/76907"}],"wp:featuredmedia":[{"embeddable":true,"href":"https:\/\/www.gdapress.it\/it\/index.php\/wp-json\/wp\/v2\/media\/76906"}],"wp:attachment":[{"href":"https:\/\/www.gdapress.it\/it\/index.php\/wp-json\/wp\/v2\/media?parent=76905"}],"wp:term":[{"taxonomy":"category","embeddable":true,"href":"https:\/\/www.gdapress.it\/it\/index.php\/wp-json\/wp\/v2\/categories?post=76905"},{"taxonomy":"post_tag","embeddable":true,"href":"https:\/\/www.gdapress.it\/it\/index.php\/wp-json\/wp\/v2\/tags?post=76905"}],"curies":[{"name":"wp","href":"https:\/\/api.w.org\/{rel}","templated":true}]}}