
{"id":76770,"date":"2025-12-01T10:58:49","date_gmt":"2025-12-01T08:58:49","guid":{"rendered":"https:\/\/www.gdapress.it\/it\/?p=76770"},"modified":"2025-12-03T22:59:36","modified_gmt":"2025-12-03T20:59:36","slug":"winter-calendar-parte-prima","status":"publish","type":"post","link":"https:\/\/www.gdapress.it\/it\/index.php\/76770\/enogastronomia\/winter-calendar-parte-prima.html","title":{"rendered":"WINTER CALENDar  Parte prima"},"content":{"rendered":"<p>WINTER CALENDar<br \/>\nNovit\u00e0, esperienze e appuntamenti per un inverno godereccio<\/p>\n<p>EATALY MILANO SMERALDO<br \/>\n<img loading=\"lazy\" decoding=\"async\" src=\"http:\/\/www.gdapress.it\/it\/..\/public\/it\/2025\/12\/ff62500e-5b43-9405-994b-375cffcaf9cb-500x331.png\" alt=\"\" width=\"500\" height=\"331\" class=\"alignleft size-large wp-image-76771\" srcset=\"https:\/\/www.gdapress.it\/it\/..\/public\/it\/2025\/12\/ff62500e-5b43-9405-994b-375cffcaf9cb-500x331.png 500w, https:\/\/www.gdapress.it\/it\/..\/public\/it\/2025\/12\/ff62500e-5b43-9405-994b-375cffcaf9cb-300x199.png 300w, https:\/\/www.gdapress.it\/it\/..\/public\/it\/2025\/12\/ff62500e-5b43-9405-994b-375cffcaf9cb-768x509.png 768w, https:\/\/www.gdapress.it\/it\/..\/public\/it\/2025\/12\/ff62500e-5b43-9405-994b-375cffcaf9cb-1536x1018.png 1536w, https:\/\/www.gdapress.it\/it\/..\/public\/it\/2025\/12\/ff62500e-5b43-9405-994b-375cffcaf9cb.png 2040w\" sizes=\"auto, (max-width: 500px) 100vw, 500px\" \/><br \/>\nDa Eataly Milano Smeraldo prosegue la stagione degli appuntamenti speciali.<br \/>\nMarted\u00ec 2 dicembre torna Giovani Talenti con Valentina Rizzo, chef della Farmacia dei Sani di Ruffano (LE), nel Salento, che propone una cucina essenziale e contemporanea: un menu in quattro portate, tra freschezza mediterranea e fermentazioni.<br \/>\nSabato 6 dicembre protagonista sar\u00e0 Luca Calvani, attore e volto televisivo, che presenter\u00e0 il suo primo libro \u201cCavoli &#038; Merende\u201d con uno show-cooking dedicato. Ricette stagionali, vita di campagna, orto, miele e prodotti della terra toscana fanno da filo conduttore a un volume che racconta il suo casale Le Gusciane e il legame con la natura.<br \/>\nVenerd\u00ec 12 dicembre \u00e8 la volta di The Christmas Dinner, la grande cena di Natale firmata Eataly, in contemporanea in 13 ristoranti in Italia ed Europa, con un menu che celebra i sapori delle feste, dai tortellini al doppio Parmigiano Reggiano DOP al panettone con crema al mascarpone. Da Food&#038;Pizza Theatre, intanto, si pu\u00f2 assaggiare tutti i giorni il Menu delle Feste: flan di zucca con tartufo nero, fettuccina ai porcini, guancetta brasata e altre ricette golose sono perfette per festeggiare anche a tavola.<br \/>\nNelle giornate di sabato 6 e 13 dicembre sar\u00e0 possibile personalizzare gratuitamente il proprio panettone Eataly e la shopper con la decorazione a mano di un artista calligrafo.<br \/>\nGiovani Talenti: \u20ac 68 a persona, vini inclusi<br \/>\nThe Christmas Dinner: \u20ac 39,90 a persona, vini esclusi<br \/>\nInfo &#038; Prenotazioni: T: 800 975 880 | E: eatalysmeraldo@eataly.it | eataly.net<\/p>\n<p>EXCELSIOR HOTEL GALLIA, A LUXURY COLLECTION HOTEL, MILAN<br \/>\n<img loading=\"lazy\" decoding=\"async\" src=\"http:\/\/www.gdapress.it\/it\/..\/public\/it\/2025\/12\/6ba55462-4274-55bf-0828-4551f992ba51-500x333.jpg\" alt=\"\" width=\"500\" height=\"333\" class=\"alignleft size-large wp-image-76772\" srcset=\"https:\/\/www.gdapress.it\/it\/..\/public\/it\/2025\/12\/6ba55462-4274-55bf-0828-4551f992ba51-500x333.jpg 500w, https:\/\/www.gdapress.it\/it\/..\/public\/it\/2025\/12\/6ba55462-4274-55bf-0828-4551f992ba51-300x200.jpg 300w, https:\/\/www.gdapress.it\/it\/..\/public\/it\/2025\/12\/6ba55462-4274-55bf-0828-4551f992ba51-768x512.jpg 768w, https:\/\/www.gdapress.it\/it\/..\/public\/it\/2025\/12\/6ba55462-4274-55bf-0828-4551f992ba51-1536x1024.jpg 1536w, https:\/\/www.gdapress.it\/it\/..\/public\/it\/2025\/12\/6ba55462-4274-55bf-0828-4551f992ba51-2048x1365.jpg 2048w, https:\/\/www.gdapress.it\/it\/..\/public\/it\/2025\/12\/6ba55462-4274-55bf-0828-4551f992ba51-720x480.jpg 720w, https:\/\/www.gdapress.it\/it\/..\/public\/it\/2025\/12\/6ba55462-4274-55bf-0828-4551f992ba51-272x182.jpg 272w\" sizes=\"auto, (max-width: 500px) 100vw, 500px\" \/><br \/>\nExcelsior Hotel Gallia, a Luxury Collection Hotel, Milan d\u00e0 il via al fitto palinsesto natalizio. Si comincia marted\u00ec 2 dicembre, alle ore 18:30, con un talk sul viaggio, in collaborazione con FRANZI, moderato dalla giornalista Gaia Passi, direttrice responsabile di By\u2019s e cofondatrice di Eccetera Studio. Gioved\u00ec 4 dicembre sar\u00e0 la volta di una masterclass dedicata all\u2019arte di decorare la tavola di Natale con un laboratorio aperto al pubblico, impreziosito da una selezione di oggetti Bitossi Home.<br \/>\nLa proposta per le feste dell\u2019Excelsior Hotel Gallia si arricchisce e, il 14 dicembre, il tradizionale Sunday Brunch sar\u00e0 accompagnato da musica jazz dal vivo. Nella stessa giornata, inoltre, sar\u00e0 possibile assistere alla proiezione del film Il Grinch.<br \/>\nDal 5 al 24 dicembre, infine, il Gallia Lounge &#038; Bar ospiter\u00e0 la tradizionale \u201cmerenda di Natale\u201d, che prevede la degustazione di due panettoni (Tradizionale e Anima Esotica) e un ulteriore dolce dal carrello, con una bevanda a scelta in accompagnamento.<br \/>\nMasterclass: \u20ac 60 a persona<br \/>\nSunday Brunch: \u20ac 95 a persona (\u20ac 40 per i bambini)<br \/>\nMerenda: \u20ac 40 a persona<br \/>\nInfo &#038; Prenotazioni: T: 02 67853521 | E: galliadining@luxurycollection.com | galliadining.com<\/p>\n<p>PALAZZO TOURING CLUB MILAN, A RADISSON COLLECTION HOTEL<br \/>\n<img loading=\"lazy\" decoding=\"async\" src=\"http:\/\/www.gdapress.it\/it\/..\/public\/it\/2025\/12\/9e04222f-6f10-d967-201f-4f36edcee225-500x329.png\" alt=\"\" width=\"500\" height=\"329\" class=\"alignleft size-large wp-image-76773\" srcset=\"https:\/\/www.gdapress.it\/it\/..\/public\/it\/2025\/12\/9e04222f-6f10-d967-201f-4f36edcee225-500x329.png 500w, https:\/\/www.gdapress.it\/it\/..\/public\/it\/2025\/12\/9e04222f-6f10-d967-201f-4f36edcee225-300x198.png 300w, https:\/\/www.gdapress.it\/it\/..\/public\/it\/2025\/12\/9e04222f-6f10-d967-201f-4f36edcee225-768x506.png 768w, https:\/\/www.gdapress.it\/it\/..\/public\/it\/2025\/12\/9e04222f-6f10-d967-201f-4f36edcee225-1536x1012.png 1536w, https:\/\/www.gdapress.it\/it\/..\/public\/it\/2025\/12\/9e04222f-6f10-d967-201f-4f36edcee225.png 2046w\" sizes=\"auto, (max-width: 500px) 100vw, 500px\" \/><br \/>\nDal 1\u00b0 dicembre al 6 gennaio, il Palazzo Touring Club Milan, a Radisson Collection Hotel invita gli ospiti a gustare l\u2019esclusiva merenda all\u2019interno del Bistrot Bertarelli 1894, il signature restaurant dell\u2019hotel, che unisce la tradizione milanese a un tocco contemporaneo di eleganza gastronomica.<br \/>\nSi aprono poi le porte della Presidential Suite che, per l\u2019occasione, diventa \u201cLa Suite di Babbo Natale\u201d: un angolo incantato dove grandi e piccoli possono vivere la magia delle feste tra luci, decorazioni e un\u2019atmosfera sospesa tra sogno e realt\u00e0.<br \/>\nRitornano inoltre gli appuntamenti con le Movie Nights che, il venerd\u00ec e il sabato sera, accolgono gli ospiti in un percorso unico tra allestimenti scenografici, intrattenimento dal vivo e sorprendenti proposte gastronomiche, dedicate ai pi\u00f9 celebri film della cultura pop. Il 12 e il 13 dicembre sar\u00e0 la volta di Bridget Jones\u2019s Diary, un mix di ironia e romanticismo che conquister\u00e0 il pubblico con un format interattivo e proposte culinarie ispirate alla frenetica vita londinese della protagonista. Il 19 e 20 dicembre, infine, si chiuder\u00e0 in grande stile con Home Alone (Mamma ho perso l\u2019aereo): un tuffo nella nostalgia degli anni \u201980 tra risate, decorazioni e dolci ispirati alle avventure di Kevin.<br \/>\nMerenda e visita alla Suite di Babbo Natale: \u20ac 25 a persona<br \/>\nMovie Nights: \u20ac 48 a persona<br \/>\nInfo &#038; Prenotazioni: T. 02 1241 28300<\/p>\n<p>VARRONE ON TOUR<br \/>\n<img loading=\"lazy\" decoding=\"async\" src=\"http:\/\/www.gdapress.it\/it\/..\/public\/it\/2025\/12\/e2bb7339-7141-7e10-c345-2cc50522ec0c-1-500x327.png\" alt=\"\" width=\"500\" height=\"327\" class=\"alignleft size-large wp-image-76774\" srcset=\"https:\/\/www.gdapress.it\/it\/..\/public\/it\/2025\/12\/e2bb7339-7141-7e10-c345-2cc50522ec0c-1-500x327.png 500w, https:\/\/www.gdapress.it\/it\/..\/public\/it\/2025\/12\/e2bb7339-7141-7e10-c345-2cc50522ec0c-1-300x196.png 300w, https:\/\/www.gdapress.it\/it\/..\/public\/it\/2025\/12\/e2bb7339-7141-7e10-c345-2cc50522ec0c-1-768x502.png 768w, https:\/\/www.gdapress.it\/it\/..\/public\/it\/2025\/12\/e2bb7339-7141-7e10-c345-2cc50522ec0c-1-1536x1004.png 1536w, https:\/\/www.gdapress.it\/it\/..\/public\/it\/2025\/12\/e2bb7339-7141-7e10-c345-2cc50522ec0c-1.png 1680w\" sizes=\"auto, (max-width: 500px) 100vw, 500px\" \/><br \/>\nDopo il successo dei primi due appuntamenti, il ciclo Varrone on Tour si avvia alla sua conclusione, mercoled\u00ec 3 dicembre, con l\u2019incontro tra Joselito e Braida, un dialogo affascinante tra la tradizione iberica del jam\u00f3n e la vitalit\u00e0 enologica del Monferrato. Il menu accompagner\u00e0 gli ospiti in un crescendo di sapori: si comincia con Jamon Joselito Vintage 2014, con pi\u00f9 di 11 anni di stagionatura, tagliato al coltello, seguito dalla Bombetta Martina Franca Badajoz con pluma Joselito e dal Carpaccio di solomillo con peperoni in agrodolce. A seguire, il Pan de tomate con Chorizo Gran Riserva, i Pinchos con chichas Joselito e uovo di quaglia e un intenso Tagliolino al rag\u00f9 alla bolognese realizzato con secreto. Per finire, la triade conclusiva di Pluma, secreto e ventresca Joselito alla brace, in un trionfo di aromi e armonie mediterranee.<br \/>\nPrezzo: \u20ac 110 per persona, vini inclusi<br \/>\nInfo &#038; Prenotazioni: T: 02 3679 8388 |  Varronerestaurant.com<\/p>\n","protected":false},"excerpt":{"rendered":"<p>WINTER CALENDar Novit\u00e0, esperienze e appuntamenti per un inverno godereccio EATALY MILANO SMERALDO Da Eataly Milano Smeraldo prosegue la stagione degli appuntamenti speciali. Marted\u00ec 2 dicembre torna Giovani Talenti con Valentina Rizzo, chef della Farmacia dei Sani di Ruffano (LE), nel Salento, che propone una cucina essenziale e contemporanea: un menu in quattro portate, tra &hellip; <a href=\"https:\/\/www.gdapress.it\/it\/index.php\/76770\/enogastronomia\/winter-calendar-parte-prima.html\" class=\"more-link\">Read more <span class=\"screen-reader-text\">WINTER CALENDar  Parte prima<\/span><\/a><\/p>\n","protected":false},"author":1,"featured_media":76772,"comment_status":"closed","ping_status":"open","sticky":false,"template":"","format":"standard","meta":{"footnotes":""},"categories":[20],"tags":[16598,15893,27152,26456,27151],"class_list":["post-76770","post","type-post","status-publish","format-standard","has-post-thumbnail","hentry","category-enogastronomia","tag-eataly-milano-smeraldo","tag-excelsior-hotel-gallia","tag-palazzo-touring-club-milan","tag-radisson-collection-hotel","tag-varrone-on-tour"],"_links":{"self":[{"href":"https:\/\/www.gdapress.it\/it\/index.php\/wp-json\/wp\/v2\/posts\/76770","targetHints":{"allow":["GET"]}}],"collection":[{"href":"https:\/\/www.gdapress.it\/it\/index.php\/wp-json\/wp\/v2\/posts"}],"about":[{"href":"https:\/\/www.gdapress.it\/it\/index.php\/wp-json\/wp\/v2\/types\/post"}],"author":[{"embeddable":true,"href":"https:\/\/www.gdapress.it\/it\/index.php\/wp-json\/wp\/v2\/users\/1"}],"replies":[{"embeddable":true,"href":"https:\/\/www.gdapress.it\/it\/index.php\/wp-json\/wp\/v2\/comments?post=76770"}],"version-history":[{"count":1,"href":"https:\/\/www.gdapress.it\/it\/index.php\/wp-json\/wp\/v2\/posts\/76770\/revisions"}],"predecessor-version":[{"id":76775,"href":"https:\/\/www.gdapress.it\/it\/index.php\/wp-json\/wp\/v2\/posts\/76770\/revisions\/76775"}],"wp:featuredmedia":[{"embeddable":true,"href":"https:\/\/www.gdapress.it\/it\/index.php\/wp-json\/wp\/v2\/media\/76772"}],"wp:attachment":[{"href":"https:\/\/www.gdapress.it\/it\/index.php\/wp-json\/wp\/v2\/media?parent=76770"}],"wp:term":[{"taxonomy":"category","embeddable":true,"href":"https:\/\/www.gdapress.it\/it\/index.php\/wp-json\/wp\/v2\/categories?post=76770"},{"taxonomy":"post_tag","embeddable":true,"href":"https:\/\/www.gdapress.it\/it\/index.php\/wp-json\/wp\/v2\/tags?post=76770"}],"curies":[{"name":"wp","href":"https:\/\/api.w.org\/{rel}","templated":true}]}}