
{"id":76704,"date":"2025-11-08T20:16:48","date_gmt":"2025-11-08T18:16:48","guid":{"rendered":"https:\/\/www.gdapress.it\/it\/?p=76704"},"modified":"2025-11-08T20:16:48","modified_gmt":"2025-11-08T18:16:48","slug":"november-vibes-le-novita","status":"publish","type":"post","link":"https:\/\/www.gdapress.it\/it\/index.php\/76704\/enogastronomia\/november-vibes-le-novita.html","title":{"rendered":"NOVEMBER VIBES LE NOVIT\u00c1"},"content":{"rendered":"<p>NOVEMBER VIBES<br \/>\nMenu che si tingono dei colori dell\u2019autunno, appuntamenti da gustare e consigli per vivere al meglio uno dei mesi pi\u00f9 suggestivi dell&#8217;anno<\/p>\n<p>LE NOVIT\u00c1<\/p>\n<p>[BU:R]<br \/>\n<img loading=\"lazy\" decoding=\"async\" src=\"http:\/\/www.gdapress.it\/it\/..\/public\/it\/2025\/11\/3fcedfca-d316-42c1-81f4-251132d7dd6f-500x296.png\" alt=\"\" width=\"500\" height=\"296\" class=\"alignleft size-large wp-image-76705\" srcset=\"https:\/\/www.gdapress.it\/it\/..\/public\/it\/2025\/11\/3fcedfca-d316-42c1-81f4-251132d7dd6f-500x296.png 500w, https:\/\/www.gdapress.it\/it\/..\/public\/it\/2025\/11\/3fcedfca-d316-42c1-81f4-251132d7dd6f-300x177.png 300w, https:\/\/www.gdapress.it\/it\/..\/public\/it\/2025\/11\/3fcedfca-d316-42c1-81f4-251132d7dd6f-768x454.png 768w, https:\/\/www.gdapress.it\/it\/..\/public\/it\/2025\/11\/3fcedfca-d316-42c1-81f4-251132d7dd6f-1536x908.png 1536w, https:\/\/www.gdapress.it\/it\/..\/public\/it\/2025\/11\/3fcedfca-d316-42c1-81f4-251132d7dd6f.png 1630w\" sizes=\"auto, (max-width: 500px) 100vw, 500px\" \/><br \/>\nUn viaggio sensoriale che nasce dal profumo. Con Le Aromatiche, il nuovo menu degustazione firmato da Eugenio Boer, [Bu:r] propone un racconto gastronomico inedito in cui erbe, radici e spezie sono il punto di partenza. &#8220;Levistico&#8221; &#8211; nasello e patata dolce di Anguillara veneta apre il percorso, seguito da &#8220;Pepe lungo di Java&#8221; &#8211; con funghi italiani, rucola e ceci, accompagnati dal tradizionale pane e burro. Tra i primi, &#8220;Kaffir Lime&#8221; &#8211; uno spaghettone con sgombro e castagna, mentre il finale \u00e8 affidato all\u2019intensit\u00e0 del &#8220;Cardamomo verde&#8221; &#8211; un dessert con uva americana e mascarpone, seguito da una raffinata piccola pasticceria. Un menu costruito intorno a una nota olfattiva che guida l\u2019esperienza, in un equilibrio costante tra memoria e ricerca.<br \/>\nPrezzo: \u20ac 140 per persona &#8211; Abbinamento vini  \u20ac 65<br \/>\nInfo &#038; Prenotazioni: T: 02 6206 5383 | E: info@restaurantboer.com | restaurantboer.com<\/p>\n<p>DA LORENZO &#8211; AL GIARDINO SEGRETO<br \/>\n<img loading=\"lazy\" decoding=\"async\" src=\"http:\/\/www.gdapress.it\/it\/..\/public\/it\/2025\/11\/9fc176d8-f5b9-1d0d-87a3-6698d05e5b3f-500x289.png\" alt=\"\" width=\"500\" height=\"289\" class=\"alignleft size-large wp-image-76706\" srcset=\"https:\/\/www.gdapress.it\/it\/..\/public\/it\/2025\/11\/9fc176d8-f5b9-1d0d-87a3-6698d05e5b3f-500x289.png 500w, https:\/\/www.gdapress.it\/it\/..\/public\/it\/2025\/11\/9fc176d8-f5b9-1d0d-87a3-6698d05e5b3f-300x174.png 300w, https:\/\/www.gdapress.it\/it\/..\/public\/it\/2025\/11\/9fc176d8-f5b9-1d0d-87a3-6698d05e5b3f-768x444.png 768w, https:\/\/www.gdapress.it\/it\/..\/public\/it\/2025\/11\/9fc176d8-f5b9-1d0d-87a3-6698d05e5b3f-1536x888.png 1536w, https:\/\/www.gdapress.it\/it\/..\/public\/it\/2025\/11\/9fc176d8-f5b9-1d0d-87a3-6698d05e5b3f.png 1594w\" sizes=\"auto, (max-width: 500px) 100vw, 500px\" \/>Nel cuore del sestiere di Cannaregio, situato all&#8217;interno di NH Collection Grand Hotel Palazzo dei Dogi, Da Lorenzo \u2013 Al Giardino Segreto, il ristorante firmato dallo chef stellato Paulo Airaudo, recentemente inserito nella guida MICHELIN, propone due percorsi degustazione &#8211; da 7 e 11 portate &#8211; che fondono tradizione italiana, creativit\u00e0 e materie prime locali. Il menu \u201cSensazioni\u201d spazia dal consomm\u00e9 alle variet\u00e0 di pomodori con pane alla brace, passando per il benvenuto dello chef con &#8220;Casunziei di Barbabietola, Sarde in Saor, Risi e Bisi e Cannolo di Calamaro&#8221;. Tra i primi spiccano gli &#8220;Spaghetti con cicale di mare&#8221;, mentre i secondi comprendono il &#8220;Crudo di Ricciola Hamachi e la &#8220;Coda di rospo con bagna c\u00e0uda&#8221;. Il dessert conclude il percorso con una raffinata &#8220;Panna cotta, caramello di patata dolce e aceto balsamico&#8221; invecchiato 25 anni. Il menu \u201cEmozioni\u201d, composto da 11 portate, offre un\u2019esperienza ancora pi\u00f9 completa e articolata: tra i primi figurano i &#8220;Cappelletti all\u2019anatra&#8221;, mentre i secondi includono il &#8220;Piccione con cipolla e funghi&#8221;. Prima del dessert, una &#8220;Granita al basilico&#8221; prepara al finale dolce, che comprende una selezione di petit fours, tra cui &#8220;Rocher Zephyr&#8221;, &#8220;Gelatina al mango&#8221;, &#8220;Choux al pistacchio e lemon pie&#8221;, offrendo un viaggio gastronomico elegante e raffinato.<br \/>\nInfo &#038; Prenotazioni: T: 041 2208810 | E: dalorenzorestaurant@nh-hotels.com  | dalorenzorestaurant.com<\/p>\n<p>GLORY POP<br \/>\n<img loading=\"lazy\" decoding=\"async\" src=\"http:\/\/www.gdapress.it\/it\/..\/public\/it\/2025\/11\/be5fd449-694e-364c-c4c7-d871dcf5a1be-454x400.png\" alt=\"\" width=\"454\" height=\"400\" class=\"alignleft size-large wp-image-76707\" srcset=\"https:\/\/www.gdapress.it\/it\/..\/public\/it\/2025\/11\/be5fd449-694e-364c-c4c7-d871dcf5a1be-454x400.png 454w, https:\/\/www.gdapress.it\/it\/..\/public\/it\/2025\/11\/be5fd449-694e-364c-c4c7-d871dcf5a1be-300x264.png 300w, https:\/\/www.gdapress.it\/it\/..\/public\/it\/2025\/11\/be5fd449-694e-364c-c4c7-d871dcf5a1be-768x676.png 768w, https:\/\/www.gdapress.it\/it\/..\/public\/it\/2025\/11\/be5fd449-694e-364c-c4c7-d871dcf5a1be.png 918w\" sizes=\"auto, (max-width: 454px) 100vw, 454px\" \/><br \/>\nGlory POP inaugura la sua terza pizzeria in Via Fratelli Bronzetti 9, a Milano, accogliendo gli ospiti con i suoi due impasti iconici &#8211; la \u201c180 gr di croccantezza\u201d, pi\u00f9 sottile e ispirata alla tradizione romana, e la \u201cPOP\u201d, con il cornicione leggermente pi\u00f9 pronunciato, che richiama la scuola napoletana &#8211; capaci di conquistare tutti i palati. Il nuovo menu stagionale e l\u2019anima POP che celebra gli anni \u201880 e \u201890 invitano le persone del quartiere, e non, a vivere momenti di spensieratezza con una proposta di qualit\u00e0.<br \/>\nInfo &#038; Prenotazioni: glorypop.it.<\/p>\n<p>IT MILANO<br \/>\n<img loading=\"lazy\" decoding=\"async\" src=\"http:\/\/www.gdapress.it\/it\/..\/public\/it\/2025\/11\/c320f611-ef44-e8d9-d787-6db43592f7e0-496x400.png\" alt=\"\" width=\"496\" height=\"400\" class=\"alignleft size-large wp-image-76708\" srcset=\"https:\/\/www.gdapress.it\/it\/..\/public\/it\/2025\/11\/c320f611-ef44-e8d9-d787-6db43592f7e0-496x400.png 496w, https:\/\/www.gdapress.it\/it\/..\/public\/it\/2025\/11\/c320f611-ef44-e8d9-d787-6db43592f7e0-300x242.png 300w, https:\/\/www.gdapress.it\/it\/..\/public\/it\/2025\/11\/c320f611-ef44-e8d9-d787-6db43592f7e0.png 762w\" sizes=\"auto, (max-width: 496px) 100vw, 496px\" \/><br \/>\nMilano si accende di nuova energia: da met\u00e0 novembre apre il rinnovato IT Milano, storica insegna della nightlife meneghina, e terzo indirizzo del gruppo IT nel capoluogo lombardo dopo IT Maison e ByIT. Un locale da vivere dalla cena fino a tarda notte che porta in citt\u00e0 lo spirito di IT Ibiza, trasmutato per la stagione invernale. La proposta \u00e8 una cucina mediterranea con un twist fusion, a base di verdure e tagli di carne di alta qualit\u00e0, con primi piatti, pinchos da condividere, cotture al Josper e alla griglia, tutto firmato da Romualdo Palladino, Head Chef del gruppo IT. E, tra luci soffuse, toni caldi dati dalla terracotta e dal legno e un design naturale e accogliente, la serata continua con musica e intrattenimento per un\u2019esperienza vibrante e modaiola.<\/p>\n","protected":false},"excerpt":{"rendered":"<p>NOVEMBER VIBES Menu che si tingono dei colori dell\u2019autunno, appuntamenti da gustare e consigli per vivere al meglio uno dei mesi pi\u00f9 suggestivi dell&#8217;anno LE NOVIT\u00c1 [BU:R] Un viaggio sensoriale che nasce dal profumo. Con Le Aromatiche, il nuovo menu degustazione firmato da Eugenio Boer, [Bu:r] propone un racconto gastronomico inedito in cui erbe, radici &hellip; <a href=\"https:\/\/www.gdapress.it\/it\/index.php\/76704\/enogastronomia\/november-vibes-le-novita.html\" class=\"more-link\">Read more <span class=\"screen-reader-text\">NOVEMBER VIBES LE NOVIT\u00c1<\/span><\/a><\/p>\n","protected":false},"author":1,"featured_media":76706,"comment_status":"closed","ping_status":"open","sticky":false,"template":"","format":"standard","meta":{"footnotes":""},"categories":[20],"tags":[27109,27108,27107,27106,27051],"class_list":["post-76704","post","type-post","status-publish","format-standard","has-post-thumbnail","hentry","category-enogastronomia","tag-da-lorenzo-al-giardino-segreto","tag-glory-pop","tag-it-milano","tag-november-vibes","tag-bur"],"_links":{"self":[{"href":"https:\/\/www.gdapress.it\/it\/index.php\/wp-json\/wp\/v2\/posts\/76704","targetHints":{"allow":["GET"]}}],"collection":[{"href":"https:\/\/www.gdapress.it\/it\/index.php\/wp-json\/wp\/v2\/posts"}],"about":[{"href":"https:\/\/www.gdapress.it\/it\/index.php\/wp-json\/wp\/v2\/types\/post"}],"author":[{"embeddable":true,"href":"https:\/\/www.gdapress.it\/it\/index.php\/wp-json\/wp\/v2\/users\/1"}],"replies":[{"embeddable":true,"href":"https:\/\/www.gdapress.it\/it\/index.php\/wp-json\/wp\/v2\/comments?post=76704"}],"version-history":[{"count":1,"href":"https:\/\/www.gdapress.it\/it\/index.php\/wp-json\/wp\/v2\/posts\/76704\/revisions"}],"predecessor-version":[{"id":76709,"href":"https:\/\/www.gdapress.it\/it\/index.php\/wp-json\/wp\/v2\/posts\/76704\/revisions\/76709"}],"wp:featuredmedia":[{"embeddable":true,"href":"https:\/\/www.gdapress.it\/it\/index.php\/wp-json\/wp\/v2\/media\/76706"}],"wp:attachment":[{"href":"https:\/\/www.gdapress.it\/it\/index.php\/wp-json\/wp\/v2\/media?parent=76704"}],"wp:term":[{"taxonomy":"category","embeddable":true,"href":"https:\/\/www.gdapress.it\/it\/index.php\/wp-json\/wp\/v2\/categories?post=76704"},{"taxonomy":"post_tag","embeddable":true,"href":"https:\/\/www.gdapress.it\/it\/index.php\/wp-json\/wp\/v2\/tags?post=76704"}],"curies":[{"name":"wp","href":"https:\/\/api.w.org\/{rel}","templated":true}]}}