
{"id":76697,"date":"2025-11-08T20:06:13","date_gmt":"2025-11-08T18:06:13","guid":{"rendered":"https:\/\/www.gdapress.it\/it\/?p=76697"},"modified":"2025-11-08T20:06:13","modified_gmt":"2025-11-08T18:06:13","slug":"november-vibes-da-segnare-in-agenda","status":"publish","type":"post","link":"https:\/\/www.gdapress.it\/it\/index.php\/76697\/enogastronomia\/november-vibes-da-segnare-in-agenda.html","title":{"rendered":"NOVEMBER VIBES  DA SEGNARE IN AGENDA"},"content":{"rendered":"<p>NOVEMBER VIBES<br \/>\nMenu che si tingono dei colori dell\u2019autunno, appuntamenti da gustare e consigli per vivere al meglio uno dei mesi pi\u00f9 suggestivi dell&#8217;anno<\/p>\n<p>BACCANALE<br \/>\n<img loading=\"lazy\" decoding=\"async\" src=\"http:\/\/www.gdapress.it\/it\/..\/public\/it\/2025\/11\/ce67374a-0e35-c4bd-493a-85a8c71ffbc3-420x400.png\" alt=\"\" width=\"420\" height=\"400\" class=\"alignleft size-large wp-image-76698\" srcset=\"https:\/\/www.gdapress.it\/it\/..\/public\/it\/2025\/11\/ce67374a-0e35-c4bd-493a-85a8c71ffbc3-420x400.png 420w, https:\/\/www.gdapress.it\/it\/..\/public\/it\/2025\/11\/ce67374a-0e35-c4bd-493a-85a8c71ffbc3-300x286.png 300w, https:\/\/www.gdapress.it\/it\/..\/public\/it\/2025\/11\/ce67374a-0e35-c4bd-493a-85a8c71ffbc3-768x731.png 768w, https:\/\/www.gdapress.it\/it\/..\/public\/it\/2025\/11\/ce67374a-0e35-c4bd-493a-85a8c71ffbc3.png 828w\" sizes=\"auto, (max-width: 420px) 100vw, 420px\" \/><br \/>\nProsegue con successo l\u2019edizione 2025 di Baccanale, la rassegna imolese dedicata alla cultura del cibo e, quest\u2019anno, alle spezie come simbolo di viaggio, incontro e creativit\u00e0. Dopo gli appuntamenti inaugurali, il programma \u00e8 entrato nel vivo con la pasticceria d\u2019autore del Maestro Gino Fabbri il 2 novembre e il Banco d\u2019Assaggio dei Vini e dei Prodotti del Territorio all\u2019Autodromo Enzo e Dino Ferrari l\u20198 e il 9 del mese.<br \/>\nMercoled\u00ec 5 Chiara Maci ha dialogato con ristoratori, pizzaioli, pasticceri e barman nello spazio coperto di Piazza Matteotti, mentre luned\u00ec 10 Roberto Valbuzzi sar\u00e0 protagonista di uno showcooking dedicato alle spezie.<br \/>\nMarted\u00ec 11 novembre sar\u00e0 la volta di una cena esclusiva a cura di Ferdy Wild.<br \/>\nVenerd\u00ec 14 l\u2019evento \u201cIl Giro d\u2019Italia in un Drink\u201d trasformer\u00e0 Imola nella capitale della mixology, con bartender da tutta Italia impegnati a reinterpretare le spezie in chiave contemporanea.<br \/>\nInfo: baccanaleimola.it<\/p>\n<p>EATALY MILANO SMERALDO<br \/>\n<img loading=\"lazy\" decoding=\"async\" src=\"http:\/\/www.gdapress.it\/it\/..\/public\/it\/2025\/11\/8a9f1d2b-f23b-4b47-053b-338690692c2c-500x313.png\" alt=\"\" width=\"500\" height=\"313\" class=\"alignleft size-large wp-image-76699\" srcset=\"https:\/\/www.gdapress.it\/it\/..\/public\/it\/2025\/11\/8a9f1d2b-f23b-4b47-053b-338690692c2c-500x313.png 500w, https:\/\/www.gdapress.it\/it\/..\/public\/it\/2025\/11\/8a9f1d2b-f23b-4b47-053b-338690692c2c-300x188.png 300w, https:\/\/www.gdapress.it\/it\/..\/public\/it\/2025\/11\/8a9f1d2b-f23b-4b47-053b-338690692c2c-768x480.png 768w, https:\/\/www.gdapress.it\/it\/..\/public\/it\/2025\/11\/8a9f1d2b-f23b-4b47-053b-338690692c2c-1536x960.png 1536w, https:\/\/www.gdapress.it\/it\/..\/public\/it\/2025\/11\/8a9f1d2b-f23b-4b47-053b-338690692c2c.png 1654w\" sizes=\"auto, (max-width: 500px) 100vw, 500px\" \/><br \/>\nDa Eataly Milano Smeraldo prosegue la stagione dei grandi appuntamenti. Marted\u00ec 4 novembre \u00e8 tornato Giovani Talenti, il format realizzato insieme a Identit\u00e0 Golose, che ha visto protagonista Jessica Rosval, chef del ristorante Al Gatto Verde di Modena, con un menu che celebra il fuoco come origine della cucina e simbolo di energia, trasformazione e rispetto per la natura, articolato in piatti che raccontano l\u2019anima del territorio modenese attraverso tecnica, istinto e creativit\u00e0.<br \/>\nParallelamente, fino al 17 novembre sar\u00e0 possibile assaggiare &#8211; a Food&#038;Pizza Theatre, il ristorante di Eataly Smeraldo, e in tutti gli altri ristoranti di Eataly in Italia &#8211; il menu regionale dedicato all\u2019autunno e alla cucina toscana. Dalla cecina al tortello maremmano, fino alla pizza con funghi porcini, Finocchiona IGP e pecorino della Maremma, una selezione di sapori autentici racconta la tradizione e la convivialit\u00e0 toscana, accompagnata da una scelta di vini del territorio firmata Eataly.<br \/>\nDal 18 novembre, spazio invece ai grandi piatti delle Feste: tortellini al doppio Parmigiano Reggiano DOP, guancetta brasata e altre ricette perfette per celebrare anche a tavola il Natale. Immancabile il panettone Eataly accompagnato da golosa crema al mascarpone.<br \/>\nInfo &#038; Prenotazioni: T: 800 975 880 | E: eatalysmeraldo@eataly.it | eataly.net<\/p>\n<p>RADISSON COLLECTION HOTEL, PALAZZO TOURING CLUB MILAN<br \/>\n<img loading=\"lazy\" decoding=\"async\" src=\"http:\/\/www.gdapress.it\/it\/..\/public\/it\/2025\/11\/ce625885-88c1-a274-103c-f2645bc21fb2-500x306.png\" alt=\"\" width=\"500\" height=\"306\" class=\"alignleft size-large wp-image-76700\" srcset=\"https:\/\/www.gdapress.it\/it\/..\/public\/it\/2025\/11\/ce625885-88c1-a274-103c-f2645bc21fb2-500x306.png 500w, https:\/\/www.gdapress.it\/it\/..\/public\/it\/2025\/11\/ce625885-88c1-a274-103c-f2645bc21fb2-300x183.png 300w, https:\/\/www.gdapress.it\/it\/..\/public\/it\/2025\/11\/ce625885-88c1-a274-103c-f2645bc21fb2-768x469.png 768w, https:\/\/www.gdapress.it\/it\/..\/public\/it\/2025\/11\/ce625885-88c1-a274-103c-f2645bc21fb2-1536x939.png 1536w, https:\/\/www.gdapress.it\/it\/..\/public\/it\/2025\/11\/ce625885-88c1-a274-103c-f2645bc21fb2.png 1630w\" sizes=\"auto, (max-width: 500px) 100vw, 500px\" \/><br \/>\nProseguono al Radisson Collection Hotel, Palazzo Touring Club Milan, le Movie nights, il palinsesto di proiezioni che propone agli ospiti notti magiche tra allestimenti scenografici, intrattenimento dal vivo e sorprendenti proposte gastronomiche.<br \/>\nVenerd\u00ec 14 e sabato 15 novembre gli ospiti potranno esplorare il dolce mondo di Charlie and the Chocolate Factory.<br \/>\nIl 21 e 22 del mese sar\u00e0 possibile rivivere l\u2019epica storia d\u2019amore tra Jack e Rose con Titanic: per l\u2019occasione gli spazi dell\u2019hotel si trasformeranno nella sala da pranzo della celebre nave, per un\u2019elegante serata di gala.<br \/>\nL\u2019ultimo weekend di novembre &#8211; venerd\u00ec 28 e sabato 29 &#8211; inizier\u00e0 ufficialmente il Natale in hotel, con la proiezione di Love Actually.<br \/>\nPrezzo: \u20ac 48 a persona<br \/>\nInfo &#038; Prenotazioni: Biglietti disponibili al seguente link.https:\/\/www.filario.it\/en\/food-section\/filo-restaurant\/<\/p>\n<p>THE ROME EDITION<br \/>\n<img loading=\"lazy\" decoding=\"async\" src=\"http:\/\/www.gdapress.it\/it\/..\/public\/it\/2025\/11\/46859e4c-26cf-da9e-a0c9-d2a6a0986386-500x359.png\" alt=\"\" width=\"500\" height=\"359\" class=\"alignleft size-large wp-image-76701\" srcset=\"https:\/\/www.gdapress.it\/it\/..\/public\/it\/2025\/11\/46859e4c-26cf-da9e-a0c9-d2a6a0986386-500x359.png 500w, https:\/\/www.gdapress.it\/it\/..\/public\/it\/2025\/11\/46859e4c-26cf-da9e-a0c9-d2a6a0986386-300x216.png 300w, https:\/\/www.gdapress.it\/it\/..\/public\/it\/2025\/11\/46859e4c-26cf-da9e-a0c9-d2a6a0986386-768x552.png 768w, https:\/\/www.gdapress.it\/it\/..\/public\/it\/2025\/11\/46859e4c-26cf-da9e-a0c9-d2a6a0986386.png 1494w\" sizes=\"auto, (max-width: 500px) 100vw, 500px\" \/><br \/>\nThe Rome EDITION si prepara a un mese ricco di appuntamenti. Si inizia sabato 1\u00b0 novembre con il talk del poeta Gabriele Tinti e dell\u2019artista Roger Ballen. Mercoled\u00ec 12 riapre ufficialmente Jade Bar che presenta la nuova collaborazione con Le Labo, permettendo agli ospiti di vivere aperitivi esperienziali, tra design e fragranze. Dal 14 al 20 novembre da Anima &#8211; il signature restaurant dell\u2019hotel &#8211; l\u2019Executive Chef Antonio Gentile propone un esclusivo menu dedicato alla \u201cTruffle Week\u201d, la settimana che omaggia il tartufo con eventi in programma in tutta Italia. Mercoled\u00ec 19 prende il via la mostra dell\u2019artista romana R\u00e4 di Martino, che esporr\u00e0 le sue opere in occasione di Arte in Nuvola, la grande fiera internazionale d&#8217;arte moderna e contemporanea di Roma. Venerd\u00ec 21 torna l\u2019appuntamento mensile dedicato alle migliori cantine e ai pi\u00f9 celebri ristoranti nostrani, con una serata speciale che vedr\u00e0 protagonisti i piatti realizzati dal team del The Rome EDITION insieme allo chef Stefano Cerveni del ristorante stellato Due Colombe di Borgonato, e proposti in abbinamento ai vini di Ca\u2019 del Bosco. Gioved\u00ec 27 novembre \u00e8 infine possibile partecipare alla cena del \u201cRingraziamento\u201d, omaggio alla cultura gastronomica americana.<br \/>\nInfo &#038; Prenotazioni: editionhotels.com\/rome\/<\/p>\n<p>VARRONE<br \/>\n<img loading=\"lazy\" decoding=\"async\" src=\"http:\/\/www.gdapress.it\/it\/..\/public\/it\/2025\/11\/e2bb7339-7141-7e10-c345-2cc50522ec0c-500x327.png\" alt=\"\" width=\"500\" height=\"327\" class=\"alignleft size-large wp-image-76702\" srcset=\"https:\/\/www.gdapress.it\/it\/..\/public\/it\/2025\/11\/e2bb7339-7141-7e10-c345-2cc50522ec0c-500x327.png 500w, https:\/\/www.gdapress.it\/it\/..\/public\/it\/2025\/11\/e2bb7339-7141-7e10-c345-2cc50522ec0c-300x196.png 300w, https:\/\/www.gdapress.it\/it\/..\/public\/it\/2025\/11\/e2bb7339-7141-7e10-c345-2cc50522ec0c-768x502.png 768w, https:\/\/www.gdapress.it\/it\/..\/public\/it\/2025\/11\/e2bb7339-7141-7e10-c345-2cc50522ec0c-1536x1004.png 1536w, https:\/\/www.gdapress.it\/it\/..\/public\/it\/2025\/11\/e2bb7339-7141-7e10-c345-2cc50522ec0c.png 1680w\" sizes=\"auto, (max-width: 500px) 100vw, 500px\" \/>Gioved\u00ec 20 novembre, da Varrone, in via Tocqueville 7, Miguel Vergara e Poggio di Sotto si uniscono in un dialogo tra l\u2019anima spagnola della carne e l\u2019eleganza toscana del Brunello. Il menu racconta la filosofia di Vergara attraverso piatti come il &#8220;Pinchos di Chateaubriand, bacon Miguel Vergara, uova di quaglia e tartare&#8221;, dai toni decisi, la &#8220;Grande selezione di Cecina de Leon&#8221;, il &#8220;Carpaccio di Chuleta maturata&#8221; e i &#8220;Bucatini all\u2019amatriciana con bacon di Black Angus di Miguel Vergara&#8221;. A concludere, la &#8220;T-Bone Vergara Selezione Massima&#8221;, emblema della qualit\u00e0 assoluta. Questo \u00e8 il secondo del ciclo di appuntamenti &#8220;Varrone On Tour&#8221;, un\u2019iniziativa ideata da Massimo Minutelli e Tony Melillo per celebrare le eccellenze della carne e del vino.<br \/>\nPrezzo: \u20ac 150 per persona &#8211; vini inclusi<br \/>\nInfo &#038; Prenotazioni: T: 02 3679 8388 |  Varronerestaurant.com<\/p>\n","protected":false},"excerpt":{"rendered":"<p>NOVEMBER VIBES Menu che si tingono dei colori dell\u2019autunno, appuntamenti da gustare e consigli per vivere al meglio uno dei mesi pi\u00f9 suggestivi dell&#8217;anno BACCANALE Prosegue con successo l\u2019edizione 2025 di Baccanale, la rassegna imolese dedicata alla cultura del cibo e, quest\u2019anno, alle spezie come simbolo di viaggio, incontro e creativit\u00e0. Dopo gli appuntamenti inaugurali, &hellip; <a href=\"https:\/\/www.gdapress.it\/it\/index.php\/76697\/enogastronomia\/november-vibes-da-segnare-in-agenda.html\" class=\"more-link\">Read more <span class=\"screen-reader-text\">NOVEMBER VIBES  DA SEGNARE IN AGENDA<\/span><\/a><\/p>\n","protected":false},"author":1,"featured_media":76700,"comment_status":"closed","ping_status":"open","sticky":false,"template":"","format":"standard","meta":{"footnotes":""},"categories":[20],"tags":[26459,16598,27106,26790,26456,26334],"class_list":["post-76697","post","type-post","status-publish","format-standard","has-post-thumbnail","hentry","category-enogastronomia","tag-baccanale","tag-eataly-milano-smeraldo","tag-november-vibes","tag-palazzo-touring-club-milano","tag-radisson-collection-hotel","tag-the-rome-edition"],"_links":{"self":[{"href":"https:\/\/www.gdapress.it\/it\/index.php\/wp-json\/wp\/v2\/posts\/76697","targetHints":{"allow":["GET"]}}],"collection":[{"href":"https:\/\/www.gdapress.it\/it\/index.php\/wp-json\/wp\/v2\/posts"}],"about":[{"href":"https:\/\/www.gdapress.it\/it\/index.php\/wp-json\/wp\/v2\/types\/post"}],"author":[{"embeddable":true,"href":"https:\/\/www.gdapress.it\/it\/index.php\/wp-json\/wp\/v2\/users\/1"}],"replies":[{"embeddable":true,"href":"https:\/\/www.gdapress.it\/it\/index.php\/wp-json\/wp\/v2\/comments?post=76697"}],"version-history":[{"count":1,"href":"https:\/\/www.gdapress.it\/it\/index.php\/wp-json\/wp\/v2\/posts\/76697\/revisions"}],"predecessor-version":[{"id":76703,"href":"https:\/\/www.gdapress.it\/it\/index.php\/wp-json\/wp\/v2\/posts\/76697\/revisions\/76703"}],"wp:featuredmedia":[{"embeddable":true,"href":"https:\/\/www.gdapress.it\/it\/index.php\/wp-json\/wp\/v2\/media\/76700"}],"wp:attachment":[{"href":"https:\/\/www.gdapress.it\/it\/index.php\/wp-json\/wp\/v2\/media?parent=76697"}],"wp:term":[{"taxonomy":"category","embeddable":true,"href":"https:\/\/www.gdapress.it\/it\/index.php\/wp-json\/wp\/v2\/categories?post=76697"},{"taxonomy":"post_tag","embeddable":true,"href":"https:\/\/www.gdapress.it\/it\/index.php\/wp-json\/wp\/v2\/tags?post=76697"}],"curies":[{"name":"wp","href":"https:\/\/api.w.org\/{rel}","templated":true}]}}