
{"id":76641,"date":"2025-11-05T19:18:33","date_gmt":"2025-11-05T17:18:33","guid":{"rendered":"https:\/\/www.gdapress.it\/it\/?p=76641"},"modified":"2025-11-05T19:18:33","modified_gmt":"2025-11-05T17:18:33","slug":"amart-milano-museo-della-permanente-3","status":"publish","type":"post","link":"https:\/\/www.gdapress.it\/it\/index.php\/76641\/arte\/amart-milano-museo-della-permanente-3.html","title":{"rendered":"AMART Milano Museo della Permanente"},"content":{"rendered":"<p>AMART<br \/>\nMilano, Museo della Permanente<br \/>\n5-9 novembre 2025<\/p>\n<p>Al Museo della Permanente di Milano, un bagno di folla ha animato l\u2019inaugurazione di AMART, dimostrando quanto viva e appassionata sia la Milano dell\u2019arte e del collezionismo. A dare il via al percorso espositivo, una straordinaria Alfa Romeo 6C 2500 S Cabriolet Farina, capolavoro del 1947, simbolo di eleganza senza tempo e ambasciatrice del lusso italiano nel mondo. Questo modello extralusso per esportazione, protagonista di innumerevoli eventi internazionali, accoglie i visitatori all\u2019ingresso della mostra come un ponte tra epoche diverse.<\/p>\n<p>Nell\u2019allestimento firmato dallo Studio di Architettura Pelizzari, la vettura d\u2019epoca diventa metafora del passaggio e del cambiamento: un oggetto che racconta il fluire del tempo, il movimento, l\u2019evoluzione. Intorno ad essa, linee, materiali e luci disegnano un paesaggio visivo in cui antico e moderno si rincorrono, riflettendo lo spirito stesso di AMART, l\u2019unica mostra dell\u2019Antiquariato di Milano, organizzata dall\u2019Associazione Antiquari Milanesi con Promo.Ter.<\/p>\n<p>Una manifestazione allestita con rigore e cura dalla Bibi Allestimenti, che, fino a domenica 9 novembre, invita a scoprire l\u2019arte di ieri con lo sguardo rivolto al domani: una mostra di antiquariato che guarda avanti, senza mai dimenticare da dove arriva.<\/p>\n<p>AMART inaugurata ieri 4 novembre accoglie 61 espositori, tra presenze consolidate e ben 13 nuovi partecipanti, che esibiscono una selezione di opere che in molti casi hanno rappresentato il momento pivotale di un artista, uno stile, o persino un&#8217;epoca. Dall&#8217;antichit\u00e0 fino ai giorni nostri, sono proposte in mostra opere di ogni epoca, dai dipinti degli Antichi Maestri fino a pezzi unici di design, sino all\u2019arte asiatica e di altri continenti.<\/p>\n<p>Ad annunciare la settimana edizione di AMART nei mesi scorsi \u00e8 stata una comunicazione visiva che affascina, incuriosisce e sorprende firmata dall\u2019agenzia Frova, Castori e Solcia, che prosegue con coerenza e originalit\u00e0 il percorso creativo avviato nel 2023. Al centro della campagna, il claim distintivo di AMART: \u201cAntiquariato. Un piacere contemporaneo.\u201d<\/p>\n<p>\u201cDopo un periodo di rallentamento, si registra un rinnovato interesse non solo verso le opere di pregio e con provenienza garantita, ma anche verso quelle che si distinguono per la loro originalit\u00e0 e per la possibilit\u00e0 di tracciarne la storia &#8211;  spiega Michele Subert Presidente di AMART  &#8211;  quando si parla di mercato dell\u2019antiquariato e dell\u2019arte antica, scultura e pittura occupano nell\u2019immaginario comune un posto di primo piano; in realt\u00e0, l\u2019offerta \u00e8 ben pi\u00f9 articolata e ricca di sfumature come si pu\u00f2 vedere in questi giorni alla Permanente\u201d.<\/p>\n<p>Numerose le proposte anticipate nei giorni scorsi (vedi comunicati QUI ), girando tra gli stand altre sorprendenti scoperte attendono il visitatore che hanno fatto gi\u00e0 parlare la Stampa di un\u2019edizione di elevata qualit\u00e0 e superiore, ancora una volta, alle precedenti. <\/p>\n<p>Da Sperone lo stand \u00e8 concepito come una quadreria fitta di ritratti che accoglie il visitatore con opere dal 1600 al presente riflettendo la storia del grande collezionista e gallerista. Nello spazio della galleria Abbondio, le opere di Marco Paganini invitano a fare gli artisti: si tratta di due valigette in legno, all\u2019interno di ciascun contenitore \u00e8 presente uno spolvero non fissato e tutto ci\u00f2 che l\u2019artista ha utilizzato per realizzarlo. Il tentativo \u00e8 quello di creare un dispositivo, una sorta di potenziale relazione tra le cose in grado di generare un racconto, come se fossero dati solo gli elementi primari e tutto il resto restasse in divenire. Oggetti delle meraviglie che combinano arte e tecnica sono esposti da Top Time Musa: la pendoletta da tavolo Art Deco\u2019 \u00e8 un esemplare unico nato dalla collaborazione tra Vacheron &#038; Constantin, Marchack e Verger Freres nel 1927. Bozzetti originali in gesso per la facciata di palazzo Mezzanotte di Milano (la Borsa) degli scultori Leone Lodi e Geminiano Cibau raffiguranti i quattro elementi naturali, considerati fonti della ricchezza economica sono proposti dalla Galleria Arosio. FineArt espone per la prima volta un arredo di Eugenio Quarti, capolavoro Liberty e una delle prime dimostrazioni dell\u2019approccio corale all\u2019interior design. L\u2019allestimento dello stand \u00e8 realizzato in collaborazione con l&#8217;atelier Pictalab che ha realizzato una collezione esclusiva di carte da parati ispirata agli intarsi degli arredi, capace di creare un allestimento immersivo e armonico.<\/p>\n<p>Le proposte ad AMART sono per tutti i gusti e disponibilit\u00e0: dai globi tascabili di inizio Ottocento a un Canaletto di portata museale, passando per le opere di Fontana; fino a domenica 9 novembre tutto il bello dell\u2019arte \u00e8 proposto al Museo della Permanente di Milano.<\/p>\n<p>AMART \u00e8 in collaborazione con il Museo Poldi Pezzoli di Milano e il FAI \u2013 Fondo Ambiente Italiano<\/p>\n<p>Per info:  https:\/\/www.amart-milano.com\/<\/p>\n<p>ORARI:<br \/>\nDa mercoled\u00ec 5 a sabato 8 novembre, dalle h. 11.00 alle h. 20.30;<br \/>\ndomenica 9 novembre dalle h. 11.00 alle h. 19.30<\/p>\n<p>Biglietto: euro 10; ridotto under 26 e over 70 euro 5;<br \/>\ngratuito Amici del Poldi Pezzoli, FAI, Soci FIMA<\/p>\n","protected":false},"excerpt":{"rendered":"<p>AMART Milano, Museo della Permanente 5-9 novembre 2025 Al Museo della Permanente di Milano, un bagno di folla ha animato l\u2019inaugurazione di AMART, dimostrando quanto viva e appassionata sia la Milano dell\u2019arte e del collezionismo. A dare il via al percorso espositivo, una straordinaria Alfa Romeo 6C 2500 S Cabriolet Farina, capolavoro del 1947, simbolo &hellip; <a href=\"https:\/\/www.gdapress.it\/it\/index.php\/76641\/arte\/amart-milano-museo-della-permanente-3.html\" class=\"more-link\">Read more <span class=\"screen-reader-text\">AMART Milano Museo della Permanente<\/span><\/a><\/p>\n","protected":false},"author":1,"featured_media":76642,"comment_status":"closed","ping_status":"open","sticky":false,"template":"","format":"standard","meta":{"footnotes":""},"categories":[4],"tags":[26587,17,10281],"class_list":["post-76641","post","type-post","status-publish","format-standard","has-post-thumbnail","hentry","category-arte","tag-amart","tag-milano","tag-museo-della-permanente"],"_links":{"self":[{"href":"https:\/\/www.gdapress.it\/it\/index.php\/wp-json\/wp\/v2\/posts\/76641","targetHints":{"allow":["GET"]}}],"collection":[{"href":"https:\/\/www.gdapress.it\/it\/index.php\/wp-json\/wp\/v2\/posts"}],"about":[{"href":"https:\/\/www.gdapress.it\/it\/index.php\/wp-json\/wp\/v2\/types\/post"}],"author":[{"embeddable":true,"href":"https:\/\/www.gdapress.it\/it\/index.php\/wp-json\/wp\/v2\/users\/1"}],"replies":[{"embeddable":true,"href":"https:\/\/www.gdapress.it\/it\/index.php\/wp-json\/wp\/v2\/comments?post=76641"}],"version-history":[{"count":1,"href":"https:\/\/www.gdapress.it\/it\/index.php\/wp-json\/wp\/v2\/posts\/76641\/revisions"}],"predecessor-version":[{"id":76643,"href":"https:\/\/www.gdapress.it\/it\/index.php\/wp-json\/wp\/v2\/posts\/76641\/revisions\/76643"}],"wp:featuredmedia":[{"embeddable":true,"href":"https:\/\/www.gdapress.it\/it\/index.php\/wp-json\/wp\/v2\/media\/76642"}],"wp:attachment":[{"href":"https:\/\/www.gdapress.it\/it\/index.php\/wp-json\/wp\/v2\/media?parent=76641"}],"wp:term":[{"taxonomy":"category","embeddable":true,"href":"https:\/\/www.gdapress.it\/it\/index.php\/wp-json\/wp\/v2\/categories?post=76641"},{"taxonomy":"post_tag","embeddable":true,"href":"https:\/\/www.gdapress.it\/it\/index.php\/wp-json\/wp\/v2\/tags?post=76641"}],"curies":[{"name":"wp","href":"https:\/\/api.w.org\/{rel}","templated":true}]}}