
{"id":76581,"date":"2025-10-27T19:10:43","date_gmt":"2025-10-27T17:10:43","guid":{"rendered":"https:\/\/www.gdapress.it\/it\/?p=76581"},"modified":"2025-10-27T19:10:43","modified_gmt":"2025-10-27T17:10:43","slug":"campo-teatrale-milano-green-days","status":"publish","type":"post","link":"https:\/\/www.gdapress.it\/it\/index.php\/76581\/teatro\/campo-teatrale-milano-green-days.html","title":{"rendered":"Campo Teatrale Milano Green Days"},"content":{"rendered":"<p>Green Days<br \/>\nProduzione Campo Teatrale<br \/>\nDa marted\u00ec 28 ottobre a domenica 2 novembre<br \/>\nCampo Teatrale, Milano<\/p>\n<p>Un padre single, una figlia adolescente e un rapporto fatto di condivisioni, sogni e disillusioni. Mentre fuori il mondo brucia, ciascuno dovr\u00e0 confrontarsi con la propria verit\u00e0 e la propria coscienza.<\/p>\n<p>Prosegue la stagione \u201cDisegnare l\u2019alba\u201d di Campo Teatrale con Green Days, scritto da Matteo Luoni e Mattia Fabris, interpretato da Ilaria Marchian\u00f2 e Umberto Terruso, in scena da marted\u00ec 28 ottobre a domenica 2 novembre e da marted\u00ec 25 a domenica 30 novembre.<\/p>\n<p>Lo spettacolo mette in scena il confronto generazionale tra un padre single ancora alla ricerca della propria strada e una figlia adolescente, attivista ambientale, e il loro rapporto fatto di condivisioni, sogni e disillusioni.<\/p>\n<p>Marco, giovane padre di Emma, adolescente appassionata di tematiche ambientali, ha cresciuto la figlia da solo, dopo aver abbandonato i suoi sogni di calciatore, sostenuto dall\u2019assegno di mantenimento dell\u2019ex compagna e affrontando un lavoro precario dietro l\u2019altro. Emma, ragazza coscienziosa e diligente, che non ha mai dato problemi al padre, e Marco, che la sostiene nella sua passione ecologica, portandola a conferenze, manifestazioni, condividendo con lei i sogni di un mondo migliore, hanno un ottimo rapporto fino al momento in cui Marco riceve una proposta di lavoro a tempo indeterminato come addetto alla sicurezza. Davanti a loro la soluzione ai problemi economici e prospettive pi\u00f9 rosee, se non fosse che l\u2019azienda \u00e8 una multinazionale, nota per comportamenti non del tutto limpidi dal punto di vista ambientale. Emma chiede a suo padre di non accettare il lavoro, perch\u00e9 andrebbe contro tutto ci\u00f2 in cui entrambi credono. Marco \u00e8 davanti a un bivio ma, infine, accetta il lavoro e questa decisione avr\u00e0 conseguenze radicali nel suo rapporto con la figlia.<\/p>\n<p>Un dialogo vivo e spesso ironico che si interroga sulla responsabilit\u00e0, la crescita e la possibilit\u00e0 di cambiamento. Green Days esplora le contraddizioni della societ\u00e0 contemporanea, dove la consapevolezza ecologica e la fragilit\u00e0 umana si intrecciano in un confronto intimo e universale. Il padre e la figlia si muovono tra sogni, ideali e disillusioni, in uno spazio domestico che diventa metafora del pianeta stesso: fragile, condiviso, da salvaguardare.<\/p>\n<p>Green Days, racconto familiare e insieme politico che invita lo spettatore a riflettere sul proprio ruolo in un mondo che cambia, \u00e8 stato selezionato nell\u2019ambito di \u201cNext \u2013 Laboratorio delle idee per la produzione e programmazione dello spettacolo lombardo \u2013 Edizione 2024\/2025\u201d.<\/p>\n<p>Green Days<br \/>\ndi Matteo Luoni e Mattia Fabris<br \/>\nRegia di Mattia Fabris<br \/>\nCon Ilaria Marchian\u00f2 e Umberto Terruso<\/p>\n<p>Selezionato per \u201cNext \u2013 Laboratorio delle idee per la produzione e programmazione dello spettacolo lombardo\u201d 2024\/2025<\/p>\n<p>Repliche<br \/>\ndal 28 ottobre al 2 novembre e dal 25 al 30 novembre 2025 marted\u00ec ore 20:00 mercoled\u00ec e venerd\u00ec ore 21:00 gioved\u00ec e sabato ore 19:30<\/p>\n<p>domenica ore 18.30 mercoled\u00ec 26 novembre h 11:30 &#8211; matin\u00e9e gioved\u00ec 27 novembre h 11:30 &#8211; matin\u00e9e<\/p>\n<p>CAMPO TEATRALE<br \/>\nVia Cambiasi 10 &#8211; 20131, Milano<br \/>\nTel 02 26 11 31 33<br \/>\nwww.campoteatrale.it<br \/>\nMetro MM2 Udine-Lambrate Linee di superficie 55-62<\/p>\n","protected":false},"excerpt":{"rendered":"<p>Green Days Produzione Campo Teatrale Da marted\u00ec 28 ottobre a domenica 2 novembre Campo Teatrale, Milano Un padre single, una figlia adolescente e un rapporto fatto di condivisioni, sogni e disillusioni. Mentre fuori il mondo brucia, ciascuno dovr\u00e0 confrontarsi con la propria verit\u00e0 e la propria coscienza. Prosegue la stagione \u201cDisegnare l\u2019alba\u201d di Campo Teatrale &hellip; <a href=\"https:\/\/www.gdapress.it\/it\/index.php\/76581\/teatro\/campo-teatrale-milano-green-days.html\" class=\"more-link\">Read more <span class=\"screen-reader-text\">Campo Teatrale Milano Green Days<\/span><\/a><\/p>\n","protected":false},"author":1,"featured_media":76582,"comment_status":"closed","ping_status":"open","sticky":false,"template":"","format":"standard","meta":{"footnotes":""},"categories":[1],"tags":[19401,4077,17],"class_list":["post-76581","post","type-post","status-publish","format-standard","has-post-thumbnail","hentry","category-teatro","tag-campo-teatrale","tag-green-days","tag-milano"],"_links":{"self":[{"href":"https:\/\/www.gdapress.it\/it\/index.php\/wp-json\/wp\/v2\/posts\/76581","targetHints":{"allow":["GET"]}}],"collection":[{"href":"https:\/\/www.gdapress.it\/it\/index.php\/wp-json\/wp\/v2\/posts"}],"about":[{"href":"https:\/\/www.gdapress.it\/it\/index.php\/wp-json\/wp\/v2\/types\/post"}],"author":[{"embeddable":true,"href":"https:\/\/www.gdapress.it\/it\/index.php\/wp-json\/wp\/v2\/users\/1"}],"replies":[{"embeddable":true,"href":"https:\/\/www.gdapress.it\/it\/index.php\/wp-json\/wp\/v2\/comments?post=76581"}],"version-history":[{"count":1,"href":"https:\/\/www.gdapress.it\/it\/index.php\/wp-json\/wp\/v2\/posts\/76581\/revisions"}],"predecessor-version":[{"id":76583,"href":"https:\/\/www.gdapress.it\/it\/index.php\/wp-json\/wp\/v2\/posts\/76581\/revisions\/76583"}],"wp:featuredmedia":[{"embeddable":true,"href":"https:\/\/www.gdapress.it\/it\/index.php\/wp-json\/wp\/v2\/media\/76582"}],"wp:attachment":[{"href":"https:\/\/www.gdapress.it\/it\/index.php\/wp-json\/wp\/v2\/media?parent=76581"}],"wp:term":[{"taxonomy":"category","embeddable":true,"href":"https:\/\/www.gdapress.it\/it\/index.php\/wp-json\/wp\/v2\/categories?post=76581"},{"taxonomy":"post_tag","embeddable":true,"href":"https:\/\/www.gdapress.it\/it\/index.php\/wp-json\/wp\/v2\/tags?post=76581"}],"curies":[{"name":"wp","href":"https:\/\/api.w.org\/{rel}","templated":true}]}}