
{"id":76558,"date":"2025-10-20T17:44:32","date_gmt":"2025-10-20T15:44:32","guid":{"rendered":"https:\/\/www.gdapress.it\/it\/?p=76558"},"modified":"2025-10-20T17:44:32","modified_gmt":"2025-10-20T15:44:32","slug":"tam-teatro-arcimboldi-di-milano-stagione-di-danza","status":"publish","type":"post","link":"https:\/\/www.gdapress.it\/it\/index.php\/76558\/spettacoli\/tam-teatro-arcimboldi-di-milano-stagione-di-danza.html","title":{"rendered":"TAM Teatro Arcimboldi di Milano STAGIONE DI DANZA  \u201c   \u0301\u201d"},"content":{"rendered":"<p>TAM Teatro Arcimboldi di Milano<br \/>\nSTAGIONE DI DANZA<\/p>\n<p>\u201c   \u0301\u201d<\/p>\n<p>balletto in tre atti<br \/>\nsu musica di Peter Ludwig Hertel (Berlino, 1817-1899)<\/p>\n<p>La prima stagione di balletto di TAM Teatro Arcimboldi di Milano, nata quest\u2019anno per celebrare la grande danza, \u00e8 ai nastri di partenza.<\/p>\n<p>Una Stagione importante, che consolida il legame tra il TAM e il grande repertorio classico, offrendo al pubblico un luogo di eccellenza culturale, capace di innovare e, al tempo stesso, valorizzare le tradizioni artistiche pi\u00f9 preziose.<\/p>\n<p>Il balletto diventa quindi protagonista di un  : quattro appuntamenti di alto profilo, tra repertorio classico e novit\u00e0 coreografiche, con una riduzione del 40% sul totale dei biglietti.<\/p>\n<p>Il primo titolo in cartellone, \u201c   \u0301\u201d, andato in scena il  , \u00e8 una brillante commedia coreografica sulle musiche di Hertel. Un titolo poco frequentato, raro e prezioso, capace di coniugare virtuosismo e leggerezza.<\/p>\n<p>Un balletto di grande impatto visivo, dalla trama dinamica e divertente e dalla notevole difficolt\u00e0 tecnica e che, contemporaneamente, riesce a trascinare il pubblico nelle diverse atmosfere, ora ironiche ora bucoliche, del racconto.<\/p>\n<p>Anche in questo caso, come tradizione della sinergia di AUB e TAM, ci sar\u00e0 la musica eseguita dal vivo dall\u2019Orchestra Filarmonica Italiana, diretta dal M. Marco Dallara.<\/p>\n<p>Nei ruoli principali si sono esibiti Giordano Bozza e Ruika Yokoyama, primi ballerini del Th\u00fcringen Staatsballett di Gera, Germania.<br \/>\nUn\u2019occasione unica per avvicinarsi ad uno spettacolo meno rappresentato in Italia, per ogni genere di pubblico, dai pi\u00f9 piccoli ai grandi.<\/p>\n<p>Lo spettacolo \u00e8 stato da proposto dalla giovane compagnia stabile di Arcimboldi TAM BALLET, nata un anno fa dalla collaborazione tra il TAM Teatro Arcimboldi Milano e la ventennale esperienza di Caterina Calvino Prina nel mondo della danza, con l\u2019obiettivo comune di creare, presentare, preservare e ampliare il grande repertorio della danza classica, attraverso spettacoli entusiasmanti e una programmazione di altissima qualit\u00e0.<\/p>\n<p>TAM Ballet rappresenta un sogno ambizioso: restituire centralit\u00e0 alla danza classica nel panorama culturale italiano, offrendo nuove prospettive ai giovani talenti e un\u2019esperienza di altissimo livello al pubblico.<\/p>\n<p>LA FILLE MAL GARDEE<\/p>\n<p>Direttore d\u2019orchestra: Marco Dallara<br \/>\nOrchestra: Orchestra Filarmonica Italiana<br \/>\nPrimi Ballerini: Giordano Bozza e Ruika Yokoyama<br \/>\nDirezione artistica generale: Caterina Calvino Prina<br \/>\nProduzione Tam Ballet<\/p>\n<p>SINOSSI<br \/>\nLa vicenda si svolge in un tranquillo villaggio di campagna e racconta l\u2019idillio fra Lise e Colas, osteggiati per\u00f2 dalla madre di lei, la vedova Marcellina, che preferirebbe per la figlia il giovane Nikez, sempliciotto rampollo del ricco proprietario terriero Mich\u00f2. Marcellina decide di chiudere a chiave la figlia nella sua stanza per avere la possibilit\u00e0 di organizzare rapidamente le nozze, non sapendo che l\u00ec la stessa Lise aveva precedentemente nascosto l\u2019amato Colas. Al momento di stipulare l\u2019atto, alla presenza del notaio, Marcellina apre la stanza e Lise e Colas vengono scoperti. Non potendo pi\u00f9 opporsi all\u2019unione fra i due ragazzi, il balletto si chiude con i festeggiamenti per l\u2019amore che trionfa.<\/p>\n<p>La Fille mal gard\u00e9e ha sub\u00ecto nel tempo le pi\u00f9 inimmaginabili modifiche nel titolo, nei nomi dei personaggi, nella coreografia e nella musica. Fu rappresentato la prima volta a Bordeaux nel 1789. \u00c8 un\u2019incantevole commedia che fa sorridere, un balletto condito di buonumore, in un turbin\u00eco di scene di gruppo sapientemente disegnate ed inserite nella narrazione del racconto tra risvolti comici e \u201cmoralistici\u201d.<\/p>\n<p>Il balletto  dura complessivamente  1 ora e 55 minuti circa compresi due intervalli.<\/p>\n<p>Giordano Bozza<br \/>\nDi origini italiane, ha iniziato a studiare danza classica a 9 anni a Roma, perfezionando in seguito il suo talento con Luc Bouy e Gaetano Petrosino. Dopo un prestigioso percorso di studi presso la Royal Ballet School, la John Neumeier Ballet School e la Palucca University, ha intrapreso la sua carriera internazionale.<\/p>\n<p>Primo Solista a Ostrava, ad Atene e, sotto la direzione di Nina Ananiashvili, con il Balletto di Stato della Georgia, ha interpretato ruoli da protagonista in tutto il mondo, ricevendo il Capri Danza International Award nel 2023.<\/p>\n<p>Nel 2024 ha co-fondato INTO DANCE, un&#8217;organizzazione che porta in scena a livello globale gal\u00e0, masterclass e audizioni. Dalla stagione 2025\/2026, \u00e8 Primo Ballerino del Th\u00fcringen Staatsballett di Gera.<\/p>\n<p>Ruika Yokoyama<br \/>\nDa Niigata, Giappone, ai palcoscenici di tutto il mondo.<\/p>\n<p>Formatasi presso la National Ballet School of Portugal, \u00e8 stata scelta da Nina Ananiashvili per unirsi al Balletto di Stato della Georgia a soli 18 anni. Nel giro di due anni \u00e8 diventata Prima Ballerina, interpretando ruoli da protagonista in tutto il repertorio della compagnia.<\/p>\n<p>Oggi acclamata artista ospite in gal\u00e0 internazionali, \u00e8 stata insignita dell&#8217;International Dance Award in Italia nel 2023. Nel 2024 ha fondato INTO DANCE, una piattaforma globale per gal\u00e0, audizioni e masterclass.<\/p>\n<p>Dalla stagione 2025\/2026, \u00e8 Prima Ballerina del Th\u00fcringen Staatsballett di Gera.<\/p>\n<p>TAM &#8211; TEATRO ARCIMBOLDI MILANO<br \/>\nViale dell\u2019Innovazione 20 \u2013 Milano Infoline: mail: boxoffice@teatroarcimboldi.it website: www.teatroarcimboldi.it facebook: www.facebook.com\/teatroarcimboldimilano instagram: www.instagram.com\/teatroarcimboldimilano<\/p>\n<p>BIGLIETTERIA:<\/p>\n<p>&#8211; da luned\u00ec a venerd\u00ec dalle 14 alle 18<\/p>\n<p>TAM BALLET \u2013 LA FILLE MAL GARD\u00c9E<\/p>\n<p>Domenica 19 ottobre 2025, ore 18.00<\/p>\n<p>PREZZI DEI BIGLIETTI<\/p>\n<p>Platea Bassa Gold \u20ac 66,00 + prevendita<\/p>\n<p>Platea Bassa \u20ac 60,00 + prevendita<\/p>\n<p>Platea Alta \u20ac 54,00 + prevendita<\/p>\n<p>I Galleria \u20ac 46,00 + prevendita<\/p>\n<p>II Galleria \u20ac 37,00 + prevendita<\/p>\n<p>ABBONAMENTO DANZA 2 spettacoli \u2013 35% sconto:<\/p>\n<p>La Fille Mal Gard\u00e9e TAM Ballet 19 ottobre 2025<\/p>\n<p>Lo Schiaccianoci Accademia Ucraina di Balletto 6 e 7 dicembre 2025<\/p>\n<p>Platea Bassa Gold \u20ac 88,20<\/p>\n<p>Platea Bassa \u20ac 79,20<\/p>\n<p>Platea Alta \u20ac 70,20<\/p>\n<p>I Galleria \u20ac 58,20<\/p>\n<p>II Galleria \u20ac 44,80<\/p>\n<p>ABBONAMENTO DANZA 4 spettacoli \u2013 40% sconto:<\/p>\n<p>La Fille Mal Gard\u00e9e TAM Ballet 19 ottobre 2025<\/p>\n<p>Lo Schiaccianoci Accademia Ucraina di Balletto 6 e 7 dicembre 2025<\/p>\n<p>Il Lago dei Cigni TAM Ballet 10 e 11 gennaio 2026<\/p>\n<p>La Bella Addormentata Accademia Ucraina di Balletto 25 e 26 aprile 2026<\/p>\n<p>Platea Bassa Gold \u20ac 162,80<\/p>\n<p>Platea Bassa \u20ac 146,40<\/p>\n<p>Platea Alta \u20ac 129,60<\/p>\n<p>I Galleria \u20ac 107,60<\/p>\n<p>II Galleria \u20ac 82,80<\/p>\n<p>Sono attive riduzioni per possessori TamTogether, over 65, under 14, gruppi.<\/p>\n<p>PREVENDITE<br \/>\nBiglietti disponibili su Biglietteria TAM: https:\/\/teatroarcimboldi.eventim-inhouse.it TICKETONE: www.ticketone.it<\/p>\n<p>INFOLINE E PRENOTAZIONI GRUPPI E SCUOLE Per informazioni scrivere a: boxoffice@teatroarcimboldi.it Per prenotazione gruppi (10+ persone) scrivere a: gruppi@teatroarcimboldi.it<\/p>\n<p>Oppure, per eventi selezionati, contattare l\u2019ufficio gruppi autorizzato Grattacielo: prenotazioni@grattacielo.net \u2013 tel. 329.7869658 \/ 329.0945756<\/p>\n","protected":false},"excerpt":{"rendered":"<p>TAM Teatro Arcimboldi di Milano STAGIONE DI DANZA \u201c \u0301\u201d balletto in tre atti su musica di Peter Ludwig Hertel (Berlino, 1817-1899) La prima stagione di balletto di TAM Teatro Arcimboldi di Milano, nata quest\u2019anno per celebrare la grande danza, \u00e8 ai nastri di partenza. Una Stagione importante, che consolida il legame tra il TAM &hellip; <a href=\"https:\/\/www.gdapress.it\/it\/index.php\/76558\/spettacoli\/tam-teatro-arcimboldi-di-milano-stagione-di-danza.html\" class=\"more-link\">Read more <span class=\"screen-reader-text\">TAM Teatro Arcimboldi di Milano STAGIONE DI DANZA  \u201c   \u0301\u201d<\/span><\/a><\/p>\n","protected":false},"author":1,"featured_media":76559,"comment_status":"closed","ping_status":"open","sticky":false,"template":"","format":"standard","meta":{"footnotes":""},"categories":[8],"tags":[27057,17,27056],"class_list":["post-76558","post","type-post","status-publish","format-standard","has-post-thumbnail","hentry","category-spettacoli","tag-la-fille-mal-gardee","tag-milano","tag-tam-teatro-arcimboldi"],"_links":{"self":[{"href":"https:\/\/www.gdapress.it\/it\/index.php\/wp-json\/wp\/v2\/posts\/76558","targetHints":{"allow":["GET"]}}],"collection":[{"href":"https:\/\/www.gdapress.it\/it\/index.php\/wp-json\/wp\/v2\/posts"}],"about":[{"href":"https:\/\/www.gdapress.it\/it\/index.php\/wp-json\/wp\/v2\/types\/post"}],"author":[{"embeddable":true,"href":"https:\/\/www.gdapress.it\/it\/index.php\/wp-json\/wp\/v2\/users\/1"}],"replies":[{"embeddable":true,"href":"https:\/\/www.gdapress.it\/it\/index.php\/wp-json\/wp\/v2\/comments?post=76558"}],"version-history":[{"count":1,"href":"https:\/\/www.gdapress.it\/it\/index.php\/wp-json\/wp\/v2\/posts\/76558\/revisions"}],"predecessor-version":[{"id":76560,"href":"https:\/\/www.gdapress.it\/it\/index.php\/wp-json\/wp\/v2\/posts\/76558\/revisions\/76560"}],"wp:featuredmedia":[{"embeddable":true,"href":"https:\/\/www.gdapress.it\/it\/index.php\/wp-json\/wp\/v2\/media\/76559"}],"wp:attachment":[{"href":"https:\/\/www.gdapress.it\/it\/index.php\/wp-json\/wp\/v2\/media?parent=76558"}],"wp:term":[{"taxonomy":"category","embeddable":true,"href":"https:\/\/www.gdapress.it\/it\/index.php\/wp-json\/wp\/v2\/categories?post=76558"},{"taxonomy":"post_tag","embeddable":true,"href":"https:\/\/www.gdapress.it\/it\/index.php\/wp-json\/wp\/v2\/tags?post=76558"}],"curies":[{"name":"wp","href":"https:\/\/api.w.org\/{rel}","templated":true}]}}