
{"id":76522,"date":"2025-10-14T19:50:50","date_gmt":"2025-10-14T17:50:50","guid":{"rendered":"https:\/\/www.gdapress.it\/it\/?p=76522"},"modified":"2025-10-14T19:50:50","modified_gmt":"2025-10-14T17:50:50","slug":"fun-go-una-favola-cronica-di-redini-rizzo-scalet-campo-teatrale-milano","status":"publish","type":"post","link":"https:\/\/www.gdapress.it\/it\/index.php\/76522\/teatro\/fun-go-una-favola-cronica-di-redini-rizzo-scalet-campo-teatrale-milano.html","title":{"rendered":"[f\u00f9n-go] \u2013 una favola cronica di Redini Rizzo Scalet  Campo Teatrale Milano"},"content":{"rendered":"<p>[f\u00f9n-go] \u2013 una favola cronica<br \/>\nRedini Rizzo Scalet <\/p>\n<p>Da marted\u00ec 14 ottobre a venerd\u00ec 24 ottobre<br \/>\nCampo Teatrale, Milano <\/p>\n<p>Con [f\u00f9n-go] \u2013 una favola cronica, di Redini Rizzo Scalet  Campo Teatrale inaugura la stagione &#8220;Disegnare l&#8217;alba&#8221;: un atto di responsabilit\u00e0 per un futuro possibile <\/p>\n<p>Di fronte a un presente segnato da fratture e sfiducia, Campo Teatrale, centro culturale milanese, annuncia la stagione 2025\/2026:\u202f&#8221;Disegnare l&#8217;alba&#8221;. Un titolo che \u00e8 un manifesto, un invito a credere che il cambiamento sia possibile e che l&#8217;arte possa essere la radice da cui far germogliare un futuro pi\u00f9 luminoso.  <\/p>\n<p>Apre la stagione\u202f[f\u00f9n-go] &#8211; una favola cronica, di\u202fRedini Rizzo Scalet, in scena da marted\u00ec 14 a domenica 19 e da mercoled\u00ec 22 a venerd\u00ec 24 ottobre.  <\/p>\n<p>Finalista al Premio Theatrical Mass 2025, lo spettacolo affronta con ironia la storia di una donna che si trasforma in un fungo. Quello che potrebbe sembrare un incubo, diventa una potente metafora sulla fragilit\u00e0 e sull&#8217;interconnessione tra l&#8217;umano e la natura. La malattia si trasforma in un simbolo di metamorfosi, invitando il pubblico a esplorare nuove dimensioni dell&#8217;esistenza dove i confini tra le specie si dissolvono, aprendo a nuove possibilit\u00e0 di essere e sapere. Uno spettacolo pieno di simbolismi, scritto e diretto da Alice Redini e interpretato da Marco Rizzo e Elena Scalet che utilizza la comicit\u00e0 per esorcizzare la paura e invitare il pubblico a riflettere sulla fragilit\u00e0 della vita e sull\u2019importanza delle relazioni.  <\/p>\n<p>f\u00f9n-go] \u2013 una favola cronica <\/p>\n<p>di Alice Redini, Marco Rizzo e Elena Scalet<br \/>\nregia di Alice Redini<br \/>\nFinalista al Premio Theatrical Mass 2025 <\/p>\n<p>Repliche<br \/>\nmarted\u00ec ore 20:00<br \/>\nmercoled\u00ec e venerd\u00ec ore 21:00<br \/>\ngioved\u00ec e sabato ore 19:30<br \/>\ndomenica ore 18.30 <\/p>\n<p>CAMPO TEATRALE<br \/>\nVia Cambiasi 10 &#8211; 20131, Milano<br \/>\nTel 02 26 11 31 33<br \/>\nwww.campoteatrale.it <\/p>\n","protected":false},"excerpt":{"rendered":"<p>[f\u00f9n-go] \u2013 una favola cronica Redini Rizzo Scalet Da marted\u00ec 14 ottobre a venerd\u00ec 24 ottobre Campo Teatrale, Milano Con [f\u00f9n-go] \u2013 una favola cronica, di Redini Rizzo Scalet Campo Teatrale inaugura la stagione &#8220;Disegnare l&#8217;alba&#8221;: un atto di responsabilit\u00e0 per un futuro possibile Di fronte a un presente segnato da fratture e sfiducia, Campo &hellip; <a href=\"https:\/\/www.gdapress.it\/it\/index.php\/76522\/teatro\/fun-go-una-favola-cronica-di-redini-rizzo-scalet-campo-teatrale-milano.html\" class=\"more-link\">Read more <span class=\"screen-reader-text\">[f\u00f9n-go] \u2013 una favola cronica di Redini Rizzo Scalet  Campo Teatrale Milano<\/span><\/a><\/p>\n","protected":false},"author":1,"featured_media":76523,"comment_status":"closed","ping_status":"open","sticky":false,"template":"","format":"standard","meta":{"footnotes":""},"categories":[1],"tags":[27042,19401,27044,27043,17,27041],"class_list":["post-76522","post","type-post","status-publish","format-standard","has-post-thumbnail","hentry","category-teatro","tag-alice-redini","tag-campo-teatrale","tag-elena-scalet","tag-marco-rizzo","tag-milano","tag-fun-go"],"_links":{"self":[{"href":"https:\/\/www.gdapress.it\/it\/index.php\/wp-json\/wp\/v2\/posts\/76522","targetHints":{"allow":["GET"]}}],"collection":[{"href":"https:\/\/www.gdapress.it\/it\/index.php\/wp-json\/wp\/v2\/posts"}],"about":[{"href":"https:\/\/www.gdapress.it\/it\/index.php\/wp-json\/wp\/v2\/types\/post"}],"author":[{"embeddable":true,"href":"https:\/\/www.gdapress.it\/it\/index.php\/wp-json\/wp\/v2\/users\/1"}],"replies":[{"embeddable":true,"href":"https:\/\/www.gdapress.it\/it\/index.php\/wp-json\/wp\/v2\/comments?post=76522"}],"version-history":[{"count":1,"href":"https:\/\/www.gdapress.it\/it\/index.php\/wp-json\/wp\/v2\/posts\/76522\/revisions"}],"predecessor-version":[{"id":76524,"href":"https:\/\/www.gdapress.it\/it\/index.php\/wp-json\/wp\/v2\/posts\/76522\/revisions\/76524"}],"wp:featuredmedia":[{"embeddable":true,"href":"https:\/\/www.gdapress.it\/it\/index.php\/wp-json\/wp\/v2\/media\/76523"}],"wp:attachment":[{"href":"https:\/\/www.gdapress.it\/it\/index.php\/wp-json\/wp\/v2\/media?parent=76522"}],"wp:term":[{"taxonomy":"category","embeddable":true,"href":"https:\/\/www.gdapress.it\/it\/index.php\/wp-json\/wp\/v2\/categories?post=76522"},{"taxonomy":"post_tag","embeddable":true,"href":"https:\/\/www.gdapress.it\/it\/index.php\/wp-json\/wp\/v2\/tags?post=76522"}],"curies":[{"name":"wp","href":"https:\/\/api.w.org\/{rel}","templated":true}]}}