
{"id":76509,"date":"2025-10-11T11:27:44","date_gmt":"2025-10-11T09:27:44","guid":{"rendered":"https:\/\/www.gdapress.it\/it\/?p=76509"},"modified":"2025-10-11T11:27:44","modified_gmt":"2025-10-11T09:27:44","slug":"david-al-teatro-della-cooperativa","status":"publish","type":"post","link":"https:\/\/www.gdapress.it\/it\/index.php\/76509\/teatro\/david-al-teatro-della-cooperativa.html","title":{"rendered":"David  al Teatro della Cooperativa"},"content":{"rendered":"<p>14 | 19 ottobre<br \/>\nDAVID<br \/>\nCome quando eravamo felici<\/p>\n<p>PRIMA NAZIONALE<br \/>\ntesto e regia Marco Di Stefano<br \/>\ndramaturg Chiara Boscaro<br \/>\ncon Andrea Trovato<br \/>\ne la voce di Miro Baldini<br \/>\ndisegno luci e ambiente sonoro Marcello Seregni<br \/>\nassistente alla regia Alberto Corba<br \/>\nun progetto La Confraternita del Chianti<br \/>\nin collaborazione con Karakorum s.r.l. Impresa Sociale<br \/>\nproduzione Associazione Interdisciplinare delle Arti<\/p>\n<p>DAVID, scritto e diretto da Marco Di Stefano e interpretato da Andrea Trovato, parte da un fatto di cronaca, o meglio, da pi\u00f9 fatti di cronaca che ogni anno avvengono tra Stati Uniti ed Europa. \u00c8 la storia di un ragazzino di 13 anni, che prende dalla cassaforte la pistola del padre e compie una strage a scuola. Un ragazzino che proviene dalla borghesia, con un padre medico e una madre avvocato. Un ragazzino appassionato di fisica e basket, un normale tredicenne che frequenta una scuola privata.<\/p>\n<p>DAVID \u00e8 la storia di un padre che ci racconta del rapporto con il suo bambino, un rapporto felice fino al giorno della strage. Perch\u00e9 niente fino a quel giorno ha mai fatto pensare a un vuoto cos\u00ec grande da poter esplodere in un atto di tale violenza. DAVID \u00e8 il racconto di un padre messo alla prova, una prova che mai avrebbe pensato di affrontare. Perch\u00e9 ogni genitore crede di conoscere i propri figli e che i propri figli non siano in grado di compiere un atto mostruoso, un atto talmente orrendo da marchiarli a vita. E con loro anche il resto della famiglia.<\/p>\n<p>DAVID \u00e8 un testo che indaga il male che si nasconde dentro di noi e dentro i nostri figli, un male che spesso non riusciamo a vedere. O che non vogliamo vedere.<\/p>\n<p>LICIA Stagione 2025|2026 TEATRO DELLA COOPERATIVA via privata Hermada 8 \u2013 Milano \u2013 info e prenotazioni- Tel. 02 6420761 info@teatrodellacooperativa.it-www.teatrodellacooperativa.it<\/p>\n<p>BIGLIETTI<br \/>\nintero 20 \u20ac &#8211; riduzioni convenzionati 15 \u20ac &#8211; under 27 10 \u20ac &#8211; over 65 12\u20ac<br \/>\ngioved\u00ec biglietto unico 12 \u20ac<br \/>\ndiritto di prenotazione 1 \u20ac (non applicato agli abbonamenti e ai biglietti acquistati online)<\/p>\n<p>ALTRE RIDUZIONI<br \/>\ngruppi (10 o pi\u00f9) 12 \u20ac &#8211; Vieni a Teatro\/Agis 12 \u20ac<br \/>\na Teatro in bicicletta 8 \u20ac mostrando in cassa un dispositivo di protezione (caschetto o luce segnaletica led)<br \/>\nscuole di teatro 10 \u20ac con tessera della scuola<br \/>\ndisabili 9 \u20ac + accompagnatore (se obbligatorio) omaggio<br \/>\nAbitare e UniAbita 9 \u20ac<\/p>\n<p>da marted\u00ec a venerd\u00ec 17.00 \u2013 19.00<br \/>\nsabato 18.00 \u2013 19.30 (nei giorni di replica)<br \/>\ndomenica 15.00 \u2013 16.30 (nei giorni di replica)<br \/>\nIl ritiro dei biglietti potr\u00e0 essere effettuato fino a 30 minuti prima dell\u2019inizio dello spettacolo.<br \/>\nI biglietti sono acquistabili anche online sul circuito Vivaticket.<\/p>\n<p>ORARI SPETTACOLI<br \/>\nmarted\u00ec, venerd\u00ec e sabato ore 20.00<br \/>\nmercoled\u00ec ore 20.30<br \/>\ngioved\u00ec ore 19.30<br \/>\ndomenica ore 17.00<br \/>\nluned\u00ec riposo<\/p>\n<p>COME RAGGIUNGERCI<br \/>\nMM3 Maciachini \/ MM2 Lanza + tram 4 (fermata Niguarda Centro)<br \/>\nMM5 Ca\u2019 Granda + autobus 42, 52<br \/>\nautobus 42, 51, 52, 83, 166, 172, BikeMi 313 (V.le F. Testi), 315 (Ca\u2019 Granda), 322 (M5 Ca\u2019 Granda)<\/p>\n","protected":false},"excerpt":{"rendered":"<p>14 | 19 ottobre DAVID Come quando eravamo felici PRIMA NAZIONALE testo e regia Marco Di Stefano dramaturg Chiara Boscaro con Andrea Trovato e la voce di Miro Baldini disegno luci e ambiente sonoro Marcello Seregni assistente alla regia Alberto Corba un progetto La Confraternita del Chianti in collaborazione con Karakorum s.r.l. Impresa Sociale produzione &hellip; <a href=\"https:\/\/www.gdapress.it\/it\/index.php\/76509\/teatro\/david-al-teatro-della-cooperativa.html\" class=\"more-link\">Read more <span class=\"screen-reader-text\">David  al Teatro della Cooperativa<\/span><\/a><\/p>\n","protected":false},"author":1,"featured_media":76510,"comment_status":"closed","ping_status":"open","sticky":false,"template":"","format":"standard","meta":{"footnotes":""},"categories":[1],"tags":[27035,10938,27036,17,14971],"class_list":["post-76509","post","type-post","status-publish","format-standard","has-post-thumbnail","hentry","category-teatro","tag-andrea-trovato","tag-david","tag-marco-di-stefano","tag-milano","tag-teatro-della-cooperativa"],"_links":{"self":[{"href":"https:\/\/www.gdapress.it\/it\/index.php\/wp-json\/wp\/v2\/posts\/76509","targetHints":{"allow":["GET"]}}],"collection":[{"href":"https:\/\/www.gdapress.it\/it\/index.php\/wp-json\/wp\/v2\/posts"}],"about":[{"href":"https:\/\/www.gdapress.it\/it\/index.php\/wp-json\/wp\/v2\/types\/post"}],"author":[{"embeddable":true,"href":"https:\/\/www.gdapress.it\/it\/index.php\/wp-json\/wp\/v2\/users\/1"}],"replies":[{"embeddable":true,"href":"https:\/\/www.gdapress.it\/it\/index.php\/wp-json\/wp\/v2\/comments?post=76509"}],"version-history":[{"count":1,"href":"https:\/\/www.gdapress.it\/it\/index.php\/wp-json\/wp\/v2\/posts\/76509\/revisions"}],"predecessor-version":[{"id":76511,"href":"https:\/\/www.gdapress.it\/it\/index.php\/wp-json\/wp\/v2\/posts\/76509\/revisions\/76511"}],"wp:featuredmedia":[{"embeddable":true,"href":"https:\/\/www.gdapress.it\/it\/index.php\/wp-json\/wp\/v2\/media\/76510"}],"wp:attachment":[{"href":"https:\/\/www.gdapress.it\/it\/index.php\/wp-json\/wp\/v2\/media?parent=76509"}],"wp:term":[{"taxonomy":"category","embeddable":true,"href":"https:\/\/www.gdapress.it\/it\/index.php\/wp-json\/wp\/v2\/categories?post=76509"},{"taxonomy":"post_tag","embeddable":true,"href":"https:\/\/www.gdapress.it\/it\/index.php\/wp-json\/wp\/v2\/tags?post=76509"}],"curies":[{"name":"wp","href":"https:\/\/api.w.org\/{rel}","templated":true}]}}