
{"id":76505,"date":"2025-10-10T23:13:30","date_gmt":"2025-10-10T21:13:30","guid":{"rendered":"https:\/\/www.gdapress.it\/it\/?p=76505"},"modified":"2025-10-10T23:13:30","modified_gmt":"2025-10-10T21:13:30","slug":"teatro-menotti-il-vetro-della-clessidra-alessio-boni","status":"publish","type":"post","link":"https:\/\/www.gdapress.it\/it\/index.php\/76505\/teatro\/teatro-menotti-il-vetro-della-clessidra-alessio-boni.html","title":{"rendered":"TEATRO MENOTTI IL VETRO DELLA CLESSIDRA  ALESSIO BONI"},"content":{"rendered":"<p>TEATRO MENOTTI<br \/>\n11 | 12 ottobre<\/p>\n<p>PRIMA MILANESE<\/p>\n<p>IL VETRO DELLA CLESSIDRA<\/p>\n<p>ALESSIO BONI<\/p>\n<p>Testi di Claudio Magris<\/p>\n<p>Con Alessio Boni A cura di Paolo Valerio Musiche dal vivo eseguite al violoncello da Chiara Trentin<\/p>\n<p>Video realizzati da Zumani Film Studio<\/p>\n<p>Produzione Teatro Stabile del Friuli-Venezia Giulia<\/p>\n<p>Dopo il successo dello scorso anno, quando ha esordito a Trieste e poi, in occasione della Buchmesse \u2013 a Francoforte, arriva al Teatro Menotti l\u201911 e il 12 ottobre Il vetro della clessidra di Claudio Magris, con Alessio Boni diretto da Paolo Valerio.<\/p>\n<p>Il vetro della clessidra conta sul talento di un interprete versatile e sensibile come Alessio Boni. La paradossale, meravigliosa libert\u00e0 di \u201cessere gi\u00e0 stati\u201d \u2013 sollevati da doveri e aspettative del \u201cqui e ora\u201d \u2013 lo sfumare del tempo nelle consapevolezze della maturit\u00e0, \u00e8 una riflessione che lo ha molto coinvolto: \u00abMagris \u00e8 un intellettuale che pensa alla gente. \u00c8 dentro la societ\u00e0, interviene su temi umani (\u2026) \u2013 ha dichiarato l\u2019attore. Ci fa meditare sempre, in ogni cosa che scrive. In questi racconti poi c&#8217;\u00e8 una vena malinconica, che mi tocca personalmente, mi riporta alla mia memoria, alla mia storia, mi fa pensare anche a mio padre. Un&#8217;idea di nostalgia che non \u00e8 un guardare indietro, ma un ragguaglio della storia che cambia\u00bb.<\/p>\n<p>Oltre al monologo Essere gi\u00e0 stati, i racconti che il pubblico ascolter\u00e0 sono Il premio e Lezioni di musica.<\/p>\n<p>I momenti recitati sono intersecati da delicate musiche dal vivo \u2013 nell\u2019esecuzione al violoncello di Chiara Trentin \u2013 e avvolti da suggestioni di immagini e proiezioni realizzate da Zunami Film Studio, nella raffinata messinscena curata da Paolo Valerio.<\/p>\n<p>Lo spettacolo \u2013 con il titolo tedesco Das Glas der Sanduhr \u2013 in occasione dell\u2019edizione 2024 della Buchmesse di Francoforte, \u00e8 stato applaudito anche alla Literaturhaus, fra gli eventi promossi dalla Regione FVG, in un\u2019edizione che ha intrecciato recitazione in lingua italiana (sempre con Alessio Boni) e tedesca, con l\u2019attore madrelingua Peter Schorn.<\/p>\n<p>STAGIONE 2025 | 2026<\/p>\n<p>BIGLIETTERIA<\/p>\n<p>PREZZI<\/p>\n<p>\u2022 Intero &#8211; 32.00 \u20ac + 2.00 \u20ac prevendita<\/p>\n<p>\u2022 Ridotto over 65\/under 14 &#8211; 16.00 \u20ac + 1.50 \u20ac prevendita<\/p>\n<p>\u2022 Abbonamento Menotti Card 4 ingressi \u20ac60, 8 ingressi \u20ac110<\/p>\n<p>TEATRO MENOTTI Via Ciro Menotti 11, Milano &#8211; tel. 0282873611 &#8211; biglietteria@teatromenotti.org<\/p>\n<p>ORARI BIGLIETTERIA<\/p>\n<p>Dal luned\u00ec al sabato dalle ore 14.00 alle ore 18.30, dalle 19.00 alle 20.00 solo nei giorni di spettacolo<\/p>\n<p>Domenica ore 14.30 | 16.00 solo nei giorni di spettacolo<\/p>\n<p>Acquisti online Con carta di credito e Satispay su www.teatromenotti.org<\/p>\n<p>ORARI SPETTACOLI SALA GRANDE<\/p>\n<p>Dal marted\u00ec al sabato ore 20<\/p>\n<p>Domenica ore 16.30<\/p>\n<p>Luned\u00ec riposo<\/p>\n","protected":false},"excerpt":{"rendered":"<p>TEATRO MENOTTI 11 | 12 ottobre PRIMA MILANESE IL VETRO DELLA CLESSIDRA ALESSIO BONI Testi di Claudio Magris Con Alessio Boni A cura di Paolo Valerio Musiche dal vivo eseguite al violoncello da Chiara Trentin Video realizzati da Zumani Film Studio Produzione Teatro Stabile del Friuli-Venezia Giulia Dopo il successo dello scorso anno, quando ha &hellip; <a href=\"https:\/\/www.gdapress.it\/it\/index.php\/76505\/teatro\/teatro-menotti-il-vetro-della-clessidra-alessio-boni.html\" class=\"more-link\">Read more <span class=\"screen-reader-text\">TEATRO MENOTTI IL VETRO DELLA CLESSIDRA  ALESSIO BONI<\/span><\/a><\/p>\n","protected":false},"author":1,"featured_media":76506,"comment_status":"closed","ping_status":"open","sticky":false,"template":"","format":"standard","meta":{"footnotes":""},"categories":[1],"tags":[26375,27033,27032,27034,7382],"class_list":["post-76505","post","type-post","status-publish","format-standard","has-post-thumbnail","hentry","category-teatro","tag-alessio-boni","tag-claudio-magris","tag-il-vetro-della-clessidra","tag-paolo-valerio","tag-teatro-menotti"],"_links":{"self":[{"href":"https:\/\/www.gdapress.it\/it\/index.php\/wp-json\/wp\/v2\/posts\/76505","targetHints":{"allow":["GET"]}}],"collection":[{"href":"https:\/\/www.gdapress.it\/it\/index.php\/wp-json\/wp\/v2\/posts"}],"about":[{"href":"https:\/\/www.gdapress.it\/it\/index.php\/wp-json\/wp\/v2\/types\/post"}],"author":[{"embeddable":true,"href":"https:\/\/www.gdapress.it\/it\/index.php\/wp-json\/wp\/v2\/users\/1"}],"replies":[{"embeddable":true,"href":"https:\/\/www.gdapress.it\/it\/index.php\/wp-json\/wp\/v2\/comments?post=76505"}],"version-history":[{"count":1,"href":"https:\/\/www.gdapress.it\/it\/index.php\/wp-json\/wp\/v2\/posts\/76505\/revisions"}],"predecessor-version":[{"id":76507,"href":"https:\/\/www.gdapress.it\/it\/index.php\/wp-json\/wp\/v2\/posts\/76505\/revisions\/76507"}],"wp:featuredmedia":[{"embeddable":true,"href":"https:\/\/www.gdapress.it\/it\/index.php\/wp-json\/wp\/v2\/media\/76506"}],"wp:attachment":[{"href":"https:\/\/www.gdapress.it\/it\/index.php\/wp-json\/wp\/v2\/media?parent=76505"}],"wp:term":[{"taxonomy":"category","embeddable":true,"href":"https:\/\/www.gdapress.it\/it\/index.php\/wp-json\/wp\/v2\/categories?post=76505"},{"taxonomy":"post_tag","embeddable":true,"href":"https:\/\/www.gdapress.it\/it\/index.php\/wp-json\/wp\/v2\/tags?post=76505"}],"curies":[{"name":"wp","href":"https:\/\/api.w.org\/{rel}","templated":true}]}}