
{"id":76403,"date":"2025-09-24T00:33:24","date_gmt":"2025-09-23T22:33:24","guid":{"rendered":"https:\/\/www.gdapress.it\/it\/?p=76403"},"modified":"2025-09-24T00:34:53","modified_gmt":"2025-09-23T22:34:53","slug":"varese-design-week-2025","status":"publish","type":"post","link":"https:\/\/www.gdapress.it\/it\/index.php\/76403\/design\/varese-design-week-2025.html","title":{"rendered":"VARESE DESIGN WEEK 2025"},"content":{"rendered":"<p>VARESE DESIGN WEEK 2025<br \/>\nTorna per la nona edizione<br \/>\ncon il tema della<br \/>\nGABBIA<br \/>\n25 \u2013 28 settembre 2025<\/p>\n<p>Opening<br \/>\n25 settembre ore 11<br \/>\nVARESE DESIGN WEEK 2025 &#8211; Piazza del Podest\u00e0 &#8211; Varese<\/p>\n<p>welcome speech dell&#8217;architetto e designer<br \/>\nALDO CINGOLANI<br \/>\n testimonial e guest of honour della Varese Design Week<\/p>\n<blockquote class=\"wp-embedded-content\" data-secret=\"cxHScn87mt\"><p><a href=\"https:\/\/www.varesedesignweek-va.it\/\">HOME<\/a><\/p><\/blockquote>\n<p><iframe loading=\"lazy\" class=\"wp-embedded-content\" sandbox=\"allow-scripts\" security=\"restricted\" style=\"position: absolute; visibility: hidden;\" title=\"&#8220;HOME&#8221; &#8212; Varese Design Week\" src=\"https:\/\/www.varesedesignweek-va.it\/?embed=true#?secret=mHaBLT6P2l#?secret=cxHScn87mt\" data-secret=\"cxHScn87mt\" width=\"600\" height=\"338\" frameborder=\"0\" marginwidth=\"0\" marginheight=\"0\" scrolling=\"no\"><\/iframe><\/p>\n<p>La Varese Design Week torna per la nona edizione, dal 25 al 28 settembre 2025, con un ricco programma di esposizioni e installazioni che avranno il loro nucleo nel centro storico della citt\u00e0 e non solo. Il tema principale affrontato quest\u2019anno, con incontri, mostre, momenti di discussione e convivialit\u00e0, \u00e8 quello della GABBIA: una sfida progettuale e creativa oltre che un rimando al significato metaforico di libert\u00e0.<\/p>\n<p>Torna anche nel 2025 la VARESE DESIGN WEEK, appuntamento internazionale giunto alla sua nona edizione ospitato una volta all\u2019anno nella citta\u0300 di Varese, che promuove design, cultura e territorio e la cui organizzazione fa capo all\u2019Associazione Wareseable.<\/p>\n<p>Varese Design Week nasce nel 2016 grazie all\u2019impegno delle fondatrici Nicoletta Romano e Silvana Barbato e rappresenta oggi un momento di attenzione verso il mondo del design e della cultura, che nella vision delle sue ideatrici \u00e8 volto a stimolare l\u2019interesse, non solo degli addetti ai lavori, ma di un pubblico pi\u00f9 ampio, curioso e interessato al bello, alla ricerca del gusto e alla rivalutazione della citt\u00e0 nei suoi luoghi pi\u00f9 significativi. Protagonisti indiscussi dell\u2019appuntamento varesino sono designer e aziende che hanno l\u2019occasione di presentare le loro realizzazioni, in un\u2019importante vetrina e nell\u2019ambito di un circuito fortemente legato alla creativit\u00e0\u0300, alla progettazione e alla messa in produzione dell\u2019oggetto industriale.<\/p>\n<p>Confermando l\u2019attenzione per i temi di attualit\u00e0, la VDW 2025 affronter\u00e0 il tema della Gabbia, intesa in termini non solo di progettualit\u00e0 e creativit\u00e0 a livello di design, ma anche con il profondo significato metaforico del concetto di \u201clibert\u00e0\u201d, intellettuale e personale.<\/p>\n<p>Mostre, incontri pubblici e performance comporranno un ricco palinsesto che avr\u00e0 il suo nucleo principale nel centro della citt\u00e0 di Varese, dove diverse attivit\u00e0 commerciali metteranno a disposizione le proprie sedi e dove si potranno ammirare installazioni in Piazza San Vittore, Piazza Monte Grappa e Piazza Garibaldino. Ma non solo la VDW toccher\u00e0 anche Villa Panza e il vicino comune di Morazzone.<\/p>\n<p>Ospite d\u2019onore dell&#8217;edizione 2025 \u00e8 l\u2019architetto e designer Aldo Cingolani, Presidente &#038; CEO di Bertone Design Group, che svolge attivit\u00e0 di consulenza per numerosi atenei quali il Politecnico di Milano e di Torino, l\u2019Universit\u00e0 del Design di Budapest e il Politecnico di Hong Kong. Il 25 settembre alle ore 21 Cingolani terr\u00e0 un incontro aperto al pubblico a Villa Panza insieme alla dott.ssa Gabriella Belli, storica dell\u2019arte e curatrice del progetto scientifico di Villa e Collezione Panza, rinnovando cos\u00ec anche quest\u2019anno la sinergia con questo importante luogo cittadino.<\/p>\n<p>Aldo Cingolani \u00e8 architetto, designer e visionario del progetto come atto culturale; Presidente &#038; CEO di Bertone Design Group, nato dall\u2019unione di Bertone Design (che ha co-fondato nel 2013) e New Crazy Colors, svolge anche attivit\u00e0 di consulenza per numerosi sedi accademiche, quali il Politecnico di Milano e di Torino, l\u2019Universit\u00e0 di Tianjin, l\u2019Universit\u00e0 del Design di Budapest, il Politecnico di Hong Kong, la Facolt\u00e0 di Scienze della Comunicazione dell\u2019Universit\u00e0 di Torino e il Master in Marketing e Comunicazione d\u2019Impresa di Publitalia. \u00c8 inoltre fondatore del Master \u201cDesign for Architecture\u201d con il Poli. Design di Milano e Consulente con il Poli. Design di Milano per la progettazione di interni per il nuovo teatro LAC della citt\u00e0 di Lugano.<\/p>\n<p>\u201c\u00c8 per un autentico privilegio prendere parte a questa prestigiosa manifestazione, che celebra il design e l\u2019arte come strumenti di dialogo culturale e rigenerazione urbana. \u2013 dice Aldo Cingolani \u2013 \u201cSono persuaso che le opere degli artisti selezionati sapranno offrire al pubblico e alla citt\u00e0 di Varese un\u2019esperienza estetica e riflessiva di rara intensit\u00e0 e profondit\u00e0\u201d.<\/p>\n<p>Sono tante le installazioni da non perdere durante questa VDW25: \u201c\u00e0trebiL\u201d dell\u2019Arch. Designer Carlo Rampazzi \u00e8 esposta nel magnifico giardino all\u2019italiana di Villa Panza, un\u2019opera che segue il suo ormai celebre stile MAXIMINIMALISMOBILI; in Piazza San Vittore ci sar\u00e0 \u201cGrattacieli del futuro\u201d a cura di Alberto Talarico e Bertone Design, un progetto di arte terapia che inviata i passanti alla partecipazione; \u201cLa condizione umana\u201d in Piazza Monte Grappa \u00e8 una scultura realizzata ad hoc dall\u2019artista internazionale Marco Benedetti, pittore, scultore ed architetto da sempre esploratore del tema de Mito e del Simbolo attraverso le sue opere; \u201cFreedom\u201d a cura di Novellocase e Fogliani Illuminazione Spa, con Time to Breed e la direzione artistica di Silvana Barbato in Piazza del Podest\u00e0 trae spunto dalla natura che ci circonda, incarnata dalla farfalla da sempre simbolo di libert\u00e0 e leggerezza, dove la gabbia dall\u2019essere uno strumento di confinamento, diviene strumento di protezione &#8211; l\u2019imballaggio &#8211; fino al diventare uno strumento di libert\u00e0. Nel Cortile d\u2019Onore dei Giardini Estensi c\u2019\u00e8 \u201cLOUD &#8211; LivingOUtdoorDesign\u201d un concept coordinato dallo studio Riva Simone Architect, in collaborazione con Cagis Srl, Greendesign Sc e La Terra Cruda, a presentare un brand che esplora il limite tra indoor e outdoor, un progetto nato dalla volont\u00e0 di creare una realt\u00e0 interdisciplinare, che spazia dall\u2019outdoor design, all\u2019allestimento del verde, al forniture design, al progetto di strutture schermanti esclusive e relativa installazione, fino al complemento d\u2019arredo; infine \u201cPolisemia della Gabbia\u201d, a cura del team Stage VDW25 Scuola Europea nel Cortile Perab\u00f2.<\/p>\n<p>Presso Gandini Kitchen Store ci sar\u00e0 la mostra in collaborazione con Love Spot Galleries Varese \u201cMr. Savethewall e la Gabbia dei social network\u201d di Mr. Savethewall, noto street artist che sar\u00e0 presente all\u2019inaugurazione del 25 settembre alle ore 18.<\/p>\n<p>Anche quest\u2019anno non mancheranno i momenti di scambio e dialogo come il 25 settembre alle ore 15.30 con il professor Enzo Laforgia, Assessore alla Cultura del Comune di Varese, che terr\u00e0 una conferenza sul tema della gabbia.<\/p>\n<p>Il 26 settembre alle 11 presso l\u2019Istituto Penitenziario dei Miogni ci sar\u00e0 un incontro con i detenuti e con Luca Spada, che si occupa del loro reinserimento sociale a fine pena, seguito da una performance artistica del cantautore Luca Re. Per l\u2019occasione sar\u00e0 inaugurata anche l\u2019installazione \u201cLuce vera\u201d creata da alcuni detenuti e realizzata con i fogli di atti amministrativi destinati al macero all\u2019interno di una cella con l\u2019obiettivo di esplorare il concetto di prigionia sia fisica che psicologica. La luce filtra attraverso le sbarre e quando raggiunge la giusta angolazione e intensit\u00e0 le ombre proiettate diventano delle figure umane vere e proprie e la gabbia con questa nuova luce diventa un luogo di cambiamento e non solo di punizione.<\/p>\n<p>Sempre il 26 settembre in Piazza del Podest\u00e0 largo ai giovani alle 18.00 con Leonardo De Franceschi, Interior Designer rivelazione dell\u2019anno che presenter\u00e0 il suo libro Dentro le Stanze e fuori nelle Strade in un talk per esplorare la cultura urbana tra design, arte, moda, musica e intelligenza artificiale insieme all\u2019Arch. Simone Riva, alla Presidente VDW Nicoletta Romano e al cantautore varesino Luca Re, giovanissimo astro nascente musicale, che alle 21.30 si esibir\u00e0 in concerto.<\/p>\n<p>Il 27 settembre il primo appuntamento \u00e8 alle 11 alla Fondazione Morandini con il talk \u201cArchitettura e complessit\u00e0, i nuovi paradigmi\u201d con l\u2019Architetto Riccardo Blumer; alle 15.30 ci sar\u00e0 la tavola rotonda OUTDOOR DESIGN TRENDS 2026: tra sostenibilit\u00e0 e funzionalit\u00e0, matericit\u00e0 e biofilia curata dall&#8217;Arch. Simone Riva e l&#8217;Arch. Claudio Multari, con la partecipazione dell&#8217;Arch. Teresa Casarola, Vaprio Zanoni e l&#8217;Arch. Monica Bispo. Alle 17.30 si esce dalla \u201cgabbia\u201d figurata dei confini cittadini, per andare nel limitrofo comune di Morazzone dove a Cascina La Lepre ci sar\u00e0 THE BEAT CUBE, esperienza immersiva tra Natura, Design e Arte ideata dall&#8217;Arch. Fabiola Rizzuti nonch\u00e9 proprietaria della Cascina La Lepre, in collaborazione con Leonardo De Franceschi e Marcello Peano, e dove si potranno visitare le mostre dell&#8217;artista italobrasiliano Henrique Rivello e dell&#8217;artista ungherese Dora Iren Bus. Alle ore 15.30, poi, si dipinger\u00e0 insieme la tela gigante \u201cDecollazione di S.G. Battista\u201d di Pier Francesco Mazzucchelli detto \u201cIl Morazzone\u201d. Dalle 18, infine, musica dal vivo prima con la Junior Band &#8211; banda M.A.M. e poi con i BRASS BULLS.<\/p>\n<p>Come da tradizione l\u2019ultimo giorno della VDW, domenica 28 settembre, l\u2019appuntamento \u00e8 alle 10 presso il Cinema Nuovo, dove avr\u00e0 luogo il petit d\u00e9jeuner du cin\u00e9ma, evento ormai storico che viene proposto al pubblico fin dalla prima edizione: dopo una pausa a base di caff\u00e8 e brioches ci sar\u00e0 la visione del film inedito \u201cAmerikatsi\u201d del regista armeno Mikael A. Goorjian, selezionato da Gabriele Ciglia e Giulio Rossini.<\/p>\n<p>Il gran finale si terr\u00e0 alla Fondazione Marcello Morandini, dove si trover\u00e0 l\u2019installazione \u201cGabbia Vegetale\u201d a cura di Fabiola Rizzuti, che trasporta i visitatori in una dimensione onirica. Poi in occasione del finissage della mostra in corso C\u2019\u00e8 Carta e Carta &#8211; promossa dalla Fondazione Morandini \u2013 ci sar\u00e0 l&#8217;evento dal titolo Evasione ispirato al romanzo Alice nel Paese delle Meraviglie; verranno presentati anche un abito in carta con inserti &#8220;green&#8221; realizzato dall&#8217;Arch. e Designer Fabiola Rizzuti e delle &#8220;teste&#8221; in carta dell&#8217;artista ungherese Dora Iren Bus, oltre a diverse performance artistiche a firma della regista Alessandra Premoli. A concludere l\u2019evento \u00e8 possibile partecipare a un teatime nel giardino della Fondazione sul tema del Non compleanno di Alice, in collaborazione con SweeTea Time. Per l\u2019occasione, la Fondazione Museo Morandini produrr\u00e0 nuove ed esclusive tazzine e il ricavato della vendita sar\u00e0 destinato a sostenere l&#8217;Associazione IL PEZZETTINO.<\/p>\n<p>La VDW 2025 si avvale anche quest\u2019anno della consolidata collaborazione della Scuola Europea e dei suoi studenti, che faranno da guida agli ospiti per tutta durata della Varese Design Week.<\/p>\n<p>La VARESE DESIGN WEEK e\u0300 un appuntamento internazionale, che promuove design, cultura e territorio. L\u2019organizzazione di VDW fa capo all\u2019Associazione Wareseable e l\u2019evento \u00e8 ospitato una volta all\u2019anno nella citta\u0300 di Varese.<\/p>\n<p>Nata nel 2016, Varese Design Week rappresenta un momento di attenzione verso il mondo del design e della cultura, che nella vision delle sue ideatrici \u00e8 volto a stimolare l\u2019interesse, non solo degli addetti ai lavori, ma di un pubblico pi\u00f9 ampio, curioso e interessato al bello, alla ricerca del gusto e alla rivalutazione della citt\u00e0 nei suoi luoghi pi\u00f9 significativi.<\/p>\n<p>Protagonisti indiscussi dell\u2019appuntamento varesino sono designer e aziende che hanno l\u2019occasione di presentare le loro realizzazioni, in un\u2019importante vetrina e nell\u2019ambito di un circuito fortemente legato alla creativit\u00e0\u0300, alla progettazione e alla messa in produzione dell\u2019oggetto industriale.<\/p>\n","protected":false},"excerpt":{"rendered":"<p>VARESE DESIGN WEEK 2025 Torna per la nona edizione con il tema della GABBIA 25 \u2013 28 settembre 2025 Opening 25 settembre ore 11 VARESE DESIGN WEEK 2025 &#8211; Piazza del Podest\u00e0 &#8211; Varese welcome speech dell&#8217;architetto e designer ALDO CINGOLANI testimonial e guest of honour della Varese Design Week HOME La Varese Design Week &hellip; <a href=\"https:\/\/www.gdapress.it\/it\/index.php\/76403\/design\/varese-design-week-2025.html\" class=\"more-link\">Read more <span class=\"screen-reader-text\">VARESE DESIGN WEEK 2025<\/span><\/a><\/p>\n","protected":false},"author":1,"featured_media":76404,"comment_status":"closed","ping_status":"open","sticky":false,"template":"","format":"standard","meta":{"footnotes":""},"categories":[32],"tags":[26976,17456,26975],"class_list":["post-76403","post","type-post","status-publish","format-standard","has-post-thumbnail","hentry","category-design","tag-aldo-cingolani","tag-design","tag-varese-design-week-2025"],"_links":{"self":[{"href":"https:\/\/www.gdapress.it\/it\/index.php\/wp-json\/wp\/v2\/posts\/76403","targetHints":{"allow":["GET"]}}],"collection":[{"href":"https:\/\/www.gdapress.it\/it\/index.php\/wp-json\/wp\/v2\/posts"}],"about":[{"href":"https:\/\/www.gdapress.it\/it\/index.php\/wp-json\/wp\/v2\/types\/post"}],"author":[{"embeddable":true,"href":"https:\/\/www.gdapress.it\/it\/index.php\/wp-json\/wp\/v2\/users\/1"}],"replies":[{"embeddable":true,"href":"https:\/\/www.gdapress.it\/it\/index.php\/wp-json\/wp\/v2\/comments?post=76403"}],"version-history":[{"count":2,"href":"https:\/\/www.gdapress.it\/it\/index.php\/wp-json\/wp\/v2\/posts\/76403\/revisions"}],"predecessor-version":[{"id":76406,"href":"https:\/\/www.gdapress.it\/it\/index.php\/wp-json\/wp\/v2\/posts\/76403\/revisions\/76406"}],"wp:featuredmedia":[{"embeddable":true,"href":"https:\/\/www.gdapress.it\/it\/index.php\/wp-json\/wp\/v2\/media\/76404"}],"wp:attachment":[{"href":"https:\/\/www.gdapress.it\/it\/index.php\/wp-json\/wp\/v2\/media?parent=76403"}],"wp:term":[{"taxonomy":"category","embeddable":true,"href":"https:\/\/www.gdapress.it\/it\/index.php\/wp-json\/wp\/v2\/categories?post=76403"},{"taxonomy":"post_tag","embeddable":true,"href":"https:\/\/www.gdapress.it\/it\/index.php\/wp-json\/wp\/v2\/tags?post=76403"}],"curies":[{"name":"wp","href":"https:\/\/api.w.org\/{rel}","templated":true}]}}