
{"id":76342,"date":"2025-09-16T19:43:19","date_gmt":"2025-09-16T17:43:19","guid":{"rendered":"https:\/\/www.gdapress.it\/it\/?p=76342"},"modified":"2025-09-16T19:51:38","modified_gmt":"2025-09-16T17:51:38","slug":"teatro-manzoni-stagione-25-26","status":"publish","type":"post","link":"https:\/\/www.gdapress.it\/it\/index.php\/76342\/teatro\/teatro-manzoni-stagione-25-26.html","title":{"rendered":"TEATRO MANZONI  STAGIONE 25-26"},"content":{"rendered":"<h4 data-olk-copy-source=\"MailCompose\">\u201cQuando senti qualcosa che ti fa vibrare il cuore, non domandarti mai cosa sia, ma vivilo sino in fondo, perch\u00e9 quel brivido, quella sensazione si chiama Vita\u201d (Alda Merini)<\/h4>\n<h4>Sogni, miraggi, illusioni, speranze, riflessioni, fantasie. E poi: seduzioni, manipolazioni, malintesi, tradimenti, malinconie. E ancora: risate, ilarit\u00e0, egoismi, bisogni, avidit\u00e0, imprevisti e colpi di scena. Questi alcuni degli ingredienti della nuova stagione di Prosa del Teatro Manzoni. Tutto quello che \u00e8, semplicemente, vita. Mai come in questa stagione il cartellone della Prosa sar\u00e0 il protagonista della programmazione teatrale. Quasi 170 aperture di sipario su un totale di circa 250. Ma la ricchezza della nostra proposta dedicher\u00e0 ampio spazio anche agli spettacoli per le famiglie (rassegna Family), alla comicit\u00e0 dei nuovi e affermati talenti della risata (Ridere alla grande), a tutto quello che \u00e8 magia, musica e intrattenimento vario (rassegna Extra). Nel cartellone della Prosa in abbonamento tanti i graditi ritorni di chi ha scritto pagine importanti della nostra storia: da Gianfranco Jannuzzo a Maria Amelia Monti, da Massimo Ghini a Luca Barbareschi. Rivedremo inoltre Massimiliano Gallo, Chiara Noschese e Giulio Corso. Tante anche le prime volte sul nostro palcoscenico, da Galatea Ranzi a Euridice Axen, da Anna Valle a Flavio Insinna, da Giulia Fiume a Gianmarco Saurino e Gianluca Ferrato. Per la Prosa fuori abbonamento torneremo ad ospitare uno degli attori pi\u00f9 amati dal nostro pubblico, Vincenzo Salemme, che ci porter\u00e0 la sua nuova commedia e col quale festeggeremo l\u2019arrivo del nuovo anno. Torneranno anche i protagonisti dello spettacolo record di incassi degli ultimi quindici anni, Perfetti sconosciuti. La vera novit\u00e0 per\u00f2 di questa stagione \u00e8 senz\u2019altro il ritorno, dopo ben sessant\u2019anni, dei Legnanesi. La Teresa, la Mabilia e il Giovanni ci faranno ridere e commuovere col loro nuovo spettacolo, I promossi sposi, un chiaro omaggio al Teatro che torna ad ospitarli dopo cos\u00ec tanto tempo. Chiudiamo questa breve presentazione della stagione ricordando che ospiteremo, nel cartellone Extra, l\u2019ottava edizione del Festival della Magia condotto da Raul Cremona, e la seconda edizione della mini rassegna musicale Note d\u2019autore, che vedr\u00e0 protagonisti Eduardo De Crescenzo, gli Inti Illimani, Giordana Angi, Eugenio Finardi e Tony Hadley (ex frontman degli Spandau Ballet).<\/h4>\n<h4>Il Direttore Generale e Direttore Artistico Alessandro Arnone<\/h4>\n<h4><img loading=\"lazy\" decoding=\"async\" class=\"alignleft size-large wp-image-76343\" src=\"http:\/\/www.gdapress.it\/it\/..\/public\/it\/2025\/09\/Gianfranco-Jannuzzo-1-500x333.jpg\" alt=\"\" width=\"500\" height=\"333\" srcset=\"https:\/\/www.gdapress.it\/it\/..\/public\/it\/2025\/09\/Gianfranco-Jannuzzo-1-500x333.jpg 500w, https:\/\/www.gdapress.it\/it\/..\/public\/it\/2025\/09\/Gianfranco-Jannuzzo-1-300x200.jpg 300w, https:\/\/www.gdapress.it\/it\/..\/public\/it\/2025\/09\/Gianfranco-Jannuzzo-1-768x512.jpg 768w, https:\/\/www.gdapress.it\/it\/..\/public\/it\/2025\/09\/Gianfranco-Jannuzzo-1-1536x1024.jpg 1536w, https:\/\/www.gdapress.it\/it\/..\/public\/it\/2025\/09\/Gianfranco-Jannuzzo-1-2048x1365.jpg 2048w, https:\/\/www.gdapress.it\/it\/..\/public\/it\/2025\/09\/Gianfranco-Jannuzzo-1-720x480.jpg 720w, https:\/\/www.gdapress.it\/it\/..\/public\/it\/2025\/09\/Gianfranco-Jannuzzo-1-272x182.jpg 272w\" sizes=\"auto, (max-width: 500px) 100vw, 500px\" \/>PROSA<\/h4>\n<h4>La stagione Prosa 2025-26 \u00e8 caratterizzata dalla presenza di spettacoli afferenti alla drammaturgia contemporanea. La stagione si apre con un attore amatissimo dal nostro pubblico, Gianfranco Jannuzzo, che racconter\u00e0 il mito di Fata Morgana tra miraggio, illusione e speranza in uno spettacolo che alterner\u00e0 momenti comici e di riflessione e nel quale la musica sar\u00e0 coprotagonista. A seguire Maria Amelia Monti insieme alla giovane Cristina Chinaglia saranno protagoniste di Strappo alla regola, nuova commedia di Edoardo Erba che gioca con la commistione tra teatro e cinema, tenendoci sospesi in un mondo di mezzo fra realt\u00e0 e fantasia. Nel mese di novembre la commedia all\u2019italiana arriva sul nostro palco con la trasposizione teatrale del celebre film di Dino Risi Il vedovo con protagonisti Massimo Ghini e Galatea Ranzi nei panni che furono di Alberto Sordi e Franca Valeri, a seguire, il ritorno a grande richiesta di Perfetti sconosciuti di Paolo Genovese, ormai divenuto un cult. Nel periodo delle festivit\u00e0 natalizie andranno in scena prima Anna Valle con Gianmarco Saurino in Scandalo, una nuova commedia di Ivan Cotroneo che affronter\u00e0 senza pregiudizi il tema del desiderio femminile, e successivamente per festeggiare l\u2019arrivo del 2026, Vincenzo Salemme con la sua nuova commedia Ogni promessa \u00e8 debito. La vera novit\u00e0 della stagione Prosa 2025-26 \u00e8 l\u2019avvio di una collaborazione con una compagnia teatrale italiana storica, che da sempre recita in dialetto. Stiamo parlando de I Legnanesi, compagnia fondata a Legnano nel 1949 da Felice Musazzi e Tony Barlocco, che rappresenta l\u2019esempio pi\u00f9 celebre di teatro en travesti. Da gennaio a febbraio, per un totale di 44 repliche, I Legnanesi presenteranno I promossi sposi, un titolo che \u00e8 anche un omaggio al nostro Teatro che torna ad ospitarli dopo 60 anni dall\u2019ultima volta. A seguire ritroveremo Massimiliano Gallo, protagonista e regista di Malinconico, spettacolo ispirato al personaggio nato dalla penna di Diego De Silva e portato con grande successo sul piccolo schermo proprio da Gallo. Euridice Axen insieme a Giulio Corso e a Gianluca Ferrato omaggeranno il genio di Billy Wilder portando in scena A qualcuno piace caldo, mentre ospiteremo per la prima volta Flavio Insinna con Giulia Fiume nella spumeggiante commedia del grande Nino Manfredi, Gente di facili costumi. Chiuder\u00e0 la stagione Prosa, Luca Barbareschi affiancato da Chiara Noschese in una divertente e dissacrante commedia di David Mamet, November, che unisce divertimento e satira sociale in un mix vincente.<\/h4>\n<h4>Gli abbonamenti sono in vendita fino al 20 ottobre a partire da \u20ac180. Info pi\u00f9 dettagliate sul sito del Teatro.<\/h4>\n<h4><img loading=\"lazy\" decoding=\"async\" class=\"alignleft size-large wp-image-76344\" src=\"http:\/\/www.gdapress.it\/it\/..\/public\/it\/2025\/09\/Paolo-Ruffini-37-400x400.jpg\" alt=\"\" width=\"400\" height=\"400\" srcset=\"https:\/\/www.gdapress.it\/it\/..\/public\/it\/2025\/09\/Paolo-Ruffini-37-400x400.jpg 400w, https:\/\/www.gdapress.it\/it\/..\/public\/it\/2025\/09\/Paolo-Ruffini-37-300x300.jpg 300w, https:\/\/www.gdapress.it\/it\/..\/public\/it\/2025\/09\/Paolo-Ruffini-37-150x150.jpg 150w, https:\/\/www.gdapress.it\/it\/..\/public\/it\/2025\/09\/Paolo-Ruffini-37-768x768.jpg 768w, https:\/\/www.gdapress.it\/it\/..\/public\/it\/2025\/09\/Paolo-Ruffini-37-1536x1536.jpg 1536w, https:\/\/www.gdapress.it\/it\/..\/public\/it\/2025\/09\/Paolo-Ruffini-37-2048x2048.jpg 2048w\" sizes=\"auto, (max-width: 400px) 100vw, 400px\" \/>RIDERE ALLA GRANDE<\/h4>\n<h4>Nella rassegna Ridere alla Grande, dedicata alla comicit\u00e0, tanti sono gli appuntamenti che propongono l\u2019umorismo declinato nelle sue forme pi\u00f9 brillanti, con tanti talenti emergenti, nati sui social: Pierluca Mariti, Michele Basile, i Casa Abis, Andrea Dianetti, i Casa Surace. Dopo il successo della passata stagione torneranno anche Giorgia Fumo col nuovo spettacolo Out of office che analizza le assurdit\u00e0 della vita in ufficio, Daniele Gattano con la sua ironia tagliente e surreale e Herbert Ballerina coi suoi esilaranti nonsense.<\/h4>\n<h4>Oltre ai gi\u00e0 citati in scena ci saranno anche Leonardo Manera con le sue riflessioni sulle contraddizioni dell\u2019uomo moderno, Barbara Foria con la sua prorompente comicit\u00e0 napoletana, Alice Mangione che porta in scena il suo primo spettacolo da solista, Valeria Graci che propone una storia personale e Ubaldo Pantani col suo stile pungente e uno straordinario talento trasformista. Non mancheranno 3 appuntamenti corali con la comicit\u00e0, a partire dalla riproposizione per una sola eccezionale serata del Manzoni Derby Cabaret, il talent della comicit\u00e0 condotto Maurizio Colombi e Luisa Corna, poi il format Le donne non fanno ridere in cui Paolo Ruffini sar\u00e0 vittima di un club comico tutto al femminile, inoltre Ah! Comedy Night, una serata ricca di comici animata da Giovanni d\u2019Angella<\/h4>\n<h4><img loading=\"lazy\" decoding=\"async\" class=\"alignleft size-large wp-image-76345\" src=\"http:\/\/www.gdapress.it\/it\/..\/public\/it\/2025\/09\/SIMO6214-267x400.jpg\" alt=\"\" width=\"267\" height=\"400\" srcset=\"https:\/\/www.gdapress.it\/it\/..\/public\/it\/2025\/09\/SIMO6214-267x400.jpg 267w, https:\/\/www.gdapress.it\/it\/..\/public\/it\/2025\/09\/SIMO6214-200x300.jpg 200w, https:\/\/www.gdapress.it\/it\/..\/public\/it\/2025\/09\/SIMO6214-768x1151.jpg 768w, https:\/\/www.gdapress.it\/it\/..\/public\/it\/2025\/09\/SIMO6214.jpg 1012w\" sizes=\"auto, (max-width: 267px) 100vw, 267px\" \/><\/h4>\n<h4>EXTRA<\/h4>\n<h4>Il cartellone Extra significa musica, magia, format culturali e di intrattenimento vario. Si parte con Paolo Ruffini e il suo spettacolo Il babysitter ispirato al suo omonimo video-podcast di successo, per continuare con la lezione della psicologa Daniela Lucangeli dal titolo Tu chiamale se vuoi&#8230;. Andremo poi alla riscoperta dei grandi classici della letteratura insieme a Guendalina Middei, famosa sui social come Professor X.<\/h4>\n<h4>Torneranno Drusilla Foer con Venere nemica, Giuseppe Cruciani con una versione ancora pi\u00f9 incendiaria ed esplosiva di Via Crux, Gianluigi Nuzzi con la sua ormai celebre narrazione di grandi fatti di cronaca, mentreper la prima volta ospiteremo Gianrico Carofiglio con Elogio dell\u2019ignoranza e dell\u2019errore, Maria Grazia Cucinotta che trasformer\u00e0 il palco in un luogo di passione e nostalgia con Malena e il tango, LucaMazzucchelli con Terapia al contrario. Attesissimo il ritorno del Festival della Magia condotto da Raul Cremona con ospiti maghi e illusionisti da tutto il mondo, giunto alla sua ottava edizione. Nel foyer del Teatro ospiteremo due format ideati da Maria Pilar P\u00e9rez Aspa: Racconti di zafferano in cui l\u2019attrice spagnola parler\u00e0 del rapporto del cibo con la letteratura, mentre prepara una gustosa paella da mangiare insieme al pubblico, e Un ultimo giro dedicato al mondo dei cocktail e alla loro storia. Torner\u00e0 anche la rassegna musicale Note d\u2019autore inserita all\u2019interno del nostro cartellone Extra: appuntamenti con Eduardo De Crescenzo, Inti Illimani, Giordana Angi, Eugenio Finardi e Tony Hadley.<\/h4>\n<h4><img loading=\"lazy\" decoding=\"async\" class=\"alignleft size-large wp-image-76346\" src=\"http:\/\/www.gdapress.it\/it\/..\/public\/it\/2025\/09\/DA-USARE-400x400.jpeg\" alt=\"\" width=\"400\" height=\"400\" srcset=\"https:\/\/www.gdapress.it\/it\/..\/public\/it\/2025\/09\/DA-USARE-400x400.jpeg 400w, https:\/\/www.gdapress.it\/it\/..\/public\/it\/2025\/09\/DA-USARE-300x300.jpeg 300w, https:\/\/www.gdapress.it\/it\/..\/public\/it\/2025\/09\/DA-USARE-150x150.jpeg 150w, https:\/\/www.gdapress.it\/it\/..\/public\/it\/2025\/09\/DA-USARE-768x768.jpeg 768w, https:\/\/www.gdapress.it\/it\/..\/public\/it\/2025\/09\/DA-USARE.jpeg 960w\" sizes=\"auto, (max-width: 400px) 100vw, 400px\" \/><\/h4>\n<h4>FAMILY<\/h4>\n<h4>Prosegue l&#8217;impegno del Teatro Manzoni a favore dei pi\u00f9 piccoli e delle famiglie con il cartellone Family composto da 15 divertenti appuntamenti al sabato pomeriggio. Si tratta di un investimento al quale il Teatro Manzoni tiene particolarmente perch\u00e9 rappresenta un importante strumento per avvicinare i bambini al teatro fin da piccoli. La rassegna si rivolge agli spettatori dai 4 ai 12 anni, per quanto sia in realt\u00e0 adatta a tutta la famiglia. Gli spettacoli di Un Teatro da Favola rileggono fiabe, leggende e storie fra le pi\u00f9 famose, immergendole in un mondo fatto di personaggi originali, di costumi e scenografie colorate. Inoltre con i due appuntamenti de La Casa delle Storie piccoli e adulti diventeranno protagonisti delle fiabe della tradizione.<\/h4>\n<h4>Torner\u00e0 sul palcoscenico anche la compagnia di Fondazione Aida con il coloratissimo musical della Pimpa, la cagnolina a pois, creatura iconica creata da Altan esattamente cinquant\u2019anni fa.<\/h4>\n<h4>http:\/\/www.teatromanzoni.it\/<\/h4>\n","protected":false},"excerpt":{"rendered":"<p>\u201cQuando senti qualcosa che ti fa vibrare il cuore, non domandarti mai cosa sia, ma vivilo sino in fondo, perch\u00e9 quel brivido, quella sensazione si chiama Vita\u201d (Alda Merini) Sogni, miraggi, illusioni, speranze, riflessioni, fantasie. E poi: seduzioni, manipolazioni, malintesi, tradimenti, malinconie. E ancora: risate, ilarit\u00e0, egoismi, bisogni, avidit\u00e0, imprevisti e colpi di scena. Questi &hellip; <a href=\"https:\/\/www.gdapress.it\/it\/index.php\/76342\/teatro\/teatro-manzoni-stagione-25-26.html\" class=\"more-link\">Read more <span class=\"screen-reader-text\">TEATRO MANZONI  STAGIONE 25-26<\/span><\/a><\/p>\n","protected":false},"author":1,"featured_media":76347,"comment_status":"closed","ping_status":"open","sticky":false,"template":"","format":"standard","meta":{"footnotes":""},"categories":[1],"tags":[17,26944],"class_list":["post-76342","post","type-post","status-publish","format-standard","has-post-thumbnail","hentry","category-teatro","tag-milano","tag-teatro-manzoni-stagione-25-26"],"_links":{"self":[{"href":"https:\/\/www.gdapress.it\/it\/index.php\/wp-json\/wp\/v2\/posts\/76342","targetHints":{"allow":["GET"]}}],"collection":[{"href":"https:\/\/www.gdapress.it\/it\/index.php\/wp-json\/wp\/v2\/posts"}],"about":[{"href":"https:\/\/www.gdapress.it\/it\/index.php\/wp-json\/wp\/v2\/types\/post"}],"author":[{"embeddable":true,"href":"https:\/\/www.gdapress.it\/it\/index.php\/wp-json\/wp\/v2\/users\/1"}],"replies":[{"embeddable":true,"href":"https:\/\/www.gdapress.it\/it\/index.php\/wp-json\/wp\/v2\/comments?post=76342"}],"version-history":[{"count":5,"href":"https:\/\/www.gdapress.it\/it\/index.php\/wp-json\/wp\/v2\/posts\/76342\/revisions"}],"predecessor-version":[{"id":76352,"href":"https:\/\/www.gdapress.it\/it\/index.php\/wp-json\/wp\/v2\/posts\/76342\/revisions\/76352"}],"wp:featuredmedia":[{"embeddable":true,"href":"https:\/\/www.gdapress.it\/it\/index.php\/wp-json\/wp\/v2\/media\/76347"}],"wp:attachment":[{"href":"https:\/\/www.gdapress.it\/it\/index.php\/wp-json\/wp\/v2\/media?parent=76342"}],"wp:term":[{"taxonomy":"category","embeddable":true,"href":"https:\/\/www.gdapress.it\/it\/index.php\/wp-json\/wp\/v2\/categories?post=76342"},{"taxonomy":"post_tag","embeddable":true,"href":"https:\/\/www.gdapress.it\/it\/index.php\/wp-json\/wp\/v2\/tags?post=76342"}],"curies":[{"name":"wp","href":"https:\/\/api.w.org\/{rel}","templated":true}]}}