
{"id":76338,"date":"2025-09-13T23:09:44","date_gmt":"2025-09-13T21:09:44","guid":{"rendered":"https:\/\/www.gdapress.it\/it\/?p=76338"},"modified":"2025-09-13T23:09:44","modified_gmt":"2025-09-13T21:09:44","slug":"milano-spazio-hus-contaminazioni-pino-di-gennaro-tiziana-priori","status":"publish","type":"post","link":"https:\/\/www.gdapress.it\/it\/index.php\/76338\/arte\/milano-spazio-hus-contaminazioni-pino-di-gennaro-tiziana-priori.html","title":{"rendered":"Milano Spazio HUS  CONTAMINAZIONI Pino Di Gennaro  Tiziana Priori\u00a0"},"content":{"rendered":"<p class=\"x_MsoNormal\" align=\"center\"><b><span data-olk-copy-source=\"MessageBody\">CONTAMINAZIONI<\/span><\/b><\/p>\n<p class=\"x_MsoNormal\" align=\"center\"><b>Pino Di Gennaro | Tiziana Priori<\/b><b>\u00a0<\/b><\/p>\n<p class=\"x_MsoNormal\" align=\"center\">Mostra a cura di Francesca Bianucci e Chiara Cinelli<\/p>\n<p class=\"x_MsoNormal\" align=\"center\"><b>Milano &#8211; Spazio HUS<\/b><\/p>\n<p class=\"x_MsoNormal\" align=\"center\">via San Fermo, 19 &#8211; Brera<\/p>\n<p class=\"x_MsoNormal\" align=\"center\"><b>Fino al 19 settembre 2025<\/b><\/p>\n<p class=\"x_MsoNormal\" align=\"center\">ingresso libero<\/p>\n<p class=\"x_MsoNormal\"><b>\u00a0<\/b><i><\/i>Nell\u2019ambito di una proposta espositiva che mette in dialogo linguaggi artistici differenti in un contesto architettonico unico e suggestivo,<b>\u00a0Spazio HUS<\/b>\u00a0presenta,\u00a0<b>dal 10<\/b>\u00a0<b>al 19 settembre<\/b>, una selezione di opere degli artisti\u00a0<b>Pino Di Gennaro<\/b>\u00a0e\u00a0<b>Tiziana Priori\u00a0<\/b>in una doppia personale dal titolo &#8220;<b>Contaminazioni<\/b>&#8220;, pensata come un dialogo tra\u00a0<b>materia, colore e spazio architettonico<\/b>.<\/p>\n<p class=\"x_MsoNormal\"><b>Le cromie vibranti<\/b>\u00a0<b>di Tiziana Priori<\/b>\u00a0incontrano\u00a0<b>la forza plastica e poetica<\/b>\u00a0<b>delle sculture di Pino Di Gennaro<\/b>, dando vita a un allestimento scenografico che arricchisce l\u2019esperienza visiva ed esalta le peculiarit\u00e0 architettoniche dello Spazio HUS.\u00a0<b>Le opere di Tiziana Priori<\/b>, realizzate su carte fatte a mano e inserite in strutture di ferro, legno e juta, creano un ponte tra pittura e scultura. Questi lavori incontrano armoniosamente\u00a0<b>le sculture di Pino Di Gennaro<\/b>, realizzate in bronzo con la tecnica della fusione a cera persa, nelle quali l\u2019artista esplora le molteplici potenzialit\u00e0 espressive della materia, esaltandone il colore e la luminosit\u00e0. Attraverso l\u2019interazione di materiali eterogenei e un dialogo profondo tra pittura e scultura, la mostra costruisce\u00a0<b>un percorso in cui l\u2019opera d\u2019arte diventa parte integrante dello spazio vissuto<\/b>. Un invito a rallentare lo sguardo, a sostare e lasciarsi coinvolgere da un racconto intenso, che unisce due poetiche in un equilibrio non solo visivo ma anche concettuale, delineando un terreno comune di riflessione e una\u00a0<b>sensibilit\u00e0 condivisa verso la dimensione spirituale dell\u2019esistenza<\/b>, la forza primigenia della\u00a0<b>natura\u00a0<\/b>e le complesse interconnessioni tra\u00a0<b>essere umano e ambiente<\/b>.<\/p>\n<p class=\"x_MsoNormal\"><b>Pino Di Gennaro<\/b><\/p>\n<p class=\"x_MsoNormal\">Pino Di Gennaro, nato a Troia (Foggia) nel 1951, si diploma in scultura all\u2019Accademia di Belle Arti di Brera, dove ha insegnato sino al 2019. L\u2019intensa attivit\u00e0 dedicata alla didattica e all\u2019insegnamento della scultura si esplicita nella stesura del testo scolastico \u201cI modi della scultura\u201d, 1997, per le edizioni Hoepli. Nell\u2019esaltare l\u2019espressivit\u00e0 del singolo materiale Pino Di Gennaro abbina materiali poveri a materiali nobili: cartapesta e acciaio; cera e bronzo; cartapesta e piombo. Preferisce il bronzo per le opere all\u2019aperto, usando la tecnica della fusione a cera persa, declinata nelle sue numerose possibilit\u00e0 espressive; esalta il colore del materiale se trattato con acidi e pigmenti; con la lucidatura a specchio ne esalta luminosit\u00e0 e preziosit\u00e0. Il colore della cartapesta, la luminosit\u00e0 del bronzo, la trasparenza della cera e l\u2019opacit\u00e0 del piombo, qui non sono viste come qualit\u00e0 dei singoli materiali, bens\u00ec come possibilit\u00e0 espressive della materia, a creare l\u2019affascinante dialettica tra materia fragile e materia dura, povera e ricca. Le sue opere sono presenti in numerosi spazi pubblici e collezioni private: tre grandi sculture-fontana: \u201cMonumento alla Pace\u201d 1997, in piazza di S. Secondino, Comune di Troia; \u201cQuelli che vanno\u201d, 1998, Tomba della Famiglia Antico al Cimitero Monumentale di Bruzzano; \u201cScultura tattile\u201d, 2004, per non vedenti installata nel centro storico di Gallarate su commissione del Lions Club Gallarate Seprio; \u201cMemorie di segni ritrovati\u201d, 2004, Nuova Biblioteca Comunale di Somma Lombardo; scultura per non vedenti \u201cAlghero, una citt\u00e0 da toccare\u201d , 2005, installata nel centro storico di Alghero su commissione del Lions Club Alghero. Vincitore del Concorso Nazionale per un\u2019opera d\u2019arte da ubicare nella nuova sede degli Uffici Giudiziari e Servizi Minorili di Sassari, installazione delle sculture \u201cPilastri del cielo\u201d, 2005. \u201cVolare alto\u201d, monumento a Paolo Rovagnati, Biassono (Monza), 2015. Ultime personali\ua789 \u201cTocco il cielo con le dita\u201d, Galleria Previtali Milano, 2024\/2025; \u201cSE\u201d, Museo della Permanente, Milano, 2025; \u201cMonumento a Pietro Busi\u201d, Piazza Brembana, Bergamo 2023; \u201cMonumento all\u2019Alpino\u201d, Alessandria 2023. Nel 2011 pubblica il \u201cManuale di Scultura\u201d per le edizioni Hoepli.\u00a0<a title=\"https:\/\/urldefense.com\/v3\/__http:\/www.pinodigennaro.it__;!!GgY6cLU_GgY!VVj6rbEXR4EwS191PycrvovIQ8Xp42n45iG2mxu-YRnv0lZGIOM_qekKwndIuWrr5fFtL7NegnEKxaXdH0n5k9L-hg$\" href=\"https:\/\/urldefense.com\/v3\/__http:\/www.pinodigennaro.it__;!!GgY6cLU_GgY!VVj6rbEXR4EwS191PycrvovIQ8Xp42n45iG2mxu-YRnv0lZGIOM_qekKwndIuWrr5fFtL7NegnEKxaXdH0n5k9L-hg$\" target=\"_blank\" rel=\"noopener noreferrer\" data-auth=\"NotApplicable\" data-linkindex=\"0\">www.pinodigennaro.it<\/a><\/p>\n<p class=\"x_MsoNormal\"><b>Tiziana Priori<\/b><\/p>\n<p class=\"x_MsoNormal\">Tiziana Priori \u00e8 nata a Cremona in una famiglia di artisti, il padre Ercole Priori \u00e8 scultore, come il prozio Alceo Dossena. Ha frequentato l\u2019Accademia di Brera con Alik Cavaliere. Si \u00e8 specializzata in psicologia del segno e del colore con studi specifici all\u2019Universit\u00e0 Cattolica di Milano. Dopo una ricerca legata alla relazione tra psicologia, arte e spiritualit\u00e0, approda negli anni Novanta a un\u2019espressione astratta di cui il colore \u00e8 protagonista. In questi ultimi anni si \u00e8 dedicata a sperimentazioni anche con arte digitale, performance, installazioni e arte ambientale. Le sue opere sono in collezioni private e museali in Italia e all\u2019estero, fra cui si annoverano\ua789 La Marrana, Museo d&#8217;arte ambientale, a cura di Gianni e Grazia Bolongaro, Montemarcello; Museo Diotti, a cura di Roberta Ronda e Valter Rosa, Casalmaggiore, Cremona; Museo dei Lumi, collezione Chanukkah, a cura di Elio Carmi, Casale Monferrato; Collezione Uroburo, Archivio di stato, a cura di Mauro Carrera, Parma; Fondazione Cassa di Risparmio, collezione Mambo, a cura di Philippe Daverio, Bologna; Collezione privata Golinelli, a cura di Mario Golinelli, Bologna; Fondazione Padiglione Tibet, a cura di Ruggero Maggi, Milano &#8211; Venezia; Fondazione Libro d&#8217;artista, a cura di Ruggero Maggi, Milano; MIM Museum in Motion, san Pietro in Cerro, a cura di Franco Spaggiari, Piacenza; Collezione privata di Marina Nissim, Pontresina, Svizzera; Biblioteca cantonale di Lugano, a cura di Marco Carminati e Luca Santini, Lugano, Svizzera; Biblioteca Braidense, Brera, a cura di Susanna Vallebona, Milano; Biblioteca cantonale di Berna, a cura di Josef Weiss, Berna, Svizzera. Vive e lavora a Milano.\u00a0<a title=\"https:\/\/urldefense.com\/v3\/__http:\/www.tizianapriori.it__;!!GgY6cLU_GgY!VVj6rbEXR4EwS191PycrvovIQ8Xp42n45iG2mxu-YRnv0lZGIOM_qekKwndIuWrr5fFtL7NegnEKxaXdH0kt3wGosQ$\" href=\"https:\/\/urldefense.com\/v3\/__http:\/www.tizianapriori.it__;!!GgY6cLU_GgY!VVj6rbEXR4EwS191PycrvovIQ8Xp42n45iG2mxu-YRnv0lZGIOM_qekKwndIuWrr5fFtL7NegnEKxaXdH0kt3wGosQ$\" target=\"_blank\" rel=\"noopener noreferrer\" data-auth=\"NotApplicable\" data-linkindex=\"1\">www.tizianapriori.it<\/a><\/p>\n<p class=\"x_MsoNormal\" align=\"center\"><a name=\"x__Hlk200980182\"><\/a>___________________________________________<\/p>\n<p class=\"x_MsoNormal\"><a name=\"x__Hlk207615011\"><\/a><b>Spazio HUS\u00a0<\/b>nasce come un punto d\u2019incontro e di dialogo tra linguaggi artistici differenti, un luogo aperto alla contaminazione creativa e alla sperimentazione. Con un programma articolato di mostre ed eventi, accoglie le opere e le esperienze di designer, artisti visivi, performer, fotografi e artigiani provenienti sia dal panorama italiano che da quello internazionale.<\/p>\n<p class=\"x_MsoNormal\">Il nome\u00a0<i>HUS<\/i>, che in danese significa \u201ccasa\u201d, riflette l\u2019identit\u00e0 accogliente e inclusiva dello spazio: un ambiente intimo e stimolante dove l\u2019arte pu\u00f2 abitare, crescere e generare connessioni. Situato in una location affascinante, caratterizzata da interni originali d\u2019epoca, Spazio HUS \u00e8 anche la sede di HUS Milano, un laboratorio creativo pensato per ispirare architetti, arredatori, designer e artisti in senso ampio. HUS \u00e8 un luogo vivo, dove il fare artistico si intreccia con il pensiero progettuale, generando visioni condivise e nuove traiettorie culturali.<\/p>\n<p class=\"x_MsoNormal\" align=\"center\">___________________________________________<\/p>\n<p class=\"x_MsoNormal\"><b>CONTAMINAZIONI<\/b><\/p>\n<p class=\"x_MsoNormal\"><b>Pino Di Gennaro | Tiziana Priori<\/b><\/p>\n<p class=\"x_MsoNormal\">mostra a cura di Francesca Bianucci e Chiara Cinelli<\/p>\n<p class=\"x_MsoNormal\"><b>Spazio HUS<\/b><\/p>\n<p class=\"x_MsoNormal\">via San Fermo, 19 \u2013 Milano<\/p>\n<p class=\"x_MsoNormal\"><b>Apertura della mostra<\/b><\/p>\n<p class=\"x_MsoNormal\">Fino al 19 settembre 2025<\/p>\n<p class=\"x_MsoNormal\"><b>Orari di apertura<\/b><\/p>\n<p class=\"x_MsoNormal\">da luned\u00ec a venerd\u00ec: 10.30 &#8211; 13.30 \/ 15.00 \u2013 19.00<\/p>\n<p class=\"x_MsoNormal\">sabato su appuntamento<\/p>\n<p class=\"x_MsoNormal\"><b>Per informazioni<\/b><\/p>\n<p class=\"x_MsoNormal\">T.\u00a0 02 23050706<b><\/b><\/p>\n<p class=\"x_MsoNormal\"><a title=\"https:\/\/urldefense.com\/v3\/__http:\/www.spaziohus.com__;!!GgY6cLU_GgY!VVj6rbEXR4EwS191PycrvovIQ8Xp42n45iG2mxu-YRnv0lZGIOM_qekKwndIuWrr5fFtL7NegnEKxaXdH0mUv1SnOQ$\" href=\"https:\/\/urldefense.com\/v3\/__http:\/www.spaziohus.com__;!!GgY6cLU_GgY!VVj6rbEXR4EwS191PycrvovIQ8Xp42n45iG2mxu-YRnv0lZGIOM_qekKwndIuWrr5fFtL7NegnEKxaXdH0mUv1SnOQ$\" target=\"_blank\" rel=\"noopener noreferrer\" data-auth=\"NotApplicable\" data-linkindex=\"2\">www.spaziohus.com<\/a><\/p>\n<p class=\"x_MsoNormal\">\n<p class=\"x_MsoNormal\">\n","protected":false},"excerpt":{"rendered":"<p>CONTAMINAZIONI Pino Di Gennaro | Tiziana Priori\u00a0 Mostra a cura di Francesca Bianucci e Chiara Cinelli Milano &#8211; Spazio HUS via San Fermo, 19 &#8211; Brera Fino al 19 settembre 2025 ingresso libero \u00a0Nell\u2019ambito di una proposta espositiva che mette in dialogo linguaggi artistici differenti in un contesto architettonico unico e suggestivo,\u00a0Spazio HUS\u00a0presenta,\u00a0dal 10\u00a0al 19 &hellip; <a href=\"https:\/\/www.gdapress.it\/it\/index.php\/76338\/arte\/milano-spazio-hus-contaminazioni-pino-di-gennaro-tiziana-priori.html\" class=\"more-link\">Read more <span class=\"screen-reader-text\">Milano Spazio HUS  CONTAMINAZIONI Pino Di Gennaro  Tiziana Priori\u00a0<\/span><\/a><\/p>\n","protected":false},"author":1,"featured_media":76339,"comment_status":"closed","ping_status":"open","sticky":false,"template":"","format":"standard","meta":{"footnotes":""},"categories":[4],"tags":[26941,17,26942,26463,26943],"class_list":["post-76338","post","type-post","status-publish","format-standard","has-post-thumbnail","hentry","category-arte","tag-contaminazioni","tag-milano","tag-pino-di-gennaro","tag-spazio-hus","tag-tiziana-priori"],"_links":{"self":[{"href":"https:\/\/www.gdapress.it\/it\/index.php\/wp-json\/wp\/v2\/posts\/76338","targetHints":{"allow":["GET"]}}],"collection":[{"href":"https:\/\/www.gdapress.it\/it\/index.php\/wp-json\/wp\/v2\/posts"}],"about":[{"href":"https:\/\/www.gdapress.it\/it\/index.php\/wp-json\/wp\/v2\/types\/post"}],"author":[{"embeddable":true,"href":"https:\/\/www.gdapress.it\/it\/index.php\/wp-json\/wp\/v2\/users\/1"}],"replies":[{"embeddable":true,"href":"https:\/\/www.gdapress.it\/it\/index.php\/wp-json\/wp\/v2\/comments?post=76338"}],"version-history":[{"count":1,"href":"https:\/\/www.gdapress.it\/it\/index.php\/wp-json\/wp\/v2\/posts\/76338\/revisions"}],"predecessor-version":[{"id":76340,"href":"https:\/\/www.gdapress.it\/it\/index.php\/wp-json\/wp\/v2\/posts\/76338\/revisions\/76340"}],"wp:featuredmedia":[{"embeddable":true,"href":"https:\/\/www.gdapress.it\/it\/index.php\/wp-json\/wp\/v2\/media\/76339"}],"wp:attachment":[{"href":"https:\/\/www.gdapress.it\/it\/index.php\/wp-json\/wp\/v2\/media?parent=76338"}],"wp:term":[{"taxonomy":"category","embeddable":true,"href":"https:\/\/www.gdapress.it\/it\/index.php\/wp-json\/wp\/v2\/categories?post=76338"},{"taxonomy":"post_tag","embeddable":true,"href":"https:\/\/www.gdapress.it\/it\/index.php\/wp-json\/wp\/v2\/tags?post=76338"}],"curies":[{"name":"wp","href":"https:\/\/api.w.org\/{rel}","templated":true}]}}