
{"id":76327,"date":"2025-09-13T17:45:05","date_gmt":"2025-09-13T15:45:05","guid":{"rendered":"https:\/\/www.gdapress.it\/it\/?p=76327"},"modified":"2025-09-13T17:45:05","modified_gmt":"2025-09-13T15:45:05","slug":"festival-della-comunicazione-2025-camogli","status":"publish","type":"post","link":"https:\/\/www.gdapress.it\/it\/index.php\/76327\/appuntamenti\/festival-della-comunicazione-2025-camogli.html","title":{"rendered":"Festival della Comunicazione 2025 Camogli"},"content":{"rendered":"<div data-olk-copy-source=\"MailCompose\">Festival della Comunicazione 2025: la dodicesima edizione mette al centro l\u2019Ispirazione<\/div>\n<div>da gioved\u00ec 11 a domenica 14 settembre, a Camogli<\/div>\n<div>Quattro giorni di grandi appuntamenti tra lectio, spettacoli, dialoghi e laboratori, per una festa della cultura che raccoglie e offre Ispirazione<\/div>\n<div>Di fronte alle incertezze geopolitiche e ai cambiamenti sociali che caratterizzano il nostro tempo, il Festival della Comunicazione torna per la sua dodicesima edizione scegliendo come filo conduttore una parola potente e necessaria: Ispirazione. Un concetto che diventa lente attraverso cui osservare e interpretare la complessit\u00e0 del presente, seguendo l\u2019eredit\u00e0 intellettuale e il pensiero sempre attuale di Umberto Eco, figura fondativa del Festival. Da gioved\u00ec 11 a domenica 14 settembre, nello scenario suggestivo del borgo ligure di Camogli, prender\u00e0 forma un cartellone ricco e audace: quattro giorni di incontri, dialoghi e narrazioni che esploreranno il potenziale dell\u2019ispirazione come motore di rigenerazione culturale, sociale, ambientale e creativa. Attraverso le voci autorevoli di pensatori, artisti, scienziati, economisti, storici, scrittori, divulgatori, imprenditori e innovatori, il Festival inviter\u00e0 a riflettere sul nostro ruolo in un mondo in continua trasformazione. Come possiamo contribuire, ciascuno nel proprio ambito, alla costruzione di un futuro pi\u00f9 consapevole? Che tipo di umanit\u00e0 vogliamo essere? Qual \u00e8 il senso che attribuiamo oggi a concetti come benessere, libert\u00e0, progresso? E in che direzione desideriamo portarli?<\/div>\n<div>Diretto da Rosangela Bonsignorio e Danco Singer, organizzato da Frame e dal Comune di Camogli con il patrocinio della Commissione Europea e della Citt\u00e0 Metropolitana di Genova, l\u2019edizione 2025 del Festival della Comunicazione unisce la qualit\u00e0 intellettuale e il carisma dei suoi affezionati ospiti a un ventaglio di nuove proposte che rinnovano format e contenuti, arricchendo l\u2019esperienza culturale dei quattro giorni di evento.<\/div>\n<div>A inaugurare il Festival di quest\u2019anno, nel pomeriggio di gioved\u00ec 11 settembre, sar\u00e0 Alessandro Barbero con \u201cUna lezione di Storia\u201d. Tra gli appuntamenti pi\u00f9 attesi del Festival \u201cFrancesco, il primo italiano\u201d con Aldo Cazzullo, che ricevera\u0300 anche il Premio Comunicazione 2025 per la sua capacit\u00e0 di reinterpretare il giornalismo contemporaneo cucendo abilmente informazione e divulgazione, inquadrando i grandi fenomeni del nostro tempo nella loro pi\u00f9 ampia dimensione storico culturale, con una visione che guardi oltre il contingente e alle sfaccettature di cui \u00e8 fatta la verit\u00e0 quando non ci si lascia abbagliare dai riflessi della sua superficie.<\/div>\n<div>Al Festival della Comunicazione la storia si connette con l&#8217;economia, la politica e le imprese. Gli incontri \u201cIl prezzo della pace\u201d con Paolo Mieli, \u201cCodice di guerra. L\u2019etica nella difesa\u201d con Mariarosaria Taddeo e \u201cMemorie taciute\u201d con Michela Ponzani, insieme a dialoghi come quelli tra Franco Cardini con Mirella Serri e Miguel Gotor con Giovanni Bianconi, ci portano nel nostro recente passato, alle radici della nuova destra italiana negli anni Sessanta del secolo scorso, ma anche alla lotta per la democrazia a ottant\u2019anni dalla Liberazione, all&#8217;epoca controversa degli anni Settanta e i suoi &#8220;cadaveri eccellenti&#8221; come quello del magistrato Vittorio Occorsio.<\/div>\n<div>La giusta ispirazione serve anche per disegnare il futuro della realt\u00e0 che abitiamo: nella crisi dell&#8217;occidente, quali margini d&#8217;azione abbiamo? Che significato hanno i diritti, la costituzione e la democrazia nel nuovo assetto geopolitico globale? Quali equilibri di forze internazionali e quale ruolo possiamo avere noi in Italia? Ne parleranno Gherardo Colombo e Emanuele Felice con \u201cL&#8217;Italia e il ritorno delle autocrazie\u201d.<\/div>\n<div>Nell\u2019oggi pervaso dall&#8217;ipertecnologico web, dalle comunit\u00e0 del chiacchiericcio social, da intelligenze artificiali e stupidit\u00e0 umane, non pu\u00f2 mancare uno sguardo sull&#8217;uomo, su quell&#8217;Homo sapiens in corsa verso l&#8217;evoluzione e la conoscenza nelle cui mani stanno ancora i nostri destini. Su questo ci sorprenderanno incontri come quelli di Guido Barbujani e Telmo Pievani con \u201cI colpi di fortuna della scienza\u201d, di Silvia Ferrara e Mario Tozzi con \u201cI segni dei Sapiens\u201d, di Giorgio Manzi con \u201cL&#8217;ispirazione di chiamarlo Australopithecus\u201d, di Antonella Viola con &#8220;Come Darwin dormiva e Freud sognava\u201d, di Piergiorgio Odifreddi insieme a Luca Bottura con \u201cUna vita di incontri straordinari\u201d, di Ivano Dionigi con Giorgio Manzi in \u201cUn\u2019ispirazione condivisa: la scuola avamposto civile del Paese\u201d e di Silvano Fuso con Marco Pruni in \u201cUn viaggio ispirato tra scienza e illusione\u201d.<\/div>\n<div>Al Festival si respira il nuovo che incalza. Come si sta trasformando l&#8217;intrattenimento, l&#8217;informazione e la divulgazione, tra i grandi player e l&#8217;abilit\u00e0 dei creator, tra il mainstream televisivo e i nuovi format emergenti? Oggi si stanno scrivendo le pagine di un nuovo modo di fare cultura, di conoscere e di scoprire, tra nuovi canali e piattaforme rinnovate: ce lo racconteranno alcuni dei protagonisti di questa rivoluzione mediale: dall&#8217;incontro con Urbano Cairo e Aldo Grasso \u201cPensare il futuro\u201d, a YouTube che festegger\u00e0 i suoi vent\u2019anni di traguardi con la voce dei suoi creator pi\u00f9 attivi e attrattivi come gli stand-up comedian Daniele Tinti e Stefano Rapone, fino alle frontiere del podcast con Andrea Borgnino (RaiPlay Sound), Alessandra Scaglioni (Radio 24), Veronica Scazzosi (Frame) e Luca Zorloni (Wired Italia) e ai i giovani influencer culturali come Benedetta \u201cArtefacile\u201d Colombo \u2013 che, dopo aver conquistato centinaia di migliaia di follower sui social, porta a Camogli in anteprima assoluta il suo spettacolo live \u201cQuesta qui non \u00e8 una banana\u201d \u2013 e Fedeasso (Federico Assini), che con le sue domande spiazzanti a sconosciuti di tutte le et\u00e0 \u00e8 tra i top 25 content creators italiani.<\/div>\n<div>Dalla storia al presente, sul punto di vista economico-finanziario danno un quadro schietto e chiaro confronti come quelli di Francesco Micheli con Nicola Saldutti e di Carlo Cottarelli con Severino Salvemini, che si alternano ai manager di grandi aziende come Luca Dal Fabbro in dialogo con Nicola Saldutti, Luigi Ferraris e Carlo Luzzatto con Andrea Goldstein, Giovanni D\u2019Alessandro, Arianna Fumagalli e Roberta Parodi con Giovanni Mari, Furio Garbagnati, Fausto Caprini e Giuseppe Costa con Luigi Pastore per dare una proiezione degli scenari che ci aspettano, tra le strategie economiche<\/div>\n<div>per affrontare i mercati emergenti e una nuova concezione di progresso \u2013 sociale e ambientale \u2013 ispirata dalle generazioni pi\u00f9 giovani.<\/div>\n<div>In questo quadro di media visionari e nuovi spettatori si rafforza la partnership con La7, broadcaster ufficiale, che ospiter\u00e0 nel palinsesto dei suoi canali digital e smart tv alcuni incontri selezionati del programma del Festival. E il canale YouTube del Festival (con oltre 21.700 iscritti) si \u00e8 esso stesso trasformato con playlist tematiche e contenuti original dove si pu\u00f2 trovare scienza, comedy, attualit\u00e0 e contenuti educational per scuole e ragazzi. Il Festival della Comunicazione, da sempre pioniere delle nuove forme espressive, dopo aver contribuito a lanciare in Italia il podcast con proprie produzioni originali tra le pi\u00f9 ascoltate di sempre (come &#8220;Le grandi Battaglie della Storia&#8221; di Alessandro Barbero e &#8220;Lo Stato Parallelo&#8221; di Gherardo Colombo), fenomeno che in breve avrebbe spopolato, guarda ora alle sfide dei nuovi format e delle possibilit\u00e0 ancora inesplorate del digitale.<\/div>\n<div>Al Festival si ha l&#8217;occasione di entrare in contatto diretto con l&#8217;avanguardia dell&#8217;innovazione e con chi lavora per renderla possibile. L\u2019Istituto Nazionale di Astrofisica INAF, l\u2019Istituto Nazionale di Fisica Nucleare INFN, l\u2019Universit\u00e0 di Genova UniGe, l\u2019Istituto Italiano di Tecnologia IIT, il Dipartimento di Ingegneria Navale, Elettrica, Elettronica e delle Telecomunicazioni DITEN e la Libera Universit\u00e0 di Lingue e Comunicazione Iulm porteranno a Camogli scoperte scientifiche e nuove frontiere: dai segreti dello spazio all&#8217;energia, dal mercato globale delle lingue fino alle nuove tecniche e tecnologie di immersivit\u00e0, digital storytelling e visual display che ridefiniscono i luoghi dell&#8217;arte e delle citt\u00e0. Quattro rettrici delle Universit\u00e0 della Lombardia dialogheranno sui temi delle competenze e della formazione delle nuove generazioni, le ricercatrici e i ricercatori di UniGe, dell\u2019oggi e del domani, si presenteranno al pubblico raccontando le loro attivit\u00e0 di ricerca nei diversi ambiti con brevi interventi dal tono divulgativo, mentre speciali corner dell&#8217;Universit\u00e0 di Genova e dell&#8217;Universit\u00e0 Iulm offriranno alle future matricole e alle loro famiglie esperienze interattive dando un assaggio di cosa sta facendo oggi la Ricerca per tutti noi.<\/div>\n<div>Agli albori di una nuova dirompente fase dell\u2019evoluzione dell&#8217;intelligenza artificiale, non basta pi\u00f9 chiedersi come convivere con le macchine intelligenti: Nello Cristianini in un incontro speciale dedicato alle scuole del Levante Ligure, offrir\u00e0 uno sguardo molto pragmatico e illuminante su questa nuova generazione di tecnologie e le rotte possibili per un nuovo approccio all&#8217;apprendimento. Del mondo education si parler\u00e0 anche nell\u2019incontro dedicato ai disturbi specifici dell\u2019apprendimento con Laura Fumagalli, presidente di MyEdu, insieme all\u2019Associazione Italiana Dislessia rappresentata dalla pedagogista Barbara Urdanch. Il filone di incontri dedicati al mondo education \u00e8 un invito a ripensare l\u2019apprendimento come esperienza coinvolgente, dove tradizione e innovazione si incontrano in un luogo vivo, capace di formare cittadini curiosi e consapevoli: Massimo Recalcati con la lectio \u201cCosa significa insegnare\u201d racconta il maestro come luce e onda insieme, Paolo Crepet si dedica a \u201cIl coraggio di immaginare\u201d anche tra dubbi e conflitti, e Lorenzo Baglioni mostra, in \u201cLa grammatica della fantasia\u201d, che anche l\u2019immaginazione ha le sue regole.<\/div>\n<div>Ispirazione non \u00e8 solo il tema di questa edizione, ma il festival stesso \u00e8 ispirazione: si fa luogo di sperimentazione, dove \u00e8 il pubblico in primis a partecipare a questa fucina creativa: Stefano Massini<\/div>\n<div>propone eccezionalmente al Festival della Comunicazione il suo laboratorio di scrittura collettiva, reinventando questo spazio di incontro trasformandolo in un momento unico di condivisione e creativit\u00e0. A partire dal tema di quest\u2019anno, Ispirazione, il pubblico sar\u00e0 coinvolto in un\u2019esperienza partecipata in cui le parole prendono vita in tempo reale e vengono scritte, guidati dalla voce di uno dei narratori pi\u00f9 incisivi del nostro tempo. Un esercizio corale che dimostra come la comunicazione possa diventare esperienza viva e generativa. E ancora, l&#8217;incontro dinamico e scenico tra la scrittrice Alessia Gazzola e il bookinfluencer Andrea \u201cLibriconfragole\u201d Amadio che attiva mini challenge (chiave di comunicazione su TikTok, YouTube e Instagram) legate al tema dell\u2019ispirazione e dei libri. Non il solito \u201cincontro con l\u2019autore\u201d, ma un talk show a episodi brevi che esplora le fonti d\u2019ispirazione attraverso giochi, storytelling e contenuti partecipativi.<\/div>\n<div>Il Festival della Comunicazione si distingue per la capacit\u00e0 di abbracciare linguaggi, saperi e prospettive differenti, con una pluralit\u00e0 di incontri pensati per stimolare il pensiero critico, incuriosire e ispirare, dando voce a protagonisti di mondi diversi. Tra gli incontri in programma, la Sindaca di Genova Silvia Salis con il Sindaco di Milano Beppe Sala e la moderazione di Ferruccio de Bortoli, i dialoghi inediti di Tiziana Panella con Vittorio Emanuele Parsi, di Fabio Genovesi con Rosangela Bonsignorio, di Rodolfo Zunino e il fumettista Leo Ortolani a partire dalla graphic novel Tapum ambientata al tempo della prima guerra mondiale. Un tuffo nel mondo dello sport che ispira con Pierluigi Pardo, Maurizio de Giovanni, Lorenzo Dallari, Fausto Benedetto Tumbarello, Luigi De Siervo ed Evelina Christillin, nei classici con Maurizio Bettini insieme ad Aglaia McClintock e molti grandi personaggi come Gianrico Carofiglio, Enrico Mentana, Massimo Recalcati, Paolo Di Paolo, Stefania Auci, Marcello Flores, Lorenzo Baglioni, Cristina Cassar Scalia, Marco Lupis in dialogo con Francesco Margiocco, Andrea De Carlo e Claudio Bisio.<\/div>\n<div>Tra gli appuntamenti pi\u00f9 apprezzati dal pubblico, confermate le tre rassegne stampa del mattino con Luca Bottura e Beppe Severgnini, poi le partecipatissime colazioni e aperitivi con l&#8217;autore affacciati sul mare, che vedranno ospiti al mattino Massimo De Giuseppe con Marcello Flores, Sandra Bonzi con Severino Salvemini e Vittorio Pettinato con Rosangela Bonsignorio, mentre per l\u2019aperitivo Patrick Facciolo con Erika Dellacasa, Giorgio Manzi con Guido Barbujani e Francesca Santolini con Cinzia Leone. Per i pi\u00f9 piccoli, una proposta articolata lungo tutto il weekend di laboratori per bambini e bambine, anche in et\u00e0 prescolare, tra cui \u201cBeach Detectives\u201d ed \u201cEcoSYSTEM\u201d all\u2019interno del programma di edutainment \u201cGuardiani del mare\u201d promosso da Costa Crociere Foundation, \u201cispirAzione\u201d dedicato alla scoperta della creativit\u00e0 interiore in collaborazione con Smilevil Onlus, e poi la \u201cPasseggiata elettronica nel futuro\u201d in collaborazione con il DITEN e gli studenti del Liceo Scientifico Cassini di Genova per parlare di silicio e chip, ma soprattutto di persone e mestieri.<\/div>\n<div>A completare il palinsesto del Festival una ricca proposta di spettacoli tra arte, musica, letteratura e scienza: un viaggio nel Cosmo narrato dal suono con \u201cSoniCosmos\u201d insieme all\u2019INAF, lo spettacolo \u201cSocrate, Agata e il futuro. L&#8217;arte di invecchiare con filosofia\u201d con Beppe Severgnini, Simona Bondanza e Luca Falomi, la performance di ispirazione teatrale &#8220;Dietro le Quinte &#8211; Un Gioco di Teatro&#8221; che con Viola Graziosi, Giuseppe Dipasquale e Giuseppe Acquaviva rivela al pubblico i<\/div>\n<div>segreti della direzione degli attori e poi \u2013 come gran finale del Festival nella serata di domenica 14 settembre \u2013 il concerto dei Dire Straits Reload, una vera celebrazione del rock.<\/div>\n<div>\u201cOggi, pi\u00f9 che mai, abbiamo bisogno di ci\u00f2 che accende la mente e riscalda lo sguardo: visioni che ci spingano a uscire dalla paralisi della paura e dall\u2019inerzia della rassegnazione\u201d, raccontano i direttori del Festival della Comunicazione Rosangela Bonsignorio e Danco Singer.\u201cL\u2019ispirazione non \u00e8 evasione, ma un atto di responsabilit\u00e0: ci richiama all\u2019azione, alla possibilit\u00e0 concreta di contribuire al cambiamento. \u00c8 forza vitalizzante che impedisce alle nostre esistenze di ristagnare. Il Festival rinnova energia e legami, \u00e8 un\u2019esperienza collettiva di pensiero e creativit\u00e0, dove ogni incontro, ogni parola, ogni gesto condiviso diventa un\u2019occasione per ritrovare fiducia e orientamento, proprio mentre il mondo sembra averli smarriti\u201d.<\/div>\n<div>&#8220;Per la qualit\u00e0 dei relatori, gli argomenti trattati e l\u2019efficacia della macchina organizzativa, Il Festival della Comunicazione ha la capacit\u00e0 di calamitare, di anno in anno, l\u2019attenzione del grande pubblico e di attirare anche numeri importanti sotto il profilo turistico\u201d, commenta Giovanni Anelli, Sindaco di Camogli. \u201cCome sempre la citt\u00e0 sar\u00e0 pronta ad accogliere gli ospiti in arrivo anche da fuori regione: con le sue bellezze naturali, gli scorci panoramici, le peculiarit\u00e0 del Parco di Portofino e dell\u2019Area marina protetta, l\u2019appeal di un borgo rimasto \u2013 per molti aspetti \u2013 uguale a se stesso, con le sue piazzette discrete, il porto rifugio, le case multipiano, l\u2019operosit\u00e0 dei suoi abitanti, l\u2019offerta gastronomica e commerciale, Camogli sapr\u00e0, secondo un copione collaudato, offrire il meglio di s\u00e9&#8221;.<\/div>\n<div>A rendere possibile la dodicesima edizione del Festival della Comunicazione sono anche aziende e realt\u00e0 italiane di rilievo che, in qualit\u00e0 di partner, affiancano l\u2019iniziativa contribuendo con il loro supporto e la loro identit\u00e0 distintiva a creare ponti fertili tra cultura, economia, societ\u00e0 e mondo dell\u2019impresa. Tra queste Fondazione Carige, Banca Passadore, Bank of America, Retex, Iren, Weber Shandwick, Basko, Eni, MyEdu, Federlogistica, Costa Edutainment, Costa Crociere, RINA, Bonelli Erede e Camera di Commercio di Genova.<\/div>\n<div>Tutti gli appuntamenti del Festival della Comunicazione sono come sempre gratuiti fino a esaurimento posti. Le prenotazioni si apriranno luned\u00ec 1\u00b0 settembre alle ore 12:00. Per garantire la partecipazione agli incontri al numero pi\u00f9 ampio possibile di persone, per gli eventi pi\u00f9 attesi ci sar\u00e0 la possibilit\u00e0 di assistere anche attraverso i maxischermi installati nelle altre location libere del Festival.<\/div>\n<div>Informazioni: www.festivalcomunicazione.it<\/div>\n<div>Facebook: @FestivalComunicazione | Instagram: @festivalcom | TikTok: @festivalcomunicazione<\/div>\n<div>Principali piattaforme podcast (Spreaker, Spotify, Google Podcast, Apple podcast): festivalcom Canale Youtube: Festival della Comunicazione, Camogli<\/div>\n","protected":false},"excerpt":{"rendered":"<p>Festival della Comunicazione 2025: la dodicesima edizione mette al centro l\u2019Ispirazione da gioved\u00ec 11 a domenica 14 settembre, a Camogli Quattro giorni di grandi appuntamenti tra lectio, spettacoli, dialoghi e laboratori, per una festa della cultura che raccoglie e offre Ispirazione Di fronte alle incertezze geopolitiche e ai cambiamenti sociali che caratterizzano il nostro tempo, &hellip; <a href=\"https:\/\/www.gdapress.it\/it\/index.php\/76327\/appuntamenti\/festival-della-comunicazione-2025-camogli.html\" class=\"more-link\">Read more <span class=\"screen-reader-text\">Festival della Comunicazione 2025 Camogli<\/span><\/a><\/p>\n","protected":false},"author":1,"featured_media":76328,"comment_status":"closed","ping_status":"open","sticky":false,"template":"","format":"standard","meta":{"footnotes":""},"categories":[2245],"tags":[1218,26936],"class_list":["post-76327","post","type-post","status-publish","format-standard","has-post-thumbnail","hentry","category-appuntamenti","tag-camogli","tag-festival-della-comunicazione-2025"],"_links":{"self":[{"href":"https:\/\/www.gdapress.it\/it\/index.php\/wp-json\/wp\/v2\/posts\/76327","targetHints":{"allow":["GET"]}}],"collection":[{"href":"https:\/\/www.gdapress.it\/it\/index.php\/wp-json\/wp\/v2\/posts"}],"about":[{"href":"https:\/\/www.gdapress.it\/it\/index.php\/wp-json\/wp\/v2\/types\/post"}],"author":[{"embeddable":true,"href":"https:\/\/www.gdapress.it\/it\/index.php\/wp-json\/wp\/v2\/users\/1"}],"replies":[{"embeddable":true,"href":"https:\/\/www.gdapress.it\/it\/index.php\/wp-json\/wp\/v2\/comments?post=76327"}],"version-history":[{"count":1,"href":"https:\/\/www.gdapress.it\/it\/index.php\/wp-json\/wp\/v2\/posts\/76327\/revisions"}],"predecessor-version":[{"id":76329,"href":"https:\/\/www.gdapress.it\/it\/index.php\/wp-json\/wp\/v2\/posts\/76327\/revisions\/76329"}],"wp:featuredmedia":[{"embeddable":true,"href":"https:\/\/www.gdapress.it\/it\/index.php\/wp-json\/wp\/v2\/media\/76328"}],"wp:attachment":[{"href":"https:\/\/www.gdapress.it\/it\/index.php\/wp-json\/wp\/v2\/media?parent=76327"}],"wp:term":[{"taxonomy":"category","embeddable":true,"href":"https:\/\/www.gdapress.it\/it\/index.php\/wp-json\/wp\/v2\/categories?post=76327"},{"taxonomy":"post_tag","embeddable":true,"href":"https:\/\/www.gdapress.it\/it\/index.php\/wp-json\/wp\/v2\/tags?post=76327"}],"curies":[{"name":"wp","href":"https:\/\/api.w.org\/{rel}","templated":true}]}}