
{"id":76310,"date":"2025-09-12T20:00:16","date_gmt":"2025-09-12T18:00:16","guid":{"rendered":"https:\/\/www.gdapress.it\/it\/?p=76310"},"modified":"2025-09-12T20:00:16","modified_gmt":"2025-09-12T18:00:16","slug":"itinerari-di-settembre-parte-terza","status":"publish","type":"post","link":"https:\/\/www.gdapress.it\/it\/index.php\/76310\/enogastronomia\/itinerari-di-settembre-parte-terza.html","title":{"rendered":"ITINERarI DI SETTEMBRE Parte terza"},"content":{"rendered":"<p><span data-olk-copy-source=\"MessageBody\">ITINERarI DI SETTEMBRE<\/span><\/p>\n<p><span data-olk-copy-source=\"MessageBody\">Gli appuntamenti da non perdere tra cucina, mixology e design<\/span><\/p>\n<p><span data-olk-copy-source=\"MessageBody\">RADISSON COLLECTION HOTEL, PALAZZO NANI VENICE<\/span><\/p>\n<p><span data-olk-copy-source=\"MessageBody\"><img loading=\"lazy\" decoding=\"async\" class=\"alignleft size-large wp-image-76311\" src=\"http:\/\/www.gdapress.it\/it\/..\/public\/it\/2025\/09\/20576e49-9a4a-82db-2dbe-69b3b883e140-500x375.jpeg\" alt=\"\" width=\"500\" height=\"375\" srcset=\"https:\/\/www.gdapress.it\/it\/..\/public\/it\/2025\/09\/20576e49-9a4a-82db-2dbe-69b3b883e140-500x375.jpeg 500w, https:\/\/www.gdapress.it\/it\/..\/public\/it\/2025\/09\/20576e49-9a4a-82db-2dbe-69b3b883e140-300x225.jpeg 300w, https:\/\/www.gdapress.it\/it\/..\/public\/it\/2025\/09\/20576e49-9a4a-82db-2dbe-69b3b883e140-768x576.jpeg 768w, https:\/\/www.gdapress.it\/it\/..\/public\/it\/2025\/09\/20576e49-9a4a-82db-2dbe-69b3b883e140.jpeg 1127w\" sizes=\"auto, (max-width: 500px) 100vw, 500px\" \/>Dal 7 settembre, ogni domenica, dalle 12:30 alle 15:00, il\u00a0<a title=\"https:\/\/alessiarizzetto.us19.list-manage.com\/track\/click?u=efa3a1ba3a8febbe757a71b32&amp;id=a05f0142ff&amp;e=6a7fe3b735\" href=\"https:\/\/alessiarizzetto.us19.list-manage.com\/track\/click?u=efa3a1ba3a8febbe757a71b32&amp;id=a05f0142ff&amp;e=6a7fe3b735\" target=\"_blank\" rel=\"noopener noreferrer\" data-auth=\"NotApplicable\" data-linkindex=\"28\">Radisson Collection Hotel, Palazzo Nani Venice<\/a>\u00a0apre la sua corte storica per un esclusivo\u00a0<strong>\u201cBottomless Brunch\u201d<\/strong>: una proposta pensata per presentare agli ospiti un rituale di gusto e convivialit\u00e0, con una selezione di vini serviti senza limiti. Un menu che spazia dai classici internazionali alle pi\u00f9 note ricette della cucina italiana. Ad accompagnare i piatti, i\u00a0<strong>vini\u00a0<a title=\"https:\/\/alessiarizzetto.us19.list-manage.com\/track\/click?u=efa3a1ba3a8febbe757a71b32&amp;id=af0cdc61b3&amp;e=6a7fe3b735\" href=\"https:\/\/alessiarizzetto.us19.list-manage.com\/track\/click?u=efa3a1ba3a8febbe757a71b32&amp;id=af0cdc61b3&amp;e=6a7fe3b735\" target=\"_blank\" rel=\"noopener noreferrer\" data-auth=\"NotApplicable\" data-linkindex=\"29\">Montelvini<\/a>,<\/strong>\u00a0cantina ambasciatrice dell\u2019Asolo e Montello DOCG che, per l\u2019occasione, propone\u00a0l\u2019elegante\u00a0<em>FM333 Asolo Prosecco Superiore DOCG<\/em>\u00a0<em>Brut Millesimato<\/em>\u00a0e il fresco\u00a0<em>Zuit\u00e8r Montello Asolo DOC Manzoni Bianco<\/em>.<\/span><br \/>\n<strong>Info &amp; Prenotazioni:<\/strong>\u00a0T: 041 8842200<\/p>\n<p>&nbsp;<\/p>\n<p>&nbsp;<\/p>\n<p>&nbsp;<\/p>\n<p><span data-olk-copy-source=\"MessageBody\">142 RESTAURANT<\/span><\/p>\n<p><img loading=\"lazy\" decoding=\"async\" class=\"alignleft size-large wp-image-76312\" src=\"http:\/\/www.gdapress.it\/it\/..\/public\/it\/2025\/09\/150ff4bd-6af7-5165-86e2-012505caa9fc-500x375.jpg\" alt=\"\" width=\"500\" height=\"375\" srcset=\"https:\/\/www.gdapress.it\/it\/..\/public\/it\/2025\/09\/150ff4bd-6af7-5165-86e2-012505caa9fc-500x375.jpg 500w, https:\/\/www.gdapress.it\/it\/..\/public\/it\/2025\/09\/150ff4bd-6af7-5165-86e2-012505caa9fc-300x225.jpg 300w, https:\/\/www.gdapress.it\/it\/..\/public\/it\/2025\/09\/150ff4bd-6af7-5165-86e2-012505caa9fc-768x576.jpg 768w, https:\/\/www.gdapress.it\/it\/..\/public\/it\/2025\/09\/150ff4bd-6af7-5165-86e2-012505caa9fc-1536x1152.jpg 1536w, https:\/\/www.gdapress.it\/it\/..\/public\/it\/2025\/09\/150ff4bd-6af7-5165-86e2-012505caa9fc-2048x1536.jpg 2048w\" sizes=\"auto, (max-width: 500px) 100vw, 500px\" \/>Da\u00a0<a title=\"https:\/\/alessiarizzetto.us19.list-manage.com\/track\/click?u=efa3a1ba3a8febbe757a71b32&amp;id=204a1ab6e0&amp;e=6a7fe3b735\" href=\"https:\/\/alessiarizzetto.us19.list-manage.com\/track\/click?u=efa3a1ba3a8febbe757a71b32&amp;id=204a1ab6e0&amp;e=6a7fe3b735\" target=\"_blank\" rel=\"noopener noreferrer\" data-auth=\"NotApplicable\" data-linkindex=\"30\">142 Restaurant<\/a>, rinomata insegna milanese firmata da Sandra Ciciriello, in Corso Cristoforo Colombo 6, debutta il nuovo\u00a0<strong>menu del pranzo<\/strong>. Per la citt\u00e0 che torna in movimento l\u2019offerta si arricchisce con una nuova formula alla carta, disponibile dal marted\u00ec al venerd\u00ec, dalle ore 12:30 alle 14:00.\u00a0Ogni due settimane lo\u00a0<strong>Chef<\/strong>\u00a0<strong>Andrea Zazzara<\/strong>\u00a0firma piatti costruiti attorno ai\u00a0<strong>prodotti stagionali<\/strong>\u00a0dei\u00a0<strong>piccoli produttori<\/strong>, selezionati personalmente da Sandra tra i banchi del mercato ittico e ortofrutticolo di Milano. Un\u2019offerta pensata per coniugare qualit\u00e0, freschezza e creativit\u00e0 e per arricchire l\u2019esperienza gastronomica di 142 Restaurant.<br \/>\n<strong>Info &amp; Prenotazioni:<\/strong>\u00a0T: 349 8561278 | E:\u00a0<a title=\"mailto:info@142.restaurant\" href=\"mailto:info@142.restaurant\" data-linkindex=\"31\">info@142.restaurant<\/a>\u00a0|\u00a0<a title=\"https:\/\/alessiarizzetto.us19.list-manage.com\/track\/click?u=efa3a1ba3a8febbe757a71b32&amp;id=c50ba0d960&amp;e=6a7fe3b735\" href=\"https:\/\/alessiarizzetto.us19.list-manage.com\/track\/click?u=efa3a1ba3a8febbe757a71b32&amp;id=c50ba0d960&amp;e=6a7fe3b735\" target=\"_blank\" rel=\"noopener noreferrer\" data-auth=\"NotApplicable\" data-linkindex=\"32\">142.restaurant<\/a><\/p>\n<p>&nbsp;<\/p>\n<p>&nbsp;<\/p>\n<p>&nbsp;<\/p>\n<p><span data-olk-copy-source=\"MessageBody\">THE ROME EDITION<\/span><\/p>\n<p><img loading=\"lazy\" decoding=\"async\" class=\"alignleft size-large wp-image-76313\" src=\"http:\/\/www.gdapress.it\/it\/..\/public\/it\/2025\/09\/89a32397-f01a-6ad0-5697-50c2f816b37a-500x375.jpg\" alt=\"\" width=\"500\" height=\"375\" srcset=\"https:\/\/www.gdapress.it\/it\/..\/public\/it\/2025\/09\/89a32397-f01a-6ad0-5697-50c2f816b37a-500x375.jpg 500w, https:\/\/www.gdapress.it\/it\/..\/public\/it\/2025\/09\/89a32397-f01a-6ad0-5697-50c2f816b37a-300x225.jpg 300w, https:\/\/www.gdapress.it\/it\/..\/public\/it\/2025\/09\/89a32397-f01a-6ad0-5697-50c2f816b37a-768x576.jpg 768w, https:\/\/www.gdapress.it\/it\/..\/public\/it\/2025\/09\/89a32397-f01a-6ad0-5697-50c2f816b37a-1536x1152.jpg 1536w, https:\/\/www.gdapress.it\/it\/..\/public\/it\/2025\/09\/89a32397-f01a-6ad0-5697-50c2f816b37a-2048x1536.jpg 2048w\" sizes=\"auto, (max-width: 500px) 100vw, 500px\" \/>Dall\u20198 al 14 settembre\u00a0<a title=\"https:\/\/alessiarizzetto.us19.list-manage.com\/track\/click?u=efa3a1ba3a8febbe757a71b32&amp;id=28ad78137a&amp;e=6a7fe3b735\" href=\"https:\/\/alessiarizzetto.us19.list-manage.com\/track\/click?u=efa3a1ba3a8febbe757a71b32&amp;id=28ad78137a&amp;e=6a7fe3b735\" target=\"_blank\" rel=\"noopener noreferrer\" data-auth=\"NotApplicable\" data-linkindex=\"33\">The Rome EDITION<\/a>\u00a0porta a\u00a0<strong>Vin\u00f2forum<\/strong>\u00a0il suo signature restaurant\u00a0<strong>Anima<\/strong>, ricreando a Piazza di Siena l\u2019elegante atmosfera del Garden dell\u2019hotel. Durante i giorni della manifestazione, lo chef Antonio Gentile racconta il dialogo tra le sue radici partenopee e la tradizione romana attraverso piatti iconici come la\u00a0<em>Caprese<\/em>, i\u00a0<em>Tortelli ripieni di pollo e peperoni<\/em>\u00a0e il\u00a0<em>Maritozzo<\/em>. Ad accompagnare le ricette dello chef, il\u00a0<strong>\u201cBubble Bar\u201d<\/strong>\u00a0di\u00a0<a title=\"https:\/\/alessiarizzetto.us19.list-manage.com\/track\/click?u=efa3a1ba3a8febbe757a71b32&amp;id=5972044a6a&amp;e=6a7fe3b735\" href=\"https:\/\/alessiarizzetto.us19.list-manage.com\/track\/click?u=efa3a1ba3a8febbe757a71b32&amp;id=5972044a6a&amp;e=6a7fe3b735\" target=\"_blank\" rel=\"noopener noreferrer\" data-auth=\"NotApplicable\" data-linkindex=\"34\"><strong>Coravin<\/strong><\/a>, che per l\u2019occasione propone una selezione di champagne del gruppo\u00a0<strong>Mo\u00ebt Hennessy<\/strong>\u00a0serviti al calice e preservati grazie al sistema Coravin Sparkling. In contemporanea, in hotel sar\u00e0 disponibile una wine list ideata dal team che, grazie alla tecnologia Coravin, permetter\u00e0 di degustare grandi etichette al calice. Il 26 settembre da Anima sar\u00e0 invece possibile degustare le referenze\u00a0<strong>Flor de Ca\u00f1a<\/strong>: gli ospiti potranno assaggiare un rum invecchiato 25 anni, accompagnato da un dolce dello chef Gentile, oppure scoprire tre referenze in purezza, per una serata all\u2019insegna del gusto e dell\u2019eleganza. Proseguono per tutto il mese da Anima gli aperitivi\u00a0<strong>\u201cBotanical Alchemy\u201d<\/strong>, realizzati in partnership con\u00a0<strong>Hendrick\u2019s Gin<\/strong>\u00a0e\u00a0<strong>The Circle<\/strong>: quattro cocktail esclusivi, accompagnati da un pairing botanico caratterizzato da un assemblaggio di foglie edibili e fiori freschi. Tutti i giorni \u00e8 inoltre possibile scoprire\u00a0<strong>\u201cSundown\u201d<\/strong>, l\u2019appuntamento che celebra la magia della golden hour al The Roof, con cocktail d\u2019autore a base di Hendrick\u2019s Gin, accompagnati da creazioni gastronomiche pensate per esaltare ogni sorso.<br \/>\n<strong>Info &amp; Prenotazioni<\/strong>:\u00a0<a title=\"https:\/\/alessiarizzetto.us19.list-manage.com\/track\/click?u=efa3a1ba3a8febbe757a71b32&amp;id=f81de7f6fe&amp;e=6a7fe3b735\" href=\"https:\/\/alessiarizzetto.us19.list-manage.com\/track\/click?u=efa3a1ba3a8febbe757a71b32&amp;id=f81de7f6fe&amp;e=6a7fe3b735\" target=\"_blank\" rel=\"noopener noreferrer\" data-auth=\"NotApplicable\" data-linkindex=\"35\">editionhotels.com<\/a><\/p>\n<p><span data-olk-copy-source=\"MessageBody\">VASILIKI KANTINA &amp; GASTRONOMIA\u00a0<\/span><\/p>\n<p><span data-olk-copy-source=\"MessageBody\"><img loading=\"lazy\" decoding=\"async\" class=\"alignleft size-large wp-image-76314\" src=\"http:\/\/www.gdapress.it\/it\/..\/public\/it\/2025\/09\/48c0480a-22b0-3967-a2eb-89215df7b5e7-500x375.jpg\" alt=\"\" width=\"500\" height=\"375\" srcset=\"https:\/\/www.gdapress.it\/it\/..\/public\/it\/2025\/09\/48c0480a-22b0-3967-a2eb-89215df7b5e7-500x375.jpg 500w, https:\/\/www.gdapress.it\/it\/..\/public\/it\/2025\/09\/48c0480a-22b0-3967-a2eb-89215df7b5e7-300x225.jpg 300w, https:\/\/www.gdapress.it\/it\/..\/public\/it\/2025\/09\/48c0480a-22b0-3967-a2eb-89215df7b5e7-768x576.jpg 768w, https:\/\/www.gdapress.it\/it\/..\/public\/it\/2025\/09\/48c0480a-22b0-3967-a2eb-89215df7b5e7-1536x1152.jpg 1536w, https:\/\/www.gdapress.it\/it\/..\/public\/it\/2025\/09\/48c0480a-22b0-3967-a2eb-89215df7b5e7-2048x1536.jpg 2048w\" sizes=\"auto, (max-width: 500px) 100vw, 500px\" \/>Rinomato per l\u2019eccellenza del vino greco e per l\u2019autenticit\u00e0 della cucina ellenica,\u00a0<a title=\"https:\/\/alessiarizzetto.us19.list-manage.com\/track\/click?u=efa3a1ba3a8febbe757a71b32&amp;id=10c90f8bad&amp;e=6a7fe3b735\" href=\"https:\/\/alessiarizzetto.us19.list-manage.com\/track\/click?u=efa3a1ba3a8febbe757a71b32&amp;id=10c90f8bad&amp;e=6a7fe3b735\" target=\"_blank\" rel=\"noopener noreferrer\" data-auth=\"NotApplicable\" data-linkindex=\"36\">Vasiliki Kantina &amp; Gastronomia<\/a>\u00a0amplia la propria proposta inaugurando la nuova sezione dedicata alla\u00a0<strong>gastronomia greca da asporto.<\/strong>\u00a0Da fine settembre sar\u00e0 possibile portare sulla tavola di casa specialit\u00e0 della tradizione casalinga greca come la\u00a0<em>Moussak\u00e0<\/em>\u00a0in teglia, le torte salate tipiche e una selezione di salse artigianali, tra cui il delicato\u00a0<em>Taramas<\/em>, il fresco\u00a0<em>Tzatziki<\/em>\u00a0e la cremosa e piccante\u00a0<em>Tyrokafteri<\/em>. Un\u2019occasione per scoprire, anche fuori dal ristorante, tutta la ricchezza e l\u2019autenticit\u00e0 della tavola ellenica.<br \/>\n<strong>Info &amp; Prenotazioni<\/strong>: T: 375 9051951 | E:\u00a0<a title=\"https:\/\/alessiarizzetto.us19.list-manage.com\/track\/click?u=efa3a1ba3a8febbe757a71b32&amp;id=37e54cbc45&amp;e=6a7fe3b735\" href=\"https:\/\/alessiarizzetto.us19.list-manage.com\/track\/click?u=efa3a1ba3a8febbe757a71b32&amp;id=37e54cbc45&amp;e=6a7fe3b735\" target=\"_blank\" rel=\"noopener noreferrer\" data-auth=\"NotApplicable\" data-linkindex=\"37\">info@vasiliki.world<\/a>\u00a0|\u00a0<a title=\"https:\/\/alessiarizzetto.us19.list-manage.com\/track\/click?u=efa3a1ba3a8febbe757a71b32&amp;id=453896f197&amp;e=6a7fe3b735\" href=\"https:\/\/alessiarizzetto.us19.list-manage.com\/track\/click?u=efa3a1ba3a8febbe757a71b32&amp;id=453896f197&amp;e=6a7fe3b735\" target=\"_blank\" rel=\"noopener noreferrer\" data-auth=\"NotApplicable\" data-linkindex=\"38\">vasilikikantina.superbexperience.com<\/a><\/span><\/p>\n<p>&nbsp;<\/p>\n<p>&nbsp;<\/p>\n","protected":false},"excerpt":{"rendered":"<p>ITINERarI DI SETTEMBRE Gli appuntamenti da non perdere tra cucina, mixology e design RADISSON COLLECTION HOTEL, PALAZZO NANI VENICE Dal 7 settembre, ogni domenica, dalle 12:30 alle 15:00, il\u00a0Radisson Collection Hotel, Palazzo Nani Venice\u00a0apre la sua corte storica per un esclusivo\u00a0\u201cBottomless Brunch\u201d: una proposta pensata per presentare agli ospiti un rituale di gusto e convivialit\u00e0, &hellip; <a href=\"https:\/\/www.gdapress.it\/it\/index.php\/76310\/enogastronomia\/itinerari-di-settembre-parte-terza.html\" class=\"more-link\">Read more <span class=\"screen-reader-text\">ITINERarI DI SETTEMBRE Parte terza<\/span><\/a><\/p>\n","protected":false},"author":1,"featured_media":76314,"comment_status":"closed","ping_status":"open","sticky":false,"template":"","format":"standard","meta":{"footnotes":""},"categories":[20],"tags":[26925,26919,26639,26456,26334,26926],"class_list":["post-76310","post","type-post","status-publish","format-standard","has-post-thumbnail","hentry","category-enogastronomia","tag-142-restaurant","tag-itinerari-di-settembre","tag-palazzo-nani-venice","tag-radisson-collection-hotel","tag-the-rome-edition","tag-vasiliki-kantina-gastronomia"],"_links":{"self":[{"href":"https:\/\/www.gdapress.it\/it\/index.php\/wp-json\/wp\/v2\/posts\/76310","targetHints":{"allow":["GET"]}}],"collection":[{"href":"https:\/\/www.gdapress.it\/it\/index.php\/wp-json\/wp\/v2\/posts"}],"about":[{"href":"https:\/\/www.gdapress.it\/it\/index.php\/wp-json\/wp\/v2\/types\/post"}],"author":[{"embeddable":true,"href":"https:\/\/www.gdapress.it\/it\/index.php\/wp-json\/wp\/v2\/users\/1"}],"replies":[{"embeddable":true,"href":"https:\/\/www.gdapress.it\/it\/index.php\/wp-json\/wp\/v2\/comments?post=76310"}],"version-history":[{"count":1,"href":"https:\/\/www.gdapress.it\/it\/index.php\/wp-json\/wp\/v2\/posts\/76310\/revisions"}],"predecessor-version":[{"id":76315,"href":"https:\/\/www.gdapress.it\/it\/index.php\/wp-json\/wp\/v2\/posts\/76310\/revisions\/76315"}],"wp:featuredmedia":[{"embeddable":true,"href":"https:\/\/www.gdapress.it\/it\/index.php\/wp-json\/wp\/v2\/media\/76314"}],"wp:attachment":[{"href":"https:\/\/www.gdapress.it\/it\/index.php\/wp-json\/wp\/v2\/media?parent=76310"}],"wp:term":[{"taxonomy":"category","embeddable":true,"href":"https:\/\/www.gdapress.it\/it\/index.php\/wp-json\/wp\/v2\/categories?post=76310"},{"taxonomy":"post_tag","embeddable":true,"href":"https:\/\/www.gdapress.it\/it\/index.php\/wp-json\/wp\/v2\/tags?post=76310"}],"curies":[{"name":"wp","href":"https:\/\/api.w.org\/{rel}","templated":true}]}}