
{"id":76268,"date":"2025-09-03T19:24:21","date_gmt":"2025-09-03T17:24:21","guid":{"rendered":"https:\/\/www.gdapress.it\/it\/?p=76268"},"modified":"2025-09-03T19:24:21","modified_gmt":"2025-09-03T17:24:21","slug":"festivaletteratura-29a-edizione-mantova","status":"publish","type":"post","link":"https:\/\/www.gdapress.it\/it\/index.php\/76268\/libri\/festivaletteratura-29a-edizione-mantova.html","title":{"rendered":"Festivaletteratura  29\u00aa edizione Mantova"},"content":{"rendered":"<p class=\"x_styles__Wrapper-sc-rro6sa-0 x_hUwWif\"><span data-olk-copy-source=\"MessageBody\"><img loading=\"lazy\" decoding=\"async\" class=\"alignleft size-large wp-image-76269\" src=\"http:\/\/www.gdapress.it\/it\/..\/public\/it\/2025\/09\/large-thumb-500x333.gif\" alt=\"\" width=\"500\" height=\"333\" srcset=\"https:\/\/www.gdapress.it\/it\/..\/public\/it\/2025\/09\/large-thumb-500x333.gif 500w, https:\/\/www.gdapress.it\/it\/..\/public\/it\/2025\/09\/large-thumb-300x200.gif 300w, https:\/\/www.gdapress.it\/it\/..\/public\/it\/2025\/09\/large-thumb-768x512.gif 768w, https:\/\/www.gdapress.it\/it\/..\/public\/it\/2025\/09\/large-thumb-1536x1024.gif 1536w, https:\/\/www.gdapress.it\/it\/..\/public\/it\/2025\/09\/large-thumb-720x480.gif 720w, https:\/\/www.gdapress.it\/it\/..\/public\/it\/2025\/09\/large-thumb-272x182.gif 272w\" sizes=\"auto, (max-width: 500px) 100vw, 500px\" \/>Festivaletteratura<\/span><\/p>\n<p class=\"x_styles__Wrapper-sc-rro6sa-0 x_hUwWif\">29\u00aa edizione<\/p>\n<p class=\"x_styles__Wrapper-sc-rro6sa-0 x_hUwWif\">3 &#8211; 7 settembre 2025<\/p>\n<p class=\"x_styles__Wrapper-sc-rro6sa-0 x_hUwWif\">Con il tradizionale saluto in piazza Sordello\u00a0 si \u00e8 aperta\u00a0 la ventinovesima edizione del Festival con oltre 330 incontri in programma, di cui il 40% gi\u00e0 sold out, e pi\u00f9 di 300 ospiti da tutto il mondo<\/p>\n<p class=\"x_styles__Wrapper-sc-rro6sa-0 x_hUwWif\">Dal palco il Comitato e le autorit\u00e0 cittadine e regionali ringraziano la citt\u00e0, il pubblico, le istituzioni, gli sponsor e tutti coloro che ogni anno rendono possibile una manifestazione amata, seguita, imitata il cui successo nasce dall\u2019apertura a tutte le idee, dalla cura del pensiero creativo, da innovazione e libero confronto<\/p>\n<p class=\"x_styles__Wrapper-sc-rro6sa-0 x_hUwWif\">\u00a0Gioved\u00ec 4 settembre tra gli ospiti della seconda giornata<\/p>\n<p class=\"x_styles__Wrapper-sc-rro6sa-0 x_hUwWif\">la narratrice Irene Sol\u00e0, la scrittrice Fatma Aydemir, il poeta e narratore Ocean Vuong, l\u2019esperto di folklore islandese Gunnar Helgasson, la fumettista Yi Tang,<\/p>\n<p class=\"x_styles__Wrapper-sc-rro6sa-0 x_hUwWif\">il saggista e drammaturgo Lukas B\u00e4rfuss, Marcello Fois e Carlo Lucarelli con il loro talento romanzesco tra misteri e saghe familiari, l\u2019artista DonPasta<\/p>\n<p class=\"x_styles__Wrapper-sc-rro6sa-0 x_hUwWif\">e il campione Alessandro Billy Costacurta.<\/p>\n<p class=\"x_styles__Wrapper-sc-rro6sa-0 x_hUwWif\">Sar\u00e0 anche il primo giorno di attivit\u00e0 per i ragazzi che partecipano a Sognare Forte al Forte di Pietole, del primo appuntamento con Festivaletteratura 1525 dedicato ai bestseller dell\u2019anno in cui nacque Palazzo Te, del format Christie e i suoi clan, dedicato all\u2019indiscussa regina del giallo, e di fuoco sacro della scrittura, mentre il musicista e producer Bruno Bellissimo dar\u00e0 il via ai live djset di VOLUME!<\/p>\n<p class=\"x_styles__Wrapper-sc-rro6sa-0 x_hUwWif\"><a class=\"x_styles__A-sc-15ges52-0 x_bDGlzB\" title=\"https:\/\/1hd4m9rp.r.eu-west-1.awstrack.me\/L0\/https:%2F%2Fapi.artshell.eu%2Fr%3Fd=68b857400463094d117f182f%26u=U2FsdGVkX1%252B%252Ff5QJlbu7Gp21JhUUG7hMvBcRn3d8kHeTkTeHfMGkiLo8LSWoNM7VtA6xdKXxKh4UMO%252F1B5xtPg%253D%253D\/1\/010201991014d469-238109f5-60f2-4209-8dab-44068e31513a-000000\/oTrJaYDHcJ2nfmbz_Z7CSWZXSPQ=442\" href=\"https:\/\/1hd4m9rp.r.eu-west-1.awstrack.me\/L0\/https:%2F%2Fapi.artshell.eu%2Fr%3Fd=68b857400463094d117f182f%26u=U2FsdGVkX1%252B%252Ff5QJlbu7Gp21JhUUG7hMvBcRn3d8kHeTkTeHfMGkiLo8LSWoNM7VtA6xdKXxKh4UMO%252F1B5xtPg%253D%253D\/1\/010201991014d469-238109f5-60f2-4209-8dab-44068e31513a-000000\/oTrJaYDHcJ2nfmbz_Z7CSWZXSPQ=442\" target=\"_blank\" rel=\"noopener noreferrer\" data-auth=\"NotApplicable\" data-linkindex=\"1\">www.festivaletteratura.it<\/a><\/p>\n<p class=\"x_styles__Wrapper-sc-rro6sa-0 x_hUwWif\" aria-hidden=\"true\">\n<table border=\"0\" width=\"100%\" cellspacing=\"0\" cellpadding=\"0\">\n<tbody>\n<tr>\n<td class=\"x_styles__Wrapper-sc-rro6sa-0 x_hUwWif\" width=\"100%\">\n<hr width=\"580\" \/>\n<\/td>\n<\/tr>\n<\/tbody>\n<\/table>\n<p class=\"x_styles__Wrapper-sc-rro6sa-0 x_hUwWif\">\u00a0&#8220;Partiamo da qui oggi, come ogni settembre per un viaggio, breve ma anche molto lungo, lungo cinque giorni. &#8211; Dice Laura Baccaglioni Presidente del Comitato Festivaletteratura dal palco di Piazza Sordello a Mantova, nel corso del tradizionale saluto di benvenuto che inaugura la manifestazione. &#8211; Come sempre, come in tutti questi anni, \u00e8 la letteratura la nostra compagna di viaggio, ma siamo noi a scegliere le tappe e decidere se e dove sostare, quando proseguire oltre o indugiare, cosa seguire per capire meglio i mondi lontani ma anche quelli vicini a noi, individuare percorsi nuovi, sempre attenti e attente ad una realt\u00e0 che ci si dipana davanti, che si mostra in questo viaggio con sfaccettature inedite, inaspettate, a volte del tutto nuove, che ci incuriosisce sempre, ci chiede di pensare e ripensare, ci fa preoccupare ma anche sorridere, e spesso anche fare due risate, ma sempre ci spinge ad andare avanti, magari a sostare un po\u2019, a volte anche tornare indietro per capire meglio. Tappe imprescindibili, le guerre, Gaza e la Palestina, l\u2019ambiente, la storia, la poesia, la musica, il teatro, i romanzi, l\u2019ecologia, l\u2019IA, lo sport, la salute e mi fermo qui ma l\u2019elenco \u00e8 ricchissimo. Per ognuno di noi il Festival \u00e8 questo e quando termina lascia sempre dentro suggestioni, pensieri, emozioni, e voglia di andare avanti&#8221;<\/p>\n<p class=\"x_styles__Wrapper-sc-rro6sa-0 x_hUwWif\">Accompagnata sul palco dal Presidente della Provincia di Mantova\u00a0Carlo Bottani, dall\u2019Assessore all\u2019Agricoltura, Sovranit\u00e0 alimentare e Foreste\u00a0della Regione Lombardia\u00a0Alessandro Beduschi\u00a0e dal Sindaco di Mantova\u00a0Mattia Palazzi,\u00a0la Presidente ha ringraziato tutti coloro che con una organizzazione perfetta rendono possibile ogni anno la manifestazione (il comitato direttivo, la segreteria organizzativa, il gruppo di programma, l\u2019archivio, l\u2019associazione Filofestival) e gli oltre\u00a0550 volontari, e ha voluto sottolineare la qualit\u00e0 diversa, gli spazi bellissimi, la grande attenzione del pubblico e la calda accoglienza della citt\u00e0 che caratterizzano\u00a0Festivaletteratura\u00a0e che offrono sguardi inediti sulla citt\u00e0, sul suo territorio e sul mondo.<\/p>\n<p class=\"x_styles__Wrapper-sc-rro6sa-0 x_hUwWif\">\u00c8 ufficialmente iniziata la ventinovesima edizione del Festival!<\/p>\n<p>https:\/\/www.festivaletteratura.it\/it\/2025\/eventi<\/p>\n<table border=\"0\" width=\"100%\" cellspacing=\"0\" cellpadding=\"0\">\n<tbody>\n<tr>\n<td class=\"x_styles__Wrapper-sc-rro6sa-0 x_hUwWif\" width=\"100%\"><\/td>\n<\/tr>\n<\/tbody>\n<\/table>\n","protected":false},"excerpt":{"rendered":"<p>Festivaletteratura 29\u00aa edizione 3 &#8211; 7 settembre 2025 Con il tradizionale saluto in piazza Sordello\u00a0 si \u00e8 aperta\u00a0 la ventinovesima edizione del Festival con oltre 330 incontri in programma, di cui il 40% gi\u00e0 sold out, e pi\u00f9 di 300 ospiti da tutto il mondo Dal palco il Comitato e le autorit\u00e0 cittadine e regionali &hellip; <a href=\"https:\/\/www.gdapress.it\/it\/index.php\/76268\/libri\/festivaletteratura-29a-edizione-mantova.html\" class=\"more-link\">Read more <span class=\"screen-reader-text\">Festivaletteratura  29\u00aa edizione Mantova<\/span><\/a><\/p>\n","protected":false},"author":1,"featured_media":76271,"comment_status":"closed","ping_status":"open","sticky":false,"template":"","format":"standard","meta":{"footnotes":""},"categories":[2245,6],"tags":[18518,26910,1216],"class_list":["post-76268","post","type-post","status-publish","format-standard","has-post-thumbnail","hentry","category-appuntamenti","category-libri","tag-festivaletteratura","tag-laura-baccaglioni","tag-mantova"],"_links":{"self":[{"href":"https:\/\/www.gdapress.it\/it\/index.php\/wp-json\/wp\/v2\/posts\/76268","targetHints":{"allow":["GET"]}}],"collection":[{"href":"https:\/\/www.gdapress.it\/it\/index.php\/wp-json\/wp\/v2\/posts"}],"about":[{"href":"https:\/\/www.gdapress.it\/it\/index.php\/wp-json\/wp\/v2\/types\/post"}],"author":[{"embeddable":true,"href":"https:\/\/www.gdapress.it\/it\/index.php\/wp-json\/wp\/v2\/users\/1"}],"replies":[{"embeddable":true,"href":"https:\/\/www.gdapress.it\/it\/index.php\/wp-json\/wp\/v2\/comments?post=76268"}],"version-history":[{"count":1,"href":"https:\/\/www.gdapress.it\/it\/index.php\/wp-json\/wp\/v2\/posts\/76268\/revisions"}],"predecessor-version":[{"id":76272,"href":"https:\/\/www.gdapress.it\/it\/index.php\/wp-json\/wp\/v2\/posts\/76268\/revisions\/76272"}],"wp:featuredmedia":[{"embeddable":true,"href":"https:\/\/www.gdapress.it\/it\/index.php\/wp-json\/wp\/v2\/media\/76271"}],"wp:attachment":[{"href":"https:\/\/www.gdapress.it\/it\/index.php\/wp-json\/wp\/v2\/media?parent=76268"}],"wp:term":[{"taxonomy":"category","embeddable":true,"href":"https:\/\/www.gdapress.it\/it\/index.php\/wp-json\/wp\/v2\/categories?post=76268"},{"taxonomy":"post_tag","embeddable":true,"href":"https:\/\/www.gdapress.it\/it\/index.php\/wp-json\/wp\/v2\/tags?post=76268"}],"curies":[{"name":"wp","href":"https:\/\/api.w.org\/{rel}","templated":true}]}}