
{"id":76254,"date":"2025-09-01T14:13:09","date_gmt":"2025-09-01T12:13:09","guid":{"rendered":"https:\/\/www.gdapress.it\/it\/?p=76254"},"modified":"2025-09-01T14:13:09","modified_gmt":"2025-09-01T12:13:09","slug":"mito-settembremusica-2025-rivoluzioni-2","status":"publish","type":"post","link":"https:\/\/www.gdapress.it\/it\/index.php\/76254\/musica\/mito-settembremusica-2025-rivoluzioni-2.html","title":{"rendered":"MITO SETTEMBREMUSICA 2025 RIVOLUZIONI"},"content":{"rendered":"<p>MITO SETTEMBREMUSICA 2025<br \/>\nRIVOLUZIONI<br \/>\n<img loading=\"lazy\" decoding=\"async\" class=\"alignleft size-large wp-image-76255\" src=\"http:\/\/www.gdapress.it\/it\/..\/public\/it\/2025\/09\/foto_milano-nodata-it-225x400.jpg\" alt=\"\" width=\"225\" height=\"400\" srcset=\"https:\/\/www.gdapress.it\/it\/..\/public\/it\/2025\/09\/foto_milano-nodata-it-225x400.jpg 225w, https:\/\/www.gdapress.it\/it\/..\/public\/it\/2025\/09\/foto_milano-nodata-it-169x300.jpg 169w, https:\/\/www.gdapress.it\/it\/..\/public\/it\/2025\/09\/foto_milano-nodata-it.jpg 338w\" sizes=\"auto, (max-width: 225px) 100vw, 225px\" \/><img loading=\"lazy\" decoding=\"async\" class=\"alignleft size-large wp-image-76256\" src=\"http:\/\/www.gdapress.it\/it\/..\/public\/it\/2025\/09\/foto_torino-nodata-it-225x400.jpg\" alt=\"\" width=\"225\" height=\"400\" srcset=\"https:\/\/www.gdapress.it\/it\/..\/public\/it\/2025\/09\/foto_torino-nodata-it-225x400.jpg 225w, https:\/\/www.gdapress.it\/it\/..\/public\/it\/2025\/09\/foto_torino-nodata-it-169x300.jpg 169w, https:\/\/www.gdapress.it\/it\/..\/public\/it\/2025\/09\/foto_torino-nodata-it.jpg 338w\" sizes=\"auto, (max-width: 225px) 100vw, 225px\" \/>Al via la nuova edizione del festival che unisce Milano e Torino in un\u2019unica grande proposta<br \/>\nculturale comune<br \/>\nIl 3 settembre all\u2019Auditorium del Lingotto la Filarmonica della Scala diretta da Myung-Whun<br \/>\nChung apre la programmazione nel capoluogo piemontese, mentre il 4 settembre \u00e8 la London<br \/>\nSymphony Orchestra con Sir Antonio Pappano a dare il via al calendario meneghino<br \/>\nIl programma si dipana lungo quattro perimetri tematici per indagare la musica di ieri e di oggi, da<br \/>\nVivaldi e Bach a \u0160ostakovi\u010d, Berio, Saunders e Moussa, dalla tradizione corale sacra occidentale<br \/>\nalle tradizioni musicali orientali, dai tempi di pace e di guerra ai fenomeni migratori<br \/>\nA Torino e Milano dal 3 al 18 settembre 2025<br \/>\n\u00c8 in programma a Torino, mercoled\u00ec 3 settembre, all\u2019Auditorium Giovanni Agnelli del Lingotto<br \/>\n(ore 20), la serata inaugurale di MITO SettembreMusica 2025, protagonista la Filarmonica<br \/>\ndella Scala diretta da Myung-Whun Chung: in apertura il Valzer n. 2 dalla Suite per orchestra di<br \/>\nvariet\u00e0 di \u0160ostakovi\u010d seguita dal Secondo Concerto per pianoforte di Rachmaninov con il pianista<br \/>\nMao Fujita e la \u201cPatetica\u201d di \u010cajkovskij.<br \/>\nIl giorno successivo, gioved\u00ec 4 settembre, sar\u00e0 la volta di Milano, al Teatro alla Scala, dove Sir<br \/>\nAntonio Pappano diriger\u00e0 la London Symphony Orchestra nell\u2019Ouverture da Candide di<br \/>\nBernstein, nel Secondo Concerto di Prokof\u2019ev con la star sud-coreana Seong-Jin Cho e quindi nella<br \/>\nTerza Sinfonia di Copland. Entrambe le serate d\u2019apertura si realizzano grazie al Presenting Partner<br \/>\nIntesa Sanpaolo.<br \/>\nI programmi musicali dei due concerti rientrano nel tema indicato dal direttore artistico Giorgio<br \/>\nBattistelli per questa diciannovesima edizione di MITO SettembreMusica 2025 e cio\u00e8 Rivoluzioni.<br \/>\nDal 3 al 18 settembre, Milano e Torino saranno cos\u00ec di nuovo unite da un\u2019unica grande proposta<br \/>\nculturale, tra concerti sinfonici, musica da camera, spettacoli per bambini, proposte<br \/>\nmultidisciplinari: 67 appuntamenti per un programma che attraversa epoche e generi, classici e<br \/>\nprime assolute, sollecitando il pubblico alla costruzione di un proprio percorso originale attraverso<br \/>\nquattro declinazioni del tema \u2013 \u201cMitja e gli altri\u201d, \u201cBerio e le avanguardie\u201d, \u201cRivoluzioni \u2013<br \/>\ntempi di guerra, tempi di pace\u201d, \u201cAscoltare con gli occhi\u201d \u2013 che corrispondono a perimetri<br \/>\ntematici dai contorni spesso labili o sovrapponibili.<br \/>\nNella sezione \u201cMitja e gli altri\u201d si celebra il cinquantenario della morte di Dmitrij \u0160ostakovi\u010d con,<br \/>\nprincipalmente, le sue sinfonie, l\u2019integrale dei quartetti, altre pagine cameristiche e una serie di<br \/>\nconcerti dedicati a musiche di suoi contemporanei di area sovietica e non solo, come Weinberg,<br \/>\nKancheli e Silvestrov.<br \/>\n\u201cBerio e le avanguardie\u201d ricorda il centenario della nascita di Luciano Berio con le interpretazioni<br \/>\ndi alcuni suoi brani iconici, due prime esecuzioni commissionate a Marcello Filotei e a Salvatore<br \/>\nFrega, e concerti che presenteranno sue musiche accanto a quelle di due figure cardine della musica<br \/>\nd\u2019avanguardia americana come John Cage e Julius Eastman, al quale \u00e8 dedicato Without Blood<br \/>\nThere Is No Cause &#8211; The body of Julius Eastman, spettacolo di musica, video e parole firmato dal<br \/>\nregista Fabio Cherstich con la drammaturgia musicale di Oscar Pizzo e i video di Francesco Sileo.<br \/>\n\u201cRivoluzioni: tempi di guerra, tempi di pace\u201d racchiude musica che vuole rasserenare in tempi di<br \/>\nconflitti o forse musica che prova a riconciliare gli opposti: dalla Sinfonia n. 1 \u201cConcordia\u201d di<br \/>\nSamy Moussa all\u2019oratorio Juditha triumphans di Vivaldi alla messa laica The Armed Man di Karl<br \/>\nJenkins, passando per la Sinfonia n. 4 di Nielsen e il ritorno di concerti corali.<br \/>\nIl perimetro \u201cAscoltare con gli occhi\u201d propone esperienze multisensoriali, concerti in spazi inediti e<br \/>\ninstallazioni in cui musica, immagine, parola e movimento si fondono: The Book of Women di<br \/>\nRiccardo Nova con l\u2019Ictus Ensemble e le voci di Irini Ensemble, Hauch #2 con Ensemble Modern e<br \/>\nCocoonDance Company, il progetto Nomadic di Telmo Pievani e Gianni Maroccolo sulla<br \/>\nbiodiversit\u00e0.<br \/>\nTra gli altri interpreti orchestre di rilievo come la Luzerner Sinfonieorchester con Michael<br \/>\nSanderling, l\u2019Orchestra Sinfonica Nazionale della Rai, la Holst Sinfonietta diretta da Klaus Simon,<br \/>\nla Sinfonica di Milano e I Pomeriggi Musicali, la Filarmonica e l\u2019Orchestra del Regio di Torino,<br \/>\nimportanti ensemble cameristici, artisti italiani di rilievo come Maurizio Baglini, Davide Cabassi,<br \/>\nMichele Marco Rossi, Alessandro Bonato, Alessandro Cadario, Tito Ceccherini, Manuel Zurria.<br \/>\nMITO SettembreMusica 2025 non si dimentica dei giovani esecutori e dei giovanissimi spettatori<br \/>\ncon cicli di concerti affidati ad alcuni studenti dei Conservatori locali e di corsi di perfezionamento,<br \/>\nla favola Una vita in musica: Amad\u00e9 e Nannerl, un viaggio alla scoperta della musica classica<br \/>\nattraverso la vita dei due fratelli Mozart e Falstaff: burattini e burle tratto dall\u2019opera di Verdi, una<br \/>\nproduzione AsLiCo &#8211; Opera Kids.<br \/>\nNel 2025, a Torino, giunge alla XVII edizione anche MITO per la Citt\u00e0, programmazione che si<br \/>\naffianca a quella principale di MITO SettembreMusica per coinvolgere anche chi, per varie ragioni<br \/>\no impedimenti, non ha la possibilit\u00e0 di partecipare al festival<br \/>\nMITO SettembreMusica \u00e8 un progetto delle Citt\u00e0 di Torino e Milano, con il contributo del Ministero della Cultura,<br \/>\nrealizzato dalla Fondazione per la Cultura Torino e dalla Fondazione I Pomeriggi Musicali, con il sostegno sin dalla<br \/>\nprima edizione del Partner Intesa Sanpaolo, della Fondazione Compagnia di San Paolo e della Fondazione CRT, degli<br \/>\nsponsor Iren, Pirelli, Fondazione Fiera Milano, Altec, e del Charity Partner Fondazione Piemontese per la Ricerca sul<br \/>\nCancro.<br \/>\nLa Rai con Rai Cultura, Rai 5 e Radio3 sono Media partner del Festival.<\/p>\n<p>Costo dei biglietti<br \/>\nconcerti a Milano &gt; da euro 2 a euro 50<br \/>\nconcerti a Torino &gt; da euro 1 a euro 45<br \/>\nSono previsti carnet e varie tipologie di pass<br \/>\nBiglietteria online<br \/>\nticketone.it (concerti a Milano)<br \/>\nvivaticket.it (concerti a Torino)<br \/>\nMilano<br \/>\nBiglietteria TicketOne &#8211; Teatro Dal Verme<br \/>\nvia San Giovanni sul Muro, 2 &#8211; Milano<br \/>\nTel. +39 02 87905 201<br \/>\nbiglietteriamito@ipomeriggi.it<br \/>\nLa biglietteria \u00e8 aperta da marted\u00ec a sabato ore 10-18<\/p>\n<p>Torino<br \/>\nUrban Lab<br \/>\npiazza Palazzo di Citt\u00e0 8\/F &#8211; Torino<br \/>\n+ 39 011 011 24777<br \/>\nsmtickets@comune.torino.it<br \/>\nLa biglietteria \u00e8 aperta da marted\u00ec a sabato ore 10.30-18.00 (da marted\u00ec 2 a mercoled\u00ec 17 settembre tutti i giorni)<\/p>\n<p>Se ancora disponibili, i biglietti saranno messi in vendita anche il giorno del concerto, a partire da 45 minuti prima<br \/>\ndell\u2019inizio presso la biglietteria della relativa sede.<\/p>\n<p>Fondazione per la Cultura Torino Via Meucci, 4 -10121 Torino &#8211; T. +39 011 011 24703<br \/>\nFondazione I Pomeriggi Musicali Via S. Giovanni sul Muro, 2 &#8211; 20121 Milano \u2013 T. +39 02 87905<br \/>\nwww.mitosettembremusica.it<br \/>\nwww.mitosettembremusica.it<\/p>\n","protected":false},"excerpt":{"rendered":"<p>MITO SETTEMBREMUSICA 2025 RIVOLUZIONI Al via la nuova edizione del festival che unisce Milano e Torino in un\u2019unica grande proposta culturale comune Il 3 settembre all\u2019Auditorium del Lingotto la Filarmonica della Scala diretta da Myung-Whun Chung apre la programmazione nel capoluogo piemontese, mentre il 4 settembre \u00e8 la London Symphony Orchestra con Sir Antonio Pappano &hellip; <a href=\"https:\/\/www.gdapress.it\/it\/index.php\/76254\/musica\/mito-settembremusica-2025-rivoluzioni-2.html\" class=\"more-link\">Read more <span class=\"screen-reader-text\">MITO SETTEMBREMUSICA 2025 RIVOLUZIONI<\/span><\/a><\/p>\n","protected":false},"author":1,"featured_media":76257,"comment_status":"closed","ping_status":"open","sticky":false,"template":"","format":"standard","meta":{"footnotes":""},"categories":[19],"tags":[26897,14542,17,26868,21591,26896,26898,3853,29],"class_list":["post-76254","post","type-post","status-publish","format-standard","has-post-thumbnail","hentry","category-musica","tag-auditorium-del-lingotto","tag-filarmonica-della-scala","tag-milano","tag-mito-settembremusica-2025","tag-myung-whun-chung","tag-rivoluzioni","tag-sir-antonio-pappano","tag-teatro-alla-scala","tag-torino"],"_links":{"self":[{"href":"https:\/\/www.gdapress.it\/it\/index.php\/wp-json\/wp\/v2\/posts\/76254","targetHints":{"allow":["GET"]}}],"collection":[{"href":"https:\/\/www.gdapress.it\/it\/index.php\/wp-json\/wp\/v2\/posts"}],"about":[{"href":"https:\/\/www.gdapress.it\/it\/index.php\/wp-json\/wp\/v2\/types\/post"}],"author":[{"embeddable":true,"href":"https:\/\/www.gdapress.it\/it\/index.php\/wp-json\/wp\/v2\/users\/1"}],"replies":[{"embeddable":true,"href":"https:\/\/www.gdapress.it\/it\/index.php\/wp-json\/wp\/v2\/comments?post=76254"}],"version-history":[{"count":1,"href":"https:\/\/www.gdapress.it\/it\/index.php\/wp-json\/wp\/v2\/posts\/76254\/revisions"}],"predecessor-version":[{"id":76258,"href":"https:\/\/www.gdapress.it\/it\/index.php\/wp-json\/wp\/v2\/posts\/76254\/revisions\/76258"}],"wp:featuredmedia":[{"embeddable":true,"href":"https:\/\/www.gdapress.it\/it\/index.php\/wp-json\/wp\/v2\/media\/76257"}],"wp:attachment":[{"href":"https:\/\/www.gdapress.it\/it\/index.php\/wp-json\/wp\/v2\/media?parent=76254"}],"wp:term":[{"taxonomy":"category","embeddable":true,"href":"https:\/\/www.gdapress.it\/it\/index.php\/wp-json\/wp\/v2\/categories?post=76254"},{"taxonomy":"post_tag","embeddable":true,"href":"https:\/\/www.gdapress.it\/it\/index.php\/wp-json\/wp\/v2\/tags?post=76254"}],"curies":[{"name":"wp","href":"https:\/\/api.w.org\/{rel}","templated":true}]}}