
{"id":76197,"date":"2025-06-14T17:57:40","date_gmt":"2025-06-14T15:57:40","guid":{"rendered":"https:\/\/www.gdapress.it\/it\/?p=76197"},"modified":"2025-06-15T09:43:29","modified_gmt":"2025-06-15T07:43:29","slug":"italia-amore-mio-viaggio-fotografico-di-gianfranco-jannuzzo","status":"publish","type":"post","link":"https:\/\/www.gdapress.it\/it\/index.php\/76197\/arte\/italia-amore-mio-viaggio-fotografico-di-gianfranco-jannuzzo.html","title":{"rendered":"\u201cItalia amore mio\u201d viaggio fotografico di Gianfranco Jannuzzo"},"content":{"rendered":"<p><a href=\"http:\/\/www.gdapress.it\/it\/..\/public\/it\/2025\/06\/Milano-15-Giu-2017-Nipotino-con-serpente-negativo-0984-1.tif\"><img decoding=\"async\" class=\"alignleft size-full wp-image-76203\" src=\"http:\/\/www.gdapress.it\/it\/..\/public\/it\/2025\/06\/Milano-15-Giu-2017-Nipotino-con-serpente-negativo-0984-1.tif\" alt=\"\" \/><\/a> <img loading=\"lazy\" decoding=\"async\" class=\"alignleft size-large wp-image-76215\" src=\"http:\/\/www.gdapress.it\/it\/..\/public\/it\/2025\/06\/Immagine-WhatsApp-2025-06-14-ore-12.11.14_4e399443-283x400.jpg\" alt=\"\" width=\"283\" height=\"400\" srcset=\"https:\/\/www.gdapress.it\/it\/..\/public\/it\/2025\/06\/Immagine-WhatsApp-2025-06-14-ore-12.11.14_4e399443-283x400.jpg 283w, https:\/\/www.gdapress.it\/it\/..\/public\/it\/2025\/06\/Immagine-WhatsApp-2025-06-14-ore-12.11.14_4e399443-212x300.jpg 212w, https:\/\/www.gdapress.it\/it\/..\/public\/it\/2025\/06\/Immagine-WhatsApp-2025-06-14-ore-12.11.14_4e399443-768x1086.jpg 768w, https:\/\/www.gdapress.it\/it\/..\/public\/it\/2025\/06\/Immagine-WhatsApp-2025-06-14-ore-12.11.14_4e399443.jpg 959w\" sizes=\"auto, (max-width: 283px) 100vw, 283px\" \/><\/p>\n<p>Gianfranco\u00a0 Jannuzzo continua il suo viaggio per immagini e ci regala un quadro\u00a0 fotografico fatto di mille e pi\u00f9 istantanee di una &#8220;Italia&#8221; cogliendone con sensibilit\u00e0\u00a0 la pluralit\u00e0 delle sue genti, i colori delle sue strade, gli scorci dei suoi angoli, la diversit\u00e0 della sua diversit\u00e0 nel mondo e il suo essere sempre pronta ad essere un porto\u00a0 per chi la ama.<\/p>\n<p>&nbsp;<\/p>\n<p>&nbsp;<\/p>\n<p>Il libro si dispiega nella prefazione di <span class=\"\">Angelo Callipo :<\/span><\/p>\n<p class=\"x_MsoNormal\"><span class=\"\" data-olk-copy-source=\"MessageBody\">&#8220;Era il 1861 quando Massimo D\u2019Azeglio pronunciava la frase che sarebbe passata alla storia: \u201cAbbiamo fatto l\u2019Italia, dobbiamo fare gli Italiani\u201d. <\/span><span class=\"\">A centosessantaquattro anni di distanza indagare, scoprire, perfino svelare gli italiani pu\u00f2 diventare un viaggio affascinante e pieno di magia, soprattutto se si accantona la pretesa di tracciare un panorama antropologico o politico, ma ci si arma piuttosto della profonda consapevolezza che la nostra identit\u00e0 collettiva altro non \u00e8 che un incontro di singoli, di vite, di presenze.<\/span><\/p>\n<p class=\"x_MsoNormal\"><span class=\"\"><img loading=\"lazy\" decoding=\"async\" class=\"alignleft size-large wp-image-76205\" src=\"http:\/\/www.gdapress.it\/it\/..\/public\/it\/2025\/06\/36-Roma-16-Mar-2019-Via-Latina-Pizzeria-taglia-la-pizza-al-Papa\u00a6C-copia-500x380.jpg\" alt=\"\" width=\"500\" height=\"380\" srcset=\"https:\/\/www.gdapress.it\/it\/..\/public\/it\/2025\/06\/36-Roma-16-Mar-2019-Via-Latina-Pizzeria-taglia-la-pizza-al-Papa\u00a6C-copia-500x380.jpg 500w, https:\/\/www.gdapress.it\/it\/..\/public\/it\/2025\/06\/36-Roma-16-Mar-2019-Via-Latina-Pizzeria-taglia-la-pizza-al-Papa\u00a6C-copia-300x228.jpg 300w, https:\/\/www.gdapress.it\/it\/..\/public\/it\/2025\/06\/36-Roma-16-Mar-2019-Via-Latina-Pizzeria-taglia-la-pizza-al-Papa\u00a6C-copia-768x584.jpg 768w, https:\/\/www.gdapress.it\/it\/..\/public\/it\/2025\/06\/36-Roma-16-Mar-2019-Via-Latina-Pizzeria-taglia-la-pizza-al-Papa\u00a6C-copia-1536x1167.jpg 1536w, https:\/\/www.gdapress.it\/it\/..\/public\/it\/2025\/06\/36-Roma-16-Mar-2019-Via-Latina-Pizzeria-taglia-la-pizza-al-Papa\u00a6C-copia-2048x1557.jpg 2048w\" sizes=\"auto, (max-width: 500px) 100vw, 500px\" \/><\/span><\/p>\n<p>&nbsp;<\/p>\n<p class=\"x_MsoNormal\"><span class=\"\">Gianfranco Jannuzzo percorre le strade di citt\u00e0, che siano del sud o del nord di questo bel paese ha davvero poca importanza, e cattura sguardi, volti, sorrisi, gesti, sollevandoli dal loro anonimato e mostrandoceli nella loro entit\u00e0 di concrete esistenze, come se di queste concrete esistenze fossero quei sorrisi o quegli sguardi solo e nient\u2019altro che segni particolari. Cos\u00ec, la dimensione collettiva passa attraverso il riconoscimento del singolo e riconoscere il singolo significa, in fondo, riconoscere ci\u00f2 che rende ognuno di noi uguale e diverso dall\u2019altro.<\/span><\/p>\n<p class=\"x_MsoNormal\"><span class=\"\"><img loading=\"lazy\" decoding=\"async\" class=\"alignleft size-full wp-image-76213\" src=\"http:\/\/www.gdapress.it\/it\/..\/public\/it\/2025\/06\/8-Milano-16-Set-2019-Corso-Vittorio-Emanuele-II-\u2013-Gemelle-copia.jpg\" alt=\"\" width=\"207\" height=\"321\" srcset=\"https:\/\/www.gdapress.it\/it\/..\/public\/it\/2025\/06\/8-Milano-16-Set-2019-Corso-Vittorio-Emanuele-II-\u2013-Gemelle-copia.jpg 207w, https:\/\/www.gdapress.it\/it\/..\/public\/it\/2025\/06\/8-Milano-16-Set-2019-Corso-Vittorio-Emanuele-II-\u2013-Gemelle-copia-193x300.jpg 193w\" sizes=\"auto, (max-width: 207px) 100vw, 207px\" \/> <img loading=\"lazy\" decoding=\"async\" class=\"alignleft size-large wp-image-76211\" src=\"http:\/\/www.gdapress.it\/it\/..\/public\/it\/2025\/06\/25-Milano-16-Set-2019-Corso-Vittorio-Emanuele-II-Mamma-con-bambino-pieta\u0300-copia.tiff\" alt=\"\" width=\"1\" height=\"1\" \/> <img loading=\"lazy\" decoding=\"async\" class=\"alignleft size-large wp-image-76212\" src=\"http:\/\/www.gdapress.it\/it\/..\/public\/it\/2025\/06\/15-Venezia-Feb-1983-Maschere-copia-1-500x333.jpg\" alt=\"\" width=\"500\" height=\"333\" srcset=\"https:\/\/www.gdapress.it\/it\/..\/public\/it\/2025\/06\/15-Venezia-Feb-1983-Maschere-copia-1-500x333.jpg 500w, https:\/\/www.gdapress.it\/it\/..\/public\/it\/2025\/06\/15-Venezia-Feb-1983-Maschere-copia-1-300x200.jpg 300w, https:\/\/www.gdapress.it\/it\/..\/public\/it\/2025\/06\/15-Venezia-Feb-1983-Maschere-copia-1-768x511.jpg 768w, https:\/\/www.gdapress.it\/it\/..\/public\/it\/2025\/06\/15-Venezia-Feb-1983-Maschere-copia-1-1536x1022.jpg 1536w, https:\/\/www.gdapress.it\/it\/..\/public\/it\/2025\/06\/15-Venezia-Feb-1983-Maschere-copia-1-2048x1363.jpg 2048w, https:\/\/www.gdapress.it\/it\/..\/public\/it\/2025\/06\/15-Venezia-Feb-1983-Maschere-copia-1-720x480.jpg 720w, https:\/\/www.gdapress.it\/it\/..\/public\/it\/2025\/06\/15-Venezia-Feb-1983-Maschere-copia-1-272x182.jpg 272w\" sizes=\"auto, (max-width: 500px) 100vw, 500px\" \/><\/span><\/p>\n<p>&nbsp;<\/p>\n<p>&nbsp;<\/p>\n<p>&nbsp;<\/p>\n<p>&nbsp;<\/p>\n<p>&nbsp;<\/p>\n<p>&nbsp;<\/p>\n<p>&nbsp;<\/p>\n<p>&nbsp;<\/p>\n<p>&nbsp;<\/p>\n<p class=\"x_MsoNormal\" style=\"text-align: left;\"><span class=\"\">Cosa lega i tre clown appoggiati a una colonna alle due gemelle vestite di bianco? Cosa unisce l\u2019uomo che con gesto tenerissimo taglia la pizza all\u2019anziano padre con la madre che, seduta su una panchina, regge tra le braccia il proprio figlio? Cosa fa intrecciare tra loro le linee verticali del Colosseo quadrato a Roma con la sinuosa morbidezza di Piazza Unit\u00e0 D\u2019Italia a Trieste? Forse niente, forse tutto. <\/span><\/p>\n<p class=\"x_MsoNormal\" style=\"text-align: left;\"><span class=\"\">Preferisco immaginare che a collegarli, come su un\u2019immensa tavolozza con migliaia di puntini che aspettano solo di essere uniti, sia semplicemente il fatto che essi sono l\u00ec, in quel momento, con il carico della loro esistenza, con la loro tangibile unicit\u00e0, perch\u00e9 non c\u2019\u00e8 nulla di pi\u00f9 universalmente riconoscibile di fronte alla storia e nella storia che lo straripante infinito che ognuno di noi si porta dentro.<\/span><\/p>\n<p class=\"x_MsoNormal\"><span class=\"\"><img loading=\"lazy\" decoding=\"async\" class=\"alignleft size-large wp-image-76210\" src=\"http:\/\/www.gdapress.it\/it\/..\/public\/it\/2025\/06\/25-Milano-16-Set-2019-Corso-Vittorio-Emanuele-II-Mamma-con-bambino-pieta\u00a6C-copia-1-500x332.jpg\" alt=\"\" width=\"500\" height=\"332\" srcset=\"https:\/\/www.gdapress.it\/it\/..\/public\/it\/2025\/06\/25-Milano-16-Set-2019-Corso-Vittorio-Emanuele-II-Mamma-con-bambino-pieta\u00a6C-copia-1-500x332.jpg 500w, https:\/\/www.gdapress.it\/it\/..\/public\/it\/2025\/06\/25-Milano-16-Set-2019-Corso-Vittorio-Emanuele-II-Mamma-con-bambino-pieta\u00a6C-copia-1-300x199.jpg 300w, https:\/\/www.gdapress.it\/it\/..\/public\/it\/2025\/06\/25-Milano-16-Set-2019-Corso-Vittorio-Emanuele-II-Mamma-con-bambino-pieta\u00a6C-copia-1-768x510.jpg 768w, https:\/\/www.gdapress.it\/it\/..\/public\/it\/2025\/06\/25-Milano-16-Set-2019-Corso-Vittorio-Emanuele-II-Mamma-con-bambino-pieta\u00a6C-copia-1-1536x1019.jpg 1536w, https:\/\/www.gdapress.it\/it\/..\/public\/it\/2025\/06\/25-Milano-16-Set-2019-Corso-Vittorio-Emanuele-II-Mamma-con-bambino-pieta\u00a6C-copia-1-2048x1359.jpg 2048w, https:\/\/www.gdapress.it\/it\/..\/public\/it\/2025\/06\/25-Milano-16-Set-2019-Corso-Vittorio-Emanuele-II-Mamma-con-bambino-pieta\u00a6C-copia-1-720x480.jpg 720w, https:\/\/www.gdapress.it\/it\/..\/public\/it\/2025\/06\/25-Milano-16-Set-2019-Corso-Vittorio-Emanuele-II-Mamma-con-bambino-pieta\u00a6C-copia-1-272x182.jpg 272w\" sizes=\"auto, (max-width: 500px) 100vw, 500px\" \/><\/span><\/p>\n<p>&nbsp;<\/p>\n<p>&nbsp;<\/p>\n<p>&nbsp;<\/p>\n<p>&nbsp;<\/p>\n<p>&nbsp;<\/p>\n<p>&nbsp;<\/p>\n<p>&nbsp;<\/p>\n<p>&nbsp;<\/p>\n<p>&nbsp;<\/p>\n<p class=\"x_MsoNormal\"><span class=\"\">Gli stessi ritratti di Gigi Proietti, Rossella Falk, Franco Zeffirelli smettono di essere icone del tempo, volti del cinema o del teatro e si fanno ai nostri occhi uomini e donne, ci guardano senza vederci, ci parlano senza dire una parola, sono semplicemente persone, quelle che ami e che ti strappano una lacrima, un sorriso o un\u2019imprecazione.<\/span><\/p>\n<p class=\"x_MsoNormal\"><span class=\"\">Sono le persone il pi\u00f9 grande spettacolo cui si possa assistere, uno spettacolo irresistibile, come Gianfranco stesso ha pi\u00f9 volte dichiarato, sono quelle con cui ha sempre cercato un rapporto, con la macchina fotografica tra le mani o con le parole da un palcoscenico, sono le singole persone che a guardarle ci raccontano che siamo tutti, nessuno escluso, differenti e uguali tra di noi.<\/span><\/p>\n<p><img loading=\"lazy\" decoding=\"async\" class=\"alignleft size-large wp-image-76209\" src=\"http:\/\/www.gdapress.it\/it\/..\/public\/it\/2025\/06\/thumbnail_Italia-amore-mio-4-500x305.jpg\" alt=\"\" width=\"500\" height=\"305\" srcset=\"https:\/\/www.gdapress.it\/it\/..\/public\/it\/2025\/06\/thumbnail_Italia-amore-mio-4-500x305.jpg 500w, https:\/\/www.gdapress.it\/it\/..\/public\/it\/2025\/06\/thumbnail_Italia-amore-mio-4-300x183.jpg 300w, https:\/\/www.gdapress.it\/it\/..\/public\/it\/2025\/06\/thumbnail_Italia-amore-mio-4.jpg 600w\" sizes=\"auto, (max-width: 500px) 100vw, 500px\" \/><\/p>\n<p>&nbsp;<\/p>\n<p>&nbsp;<\/p>\n<p>&nbsp;<\/p>\n<p>&nbsp;<\/p>\n<p>&nbsp;<\/p>\n<p>&nbsp;<\/p>\n<p>&nbsp;<\/p>\n<p>&nbsp;<\/p>\n<p>&nbsp;<\/p>\n<p class=\"x_MsoNormal\"><span class=\"\">Perci\u00f2, forse, dopo centosessantaquattro anni l\u2019interrogativo di D\u2019Azeglio non chiede pi\u00f9 una risposta, ma solo un sguardo attento e affettuoso. Il punto non \u00e8 pi\u00f9 fare gli italiani, ma saperli guardare. E le foto di Gianfranco Jannuzzo sembrano dirci proprio questo: guardateli questi italiani, guardateli uno per uno e cos\u00ec non sar\u00e0 pi\u00f9 necessario andarli a cercare.&#8221;<\/span><\/p>\n<p><img loading=\"lazy\" decoding=\"async\" class=\"alignleft size-large wp-image-76207\" src=\"http:\/\/www.gdapress.it\/it\/..\/public\/it\/2025\/06\/Italia-500x343.jpg\" alt=\"\" width=\"500\" height=\"343\" srcset=\"https:\/\/www.gdapress.it\/it\/..\/public\/it\/2025\/06\/Italia-500x343.jpg 500w, https:\/\/www.gdapress.it\/it\/..\/public\/it\/2025\/06\/Italia-300x206.jpg 300w, https:\/\/www.gdapress.it\/it\/..\/public\/it\/2025\/06\/Italia.jpg 600w\" sizes=\"auto, (max-width: 500px) 100vw, 500px\" \/><\/p>\n<p>&nbsp;<\/p>\n<p><span data-olk-copy-source=\"MessageBody\">Il libro \u00e8 a cura di Fabrizio Somma <\/span><\/p>\n<p><span data-olk-copy-source=\"MessageBody\">Il libro ha ricevuto il patrocinio della Universit\u00e0 popolare di Trieste.<\/span><\/p>\n<p>&nbsp;<\/p>\n<p>Gianfranco Jannuzzo<\/p>\n<p>\u201cItalia amore mio\u201d<\/p>\n<p>Battello Stampatore<\/p>\n<p><img loading=\"lazy\" decoding=\"async\" class=\"alignleft size-large wp-image-76217\" src=\"http:\/\/www.gdapress.it\/it\/..\/public\/it\/2025\/06\/Milano-15-Giu-2017-Nipotino-con-serpente-negativo-0984-267x400.jpg\" alt=\"\" width=\"267\" height=\"400\" srcset=\"https:\/\/www.gdapress.it\/it\/..\/public\/it\/2025\/06\/Milano-15-Giu-2017-Nipotino-con-serpente-negativo-0984-267x400.jpg 267w, https:\/\/www.gdapress.it\/it\/..\/public\/it\/2025\/06\/Milano-15-Giu-2017-Nipotino-con-serpente-negativo-0984-200x300.jpg 200w, https:\/\/www.gdapress.it\/it\/..\/public\/it\/2025\/06\/Milano-15-Giu-2017-Nipotino-con-serpente-negativo-0984-768x1150.jpg 768w, https:\/\/www.gdapress.it\/it\/..\/public\/it\/2025\/06\/Milano-15-Giu-2017-Nipotino-con-serpente-negativo-0984-1026x1536.jpg 1026w, https:\/\/www.gdapress.it\/it\/..\/public\/it\/2025\/06\/Milano-15-Giu-2017-Nipotino-con-serpente-negativo-0984-1368x2048.jpg 1368w, https:\/\/www.gdapress.it\/it\/..\/public\/it\/2025\/06\/Milano-15-Giu-2017-Nipotino-con-serpente-negativo-0984-scaled.jpg 1709w\" sizes=\"auto, (max-width: 267px) 100vw, 267px\" \/><\/p>\n<p>&nbsp;<\/p>\n<p>&nbsp;<\/p>\n<p>&nbsp;<\/p>\n<p>&nbsp;<\/p>\n<p>&nbsp;<\/p>\n<p>&nbsp;<\/p>\n<p>&nbsp;<\/p>\n<p class=\"x_MsoNormal\"><span class=\"\">\u00a0<\/span><\/p>\n<p class=\"x_MsoNormal\"><span class=\"\">\u00a0 \u00a0 \u00a0 \u00a0 \u00a0 \u00a0 \u00a0 \u00a0 \u00a0 \u00a0 \u00a0 \u00a0 \u00a0 \u00a0 \u00a0 \u00a0 \u00a0 \u00a0 \u00a0 \u00a0 \u00a0 \u00a0 \u00a0 \u00a0 \u00a0 \u00a0 \u00a0 \u00a0 \u00a0 \u00a0 \u00a0 \u00a0 \u00a0 \u00a0 \u00a0 \u00a0 \u00a0 \u00a0 \u00a0 \u00a0 \u00a0<\/span><\/p>\n","protected":false},"excerpt":{"rendered":"<p>Gianfranco\u00a0 Jannuzzo continua il suo viaggio per immagini e ci regala un quadro\u00a0 fotografico fatto di mille e pi\u00f9 istantanee di una &#8220;Italia&#8221; cogliendone con sensibilit\u00e0\u00a0 la pluralit\u00e0 delle sue genti, i colori delle sue strade, gli scorci dei suoi angoli, la diversit\u00e0 della sua diversit\u00e0 nel mondo e il suo essere sempre pronta ad &hellip; <a href=\"https:\/\/www.gdapress.it\/it\/index.php\/76197\/arte\/italia-amore-mio-viaggio-fotografico-di-gianfranco-jannuzzo.html\" class=\"more-link\">Read more <span class=\"screen-reader-text\">\u201cItalia amore mio\u201d viaggio fotografico di Gianfranco Jannuzzo<\/span><\/a><\/p>\n","protected":false},"author":1,"featured_media":76201,"comment_status":"closed","ping_status":"open","sticky":false,"template":"","format":"standard","meta":{"footnotes":""},"categories":[4,6],"tags":[26879,26880,19518,26878],"class_list":["post-76197","post","type-post","status-publish","format-standard","has-post-thumbnail","hentry","category-arte","category-libri","tag-angelo-callipo","tag-battello-stampatore","tag-gianfranco-jannuzzo","tag-italia-amore-mio"],"_links":{"self":[{"href":"https:\/\/www.gdapress.it\/it\/index.php\/wp-json\/wp\/v2\/posts\/76197","targetHints":{"allow":["GET"]}}],"collection":[{"href":"https:\/\/www.gdapress.it\/it\/index.php\/wp-json\/wp\/v2\/posts"}],"about":[{"href":"https:\/\/www.gdapress.it\/it\/index.php\/wp-json\/wp\/v2\/types\/post"}],"author":[{"embeddable":true,"href":"https:\/\/www.gdapress.it\/it\/index.php\/wp-json\/wp\/v2\/users\/1"}],"replies":[{"embeddable":true,"href":"https:\/\/www.gdapress.it\/it\/index.php\/wp-json\/wp\/v2\/comments?post=76197"}],"version-history":[{"count":10,"href":"https:\/\/www.gdapress.it\/it\/index.php\/wp-json\/wp\/v2\/posts\/76197\/revisions"}],"predecessor-version":[{"id":76227,"href":"https:\/\/www.gdapress.it\/it\/index.php\/wp-json\/wp\/v2\/posts\/76197\/revisions\/76227"}],"wp:featuredmedia":[{"embeddable":true,"href":"https:\/\/www.gdapress.it\/it\/index.php\/wp-json\/wp\/v2\/media\/76201"}],"wp:attachment":[{"href":"https:\/\/www.gdapress.it\/it\/index.php\/wp-json\/wp\/v2\/media?parent=76197"}],"wp:term":[{"taxonomy":"category","embeddable":true,"href":"https:\/\/www.gdapress.it\/it\/index.php\/wp-json\/wp\/v2\/categories?post=76197"},{"taxonomy":"post_tag","embeddable":true,"href":"https:\/\/www.gdapress.it\/it\/index.php\/wp-json\/wp\/v2\/tags?post=76197"}],"curies":[{"name":"wp","href":"https:\/\/api.w.org\/{rel}","templated":true}]}}