
{"id":76125,"date":"2025-05-27T17:53:43","date_gmt":"2025-05-27T15:53:43","guid":{"rendered":"https:\/\/www.gdapress.it\/it\/?p=76125"},"modified":"2025-05-27T17:53:43","modified_gmt":"2025-05-27T15:53:43","slug":"dido-coltiva-la-creativita-e-il-rispetto-per-la-natura","status":"publish","type":"post","link":"https:\/\/www.gdapress.it\/it\/index.php\/76125\/il-mondo-dei-bambini-dalla-a-alla-z\/dido-coltiva-la-creativita-e-il-rispetto-per-la-natura.html","title":{"rendered":"Did\u00f2 coltiva la creativit\u00e0 e il rispetto per la natura"},"content":{"rendered":"<p><img loading=\"lazy\" decoding=\"async\" class=\"alignleft size-large wp-image-76126\" src=\"http:\/\/www.gdapress.it\/it\/..\/public\/it\/2025\/05\/Dido_Appi-4-430x400.jpg\" alt=\"\" width=\"430\" height=\"400\" srcset=\"https:\/\/www.gdapress.it\/it\/..\/public\/it\/2025\/05\/Dido_Appi-4-430x400.jpg 430w, https:\/\/www.gdapress.it\/it\/..\/public\/it\/2025\/05\/Dido_Appi-4-300x279.jpg 300w, https:\/\/www.gdapress.it\/it\/..\/public\/it\/2025\/05\/Dido_Appi-4-768x714.jpg 768w, https:\/\/www.gdapress.it\/it\/..\/public\/it\/2025\/05\/Dido_Appi-4-1536x1429.jpg 1536w, https:\/\/www.gdapress.it\/it\/..\/public\/it\/2025\/05\/Dido_Appi-4-2048x1905.jpg 2048w\" sizes=\"auto, (max-width: 430px) 100vw, 430px\" \/>Did\u00f2 coltiva la creativit\u00e0 e il rispetto per la natura: un viaggio tra api, lucciole e piccoli gesti che fanno la differenza<\/p>\n<p>Maggio e giugno sono mesi speciali per la natura: si celebra la \u201cGiornata Mondiale delle Api\u201d (20 maggio), si avvicina la Giornata Mondiale dell\u2019Ambiente (5 giugno), e nei prati e nei boschi iniziano a brillare le prime lucciole. \u00c8 il momento ideale per educare i pi\u00f9 piccoli al rispetto della biodiversit\u00e0, e Did\u00f2 \u2013 la pasta morbida e colorata a base di ingredienti naturali (farina, acqua e sale) \u2013 lo fa attraverso il gioco con due prodotti creati ad hoc, Did\u00f2 Appi e Did\u00f2 Luccy, uniscono creativit\u00e0, scoperta e sostenibilit\u00e0.<\/p>\n<p>Did\u00f2 Appi \u2013 Un mondo che fiorisce con le api<\/p>\n<p>Le api non producono solo miele, ma rendono possibile la vita. Questa speciale confezione di Did\u00f2 invita bambine e bambini a modellare piccole api con i salsicciotti colorati e gli attrezzi inclusi, scoprendo al tempo stesso, grazie a una tovaglietta illustrata, cosa accade dentro un alveare. Il gesto si completa con una vera azione per l\u2019ambiente: una bustina di semi di fiori autoctoni italiani, da piantare per offrire nutrimento alle api e contribuire alla biodiversit\u00e0.<\/p>\n<p>Did\u00f2 Luccy \u2013 Una luce accesa sulla natura<\/p>\n<p>Le lucciole, con la loro luce discreta, diventano simbolo di un uso pi\u00f9 consapevole dell\u2019energia. Con Luccy, bambine e bambini imparano a conoscere e proteggere questi piccoli insetti luminosi, modellandoli con gli strumenti Did\u00f2 e scoprendo uno scenario che si illumina al buio, ricco di curiosit\u00e0 e consigli pratici per salvaguardarle. Anche le codine e le antenne delle lucciole create si accendono, per ricordarci che la luce pu\u00f2 essere magia, ma va usata con attenzione.<\/p>\n<p>Con Did\u00f2, ogni gesto creativo diventa anche un messaggio: piantare un fiore, modellare una lucciola, spegnere una luce pu\u00f2 accendere la consapevolezza.<\/p>\n<p>F.I.L.A. (Fabbrica Italiana Lapis ed Affini), nata a Firenze nel 1920 e gestita dal 1956 dalla famiglia Candela, \u00e8 una Societ\u00e0 italiana e una delle realt\u00e0 industriali e commerciali pi\u00f9 solide, dinamiche, innovative e in crescita sul mercato. Dal Novembre 2015, F.I.L.A. \u00e8 quotata alla Borsa di Milano, mercato EXM \u2013 Euronext STAR. L\u2019azienda, con un fatturato di 612,6 mln di euro al 31 Dicembre 2024, ha registrato negli ultimi vent\u2019anni una crescita significativa e ha perseguito una serie di acquisizioni strategiche, fra cui l\u2019italiana Adica Pongo, le statunitensi Dixon Ticonderoga Company ed il Gruppo Pacon, la tedesca LYRA, la messicana Lapiceria Mexicana, l\u2019inglese Daler-Rowney Lukas e la francese Canson fondata dalla famiglia Montgolfier nel 1557. F.I.L.A. \u00e8 l\u2019icona della creativit\u00e0 italiana nel mondo con i suoi prodotti per colorare, disegnare, modellare, scrivere e dipingere grazie a marchi come Giotto, Tratto, Das, Did\u00f2, Pongo, Lyra, Doms, Maimeri, Daler-Rowney, Canson, Princeton, Strathmore ed Arches. Fin dalle sue origini, F.I.L.A. ha scelto di sviluppare la propria crescita sulla base dell\u2019innovazione continua, sia di tecnologie sia di prodotti, col fine di dare alle persone la possibilit\u00e0 di esprimere le proprie idee e il proprio talento con strumenti qualitativamente eccellenti. Inoltre, F.I.L.A. e le aziende del Gruppo collaborano con le Istituzioni sostenendo progetti educativi e culturali per valorizzare la creativit\u00e0 e la capacit\u00e0 espressiva degli individui e per rendere la cultura un\u2019opportunit\u00e0 accessibile a tutti. Ad oggi, F.I.L.A. \u00e8 attiva con 22 stabilimenti produttivi nel mondo e impiega oltre 3.300 persone.<\/p>\n","protected":false},"excerpt":{"rendered":"<p>Did\u00f2 coltiva la creativit\u00e0 e il rispetto per la natura: un viaggio tra api, lucciole e piccoli gesti che fanno la differenza Maggio e giugno sono mesi speciali per la natura: si celebra la \u201cGiornata Mondiale delle Api\u201d (20 maggio), si avvicina la Giornata Mondiale dell\u2019Ambiente (5 giugno), e nei prati e nei boschi iniziano &hellip; <a href=\"https:\/\/www.gdapress.it\/it\/index.php\/76125\/il-mondo-dei-bambini-dalla-a-alla-z\/dido-coltiva-la-creativita-e-il-rispetto-per-la-natura.html\" class=\"more-link\">Read more <span class=\"screen-reader-text\">Did\u00f2 coltiva la creativit\u00e0 e il rispetto per la natura<\/span><\/a><\/p>\n","protected":false},"author":1,"featured_media":76128,"comment_status":"closed","ping_status":"open","sticky":false,"template":"","format":"standard","meta":{"footnotes":""},"categories":[7536],"tags":[26194,22608],"class_list":["post-76125","post","type-post","status-publish","format-standard","has-post-thumbnail","hentry","category-il-mondo-dei-bambini-dalla-a-alla-z","tag-dido","tag-f-i-l-a"],"_links":{"self":[{"href":"https:\/\/www.gdapress.it\/it\/index.php\/wp-json\/wp\/v2\/posts\/76125","targetHints":{"allow":["GET"]}}],"collection":[{"href":"https:\/\/www.gdapress.it\/it\/index.php\/wp-json\/wp\/v2\/posts"}],"about":[{"href":"https:\/\/www.gdapress.it\/it\/index.php\/wp-json\/wp\/v2\/types\/post"}],"author":[{"embeddable":true,"href":"https:\/\/www.gdapress.it\/it\/index.php\/wp-json\/wp\/v2\/users\/1"}],"replies":[{"embeddable":true,"href":"https:\/\/www.gdapress.it\/it\/index.php\/wp-json\/wp\/v2\/comments?post=76125"}],"version-history":[{"count":1,"href":"https:\/\/www.gdapress.it\/it\/index.php\/wp-json\/wp\/v2\/posts\/76125\/revisions"}],"predecessor-version":[{"id":76129,"href":"https:\/\/www.gdapress.it\/it\/index.php\/wp-json\/wp\/v2\/posts\/76125\/revisions\/76129"}],"wp:featuredmedia":[{"embeddable":true,"href":"https:\/\/www.gdapress.it\/it\/index.php\/wp-json\/wp\/v2\/media\/76128"}],"wp:attachment":[{"href":"https:\/\/www.gdapress.it\/it\/index.php\/wp-json\/wp\/v2\/media?parent=76125"}],"wp:term":[{"taxonomy":"category","embeddable":true,"href":"https:\/\/www.gdapress.it\/it\/index.php\/wp-json\/wp\/v2\/categories?post=76125"},{"taxonomy":"post_tag","embeddable":true,"href":"https:\/\/www.gdapress.it\/it\/index.php\/wp-json\/wp\/v2\/tags?post=76125"}],"curies":[{"name":"wp","href":"https:\/\/api.w.org\/{rel}","templated":true}]}}