
{"id":76038,"date":"2025-05-06T19:44:10","date_gmt":"2025-05-06T17:44:10","guid":{"rendered":"https:\/\/www.gdapress.it\/it\/?p=76038"},"modified":"2025-05-06T19:44:50","modified_gmt":"2025-05-06T17:44:50","slug":"fuoriorticola-2025","status":"publish","type":"post","link":"https:\/\/www.gdapress.it\/it\/index.php\/76038\/appuntamenti\/fuoriorticola-2025.html","title":{"rendered":"FUORIORTICOLA 2025"},"content":{"rendered":"<p><img loading=\"lazy\" decoding=\"async\" class=\"alignleft size-large wp-image-76039\" src=\"http:\/\/www.gdapress.it\/it\/..\/public\/it\/2025\/05\/A3_MANIFESTO_ORTICOLAMSNM_2025-283x400.jpg\" alt=\"\" width=\"283\" height=\"400\" srcset=\"https:\/\/www.gdapress.it\/it\/..\/public\/it\/2025\/05\/A3_MANIFESTO_ORTICOLAMSNM_2025-283x400.jpg 283w, https:\/\/www.gdapress.it\/it\/..\/public\/it\/2025\/05\/A3_MANIFESTO_ORTICOLAMSNM_2025-212x300.jpg 212w, https:\/\/www.gdapress.it\/it\/..\/public\/it\/2025\/05\/A3_MANIFESTO_ORTICOLAMSNM_2025-768x1086.jpg 768w, https:\/\/www.gdapress.it\/it\/..\/public\/it\/2025\/05\/A3_MANIFESTO_ORTICOLAMSNM_2025-1086x1536.jpg 1086w, https:\/\/www.gdapress.it\/it\/..\/public\/it\/2025\/05\/A3_MANIFESTO_ORTICOLAMSNM_2025-1448x2048.jpg 1448w, https:\/\/www.gdapress.it\/it\/..\/public\/it\/2025\/05\/A3_MANIFESTO_ORTICOLAMSNM_2025-scaled.jpg 1810w\" sizes=\"auto, (max-width: 283px) 100vw, 283px\" \/>Una mostra diffusa tra luoghi d\u2019arte, musei, gallerie e vetrine fiorite<br \/>\nin un percorso che ci accompagna a scoprire come l\u2019arte e la natura<\/p>\n<p>sono espressione dell\u2019interesse per la vita<\/p>\n<p>FUORIORTICOLA 2025<br \/>\n<strong>Gli amici-musei di Orticola sono sempre di pi\u00f9!<\/strong><\/p>\n<p>E poi i Negozi, le Imprese Storiche, le Associazioni di Commercianti,<br \/>\ninsieme alla creativit\u00e0 e al talento dei Floral Designer<br \/>\n36 tra musei, giardini, orti, ville e castelli, 45 negozi e 26 Floral designer<\/p>\n<p>Ancora novit\u00e0 per il circuito di FuoriOrticola, giunto alla 7a edizione, che \u201cfiori-<br \/>\nsce\u201d con le vetrine, i musei, gli orti, le ville, i castelli e i giardini a Milano e fuori: assolutamente da non perdere!<\/p>\n<p>L\u2019iniziativa 2025 si apre al pubblico marted\u00ec 29 aprile e prosegue fino a domenica 18 maggio con una<br \/>\nserie di eventi diffusi nei luoghi pi\u00f9 carismatici della cultura milanese (e non solo!) e dello shopping cittadino<br \/>\npi\u00f9 chic con iniziative aperte al pubblico, aperture straordinarie, eventi in esclusiva, ingressi scontati e gratuiti,<\/p>\n<p>visite guidate e poi gli ispirati floral designer che danno voce alla loro creativit\u00e0 creando vetrine eleganti, ap-<br \/>\npariscenti, da togliere il fiato!<\/p>\n<p>\u201cSiamo orgogliosi del successo del FuoriOrticola perch\u00e9 diffonde la mostra-mercato e la cultura in tutta la citt\u00e0\u201d<br \/>\nafferma Gianluca Brivio Sforza, Presidente di Orticola di Lombardia.<br \/>\nNovit\u00e0 2025, una mostra diffusa in cui ogni istituzione culturale coinvolta, prendendo spunto dal tema di<br \/>\nOrticola 2025 \u201cBio, bio, bio: in giardino c\u2019\u00e8 vita!\u201d seleziona un\u2019opera presente nelle sue collezioni permanenti<br \/>\no temporanee e l\u2019affida \u201csimbolicamente\u201d alla creativit\u00e0, artigianalit\u00e0 e originalit\u00e0 di un floral designer che la<br \/>\ninterpreta all\u2019interno di una vetrina.<br \/>\nEcco quindi un percorso in giro per la citt\u00e0 che ci accompagna, dentro e fuori, tra luoghi d\u2019arte, musei, gallerie<br \/>\ne negozi a scoprire come l\u2019arte e la natura sono espressione dell\u2019interesse per la vita.<br \/>\nGli amici-musei di Orticola sono sempre di pi\u00f9 e si arricchiscono di quattro nuove presenze.<\/p>\n<p>Un benvenuto al Civico Museo Archeologico e all\u2019Acquario e Civica Stazione Idrobiologica, che ci accol-<br \/>\ngono con passeggiate e visite, a completare il gruppo dei Musei Civici, alla Pinacoteca Ambrosiana, il museo<\/p>\n<p>pi\u00f9 antico di Milano, dove, dal 1618, si possono ammirare alcuni dei pi\u00f9 straordinari capolavori di tutti i tempi,<br \/>\ne alla Fondazione Adolfo Pini, una casa d\u2019arte restituita alla citt\u00e0 dopo un importante restauro e dove sar\u00e0<br \/>\npossibile partecipare a visite guidate alla collezione.<\/p>\n<p>Si aggiungono a quelli che ormai da anni partecipano all\u2019iniziativa, quali il Castello Sforzesco, con la Pinaco-<br \/>\nteca, il Museo Archeologico, quello d\u2019Arte Antica, delle Arti Decorative, della Piet\u00e0 Rondanini, oltre alla visione<\/p>\n<p>dell\u2019allestimento \u201cNatura viva in un album fiammingo\u201d presente alla Civica Raccolta delle Stampe Bertarelli.<br \/>\nPresente anche il Museo del Novecento, la Galleria d\u2019Arte Moderna con attivit\u00e0 per bambini e un classico<\/p>\n<p>giardino &#8230; diverso, l\u2019Orto Botanico di Brera con gli incontri e le visite guidate con esperti alla scoperta di mu-<br \/>\nschi e felci, e ancora il Museo Poldi Pezzoli, il PAC Padiglione d\u2019Arte Contemporanea e il Mudec.<\/p>\n<p>Casa Museo Boschi Di Stefano, Palazzo Moriggia | Museo del Risorgimento e Palazzo Morando | Costu-<br \/>\nme Moda Immagine offrono visite per scoprire rarit\u00e0 nascoste, i fiori testimoni della storia e una passeggiata<\/p>\n<p>tra presente e passato, il Civico Planetario Ulrico Hoepli propone una visita dedicata alla biodiversit\u00e0 di pia-<br \/>\nneti e lune \u201cabitabili\u201d.<\/p>\n<p>Le Gallerie d\u2019Italia presentano il percorso Herbarium, un\u2019occasione per immergersi nella bellezza del Giardi-<br \/>\nno di Alessandro e di alcune opere dedicate alla primavera, il Museo di Storia Naturale guida i bambini alla<\/p>\n<p>scoperta di \u201cimpressioni botaniche\u201d nei Giardini Pubblici, poi la Fondazione Luigi Rovati, il MuBa Museo dei<\/p>\n<p>Bambini, il Museo Botanico Aurelia Josz con l\u2019apertura straordinaria sabato 17 maggio e i percorsi botanici<br \/>\ntra le collezioni di Comunemente Verde.<br \/>\nIn tutti i musei privati sar\u00e0 possibile ottenere l\u2019ingresso scontato o gratuito presentando il biglietto di<\/p>\n<p>Orticola per tutta la durata dell\u2019iniziativa; inoltre la proficua e fattiva collaborazione tra Orticola di Lom-<br \/>\nbardia e il Comune di Milano ha reso possibile l\u2019ingresso ridotto del 40% sulla tariffa intera ai possessori<\/p>\n<p>del biglietto della mostra-mercato 2025 che visiteranno i musei civici di Milano nel periodo compreso<\/p>\n<p>tra 29 aprile e 18 maggio 2025. Inoltre a Palazzo Reale \u00e8 possibile visitare tutte le mostra fino al 26 mag-<br \/>\ngio a prezzo scontato.<\/p>\n<p>Sono diversi i musei che organizzano eventi ad hoc per il FuoriOrticola, come il Museo Bagatti Valsecchi<br \/>\ncon la mostra dal titolo \u201cDa allora ad Oggi\u201d di Hugh Findletar, artista giamaicano, che realizza una serie di vasi<br \/>\nallestiti con piante e fiori in un percorso che comprende diverse sale del Museo e che chiude simbolicamente<br \/>\nil FuoriOrticola con il finissage di domenica 18 maggio.<br \/>\nSenza dimenticare le gallerie d\u2019arte e una presenza storica come Salamon Fine Art con la mostra \u201cFiori eterni\u201d<br \/>\ndi Ivan Zanoni, un giardino dell\u2019Eden con 30 sculture in ferro battuto.<\/p>\n<p><strong>New entry per il 2025 le case d\u2019asta, gli spazi espositivi e gli hotel<\/strong><br \/>\nCasa d\u2019aste Artcurial Italie fino al 30 maggio ospita \u201cA foglia ed a gemma\u201d, opere di Marta Ravasi e Gaetano<br \/>\nde Gregorio e propone visite guidate su prenotazione e 10 Corso Como che ospitano la mostra fotografica di<br \/>\n\u201cGuido Guidi. Da un\u2019altra parte\u201d dove sono previste due visite guidate con i curatori in esclusiva per i visitatori<\/p>\n<p>della mostra-mercato e tra gioved\u00ec 8 e domenica 11 maggio apre \u201cBloom, l\u2019incanto della biodiversit\u00e0\u201d l\u2019in-<br \/>\ntenso programma di incontri, workshop, proiezioni, organizzato da Marie Claire Maison, media partner<\/p>\n<p>del FuoriOrticola, che vuole essere un invito alla diffusione dell\u2019agire dedito alla cura e alla presa di coscienza<br \/>\ndella finitezza ecologica della Terra.<br \/>\nPer la prima volta FuoriOrticola, a sostenere che Milano sta diventando sempre di pi\u00f9 una citt\u00e0 turistica, ospita<br \/>\ntre hotel, tra i pi\u00f9 famosi della citt\u00e0: due boutique hotel nel centro storico della citt\u00e0, Indigo e Urban Hive, e lo<br \/>\nstorico e conosciutissimo Hotel Principe di Savoia, che offre due momenti, 8 e 17 maggio alle ore 10,00, per<br \/>\n\u201cfar fiorire il proprio cappello\u201d accanto all\u2019allestimento floreale ispirato a il Vaso di fiori di Brueghel il Vecchio<br \/>\ndella Pinacoteca Ambrosiana.<br \/>\nFuoriOrticola \u00e8 anche momenti nelle diverse zone della citt\u00e0, in luoghi piccoli, ma ricchi di fascino e natura,<\/p>\n<p>come l\u2019Orto Tintorio di via Nervesa (Quartiere Brenta \u2013 Municipio 4) con le visite guidate, il workshop di bota-<br \/>\nnica su argilla e la dimostrazione di composizioni floreali, gli Orti condivisi di via Padova accanto a via Esterle<\/p>\n<p>che propone due visite guidate alla biodiversit\u00e0 nell\u2019orto e il Giardino condiviso Bing nello storico quartiere<\/p>\n<p>di Greco a ridosso del Naviglio della Martesana (Municipio 2), con un corso di giardinaggio per balconi e pic-<br \/>\ncoli spazi; tutti e tre veri e propri luoghi della condivisione e di cura dell\u2019ambiente.<\/p>\n<p>Anche quest\u2019anno Gardenia partecipa al FuoriOrticola affrontando il tema de \u201cGiardini Storici. Un patrimonio<br \/>\nfra passato e futuro alla prova del clima che cambia\u201d, un incontro organizzato mercoled\u00ec 7 maggio alle ore<\/p>\n<p>17,00 nell\u2019Orangerie del Museo Poldi Pezzoli in via Manzoni 12 a Milano, dove Emanuela Rosa-Clot, Diretto-<br \/>\nre di Gardenia, incontra Luca Mercalli, climatologo, e parla dell\u2019argomento con gli architetti del paesaggio:<\/p>\n<p>Giorgio Galletti, Filippo Pizzoni, Anna Maria Vendramin e Lorenzo Venturini di Atelier Dimensione Verde<br \/>\nche presentano le loro esperienze con gli interventi consentiti da PNRR<br \/>\nE anche i \u201cfuori porta\u201d &#8230;entrano in citt\u00e0<br \/>\nAnche quest\u2019anno le ville del Lago di Como offrono ingressi scontati e gratuiti, mostre, percorsi sensoriali e<br \/>\npasseggiate storico culturali: sono Villa Carlotta di Tremezzina, Villa Monastero di Varenna e I Giardini di<\/p>\n<p>Villa Melzi d\u2019Eril di Bellagio, per arrivare fino a Como a Villa del Grumello con una giornata dedicata al be-<br \/>\nnessere \u201cCol- tiviamo l\u2019energia\u201d con varie attivit\u00e0 nel parco legate alle discipline orientali.<\/p>\n<p>Da un lago all\u2019altro, per la seconda volta, aprono i loro giardini ai visitatori di Orticola, Terre Borromeo, le Isole<\/p>\n<p>Borromeo sul Lago Maggiore con ingressi a Isola Bella, Isola Madre, Rocca Angera e Parco Pallavicino. Il tour<br \/>\nprosegue a est, dalla Lombardia, con una sosta a Villa Sioli Legnani per una visita al giardino e ascoltare un<br \/>\nconcerto e poi a ovest verso il Piemonte, per incontrare la Fondazione Cosso &#8211; Castello di Miradolo a San<br \/>\nSecondo di Pinerolo, gi\u00e0 presente da qualche anno che ospita una mostra dedicata agli erbari, e poi una<br \/>\nconferma dallo scorso anno: Villa Anelli a Oggebbio in provincia di Verbania che propone visite guidate nel<br \/>\ngiardino e, con la rete Museale Alto Verbano, organizza in giardino un concerto di arpa celtica il 18 maggio con<br \/>\ningresso gratuito a offerta libera e con una degustazione di t\u00e8 proveniente dal giardino stesso di villa Anelli.<\/p>\n<p>FuoriOrticola \u00e8 anche far fiorire la citt\u00e0 e Milano fiorisce in bellezza grazie agli allestimenti floreali dell\u2019ini-<br \/>\nziativa Vetrine Fiorite, con la fondamentale collaborazione e il patrocinio, anche per la mostra-mercato, di<\/p>\n<p>Confcommercio Milano \u2013 Imprese per l\u2019Italia \u2013 Milano Lodi Monza e Brianza e la rinnovata partecipazione<br \/>\ndi \u201cClub Imprese Storiche\u201d che porta in dote l\u2019adesione di alcuni dei pi\u00f9 antichi luoghi cittadini, alcuni dei<br \/>\nquali anche centenari.<br \/>\nQuest\u2019anno resa ancora pi\u00f9 in simbiosi con la cultura e vicina alla citt\u00e0, attraverso l\u2019allestimento, da parte<br \/>\ndei floral designer, delle vetrine partecipanti, ispirandosi alle opere d\u2019arte presenti nei musei cittadini, come<br \/>\nGetsemani di Gabriella Ciancimino dal Museo del Novecento, la Contessina Antonietta Negroni di Francesco<br \/>\nHayez dalla Gam, la grandi fioriere cinesi dal Mudec, Elleboro di Francesco Simeti da Fondazione Luigi Rovati,<\/p>\n<p>i fiori della camera delle meraviglie visibile al Muba, la terracotta dipinta e dorata del Civico Museo,Archeologi-<br \/>\nco, a Nymphaea nouchali \u2018Azurea\u2019 del\u2019Acquario o Mele cadute di Pietro Gilardi dal Castello di Miradolo. Opera<\/p>\n<p>ospitata anche nella vetrina della Boutique Pasquale Bruni che organizza nei pomeriggi di luned\u00ec 12, marted\u00ec<\/p>\n<p>13 e mercoled\u00ec 14 maggio il laboratorio \u201cLune fiorite\u201d a cura di BFlowers, dove luna e fiori, simboli della mai-<br \/>\nson, si uniscono dell\u2019arte magica della composizione floreale.<\/p>\n<p>Le vetrine allestite a creare la mostra diffusa partecipano, anche quest\u2019anno, al contest pi\u00f9 profumato e pi\u00f9<br \/>\ncolorato che ci sia, per diventare la vetrina pi\u00f9 fiorita della citt\u00e0!<\/p>\n<p>Le vetrine fiorite sono rese possibili, oltre che dalla creativit\u00e0, dal senso estetico e dal gusto dei nostri meravi-<br \/>\ngliosi e affezionati Floral Designer, anche quest\u2019anno, grazie al supporto di Pastor Flowers, nostro Floral<\/p>\n<p>Partner.<\/p>\n<p>Nella settimana che precede Orticola tutti possono scegliere la vetrina preferita, votando sul sito www.ortico-<br \/>\nla.org, e su Instagram, \u00e8 inoltre assegnato un premio dalla Giuria di Stile della mostra-mercato e una menzione<\/p>\n<p>speciale per le Imprese Storiche.<br \/>\nLa premiazione delle vetrine pi\u00f9 votate \u00e8 prevista, per il terzo anno consecutivo, nell\u2019ultimo giorno di mostra<br \/>\nbotanica, nel pomeriggio di domenica 11 maggio ai Giardini Pubblici Indro Montanelli, consegnano i premi<br \/>\nAlessia Cappello, Assessora allo Sviluppo Economico e Politiche del Lavoro del Comune di Milano, Marco<br \/>\nBarbieri, Segretario Generale Confcommercio Milano, Lodi, Monza Brianza, Andrea Sangalli, Presidente Club<br \/>\nImprese Storiche di Confcommercio, Silvia Robertazzi, Direttrice di Marie Claire Maison, Gianluca Brivio Sforza,<br \/>\nPresidente di Orticola di Lombardia e Roberto Pastor, Ceo di Pastor Flower.<br \/>\nLe informazioni relative al contest saranno postate su Instagram fuoriorticola_official e sul sito www.orticola.org.<br \/>\nMedia partner anche quest\u2019anno la casa editrice Hearst Magazines Italia con le sue testate Marie Claire<br \/>\nMaison e elledecor.it.<\/p>\n<p>www.orticola.org<\/p>\n","protected":false},"excerpt":{"rendered":"<p>Una mostra diffusa tra luoghi d\u2019arte, musei, gallerie e vetrine fiorite in un percorso che ci accompagna a scoprire come l\u2019arte e la natura sono espressione dell\u2019interesse per la vita FUORIORTICOLA 2025 Gli amici-musei di Orticola sono sempre di pi\u00f9! E poi i Negozi, le Imprese Storiche, le Associazioni di Commercianti, insieme alla creativit\u00e0 e &hellip; <a href=\"https:\/\/www.gdapress.it\/it\/index.php\/76038\/appuntamenti\/fuoriorticola-2025.html\" class=\"more-link\">Read more <span class=\"screen-reader-text\">FUORIORTICOLA 2025<\/span><\/a><\/p>\n","protected":false},"author":1,"featured_media":76033,"comment_status":"closed","ping_status":"open","sticky":false,"template":"","format":"standard","meta":{"footnotes":""},"categories":[2245],"tags":[563,26824,26822,26823,24309],"class_list":["post-76038","post","type-post","status-publish","format-standard","has-post-thumbnail","hentry","category-appuntamenti","tag-comune-di-milano","tag-elledecor-it","tag-fuoriorticola-2025","tag-gianluca-brivio-sforza","tag-marie-claire-maison"],"_links":{"self":[{"href":"https:\/\/www.gdapress.it\/it\/index.php\/wp-json\/wp\/v2\/posts\/76038","targetHints":{"allow":["GET"]}}],"collection":[{"href":"https:\/\/www.gdapress.it\/it\/index.php\/wp-json\/wp\/v2\/posts"}],"about":[{"href":"https:\/\/www.gdapress.it\/it\/index.php\/wp-json\/wp\/v2\/types\/post"}],"author":[{"embeddable":true,"href":"https:\/\/www.gdapress.it\/it\/index.php\/wp-json\/wp\/v2\/users\/1"}],"replies":[{"embeddable":true,"href":"https:\/\/www.gdapress.it\/it\/index.php\/wp-json\/wp\/v2\/comments?post=76038"}],"version-history":[{"count":1,"href":"https:\/\/www.gdapress.it\/it\/index.php\/wp-json\/wp\/v2\/posts\/76038\/revisions"}],"predecessor-version":[{"id":76040,"href":"https:\/\/www.gdapress.it\/it\/index.php\/wp-json\/wp\/v2\/posts\/76038\/revisions\/76040"}],"wp:featuredmedia":[{"embeddable":true,"href":"https:\/\/www.gdapress.it\/it\/index.php\/wp-json\/wp\/v2\/media\/76033"}],"wp:attachment":[{"href":"https:\/\/www.gdapress.it\/it\/index.php\/wp-json\/wp\/v2\/media?parent=76038"}],"wp:term":[{"taxonomy":"category","embeddable":true,"href":"https:\/\/www.gdapress.it\/it\/index.php\/wp-json\/wp\/v2\/categories?post=76038"},{"taxonomy":"post_tag","embeddable":true,"href":"https:\/\/www.gdapress.it\/it\/index.php\/wp-json\/wp\/v2\/tags?post=76038"}],"curies":[{"name":"wp","href":"https:\/\/api.w.org\/{rel}","templated":true}]}}