
{"id":76032,"date":"2025-05-06T19:03:02","date_gmt":"2025-05-06T17:03:02","guid":{"rendered":"https:\/\/www.gdapress.it\/it\/?p=76032"},"modified":"2025-05-06T19:03:02","modified_gmt":"2025-05-06T17:03:02","slug":"orticola-di-lombardia-i-compagni-di-viaggio-2025","status":"publish","type":"post","link":"https:\/\/www.gdapress.it\/it\/index.php\/76032\/appuntamenti\/orticola-di-lombardia-i-compagni-di-viaggio-2025.html","title":{"rendered":"Orticola di Lombardia I COMPAGNI DI VIAGGIO 2025"},"content":{"rendered":"<p><img loading=\"lazy\" decoding=\"async\" class=\"alignleft size-large wp-image-76034\" src=\"http:\/\/www.gdapress.it\/it\/..\/public\/it\/2025\/05\/8N7A2436_photo-Aldo-Castoldi-500x333.jpg\" alt=\"\" width=\"500\" height=\"333\" srcset=\"https:\/\/www.gdapress.it\/it\/..\/public\/it\/2025\/05\/8N7A2436_photo-Aldo-Castoldi-500x333.jpg 500w, https:\/\/www.gdapress.it\/it\/..\/public\/it\/2025\/05\/8N7A2436_photo-Aldo-Castoldi-300x200.jpg 300w, https:\/\/www.gdapress.it\/it\/..\/public\/it\/2025\/05\/8N7A2436_photo-Aldo-Castoldi-768x512.jpg 768w, https:\/\/www.gdapress.it\/it\/..\/public\/it\/2025\/05\/8N7A2436_photo-Aldo-Castoldi-1536x1024.jpg 1536w, https:\/\/www.gdapress.it\/it\/..\/public\/it\/2025\/05\/8N7A2436_photo-Aldo-Castoldi-2048x1366.jpg 2048w, https:\/\/www.gdapress.it\/it\/..\/public\/it\/2025\/05\/8N7A2436_photo-Aldo-Castoldi-720x480.jpg 720w, https:\/\/www.gdapress.it\/it\/..\/public\/it\/2025\/05\/8N7A2436_photo-Aldo-Castoldi-272x182.jpg 272w\" sizes=\"auto, (max-width: 500px) 100vw, 500px\" \/>I COMPAGNI DI VIAGGIO 2025<\/p>\n<p>Un ringraziamento pi\u00f9 che particolare \u00e8 rivolto ai nostri partner che accompagnano<br \/>\nl\u2019Associazione senza fine di lucro Orticola di Lombardia nella realizzazione dell\u2019edizione 2025 della mostra<br \/>\nmercato botanica pi\u00f9 famosa d\u2019Italia, uniti dalla comune passione per il verde, per il paesaggio e dall\u2019amore<br \/>\nper la nostra citt\u00e0, sempre pi\u00f9 sostenibile, supportando in modo rilevante tutte le attivit\u00e0 promosse nel corso<br \/>\ndell\u2019anno a favore del verde cittadino.<br \/>\nPrima di tutto dobbiamo ricordare la presenza pluridecennale di Ceresio Investors, esempio di generosit\u00e0<br \/>\ne mecenatismo contemporanei. Il gruppo bancario Ceresio Investors, gi\u00e0 al nostro fianco dal 2011 come<br \/>\nMain Partner della mostra mercato Orticola, dal 2019 affianca la nostra Associazione senza fine di lucro quale<\/p>\n<p>Corporate Partner, contribuendo concretamente alla nostra mission nel promuovere e sensibilizzare l\u2019opi-<br \/>\nnione pubblica a favore della cultura del verde con diversi progetti culturali cittadini dedicati, divenuti nel<\/p>\n<p>corso degli anni parte integrante del tessuto urbano milanese: ricordiamo le oltre 100 Panchine per Milano<br \/>\nche arredano le aree verdi in molti parchi cittadini e l\u2019opera-scultura \u201cPrimo giorno di Primavera\u201d realizzata<br \/>\ndall\u2019artista milanese Pao nel 2019 nell\u2019ambito del progetto Orticola Arte per Milano, la cui dimora nel Giardino<br \/>\ndi Via Cesariano contribuisce a rendere ancora pi\u00f9 colorata l\u2019area pubblica verde-ludica dedicata all\u2019infanzia.<br \/>\nNew entriesper il 2025 e ci auguriamo anche per gli anni a venire sono Pasquale Bruni, L\u2019Erbolario, e Moroso.<br \/>\nIl marchio di alta gioielleria italiano Pasquale Bruni celebra da oltre 50 anni l\u2019eccellenza artigianale di un<br \/>\ndesign inconfondibile. Ogni collezione \u00e8 realizzata a mano nell\u2019atelier di Valenza, un vero e proprio luogo<br \/>\ndell\u2019anima, dove l\u2019eleganza senza tempo prende forma in un gioiello. Ogni creazione incarna il DNA del brand,<\/p>\n<p>esaltando design esclusivi, pav\u00e9 unici e gemme colorate accuratamente selezionate per trasmettere la pas-<br \/>\nsione di famiglia in gioielli eccezionali. Fondato da Pasquale Bruni, oggi la direzione creativa dell\u2019azienda \u00e8<\/p>\n<p>nelle mani di sua figlia, Eugenia Bruni. Rigore artistico, amore per i dettagli, studio meticoloso delle forme<br \/>\nfemminili, danno vita ad una fusione sensuale tra corpo e anima.<br \/>\nIl 2025 segna il grande ritorno de L\u2019Erbolario a Mostra Orticola. Con il suo stile inconfondibile il brand nato a<\/p>\n<p>Lodi nel 1978 come Erboristeria artigiana \u00e8 oggi una grande azienda cosmetica, rinomata anche a livello inter-<br \/>\nnazionale. Ambasciatrice di una concezione di bellezza green e sostenibile, in occasione della pi\u00f9 autorevole<\/p>\n<p>manifestazione botanica d\u2019Italia, presenta al pubblico le ultime novit\u00e0 profumate, proponendo esperienze<br \/>\nispirate ai suoi cosmetici di derivazione naturale.<br \/>\nMoroso, da oltre 70 anni, \u00e8 sinonimo del pi\u00f9 qualificato design internazionale e produce, in collaborazione<br \/>\ncon alcuni dei pi\u00f9 importanti designer del mondo, divani, poltrone e complementi d\u2019arredo di alta gamma.<\/p>\n<p>L\u2019azienda ha costruito il suo patrimonio su una straordinaria creativit\u00e0, sulla sapiente cura artigiana e sul co-<br \/>\nraggio di sperimentare attraverso la creazione di prodotti non convenzionali adatti sia agli spazi residenziali<\/p>\n<p>che a quelli pubblici. Il brand arreda con le proprie raffinate ed eclettiche collezioni gli spazi di Padiglione<br \/>\nOrticola al centro della Mostra, la Lounge Soci Orticola di Lombardia e l\u2019adiacente Ufficio Stampa.<\/p>\n<p>Ci \u00e8 cara la continuit\u00e0 di partecipazione di AMSA che ha concesso anche quest\u2019anno una sponsorizzazio-<br \/>\nne tecnica eccezionale, offrendo alla manifestazione Mostra Orticola 2025 tutti i propri servizi a titolo<\/p>\n<p>non oneroso. Un supporto che si inserisce in un progetto di pi\u00f9 ampio respiro, continuativo nel tempo, di<br \/>\nreciproca collaborazione nel veicolare, con ogni mezzo, temi importanti e cari ad entrambe le nostre mission,<br \/>\nal servizio dei cittadini.<\/p>\n<p>Sottolineiamo la pluriennale vicinanza creativa di Brandart, azienda leader nei sistemi di packaging e mer-<br \/>\nchandising, che rinfresca il look del servizio consegna piante con nuovi maxi-borsoni in cotone \u00e9cru, capienti e<\/p>\n<p>sostenibili, e i pratici Grembiuli di Servizio indossati dal nostro staff da molti anni, rinnovando ad ogni edizione<br \/>\ndella mostra botanica le novit\u00e0 disponibili con Boutique Orticola.<br \/>\nRicordiamo che il look del team Orticola al servizio dei visitatori \u00e8 completato da T-shirt a manica corta in fibra<br \/>\nnaturale di cotone con stampa serigrafica personalizzata in limited edition, firmate nell\u2019ultimo quadriennio da<br \/>\nYC|WHYCI Milano, sinonimo di un rigoroso etico Made in Italy.<\/p>\n<p>Ci appoggiano nei servizi hospitality ai vivaisti, al pubblico e ai media alcuni iconici virtuosi brand italiani,<br \/>\ncui siamo grati per la loro generosa disponibilit\u00e0.<\/p>\n<p>Ringraziamo per la loro continua partecipazione Gaetano, Stefano, Luca e Nicol\u00f2 Marzotto, terza generazio-<br \/>\nne alla guida di HERITA Marzotto Wine Estates, wine partner Orticola di Lombardia da molti anni.<\/p>\n<p>Si riconferma inoltre anche per questa edizione la presenza e l\u2019assistenza del water partner Fonte Plose, tra<br \/>\nle pi\u00f9 prestigiose ed antiche acque italiane, e tra le migliori acque al mondo, a supporto dell\u2019attivit\u00e0 dell\u2019area<br \/>\ndidattico-culturale Aree Corsi Orticola e dei servizi generali della mostra mercato.<br \/>\nMenabrea veste nuovamente Orticola 2025. Dal 1846 il birrificio attivo pi\u00f9 antico d\u2019Italia sorprende i nostri<br \/>\nvivaisti anche quest\u2019anno, con una nuova bottiglia in limited edition, che riproduce l\u2019immagine della 28a<\/p>\n<p>edizione della mostra mercato.<\/p>\n<p>Ci conferma il proprio appoggio E. Boselli, azienda storica lombarda nata a fine \u2018800, con sede a Como, che<br \/>\nha fatto della ricerca e dell\u2019attenzione alle tematiche sostenibili il proprio segno distintivo, che fornir\u00e0 per gli<br \/>\narredi delle aree accoglienza un tessuto 100% poliestere riciclato ignifugo.<br \/>\nRicordiamo che in virt\u00f9 della presenza dell\u2019Argentina quale Paese ospite per l\u2019edizione di Orticola2025 \u00e8<br \/>\nstato concesso alla manifestazione Mostra Mercato Orticola un patrocinio esteso dal Consolato Generale<br \/>\nArgentino a Milano.<br \/>\nCi fa piacere sottolineare il doppio patrocinio di Confcommercio Imprese per l\u2019Italia &#8211; Milano Lodi Monza<br \/>\ne Brianza, concesso alla manifestazione Orticola e al circuito diffuso di FuoriOrticola.<br \/>\nUn ringraziamento oltremodo doveroso va al Comune di Milano, nonch\u00e9 all\u2019Assessorato alla Cultura e<br \/>\nall\u2019Assessorato all\u2019Ambiente e Verde, e ai molti altri uffici comunali con i quali la collaborazione si intensifica<br \/>\nad ogni edizione, in chiave sempre pi\u00f9 sinergica e costruttiva, a beneficio dei cittadini e della nostra citt\u00e0.<\/p>\n<p>I MEDIA PARTNER<\/p>\n<p>Siamo riconoscenti a tutti i comunicatori, giornalisti, fotografi e ai media classici e digitali per il loro indispensa-<br \/>\nbile sostegno e, in particolare, ci teniamo a sottolineare l\u2019appoggio incondizionato dei nostri storici media par-<br \/>\ntner attivi sia all\u2019interno della mostra-mercato ai Giardini Pubblici che nel FuoriOrticola. Anche per quest\u2019anno<\/p>\n<p>alcuni tra i pi\u00f9 prestigiosi media nazionali hanno deciso di sostenere Orticola: iODonna, il femminile del Cor-<br \/>\nriere della Sera, Gardenia, la rivista mensile di giardinaggio pi\u00f9 letta e conosciuta, MiTomorrow, il freepress<\/p>\n<p>dedicato alla citt\u00e0, GiardinoAntico, il giornale dedicato al recycle design, giardini naturali e arredo del pae-<br \/>\nsaggio, Equestrian Time Magazine, la pubblicazione sull\u2019equitazione e sullo stile di vita, Vita in Campagna,<\/p>\n<p>la rivista dedicata al mondo dell\u2019orto, della frutta e della biodiversit\u00e0.<br \/>\nCos\u00ec come prosegue la collaborazione con Radio Monte Carlo, Radio Ufficiale di Orticola 2025.<\/p>\n<p>Inoltre abbiamo stretto un accordo di collaborazione con Pietro Bruni di Yougardener e la sua pagina Insta-<br \/>\ngram: la miglior pagina web per gli appassionati di piante e giardinaggio.<\/p>\n<p>E senza dimenticare www.elledecor.com e MarieClaireMaison sinonimi di gusto, del design e dell\u2019art de<\/p>\n<p>vivre, e il loro editore il gruppo Hearst Magazines Italia per l\u2019appoggio e il supporto a FuoriOrticola e il so-<br \/>\ncial contest #FuoriOrticola2025 che per la quarta volta viene ospitato nella sua giornata conclusiva in mo-<br \/>\nstra-mercato ai Giardini Pubblici.<\/p>\n<p>Un grazie speciale a SGP-Stefano Guindani Photo che con @sgpitalia firma su Instagram facesoforticola,<\/p>\n<p>pagina posh-iconica molto fiorita, nata da una loro idea tanti anni fa e che ancora oggi riscuote grande suc-<br \/>\ncesso e @aldocastoldi, il nostro appassionato fotografo ufficiale.<\/p>\n<p>Orticola di Lombardia ringrazia inoltre in modo particolare IGP-DECAUX, per il supporto pluridecennale alla<br \/>\ndiffusione allargata della propria attivit\u00e0 associativa.<\/p>\n<p>I BIGLIETTI E I SERVIZI PER I VISITATORI<\/p>\n<p>Ci prendiamo cura dei nostri visitatori &#8230;<\/p>\n<p>Deposito piante, consegne a domicilio, servizio carriole, punti ristoro e aree relax<\/p>\n<p>Come ogni anno a Orticola sono presenti servizi per i visitatori:<br \/>\n\u00b7 il deposito piante, per lasciare i propri acquisti in attesa del ritiro per poter proseguire la visita,<br \/>\n\u00b7 la consegna a domicilio a pagamento di fiori e piante grandi e ingombranti attiva da venerd\u00ec a domenica,<br \/>\nil servizio carriole fai da te dove consegnando un documento si pu\u00f2 avere in uso gratuito una carriola per il<br \/>\ntrasporto degli acquisti, gli \u201cOrticola Boys &amp; Girls\u201d, riconoscibili dalla t-shirt Whici Milano, dal grembiulone<br \/>\nBrandart e le calzature Superga, sono a disposizione con i loro carrelli per portare le piante fino ai cancelli.<br \/>\nUn presidio giornaliero continuativo degli operatori di Amsa garantisce il servizio di pulizia lungo il percorso<br \/>\ndei giardini dove sono allocati punti con cassonetti e trespoli reggi-sacco per la raccolta differenziata.<br \/>\nInoltre si possono godere momenti di relax seduti all\u2019ombra dove poter bere una centrifuga, un frullato o<br \/>\nun semplice caff\u00e8, come da L\u00f9bar, un cold brew coffee, e dove il packaging sar\u00e0 possibile in carta riciclata;<br \/>\ncos\u00ec come mangiare specialit\u00e0 da ristorante stellato, l\u2019OrtoFritto con verdure di stagione, ma anche semolino,<br \/>\nmela ed amaretto creato da Mariangela Susigan del Ristorante Gardenia e ancora Bebel, con men\u00f9 \u2018verde\u2019,<br \/>\ncomposto da energy balls con datteri frutta secca e cacao o cocktail analcolici freschi a base di erbe e frutta e<br \/>\nconcludere con un gelato da Luca e Rigoletto.<br \/>\nL\u2019acquisto dei biglietti \u00e8 esclusivamente on line sul sito www.orticola.org e www.midaticket.it.<\/p>\n<p>Vuoi partecipare alla preview della mostra-mercato proprio all\u2019apertura, indossare il cappello fiorito con il co-<br \/>\nlore dell\u2019anno? Oppure poter scegliere le piante migliori o pi\u00f9 particolari appena esposte dai vivaisti? Anche<\/p>\n<p>quest\u2019anno \u00e8 disponibile il biglietto Premium acquistabile a \u20ac 20,00 e valido per gioved\u00ec 8 maggio dalle<br \/>\nore 15,00.<\/p>\n<p>Tutti i prezzi indicati sono al netto della prevendita. L\u2019ingresso \u00e8 gratuito per i diversamente abili con un\u2019in-<br \/>\nvalidit\u00e0 del 100% che impedisce di essere autonomi con un accompagnatore e per i ragazzi fino a 16 anni<\/p>\n<p>accompagnati e muniti di documento d\u2019identit\u00e0.<br \/>\nLa mostra-mercato \u00e8 aperta da gioved\u00ec 8 a domenica 11 maggio 2025 con i seguenti orari: gioved\u00ec dalle ore<br \/>\n15,00 alle ore 19,00, venerd\u00ec, sabato e domenica dalle ore 9,30 alle ore 19,30, chiusura ingressi alle 19,00.<br \/>\nORTICOLA rispetta l\u2019ambiente, per questo ti invitiamo a non stampare i biglietti, ma a mostrarli dal tuo cellulare<br \/>\nall\u2019ingresso.<\/p>\n","protected":false},"excerpt":{"rendered":"<p>I COMPAGNI DI VIAGGIO 2025 Un ringraziamento pi\u00f9 che particolare \u00e8 rivolto ai nostri partner che accompagnano l\u2019Associazione senza fine di lucro Orticola di Lombardia nella realizzazione dell\u2019edizione 2025 della mostra mercato botanica pi\u00f9 famosa d\u2019Italia, uniti dalla comune passione per il verde, per il paesaggio e dall\u2019amore per la nostra citt\u00e0, sempre pi\u00f9 sostenibile, &hellip; <a href=\"https:\/\/www.gdapress.it\/it\/index.php\/76032\/appuntamenti\/orticola-di-lombardia-i-compagni-di-viaggio-2025.html\" class=\"more-link\">Read more <span class=\"screen-reader-text\">Orticola di Lombardia I COMPAGNI DI VIAGGIO 2025<\/span><\/a><\/p>\n","protected":false},"author":1,"featured_media":76035,"comment_status":"closed","ping_status":"open","sticky":false,"template":"","format":"standard","meta":{"footnotes":""},"categories":[2245],"tags":[26820,26245,26244,26821,18720,24395],"class_list":["post-76032","post","type-post","status-publish","format-standard","has-post-thumbnail","hentry","category-appuntamenti","tag-cor-riere-della-sera","tag-gardenia","tag-iodonna","tag-mitomorrow","tag-orticola-di-lombardia","tag-radio-monte-carlo"],"_links":{"self":[{"href":"https:\/\/www.gdapress.it\/it\/index.php\/wp-json\/wp\/v2\/posts\/76032","targetHints":{"allow":["GET"]}}],"collection":[{"href":"https:\/\/www.gdapress.it\/it\/index.php\/wp-json\/wp\/v2\/posts"}],"about":[{"href":"https:\/\/www.gdapress.it\/it\/index.php\/wp-json\/wp\/v2\/types\/post"}],"author":[{"embeddable":true,"href":"https:\/\/www.gdapress.it\/it\/index.php\/wp-json\/wp\/v2\/users\/1"}],"replies":[{"embeddable":true,"href":"https:\/\/www.gdapress.it\/it\/index.php\/wp-json\/wp\/v2\/comments?post=76032"}],"version-history":[{"count":1,"href":"https:\/\/www.gdapress.it\/it\/index.php\/wp-json\/wp\/v2\/posts\/76032\/revisions"}],"predecessor-version":[{"id":76036,"href":"https:\/\/www.gdapress.it\/it\/index.php\/wp-json\/wp\/v2\/posts\/76032\/revisions\/76036"}],"wp:featuredmedia":[{"embeddable":true,"href":"https:\/\/www.gdapress.it\/it\/index.php\/wp-json\/wp\/v2\/media\/76035"}],"wp:attachment":[{"href":"https:\/\/www.gdapress.it\/it\/index.php\/wp-json\/wp\/v2\/media?parent=76032"}],"wp:term":[{"taxonomy":"category","embeddable":true,"href":"https:\/\/www.gdapress.it\/it\/index.php\/wp-json\/wp\/v2\/categories?post=76032"},{"taxonomy":"post_tag","embeddable":true,"href":"https:\/\/www.gdapress.it\/it\/index.php\/wp-json\/wp\/v2\/tags?post=76032"}],"curies":[{"name":"wp","href":"https:\/\/api.w.org\/{rel}","templated":true}]}}