
{"id":75848,"date":"2025-03-07T21:23:16","date_gmt":"2025-03-07T19:23:16","guid":{"rendered":"https:\/\/www.gdapress.it\/it\/?p=75848"},"modified":"2025-03-22T21:36:07","modified_gmt":"2025-03-22T19:36:07","slug":"march-ing-into-a-delicious-spring","status":"publish","type":"post","link":"https:\/\/www.gdapress.it\/it\/index.php\/75848\/enogastronomia\/march-ing-into-a-delicious-spring.html","title":{"rendered":"MarCH-ING INTO A DELICIOUS SPRING"},"content":{"rendered":"<h3><strong> MarCH-ING INTO A DELICIOUS SPRING<\/strong><\/h3>\n<div>\n<table>\n<tbody>\n<tr>\n<td>\n<div>\n<table align=\"left\">\n<tbody>\n<tr>\n<td>\n<h3><b>APPUNTAMENTI DEL MESE<\/b><\/h3>\n<\/td>\n<\/tr>\n<\/tbody>\n<\/table>\n<\/div>\n<\/td>\n<\/tr>\n<\/tbody>\n<\/table>\n<\/div>\n<table>\n<tbody>\n<tr>\n<td>\n<div>\n<table style=\"width: 100%;\" align=\"left\">\n<tbody>\n<tr>\n<td style=\"width: 100%;\">\n<h3><b>ANDREA APREA<\/b><\/h3>\n<\/td>\n<\/tr>\n<\/tbody>\n<\/table>\n<\/div>\n<\/td>\n<\/tr>\n<\/tbody>\n<\/table>\n<table>\n<tbody>\n<tr>\n<td><\/td>\n<\/tr>\n<\/tbody>\n<\/table>\n<h3><img loading=\"lazy\" decoding=\"async\" class=\"alignleft size-large wp-image-75849\" src=\"http:\/\/www.gdapress.it\/it\/..\/public\/it\/2025\/03\/d82771a3-9c5e-b654-af50-b068fe84d5ec-500x368.png\" alt=\"\" width=\"500\" height=\"368\" srcset=\"https:\/\/www.gdapress.it\/it\/..\/public\/it\/2025\/03\/d82771a3-9c5e-b654-af50-b068fe84d5ec-500x368.png 500w, https:\/\/www.gdapress.it\/it\/..\/public\/it\/2025\/03\/d82771a3-9c5e-b654-af50-b068fe84d5ec-300x221.png 300w, https:\/\/www.gdapress.it\/it\/..\/public\/it\/2025\/03\/d82771a3-9c5e-b654-af50-b068fe84d5ec-768x565.png 768w, https:\/\/www.gdapress.it\/it\/..\/public\/it\/2025\/03\/d82771a3-9c5e-b654-af50-b068fe84d5ec.png 1476w\" sizes=\"auto, (max-width: 500px) 100vw, 500px\" \/><\/h3>\n<table>\n<tbody>\n<tr>\n<td>\n<div>\n<table align=\"left\">\n<tbody>\n<tr>\n<td>\n<h3><u><a id=\"OWA7cb28abc-1613-1565-d60a-e157d4671769\" class=\"OWAAutoLink\" title=\"https:\/\/alessiarizzetto.us19.list-manage.com\/track\/click?u=efa3a1ba3a8febbe757a71b32&amp;id=39f270f2c6&amp;e=6a7fe3b735\" href=\"https:\/\/alessiarizzetto.us19.list-manage.com\/track\/click?u=efa3a1ba3a8febbe757a71b32&amp;id=39f270f2c6&amp;e=6a7fe3b735\" target=\"_blank\" rel=\"noopener noreferrer\" data-linkindex=\"1\" data-auth=\"NotApplicable\">Caff\u00e8 Bistrot Andrea Aprea<\/a><\/u>\u00a0inaugura\u00a0<b>&#8220;Colazione al Museo&#8221;<\/b>, un\u2019esperienza che unisce l\u2019eccellenza gastronomica all\u2019arte, offrendo un\u2019opportunit\u00e0 per scoprire la raffinata proposta del Caff\u00e8 Bistrot Andrea Aprea e visitare il Museo d\u2019arte della Fondazione Luigi Rovati. Due le formule disponibili, pensate per soddisfare diverse preferenze. La\u00a0<b>Colazione Dolce<\/b>\u00a0e\u00a0<b>Salata<\/b>\u00a0\u00e8 un men\u00f9 raffinato che comprende una bevanda calda, una spremuta di arancia o pompelmo, una brioche o un prodotto da forno, frutta fresca e un piatto a scelta tra una selezione;\u00a0la\u00a0<b>Colazione all\u2019Italiana<\/b>\u00a0\u00e8 una proposta pi\u00f9 semplice che include una bevanda calda, una spremuta di arancia o pompelmo e una brioche o un prodotto da forno. L\u2019esperienza \u00e8 disponibile dal mercoled\u00ec alla domenica, dalle 9:30 alle 11:00, con l\u2019ingresso al Museo a partire dalle 10:00.<\/h3>\n<h3>Prezzo:<br \/>\n<b>Colazione Dolce e Salata<\/b>: \u20ac 85 per due persone, ingresso al Museo d\u2019arte incluso<br \/>\n<b>Colazione all\u2019Italiana<\/b>: \u20ac 50 per due persone, ingresso al Museo d\u2019arte incluso<\/h3>\n<h3>Per info e prenotazioni: T: 02 38273031 |<br \/>\nE:\u00a0<u><a id=\"OWA22bafbb5-35d9-f644-c4f4-8ff54c62a3e6\" class=\"OWAAutoLink\" title=\"mailto:info@andreaaprea.com\" href=\"mailto:info@andreaaprea.com\" data-linkindex=\"2\">info@andreaaprea.com<\/a><\/u>\u00a0 |\u00a0<u><a id=\"OWA35d1b61e-123f-4485-1d23-3447185cf4f0\" class=\"OWAAutoLink\" title=\"https:\/\/alessiarizzetto.us19.list-manage.com\/track\/click?u=efa3a1ba3a8febbe757a71b32&amp;id=19da964f68&amp;e=6a7fe3b735\" href=\"https:\/\/alessiarizzetto.us19.list-manage.com\/track\/click?u=efa3a1ba3a8febbe757a71b32&amp;id=19da964f68&amp;e=6a7fe3b735\" target=\"_blank\" rel=\"noopener noreferrer\" data-linkindex=\"3\" data-auth=\"NotApplicable\">andreaaprea.com<\/a><\/u><\/h3>\n<\/td>\n<\/tr>\n<\/tbody>\n<\/table>\n<\/div>\n<\/td>\n<\/tr>\n<\/tbody>\n<\/table>\n<table>\n<tbody>\n<tr>\n<td>\n<div>\n<table align=\"left\">\n<tbody>\n<tr>\n<td>\n<h3><b>ANDREA BERTON<\/b><\/h3>\n<\/td>\n<\/tr>\n<\/tbody>\n<\/table>\n<\/div>\n<\/td>\n<\/tr>\n<\/tbody>\n<\/table>\n<table style=\"width: 10px;\">\n<tbody>\n<tr>\n<td style=\"width: 9.67548px;\"><\/td>\n<\/tr>\n<\/tbody>\n<\/table>\n<h3><img loading=\"lazy\" decoding=\"async\" class=\"alignleft size-large wp-image-75851\" src=\"http:\/\/www.gdapress.it\/it\/..\/public\/it\/2025\/03\/1a9d52c1-231d-59d3-b408-f71a8280a2a2-500x372.png\" alt=\"\" width=\"500\" height=\"372\" srcset=\"https:\/\/www.gdapress.it\/it\/..\/public\/it\/2025\/03\/1a9d52c1-231d-59d3-b408-f71a8280a2a2-500x372.png 500w, https:\/\/www.gdapress.it\/it\/..\/public\/it\/2025\/03\/1a9d52c1-231d-59d3-b408-f71a8280a2a2-300x223.png 300w, https:\/\/www.gdapress.it\/it\/..\/public\/it\/2025\/03\/1a9d52c1-231d-59d3-b408-f71a8280a2a2-768x572.png 768w, https:\/\/www.gdapress.it\/it\/..\/public\/it\/2025\/03\/1a9d52c1-231d-59d3-b408-f71a8280a2a2-1536x1143.png 1536w, https:\/\/www.gdapress.it\/it\/..\/public\/it\/2025\/03\/1a9d52c1-231d-59d3-b408-f71a8280a2a2.png 1540w\" sizes=\"auto, (max-width: 500px) 100vw, 500px\" \/><\/h3>\n<table>\n<tbody>\n<tr>\n<td>\n<div>\n<table align=\"left\">\n<tbody>\n<tr>\n<td>\n<h3>Il\u00a0<u><a id=\"OWA5068762c-79a0-069b-99bb-a90834e8c662\" class=\"OWAAutoLink\" title=\"https:\/\/alessiarizzetto.us19.list-manage.com\/track\/click?u=efa3a1ba3a8febbe757a71b32&amp;id=49f0537b83&amp;e=6a7fe3b735\" href=\"https:\/\/alessiarizzetto.us19.list-manage.com\/track\/click?u=efa3a1ba3a8febbe757a71b32&amp;id=49f0537b83&amp;e=6a7fe3b735\" target=\"_blank\" rel=\"noopener noreferrer\" data-linkindex=\"4\" data-auth=\"NotApplicable\">Ristorante Berton<\/a><\/u>\u00a0riapre\u00a0con\u00a0il suo\u00a0<b>nuovo dehors<\/b>. Progettato dall\u2019<b>Architetto Franco Driusso<\/b>, lo\u00a0spazio ospita 14 coperti e si distingue per il design raffinato, perfettamente in armonia con lo skyline contemporaneo di\u00a0<b>Porta Nuova<\/b>. I materiali scelti per il nuovo dehors uniscono resistenza e design, assicurando il massimo della qualit\u00e0 e della funzionalit\u00e0 senza rinunciare all\u2019estetica. Grazie a soluzioni tecnologiche avanzate, il dehors garantisce comfort in ogni stagione, arricchendo l\u2019esperienza gastronomica del ristorante.<\/h3>\n<h3>Per info\u00a0e prenotazioni: T:\u00a002 67075801 |<br \/>\nE:\u00a0<u><a id=\"OWAe06668a5-ca46-5d50-67e5-cb5cb61e69f4\" class=\"OWAAutoLink\" title=\"mailto:info@ristoranteberton.com\" href=\"mailto:info@ristoranteberton.com\" data-linkindex=\"5\">info@ristoranteberton.com<\/a><\/u>\u00a0|\u00a0<u><a id=\"OWA1bbfbfec-1510-f760-a916-0267b021d82b\" class=\"OWAAutoLink\" title=\"https:\/\/alessiarizzetto.us19.list-manage.com\/track\/click?u=efa3a1ba3a8febbe757a71b32&amp;id=c31f5d64ea&amp;e=6a7fe3b735\" href=\"https:\/\/alessiarizzetto.us19.list-manage.com\/track\/click?u=efa3a1ba3a8febbe757a71b32&amp;id=c31f5d64ea&amp;e=6a7fe3b735\" target=\"_blank\" rel=\"noopener noreferrer\" data-linkindex=\"6\" data-auth=\"NotApplicable\">ristoranteberton.com<\/a><\/u><\/h3>\n<\/td>\n<\/tr>\n<\/tbody>\n<\/table>\n<\/div>\n<\/td>\n<\/tr>\n<\/tbody>\n<\/table>\n<table>\n<tbody>\n<tr>\n<td><\/td>\n<\/tr>\n<\/tbody>\n<\/table>\n<p>&nbsp;<\/p>\n<p>&nbsp;<\/p>\n<table>\n<tbody>\n<tr>\n<td><\/td>\n<\/tr>\n<\/tbody>\n<\/table>\n<h3><strong>CASA BRERA<\/strong><\/h3>\n<h3><img loading=\"lazy\" decoding=\"async\" class=\"alignleft size-large wp-image-75852\" src=\"http:\/\/www.gdapress.it\/it\/..\/public\/it\/2025\/03\/1efb97e7-8754-3c55-f5c3-abbef400f28d-500x331.png\" alt=\"\" width=\"500\" height=\"331\" srcset=\"https:\/\/www.gdapress.it\/it\/..\/public\/it\/2025\/03\/1efb97e7-8754-3c55-f5c3-abbef400f28d-500x331.png 500w, https:\/\/www.gdapress.it\/it\/..\/public\/it\/2025\/03\/1efb97e7-8754-3c55-f5c3-abbef400f28d-300x199.png 300w, https:\/\/www.gdapress.it\/it\/..\/public\/it\/2025\/03\/1efb97e7-8754-3c55-f5c3-abbef400f28d-768x509.png 768w, https:\/\/www.gdapress.it\/it\/..\/public\/it\/2025\/03\/1efb97e7-8754-3c55-f5c3-abbef400f28d-1536x1017.png 1536w, https:\/\/www.gdapress.it\/it\/..\/public\/it\/2025\/03\/1efb97e7-8754-3c55-f5c3-abbef400f28d.png 1622w\" sizes=\"auto, (max-width: 500px) 100vw, 500px\" \/><\/h3>\n<table>\n<tbody>\n<tr>\n<td>\n<div>\n<table align=\"left\">\n<tbody>\n<tr>\n<td>\n<h3><u><a id=\"OWA9465df42-c953-373f-1910-e3459ebcf4e9\" class=\"OWAAutoLink\" title=\"https:\/\/alessiarizzetto.us19.list-manage.com\/track\/click?u=efa3a1ba3a8febbe757a71b32&amp;id=130272c22d&amp;e=6a7fe3b735\" href=\"https:\/\/alessiarizzetto.us19.list-manage.com\/track\/click?u=efa3a1ba3a8febbe757a71b32&amp;id=130272c22d&amp;e=6a7fe3b735\" target=\"_blank\" rel=\"noopener noreferrer\" data-linkindex=\"7\" data-auth=\"NotApplicable\">Casa Brera<\/a><\/u><b>, a<\/b>\u00a0<b>Luxury Collection Hotel<\/b>,\u00a0<b>Milan<\/b>\u00a0inaugura\u00a0<b>The Art of Aperitivo<\/b>\u00a0&#8211;\u00a0<b>Dialoghi sull\u2019Arte<\/b>, un ciclo di incontri dedicati alla scena artistica di Brera, curati da Nicola Ricciardi. Marted\u00ec\u00a0<b>4 marzo<\/b>\u00a0Cristiano De Lorenzo &#8211; Managing Director di Christie\u2019s Italia, che sorge all\u2019interno di Palazzo Clerici, sede di alcuni dei pi\u00f9 importanti e maestosi affreschi mai realizzati da Giambattista Tiepolo &#8211; racconter\u00e0 il ruolo delle Case D\u2019Aste. Il secondo appuntamento del mese \u00e8 in programma il\u00a0<b>25 marzo<\/b>\u00a0con Elena Bonanno di Linguaglossa, Executive Director di Thaddeus Ropac. A lei il compito di raccontare la nuova e prima sede italiana della galleria, che vedr\u00e0 la luce a Palazzo Belgioioso e sar\u00e0 protagonista anche dell&#8217;importante mostra su Robert Rauschenberg prevista in primavera al Museo del Novecento. Gli incontri si terranno a partire dalle ore 19.00 al Living Lounge, nel cuore dell\u2019hotel, e saranno accompagnati dalla\u00a0<b>nuova drink list The Art of Living<\/b>, firmata dal Director of Beverage di Casa Brera, Luca Ardito, e ispirata ai salotti milanesi.<\/h3>\n<h3>Per info e prenotazioni: T: 02 305430 |\u00a0<u><a id=\"OWA3febf6f8-919d-cc78-4d0c-75990527cb40\" class=\"OWAAutoLink\" title=\"https:\/\/alessiarizzetto.us19.list-manage.com\/track\/click?u=efa3a1ba3a8febbe757a71b32&amp;id=219c8f9e7f&amp;e=6a7fe3b735\" href=\"https:\/\/alessiarizzetto.us19.list-manage.com\/track\/click?u=efa3a1ba3a8febbe757a71b32&amp;id=219c8f9e7f&amp;e=6a7fe3b735\" target=\"_blank\" rel=\"noopener noreferrer\" data-linkindex=\"8\" data-auth=\"NotApplicable\">marriott.com<\/a><\/u><\/h3>\n<\/td>\n<\/tr>\n<\/tbody>\n<\/table>\n<\/div>\n<\/td>\n<\/tr>\n<\/tbody>\n<\/table>\n<table>\n<tbody>\n<tr>\n<td>\n<div>\n<table align=\"left\">\n<tbody>\n<tr>\n<td>\n<h3><b>EATALY SMERALDO<\/b><\/h3>\n<\/td>\n<\/tr>\n<\/tbody>\n<\/table>\n<\/div>\n<\/td>\n<\/tr>\n<\/tbody>\n<\/table>\n<table>\n<tbody>\n<tr>\n<td><\/td>\n<\/tr>\n<\/tbody>\n<\/table>\n<h3><img loading=\"lazy\" decoding=\"async\" class=\"alignleft size-large wp-image-75853\" src=\"http:\/\/www.gdapress.it\/it\/..\/public\/it\/2025\/03\/bada0d05-629e-8c96-53e9-ac0998623e67-500x329.png\" alt=\"\" width=\"500\" height=\"329\" srcset=\"https:\/\/www.gdapress.it\/it\/..\/public\/it\/2025\/03\/bada0d05-629e-8c96-53e9-ac0998623e67-500x329.png 500w, https:\/\/www.gdapress.it\/it\/..\/public\/it\/2025\/03\/bada0d05-629e-8c96-53e9-ac0998623e67-300x198.png 300w, https:\/\/www.gdapress.it\/it\/..\/public\/it\/2025\/03\/bada0d05-629e-8c96-53e9-ac0998623e67-768x506.png 768w, https:\/\/www.gdapress.it\/it\/..\/public\/it\/2025\/03\/bada0d05-629e-8c96-53e9-ac0998623e67-1536x1012.png 1536w, https:\/\/www.gdapress.it\/it\/..\/public\/it\/2025\/03\/bada0d05-629e-8c96-53e9-ac0998623e67.png 1642w\" sizes=\"auto, (max-width: 500px) 100vw, 500px\" \/><\/h3>\n<table>\n<tbody>\n<tr>\n<td>\n<table align=\"left\">\n<tbody>\n<tr>\n<td>\n<h3>Da\u00a0<u><a id=\"OWA22872fb2-f47f-3c9d-191c-7ac87d218e29\" class=\"OWAAutoLink\" title=\"https:\/\/alessiarizzetto.us19.list-manage.com\/track\/click?u=efa3a1ba3a8febbe757a71b32&amp;id=9352802aaa&amp;e=6a7fe3b735\" href=\"https:\/\/alessiarizzetto.us19.list-manage.com\/track\/click?u=efa3a1ba3a8febbe757a71b32&amp;id=9352802aaa&amp;e=6a7fe3b735\" target=\"_blank\" rel=\"noopener noreferrer\" data-linkindex=\"9\" data-auth=\"NotApplicable\">Eataly Smeraldo<\/a><\/u>\u00a0prosegue il calendario di appuntamenti a cena con il format\u00a0<b>Giovani Talenti<\/b>, sviluppato in collaborazione con Identit\u00e0 Golose, con l\u2019intento di ospitare i talenti emergenti della cucina contemporanea. Mercoled\u00ec 12 marzo, alle ore 20.00, al ristorante Food&amp;Pizza Theatre, protagonista sar\u00e0\u00a0<b>Gaetano Torrente<\/b>, classe 1990, figlio di Pasquale, che rappresenta la terza generazione di chef alla guida della storica insegna\u00a0<b>\u201cAl Convento\u201d<\/b>\u00a0di Cetara, sulla Costiera Amalfitana. Marted\u00ec 25 marzo, alla stessa ora, sar\u00e0 invece la volta di\u00a0<b>Valerio Serino<\/b>, Chef di\u00a0<b>\u201cT\u00e8rra\u201d<\/b>, a Copenaghen, i cui piatti sono un omaggio al paesaggio del Nord Europa, senza tuttavia dimenticare le sue radici mediterranee. Tra gli eventi del mese di marzo di Eataly Smeraldo imperdibile si preannuncia anche\u00a0<b>La Grande Cena\u00a0<\/b>&#8211;\u00a0<b>Spring Edition<\/b>, in programma per gioved\u00ec 20, a partire dalle ore 20.00, sempre da Food&amp;Pizza Theatre. L\u2019iniziativa si svolger\u00e0 in contemporanea in moltissimi ristoranti Eataly in Italia e in Europa per celebrare l&#8217;arrivo della primavera e delle sue eccellenze stagionali attraverso un menu esclusivo che esalta i sapori freschi e autentici della nuova stagione.<\/h3>\n<h3>Per info e prenotazioni:\u00a0<u><a id=\"OWA005fd54d-d6fa-52ce-ae3c-afb84a1e39c1\" class=\"OWAAutoLink\" title=\"https:\/\/alessiarizzetto.us19.list-manage.com\/track\/click?u=efa3a1ba3a8febbe757a71b32&amp;id=7473c79e54&amp;e=6a7fe3b735\" href=\"https:\/\/alessiarizzetto.us19.list-manage.com\/track\/click?u=efa3a1ba3a8febbe757a71b32&amp;id=7473c79e54&amp;e=6a7fe3b735\" target=\"_blank\" rel=\"noopener noreferrer\" data-linkindex=\"10\" data-auth=\"NotApplicable\">eataly.net\/gaetanotorrente<\/a><\/u>\u00a0|\u00a0<u><a id=\"OWA656dfd9c-9a98-60f7-d8e4-0e0427da4d0b\" class=\"OWAAutoLink\" title=\"https:\/\/alessiarizzetto.us19.list-manage.com\/track\/click?u=efa3a1ba3a8febbe757a71b32&amp;id=0447226a54&amp;e=6a7fe3b735\" href=\"https:\/\/alessiarizzetto.us19.list-manage.com\/track\/click?u=efa3a1ba3a8febbe757a71b32&amp;id=0447226a54&amp;e=6a7fe3b735\" target=\"_blank\" rel=\"noopener noreferrer\" data-linkindex=\"11\" data-auth=\"NotApplicable\">eataly.net\/valerioserino<\/a><\/u>\u00a0|\u00a0<u><a id=\"OWAa8177de5-047d-66f3-ac1e-5a787d9f32fa\" class=\"OWAAutoLink\" title=\"https:\/\/alessiarizzetto.us19.list-manage.com\/track\/click?u=efa3a1ba3a8febbe757a71b32&amp;id=e2cb764c53&amp;e=6a7fe3b735\" href=\"https:\/\/alessiarizzetto.us19.list-manage.com\/track\/click?u=efa3a1ba3a8febbe757a71b32&amp;id=e2cb764c53&amp;e=6a7fe3b735\" target=\"_blank\" rel=\"noopener noreferrer\" data-linkindex=\"12\" data-auth=\"NotApplicable\">eataly.net\/lagrandecenaspringedition<\/a><\/u><\/h3>\n<\/td>\n<\/tr>\n<\/tbody>\n<\/table>\n<\/td>\n<\/tr>\n<\/tbody>\n<\/table>\n<table>\n<tbody>\n<tr>\n<td>\n<div>\n<table style=\"width: 100%; height: 23px;\" align=\"left\">\n<tbody>\n<tr style=\"height: 23px;\">\n<td style=\"height: 23px;\">\n<h3><b>IT MAISON<\/b><\/h3>\n<\/td>\n<\/tr>\n<\/tbody>\n<\/table>\n<\/div>\n<\/td>\n<\/tr>\n<\/tbody>\n<\/table>\n<h3><\/h3>\n<h3><img loading=\"lazy\" decoding=\"async\" class=\"alignleft size-large wp-image-75854\" src=\"http:\/\/www.gdapress.it\/it\/..\/public\/it\/2025\/03\/97545c68-4f75-9ecb-0880-c967fee616f8-500x329.png\" alt=\"\" width=\"500\" height=\"329\" srcset=\"https:\/\/www.gdapress.it\/it\/..\/public\/it\/2025\/03\/97545c68-4f75-9ecb-0880-c967fee616f8-500x329.png 500w, https:\/\/www.gdapress.it\/it\/..\/public\/it\/2025\/03\/97545c68-4f75-9ecb-0880-c967fee616f8-300x197.png 300w, https:\/\/www.gdapress.it\/it\/..\/public\/it\/2025\/03\/97545c68-4f75-9ecb-0880-c967fee616f8-768x505.png 768w, https:\/\/www.gdapress.it\/it\/..\/public\/it\/2025\/03\/97545c68-4f75-9ecb-0880-c967fee616f8-1536x1010.png 1536w, https:\/\/www.gdapress.it\/it\/..\/public\/it\/2025\/03\/97545c68-4f75-9ecb-0880-c967fee616f8.png 1648w\" sizes=\"auto, (max-width: 500px) 100vw, 500px\" \/><\/h3>\n<table>\n<tbody>\n<tr>\n<td>\n<div>\n<table align=\"left\">\n<tbody>\n<tr>\n<td>\n<h3>Da\u00a0<u><a id=\"OWAcfbf9313-c7e1-da22-e44a-94a1470143e6\" class=\"OWAAutoLink\" title=\"https:\/\/alessiarizzetto.us19.list-manage.com\/track\/click?u=efa3a1ba3a8febbe757a71b32&amp;id=7ef6189792&amp;e=6a7fe3b735\" href=\"https:\/\/alessiarizzetto.us19.list-manage.com\/track\/click?u=efa3a1ba3a8febbe757a71b32&amp;id=7ef6189792&amp;e=6a7fe3b735\" target=\"_blank\" rel=\"noopener noreferrer\" data-linkindex=\"13\" data-auth=\"NotApplicable\">IT Maison<\/a><\/u>\u00a0va in scena un\u00a0<b>marzo a tutto jazz<\/b>! Per tutto il mese continua la programmazione di\u00a0<b>Jazz IT<\/b>, il format che ogni mercoled\u00ec, a partire dalle ore 21.00, anima il locale con musica dal vivo. Si parte il<b>\u00a05 marzo<\/b>\u00a0con il sax di Giovanni Di Giacomo, per un live ricco di groove ed energia. L\u2019appuntamento del\u00a0<b>12 marzo<\/b>\u00a0vedr\u00e0 invece protagonista il duo Sara Lupi &amp; Jacopo Delfini, che porter\u00e0 sul palco un raffinato gioco di voce e corde. Il\u00a0<b>19 marzo<\/b>\u00a0sar\u00e0 la chitarra di Mike Frigoli a fare da colonna sonora per festeggiare i pap\u00e0 amanti della musica. Chiuder\u00e0 il mese Cosimo Pignataro Duo, che il\u00a0<b>26 marzo<\/b>\u00a0andr\u00e0 in scena con un concerto a suon di tromba e chitarra. Le melodie coinvolgenti del jazz saranno accompagnate dai\u00a0<b>signature drink<\/b>\u00a0del\u00a0<b>Bar Manager Edoardo Raimondi<\/b>, pensati per esaltare ogni nota con il sorso perfetto.<\/h3>\n<h3>Per info e prenotazioni: T:\u00a0 377 0297030 |<br \/>\nE:\u00a0<u><a id=\"OWA6ec11616-63ee-e77f-3e16-d19f91bc0012\" class=\"OWAAutoLink\" title=\"mailto:milano@itrestaurants.com\" href=\"mailto:milano@itrestaurants.com\" data-linkindex=\"14\">r<\/a><a id=\"OWA38f56674-49ee-1c19-7b6b-33ceb3a36c89\" class=\"OWAAutoLink\" title=\"mailto:resevations@itmaison.com\" href=\"mailto:resevations@itmaison.com\" data-linkindex=\"15\">esevations@itmaison.com<\/a><\/u>\u00a0|\u00a0<u><a id=\"OWA475988b4-531d-bb47-d0c5-83b8977d129e\" class=\"OWAAutoLink\" title=\"https:\/\/alessiarizzetto.us19.list-manage.com\/track\/click?u=efa3a1ba3a8febbe757a71b32&amp;id=4628d6cc71&amp;e=6a7fe3b735\" href=\"https:\/\/alessiarizzetto.us19.list-manage.com\/track\/click?u=efa3a1ba3a8febbe757a71b32&amp;id=4628d6cc71&amp;e=6a7fe3b735\" target=\"_blank\" rel=\"noopener noreferrer\" data-linkindex=\"16\" data-auth=\"NotApplicable\">it-restaurants.com\/it-maison-milano\/<\/a><\/u><\/h3>\n<\/td>\n<\/tr>\n<\/tbody>\n<\/table>\n<\/div>\n<\/td>\n<\/tr>\n<\/tbody>\n<\/table>\n<table>\n<tbody>\n<tr>\n<td>\n<div>\n<table align=\"left\">\n<tbody>\n<tr>\n<td>\n<div><b>VERAMENTE<\/b><\/div>\n<\/td>\n<\/tr>\n<\/tbody>\n<\/table>\n<\/div>\n<\/td>\n<\/tr>\n<\/tbody>\n<\/table>\n<table>\n<tbody>\n<tr>\n<td><\/td>\n<\/tr>\n<\/tbody>\n<\/table>\n<p><img loading=\"lazy\" decoding=\"async\" class=\"alignleft size-large wp-image-75855\" src=\"http:\/\/www.gdapress.it\/it\/..\/public\/it\/2025\/03\/1041cf05-3ec1-14a3-4940-f5d4b6d2765c-500x400.png\" alt=\"\" width=\"500\" height=\"400\" srcset=\"https:\/\/www.gdapress.it\/it\/..\/public\/it\/2025\/03\/1041cf05-3ec1-14a3-4940-f5d4b6d2765c-500x400.png 500w, https:\/\/www.gdapress.it\/it\/..\/public\/it\/2025\/03\/1041cf05-3ec1-14a3-4940-f5d4b6d2765c-300x240.png 300w, https:\/\/www.gdapress.it\/it\/..\/public\/it\/2025\/03\/1041cf05-3ec1-14a3-4940-f5d4b6d2765c.png 746w\" sizes=\"auto, (max-width: 500px) 100vw, 500px\" \/><\/p>\n<div>\n<table>\n<tbody>\n<tr>\n<td>\n<div>\n<table align=\"left\">\n<tbody>\n<tr>\n<td>\n<h3><u><a id=\"OWA3a2e5d56-766b-d36c-4ad9-d7751be127aa\" class=\"OWAAutoLink\" title=\"https:\/\/alessiarizzetto.us19.list-manage.com\/track\/click?u=efa3a1ba3a8febbe757a71b32&amp;id=97772a84f5&amp;e=6a7fe3b735\" href=\"https:\/\/alessiarizzetto.us19.list-manage.com\/track\/click?u=efa3a1ba3a8febbe757a71b32&amp;id=97772a84f5&amp;e=6a7fe3b735\" target=\"_blank\" rel=\"noopener noreferrer\" data-linkindex=\"17\" data-auth=\"NotApplicable\">Veramente<\/a><\/u>\u00a0inaugura la\u00a0<b>Sala Vinili<\/b>, un nuovo spazio dedicato ai grandi successi della musica italiana, dagli anni \u201860 ai \u201890. In particolare, a partire da sabato\u00a0<b>8 marzo<\/b>, ogni settimana la cena si animer\u00e0 con la musica selezionata tra i 450 vinili che decorano le pareti della sala. Il ristorante nasce con l\u2019obiettivo di riunire in un unico menu alcune delle ricette che, da Nord a Sud, hanno segnato la storia della cucina regionale del Bel Paese, fino a costituire quella che oggi \u00e8 conosciuta come\u00a0<b>\u201cla cucina italiana\u201d<\/b>. La Sala Vinili, che pu\u00f2 ospitare fino a 50 persone, \u00e8 il luogo ideale per serate con amici o eventi privati, dove si pu\u00f2 scegliere il proprio disco preferito ed essere trasportati in un luogo senza tempo. Veramente non \u00e8 solo un ristorante, ma un punto di riferimento per chi ama l&#8217;italianit\u00e0 in tutte le sue sfumature: dalla cucina semplice e raffinata alla musica che ne racconta la storia.<br \/>\nPer info e prenotazioni: T: 02 85687716 |<br \/>\nE:\u00a0<u><a id=\"OWAbfc0edae-bcbb-6b17-d9bf-e3f951742074\" class=\"OWAAutoLink\" title=\"mailto:milano@ristoranteveramente.it\" href=\"mailto:milano@ristoranteveramente.it\" data-linkindex=\"18\">milano@ristoranteveramente.it<\/a><\/u>\u00a0|\u00a0<u><a id=\"OWAd088db4e-53c3-fc25-b9cb-39e613e98daf\" class=\"OWAAutoLink\" title=\"https:\/\/alessiarizzetto.us19.list-manage.com\/track\/click?u=efa3a1ba3a8febbe757a71b32&amp;id=8454edf1d1&amp;e=6a7fe3b735\" href=\"https:\/\/alessiarizzetto.us19.list-manage.com\/track\/click?u=efa3a1ba3a8febbe757a71b32&amp;id=8454edf1d1&amp;e=6a7fe3b735\" target=\"_blank\" rel=\"noopener noreferrer\" data-linkindex=\"19\" data-auth=\"NotApplicable\">ristoranteveramente.it<\/a><\/u><\/h3>\n<\/td>\n<\/tr>\n<\/tbody>\n<\/table>\n<\/div>\n<\/td>\n<\/tr>\n<\/tbody>\n<\/table>\n<\/div>\n<div><\/div>\n","protected":false},"excerpt":{"rendered":"<p>MarCH-ING INTO A DELICIOUS SPRING APPUNTAMENTI DEL MESE ANDREA APREA Caff\u00e8 Bistrot Andrea Aprea\u00a0inaugura\u00a0&#8220;Colazione al Museo&#8221;, un\u2019esperienza che unisce l\u2019eccellenza gastronomica all\u2019arte, offrendo un\u2019opportunit\u00e0 per scoprire la raffinata proposta del Caff\u00e8 Bistrot Andrea Aprea e visitare il Museo d\u2019arte della Fondazione Luigi Rovati. Due le formule disponibili, pensate per soddisfare diverse preferenze. La\u00a0Colazione Dolce\u00a0e\u00a0Salata\u00a0\u00e8 un &hellip; <a href=\"https:\/\/www.gdapress.it\/it\/index.php\/75848\/enogastronomia\/march-ing-into-a-delicious-spring.html\" class=\"more-link\">Read more <span class=\"screen-reader-text\">MarCH-ING INTO A DELICIOUS SPRING<\/span><\/a><\/p>\n","protected":false},"author":1,"featured_media":75852,"comment_status":"closed","ping_status":"open","sticky":false,"template":"","format":"standard","meta":{"footnotes":""},"categories":[20],"tags":[24154,18425,26423,13607,26635,26335],"class_list":["post-75848","post","type-post","status-publish","format-standard","has-post-thumbnail","hentry","category-enogastronomia","tag-andrea-aprea","tag-andrea-berton","tag-casa-brera","tag-eataly-smeraldo","tag-it-maison","tag-veramente"],"_links":{"self":[{"href":"https:\/\/www.gdapress.it\/it\/index.php\/wp-json\/wp\/v2\/posts\/75848","targetHints":{"allow":["GET"]}}],"collection":[{"href":"https:\/\/www.gdapress.it\/it\/index.php\/wp-json\/wp\/v2\/posts"}],"about":[{"href":"https:\/\/www.gdapress.it\/it\/index.php\/wp-json\/wp\/v2\/types\/post"}],"author":[{"embeddable":true,"href":"https:\/\/www.gdapress.it\/it\/index.php\/wp-json\/wp\/v2\/users\/1"}],"replies":[{"embeddable":true,"href":"https:\/\/www.gdapress.it\/it\/index.php\/wp-json\/wp\/v2\/comments?post=75848"}],"version-history":[{"count":6,"href":"https:\/\/www.gdapress.it\/it\/index.php\/wp-json\/wp\/v2\/posts\/75848\/revisions"}],"predecessor-version":[{"id":75861,"href":"https:\/\/www.gdapress.it\/it\/index.php\/wp-json\/wp\/v2\/posts\/75848\/revisions\/75861"}],"wp:featuredmedia":[{"embeddable":true,"href":"https:\/\/www.gdapress.it\/it\/index.php\/wp-json\/wp\/v2\/media\/75852"}],"wp:attachment":[{"href":"https:\/\/www.gdapress.it\/it\/index.php\/wp-json\/wp\/v2\/media?parent=75848"}],"wp:term":[{"taxonomy":"category","embeddable":true,"href":"https:\/\/www.gdapress.it\/it\/index.php\/wp-json\/wp\/v2\/categories?post=75848"},{"taxonomy":"post_tag","embeddable":true,"href":"https:\/\/www.gdapress.it\/it\/index.php\/wp-json\/wp\/v2\/tags?post=75848"}],"curies":[{"name":"wp","href":"https:\/\/api.w.org\/{rel}","templated":true}]}}