
{"id":75601,"date":"2025-01-22T21:26:56","date_gmt":"2025-01-22T19:26:56","guid":{"rendered":"https:\/\/www.gdapress.it\/it\/?p=75601"},"modified":"2025-01-22T21:26:56","modified_gmt":"2025-01-22T19:26:56","slug":"sofia-brogi-oltre-scrivere-con-la-luce-spazio-hus-di-milano","status":"publish","type":"post","link":"https:\/\/www.gdapress.it\/it\/index.php\/75601\/arte\/sofia-brogi-oltre-scrivere-con-la-luce-spazio-hus-di-milano.html","title":{"rendered":"Sofia Brogi   OLTRE.  Scrivere con la luce  Spazio HUS di Milano"},"content":{"rendered":"<p><img loading=\"lazy\" decoding=\"async\" class=\"alignleft size-large wp-image-75603\" src=\"http:\/\/www.gdapress.it\/it\/..\/public\/it\/2025\/01\/LOCANDINA-SOFIA-BROGI-1-283x400.jpg\" alt=\"\" width=\"283\" height=\"400\" srcset=\"https:\/\/www.gdapress.it\/it\/..\/public\/it\/2025\/01\/LOCANDINA-SOFIA-BROGI-1-283x400.jpg 283w, https:\/\/www.gdapress.it\/it\/..\/public\/it\/2025\/01\/LOCANDINA-SOFIA-BROGI-1-212x300.jpg 212w, https:\/\/www.gdapress.it\/it\/..\/public\/it\/2025\/01\/LOCANDINA-SOFIA-BROGI-1-768x1086.jpg 768w, https:\/\/www.gdapress.it\/it\/..\/public\/it\/2025\/01\/LOCANDINA-SOFIA-BROGI-1-1086x1536.jpg 1086w, https:\/\/www.gdapress.it\/it\/..\/public\/it\/2025\/01\/LOCANDINA-SOFIA-BROGI-1.jpg 1414w\" sizes=\"auto, (max-width: 283px) 100vw, 283px\" \/>Sofia Brogi<\/p>\n<p>OLTRE Scrivere con la luce<\/p>\n<p>Mostra fotografica a cura di Francesca Bianucci e Chiara Cinelli<\/p>\n<p>Inaugurazione<\/p>\n<p>gioved\u00ec 23 gennaio 2025<\/p>\n<p>ore 18.30<\/p>\n<p>23 gennaio \u2013 6 febbraio 2025<\/p>\n<p>ingresso libero<\/p>\n<p>Dal 23 gennaio al 6 febbraio 2025, lo Spazio HUS di Milano ospita la mostra \u201cOltre. Scrivere con la luce\u201d, che presenta una selezione di opere fotografiche di Sofia Brogi, giovane e talentuosa artista, la cui passione per la fotografia, coltivata sin da bambina, si \u00e8 evoluta negli anni in un profondo percorso di ricerca umana ed artistica.<\/p>\n<p>Il viaggio e la scoperta di culture diverse sono sempre stati al centro della vita e della ricerca fotografica di Sofia Brogi. Il &#8220;diverso&#8221; non l\u2019ha mai intimorita; al contrario, l\u2019ha sempre attratta e stimolata. I suoi viaggi l\u2019hanno portata in angoli remoti del mondo, dove ha potuto affinare il suo sguardo e immergersi nella bellezza di ogni contesto culturale.<\/p>\n<p>Specializzatasi nella fotografia di viaggio e nel ritratto, Sofia Brogi non si limita a ritrarre luoghi e persone ma fa dell\u2019arte fotografica un ponte capace di collegare mondi e culture differenti, uno strumento per scoprire e raccontare ci\u00f2 che si cela oltre la realt\u00e0 visibile. Attraverso il suo sguardo, la luce diventa narrazione e la fotografia un linguaggio capace di rivelare le connessioni pi\u00f9 intime tra gli esseri umani e l\u2019ambiente che li circonda.<\/p>\n<p>\u201cLa fotografia \u00e8 sempre stata il mio oltre \u2013 osserva Sofia Brogi -. Oltre la vita, i momenti, le storie, i colori. Oltre \u00e8 una finestra sulle esperienze vissute, filtrate attraverso il mio sguardo. \u00c8 il mio amore per il viaggio, per un mondo che ha ancora tanto da svelare. Scrivere con la luce \u00e8 ci\u00f2 che amo di pi\u00f9: ogni scatto \u00e8 un racconto, ogni luce una parola. Ringrazio quella piccola me che, prima ancora di sapere come, aveva gi\u00e0 scelto questo sogno\u201d.<\/p>\n<p>I ritratti di Sofia Brogi rappresentano l\u2019essenza del suo sguardo attento e sensibile verso l\u2019umano: ogni volto \u00e8 un racconto, un\u2019istantanea di emozioni che emergono in maniera discreta, senza enfasi, grazie alla capacit\u00e0 dell\u2019artista di stabilire un legame empatico con i suoi soggetti. Analogamente, i suoi paesaggi non sono semplicemente la rappresentazione di un luogo ma sono testimoni di storie ed esperienze individuali. Ogni paesaggio \u00e8 carico di un significato che emerge dal rapporto tra il luogo e chi lo ha vissuto, trasformando l\u2019ambiente in una memoria visiva del vissuto umano.<\/p>\n<p>La ricerca compositiva di Sofia Brogi si orienta verso una sintesi formale, caratterizzata dalla scelta di elementi essenziali e dall\u2019abbandono di qualsiasi dettaglio superfluo. Per lei, la fotografia \u00e8 un processo di sintesi, un\u2019arte che permette di semplificare la complessit\u00e0 della vita, distillandola in ci\u00f2 che \u00e8 essenziale.<\/p>\n<p>Un aspetto centrale nella sua fotografia \u00e8 l\u2019utilizzo della luce e del colore, che non si limitano a scopi stilistici ma diventano strumenti narrativi veri e propri. Attraverso un gioco di chiaroscuri e una gestione consapevole del colore, Sofia infonde alle sue immagini un dinamismo che ne arricchisce la lettura, conferendo profondit\u00e0 e intensit\u00e0 emotiva alle scene.<\/p>\n<p>L\u2019influenza del cinema, visibile in molte delle sue opere, si manifesta nella ricerca di una dimensione narrativa e visiva simile a quella cinematografica. La luce, in particolare, assume una funzione fondamentale, conferendo alle fotografie un senso di movimento e un respiro che suggerisce una storia pi\u00f9 ampia.<\/p>\n<p>La mostra propone un percorso visivo che invita lo spettatore a riflettere sulla realt\u00e0, ad esplorare le connessioni tra persone, luoghi e memorie, offrendo una visione profonda e articolata del mondo attraverso l\u2019obiettivo dell\u2019artista.<\/p>\n<p>____________________________________<\/p>\n<p>&nbsp;<\/p>\n<p>Sofia Brogi \u2013 cenni biografici<\/p>\n<p>Sofia Brogi \u00e8 una fotografa fiorentina di 23 anni adottata da Milano, una citt\u00e0 che l\u2019ha accolta ormai da quattro anni. La sua passione per la fotografia \u00e8 nata in giovane et\u00e0, quando, a soli 8 anni, ha iniziato a scattare immagini per raccontare e interpretare il mondo che la circondava. Fin da subito, la fotografia \u00e8 diventata per Sofia il principale mezzo di comunicazione per esprimere la sua creativit\u00e0 e le sue emozioni, senza mai seguire un percorso accademico formale. La sua curiosit\u00e0 innata l\u2019ha spinta a studiare la storia della fotografia sui libri e a perfezionare la tecnica sul campo. Nel 2024, Sofia ha conseguito la laurea in Comunicazione, Media e Pubblicit\u00e0 presso l\u2019Universit\u00e0 IULM di Milano, ma \u00e8 stato un viaggio in India che, nello stesso anno, ha rappresentato la conferma definitiva della sua vocazione. Due mesi trascorsi nel subcontinente le hanno dato l\u2019opportunit\u00e0 di esplorare pi\u00f9 a fondo la sua passione e di trasformare il suo sogno in un obiettivo concreto.<\/p>\n<p>Nel 2024 Sofia Brogi ha ottenuto anche i primi riconoscimenti internazionali. Infatti, una delle sue fotografie \u00e8 risultata tra le 10 finaliste a livello mondiale del concorso di The Independent Photographer nella categoria Travel. Un risultato particolarmente rilevante considerando che Sofia, la sola donna finalista, l\u2019ha ottenuto con l\u2019unico ritratto fra le foto selezionate dalla giuria<\/p>\n<p>per la finale. Inoltre, nel novembre 2024, \u00e8 stata selezionata come finalista anche per il Travel Photographer of the Year, uno dei concorsi di fotografia di viaggio pi\u00f9 prestigiosi a livello globale, nella categoria Rising Talent Award. Questi riconoscimenti accrescono la sua reputazione nel panorama della fotografia contemporanea e confermano la sua capacit\u00e0 di trasmettere, con efficacia, agli osservatori la propria sensibilit\u00e0 nell\u2019esplorare i temi del ritratto e del paesaggio.<\/p>\n<p>&nbsp;<\/p>\n<p>Spazio HUS<\/p>\n<p>Spazio HUS si propone come un luogo di incontro e di contaminazione tra esperienze e percorsi artistici differenti, attraverso un ricco programma di esposizioni di designer, artisti, fotografi e artigiani del panorama italiano e internazionale.<\/p>\n<p>Spazio HUS, il cui nome nasce dal termine danese \u201cHUS\u201d che significa \u201ccasa\u201d, si trova in un luogo suggestivo con interni originali d\u2019epoca che \u00e8 anche sede di HUS Milano, laboratorio creativo e di ispirazione per architetti, arredatori, designer e artisti in generale.<\/p>\n<p>_____________________________________<\/p>\n<p>&nbsp;<\/p>\n<p>Sofia Brogi<\/p>\n<p>OLTRE<\/p>\n<p>Scrivere con la luce<\/p>\n<p>mostra fotografica a cura di Francesca Bianucci e Chiara Cinelli<\/p>\n<p>Spazio HUS<\/p>\n<p>via San Fermo, 19 \u2013 Milano<\/p>\n<p>Inaugurazione<\/p>\n<p>gioved\u00ec 23 gennaio 2025<\/p>\n<p>ore 18.30<\/p>\n<p>Apertura della mostra<\/p>\n<p>23 gennaio \u2013 6 febbraio 2025<\/p>\n<p>ingresso libero<\/p>\n<p>Orari di apertura<\/p>\n<p>da luned\u00ec a venerd\u00ec: 10.30 &#8211; 13.30 \/ 15.00 \u2013 19.00<\/p>\n<p>sabato su appuntamento<\/p>\n<p>Per informazioni<\/p>\n<p>T. 02 23050706 www.spaziohus.com<\/p>\n","protected":false},"excerpt":{"rendered":"<p>Sofia Brogi OLTRE Scrivere con la luce Mostra fotografica a cura di Francesca Bianucci e Chiara Cinelli Inaugurazione gioved\u00ec 23 gennaio 2025 ore 18.30 23 gennaio \u2013 6 febbraio 2025 ingresso libero Dal 23 gennaio al 6 febbraio 2025, lo Spazio HUS di Milano ospita la mostra \u201cOltre. Scrivere con la luce\u201d, che presenta una &hellip; <a href=\"https:\/\/www.gdapress.it\/it\/index.php\/75601\/arte\/sofia-brogi-oltre-scrivere-con-la-luce-spazio-hus-di-milano.html\" class=\"more-link\">Read more <span class=\"screen-reader-text\">Sofia Brogi   OLTRE.  Scrivere con la luce  Spazio HUS di Milano<\/span><\/a><\/p>\n","protected":false},"author":1,"featured_media":75604,"comment_status":"closed","ping_status":"open","sticky":false,"template":"","format":"standard","meta":{"footnotes":""},"categories":[4],"tags":[17,26706,26705,26463],"class_list":["post-75601","post","type-post","status-publish","format-standard","has-post-thumbnail","hentry","category-arte","tag-milano","tag-oltre-scrivere-con-la-luce","tag-sofia-brogi","tag-spazio-hus"],"_links":{"self":[{"href":"https:\/\/www.gdapress.it\/it\/index.php\/wp-json\/wp\/v2\/posts\/75601","targetHints":{"allow":["GET"]}}],"collection":[{"href":"https:\/\/www.gdapress.it\/it\/index.php\/wp-json\/wp\/v2\/posts"}],"about":[{"href":"https:\/\/www.gdapress.it\/it\/index.php\/wp-json\/wp\/v2\/types\/post"}],"author":[{"embeddable":true,"href":"https:\/\/www.gdapress.it\/it\/index.php\/wp-json\/wp\/v2\/users\/1"}],"replies":[{"embeddable":true,"href":"https:\/\/www.gdapress.it\/it\/index.php\/wp-json\/wp\/v2\/comments?post=75601"}],"version-history":[{"count":1,"href":"https:\/\/www.gdapress.it\/it\/index.php\/wp-json\/wp\/v2\/posts\/75601\/revisions"}],"predecessor-version":[{"id":75605,"href":"https:\/\/www.gdapress.it\/it\/index.php\/wp-json\/wp\/v2\/posts\/75601\/revisions\/75605"}],"wp:featuredmedia":[{"embeddable":true,"href":"https:\/\/www.gdapress.it\/it\/index.php\/wp-json\/wp\/v2\/media\/75604"}],"wp:attachment":[{"href":"https:\/\/www.gdapress.it\/it\/index.php\/wp-json\/wp\/v2\/media?parent=75601"}],"wp:term":[{"taxonomy":"category","embeddable":true,"href":"https:\/\/www.gdapress.it\/it\/index.php\/wp-json\/wp\/v2\/categories?post=75601"},{"taxonomy":"post_tag","embeddable":true,"href":"https:\/\/www.gdapress.it\/it\/index.php\/wp-json\/wp\/v2\/tags?post=75601"}],"curies":[{"name":"wp","href":"https:\/\/api.w.org\/{rel}","templated":true}]}}