
{"id":75350,"date":"2024-12-19T17:09:34","date_gmt":"2024-12-19T15:09:34","guid":{"rendered":"https:\/\/www.gdapress.it\/it\/?p=75350"},"modified":"2024-12-19T17:09:34","modified_gmt":"2024-12-19T15:09:34","slug":"prenatal-il-natale-si-veste-di-eleganza-per-attimi-da-non-dimenticare","status":"publish","type":"post","link":"https:\/\/www.gdapress.it\/it\/index.php\/75350\/il-mondo-dei-bambini-dalla-a-alla-z\/prenatal-il-natale-si-veste-di-eleganza-per-attimi-da-non-dimenticare.html","title":{"rendered":"Pr\u00e9natal: il Natale si veste di eleganza per attimi da non dimenticare"},"content":{"rendered":"<p><img loading=\"lazy\" decoding=\"async\" class=\"alignleft size-large wp-image-75351\" src=\"http:\/\/www.gdapress.it\/it\/..\/public\/it\/2024\/12\/Prenatal_Natale_-elegant-8-318x400.jpg\" alt=\"\" width=\"318\" height=\"400\" srcset=\"https:\/\/www.gdapress.it\/it\/..\/public\/it\/2024\/12\/Prenatal_Natale_-elegant-8-318x400.jpg 318w, https:\/\/www.gdapress.it\/it\/..\/public\/it\/2024\/12\/Prenatal_Natale_-elegant-8-239x300.jpg 239w, https:\/\/www.gdapress.it\/it\/..\/public\/it\/2024\/12\/Prenatal_Natale_-elegant-8-768x965.jpg 768w, https:\/\/www.gdapress.it\/it\/..\/public\/it\/2024\/12\/Prenatal_Natale_-elegant-8.jpg 1020w\" sizes=\"auto, (max-width: 318px) 100vw, 318px\" \/>Pr\u00e9natal: il Natale si veste di eleganza per attimi da non dimenticare<\/p>\n<p>Pr\u00e9natal presenta per Natale una collezione che combina la ricerca di stile e comfort al calore dei sorrisi pi\u00f9 dolci. Pensata per rendere le feste di bambine e bambini ancora pi\u00f9 speciali, la nuova linea natalizia \u00e8 un invito a creare momenti indimenticabili.<\/p>\n<p>Per le bimbe, l\u2019immancabile motivo scozzese si reinventa con un\u2019eleganza senza tempo, creando coordinati che uniscono le sorelline di tutte le et\u00e0. Dall\u2019abitino per le pi\u00f9 piccole alla versione con gonna a balze e corpetto rosso per le pi\u00f9 grandi, ogni capo \u00e8 pensato per esaltare la magia della ricorrenza.<\/p>\n<p>E le romantiche proposte continuano: l\u2019abitino rosso con corpetto in paillettes e gonna in tulle \u00e8 un vero incanto. Perfetto anche l\u2019abbinamento del lupetto rosso con una gonna argentata scintillante.<\/p>\n<p>Per i maschietti, eleganza e comfort si fondono in capi classici e pieni di stile, come nei pantaloni in spigato grigio o blu notte con bretelle (disponibili sia per la fascia 3-36 mesi che 3-10 anni). I pi\u00f9 piccoli troveranno nel ricamo dell\u2019orsetto un compagno di avventure, sul cardigan grigio, al centro del gilet blu e sul maglioncino rosso, tutto in tricot per un caldo abbraccio. Per i pi\u00f9 grandicelli c\u2019\u00e8 la camicia azzurra e il maglioncino blu scuro con motivi natalizi: l\u2019abbinamento ideale per un look semplice ma di stile.<\/p>\n<p>La collezione per i neonati \u00e8 un omaggio alla dolcezza: dall\u2019abitino in velluto rosso dai dettagli raffinati allo smanicato blu notte che si completa con il body impreziosito dal collo in pizzo. Per i maschietti c\u2019\u00e8 il body scozzese perfetto in abbinamento al pantalone blu scuro con risvolto che richiama la stessa fantasia, pensato per un tocco di dolce eleganza.<\/p>\n<p>La collezione natalizia Pr\u00e9natal vuole essere pi\u00f9 di un abito: \u00e8 una coccola, un abbraccio, un ricordo per accompagnare le famiglie. Disponibile in tutti i punti vendita d\u2019Italia e sul sito www.prenatal.com<\/p>\n<p>Pr\u00e9natal (parte di PRG Retail Group) \u00e8 stata fondata in Francia nel 1947 ed \u00e8 sbarcata in Italia nel 1963 con il primo punto vendita a Milano, celebrando cos\u00ec lo scorso anno i suoi primi 60 anni nel nostro Paese. Con 171 punti vendita in Italia, negozi e megastore, Pr\u00e9natal \u00e8 leader nella vendita di prodotti che accompagnano genitori e bambini e nell\u2019offerta di servizi di supporto e assistenza nelle fasi di gestazione, nascita e crescita. Presente anche in Spagna, Portogallo, Grecia. Per ulteriori informazioni www.prenatal.com<\/p>\n","protected":false},"excerpt":{"rendered":"<p>Pr\u00e9natal: il Natale si veste di eleganza per attimi da non dimenticare Pr\u00e9natal presenta per Natale una collezione che combina la ricerca di stile e comfort al calore dei sorrisi pi\u00f9 dolci. Pensata per rendere le feste di bambine e bambini ancora pi\u00f9 speciali, la nuova linea natalizia \u00e8 un invito a creare momenti indimenticabili. &hellip; <a href=\"https:\/\/www.gdapress.it\/it\/index.php\/75350\/il-mondo-dei-bambini-dalla-a-alla-z\/prenatal-il-natale-si-veste-di-eleganza-per-attimi-da-non-dimenticare.html\" class=\"more-link\">Read more <span class=\"screen-reader-text\">Pr\u00e9natal: il Natale si veste di eleganza per attimi da non dimenticare<\/span><\/a><\/p>\n","protected":false},"author":1,"featured_media":75352,"comment_status":"closed","ping_status":"open","sticky":false,"template":"","format":"standard","meta":{"footnotes":""},"categories":[7536],"tags":[2237,22607],"class_list":["post-75350","post","type-post","status-publish","format-standard","has-post-thumbnail","hentry","category-il-mondo-dei-bambini-dalla-a-alla-z","tag-natale","tag-prenatal"],"_links":{"self":[{"href":"https:\/\/www.gdapress.it\/it\/index.php\/wp-json\/wp\/v2\/posts\/75350","targetHints":{"allow":["GET"]}}],"collection":[{"href":"https:\/\/www.gdapress.it\/it\/index.php\/wp-json\/wp\/v2\/posts"}],"about":[{"href":"https:\/\/www.gdapress.it\/it\/index.php\/wp-json\/wp\/v2\/types\/post"}],"author":[{"embeddable":true,"href":"https:\/\/www.gdapress.it\/it\/index.php\/wp-json\/wp\/v2\/users\/1"}],"replies":[{"embeddable":true,"href":"https:\/\/www.gdapress.it\/it\/index.php\/wp-json\/wp\/v2\/comments?post=75350"}],"version-history":[{"count":1,"href":"https:\/\/www.gdapress.it\/it\/index.php\/wp-json\/wp\/v2\/posts\/75350\/revisions"}],"predecessor-version":[{"id":75353,"href":"https:\/\/www.gdapress.it\/it\/index.php\/wp-json\/wp\/v2\/posts\/75350\/revisions\/75353"}],"wp:featuredmedia":[{"embeddable":true,"href":"https:\/\/www.gdapress.it\/it\/index.php\/wp-json\/wp\/v2\/media\/75352"}],"wp:attachment":[{"href":"https:\/\/www.gdapress.it\/it\/index.php\/wp-json\/wp\/v2\/media?parent=75350"}],"wp:term":[{"taxonomy":"category","embeddable":true,"href":"https:\/\/www.gdapress.it\/it\/index.php\/wp-json\/wp\/v2\/categories?post=75350"},{"taxonomy":"post_tag","embeddable":true,"href":"https:\/\/www.gdapress.it\/it\/index.php\/wp-json\/wp\/v2\/tags?post=75350"}],"curies":[{"name":"wp","href":"https:\/\/api.w.org\/{rel}","templated":true}]}}