
{"id":75038,"date":"2024-10-27T21:08:54","date_gmt":"2024-10-27T19:08:54","guid":{"rendered":"https:\/\/www.gdapress.it\/it\/?p=75038"},"modified":"2024-10-27T21:08:54","modified_gmt":"2024-10-27T19:08:54","slug":"teatro-studio-melato","status":"publish","type":"post","link":"https:\/\/www.gdapress.it\/it\/index.php\/75038\/teatro\/teatro-studio-melato.html","title":{"rendered":"Teatro Studio Melato Altri Libertini"},"content":{"rendered":"<p>Teatro Studio Melato, dal 29 ottobre al 3 novembre<\/p>\n<p>Pier Vittorio Tondelli<br \/>\nAltri Libertini<br \/>\nLicia Lanera<\/p>\n<p>Per la prima volta, dalla morte del suo autore, Licia Lanera porta in teatro, allo Studio Melato dal 29 ottobre al 3 novembre, gli sfrontati e coraggiosi Altri libertini raccontati da Tondelli.<\/p>\n<p>Pubblicata nel 1980, Altri libertini \u00e8 l\u2019opera prima di Pier Vittorio Tondelli, giornalista, saggista, drammaturgo e scrittore, scomparso nel 1991 a soli trentasei anni. Con linguaggio vivo, crudo e a tratti sperimentale, racconta le storie di giovani, spesso ai margini della societ\u00e0, in cerca di una propria identit\u00e0 nell\u2019Italia della fine degli anni \u201970. Un\u2019opera talmente rivoluzionaria e spudorata \u2013 fu addirittura sequestrata per oscenit\u00e0 \u2013 da affermarsi rapidamente come manifesto di un\u2019intera generazione, contribuendo ad annoverare lo scrittore emiliano tra gli autori pi\u00f9 importanti della letteratura contemporanea. Dei sei racconti che compongono il volume \u2013 \u201cromanzo a episodi\u201d lo definiva Tondelli \u2013 Licia Lanera ha scelto di lavorare su Viaggio, Altri libertini e Autobahn, incrociandoli a creare un\u2019unica narrazione che la vede in scena al fianco di Giandomenico Cupaiuolo, Danilo Giuva, Roberto Magnani.<\/p>\n<p>\u201cPerch\u00e9 ho scelto Altri libertini? Al di l\u00e0 del piacere puramente letterario nell&#8217;affrontare questi personaggi con la loro lingua meticciata e regressiva, e quello teatrale di occuparmi di personaggi in tumulto, ci doveva essere dell&#8217;altro; qualcosa di pi\u00f9 profondo che avesse a che fare con me, con la mia vita, con i miei quarant&#8217;anni, con le mie origini. Questo qualcosa che oggi provo a definire, si \u00e8 rispecchiato un giorno, come un&#8217;epifania, in quelle parole tondelliane e ha deciso di appropriarsene. Innanzitutto, un aspetto politico: due saggi di Paolo Morando &#8217;78-&#8217;79 Dancing days e &#8217;80, che raccontano gli avvenimenti degli anni titolati, insieme ad una ricerca video (molto importante \u00e8 stato il documentario di Comencini L&#8217;amore in Italia) mi hanno messa in relazione con la parola &#8216;reflusso&#8217; (o riflusso a seconda delle fonti), cio\u00e8 il momento esatto in cui \u00e8 cominciato quel processo in cui la politica perde terreno, il capitalismo avanza e la cosa pubblica viene sostituita dal privato. Questo processo \u00e8 arrivato dritto fino a noi e ci pone davanti a due macrotemi: la fine dell&#8217;ideologia e la presenza totalizzante del privato nelle narrazioni contemporanee. Ed \u00e8 questo processo che condanno, che soffro ma di cui sono totalmente parte, in cui soccombe anche la mia di narrazione, dai social al teatro. Che cos&#8217;\u00e8 questo punto di non ritorno? Che cos&#8217;ero io? Che cosa mia madre? Quel suo sguardo ritrovato in alcune descrizioni pasoliniane, quanto pu\u00f2 assomigliare al mio? Come guardo i giovani oggi? Quello spirito reazionario da giovane scapestrata degli anni Novanta quanto mi fa puntare l&#8217;indice con giudizio e a volte disprezzo per le nuove generazioni e la loro &#8216;assenza di un corpo&#8217;. Come sono invecchiata? Sono invecchiata? Io e i miei compagni di viaggio ci siamo messi addosso l&#8217;etichetta di altri libertini, vitelloni nati nel secolo scorso, senza figli, animali notturni, poca grazia nel nostro stare al mondo, bestie solitarie terrorizzati dalla solitudine, incapaci di essere genitori, condannati ad essere eternamente figli, figli dai capelli bianchi, figli coi drink in mano e la droga nel portafogli da usare rigorosamente in occasioni speciali.<\/p>\n<p>Dunque, questo spettacolo mette in scena Altri libertini, ma fugge dalla rappresentazione continuamente, gli attori si appropriano di quelle parole e alla fine Pier Vittorio Tondelli non esiste pi\u00f9 se non nei corpi nella carne negli sputi degli attori, nelle loro biografie. Io, con il mio corpo in scena, sono l\u00ec &#8216;in borghese&#8217; a combattere questa personale guerra alla rappresentazione, sono l\u00ec a confondere, sono l\u00ec a ricordare continuamente allo spettatore che siamo in un teatro a rievocare i morti attraverso il corpo dei vivi. Siamo qui a memento della storia. Siamo qui a raccontare le miserie di una generazione che si perpetua sempre uguale da almeno quarant&#8217;anni.\u201d<\/p>\n<p>Piccolo Teatro Studio Melato (Via Rivoli, 6 \u2013 M2 Lanza)<br \/>\ndal 29 ottobre al 3 novembre 2024<br \/>\nAltri libertini<br \/>\ndi Pier Vittorio Tondelli<br \/>\nadattamento e regia Licia Lanera<br \/>\ncon Giandomenico Cupaiuolo, Danilo Giuva, Licia Lanera, Roberto Magnani<br \/>\nluci Martin Palma<br \/>\nsound design Francesco Curci<br \/>\ncostumi Angela Tomasicchio<br \/>\naiuto regia Nina Martorana<br \/>\ntecnici di compagnia Massimiliano Tane, Laura Bizzoca<br \/>\nproduzione Compagnia Licia Lanera<br \/>\nin coproduzione con Teatro delle Albe\/Ravenna Teatro<br \/>\nsi ringrazia Compagnia La Luna nel Letto <\/p>\n<p>Lo spettacolo presenta scene con linguaggio esplicito e ingiurie<\/p>\n<p>Orari: marted\u00ec, gioved\u00ec e sabato ore 19.30; mercoled\u00ec e venerd\u00ec ore 20.30; domenica, ore 16.<br \/>\nDurata: 90 minuti senza intervallo<\/p>\n<p>Prezzi: platea 33 euro, balconata 26 euro<\/p>\n<p>Informazioni e prenotazioni 02.21126116 &#8211; www.piccoloteatro.org<\/p>\n","protected":false},"excerpt":{"rendered":"<p>Teatro Studio Melato, dal 29 ottobre al 3 novembre Pier Vittorio Tondelli Altri Libertini Licia Lanera Per la prima volta, dalla morte del suo autore, Licia Lanera porta in teatro, allo Studio Melato dal 29 ottobre al 3 novembre, gli sfrontati e coraggiosi Altri libertini raccontati da Tondelli. Pubblicata nel 1980, Altri libertini \u00e8 l\u2019opera &hellip; <a href=\"https:\/\/www.gdapress.it\/it\/index.php\/75038\/teatro\/teatro-studio-melato.html\" class=\"more-link\">Read more <span class=\"screen-reader-text\">Teatro Studio Melato Altri Libertini<\/span><\/a><\/p>\n","protected":false},"author":1,"featured_media":75039,"comment_status":"closed","ping_status":"open","sticky":false,"template":"","format":"standard","meta":{"footnotes":""},"categories":[1],"tags":[26572,26571,18712],"class_list":["post-75038","post","type-post","status-publish","format-standard","has-post-thumbnail","hentry","category-teatro","tag-altri-libertini","tag-pier-vittorio-tondelli","tag-teatro-studio-melato"],"_links":{"self":[{"href":"https:\/\/www.gdapress.it\/it\/index.php\/wp-json\/wp\/v2\/posts\/75038","targetHints":{"allow":["GET"]}}],"collection":[{"href":"https:\/\/www.gdapress.it\/it\/index.php\/wp-json\/wp\/v2\/posts"}],"about":[{"href":"https:\/\/www.gdapress.it\/it\/index.php\/wp-json\/wp\/v2\/types\/post"}],"author":[{"embeddable":true,"href":"https:\/\/www.gdapress.it\/it\/index.php\/wp-json\/wp\/v2\/users\/1"}],"replies":[{"embeddable":true,"href":"https:\/\/www.gdapress.it\/it\/index.php\/wp-json\/wp\/v2\/comments?post=75038"}],"version-history":[{"count":1,"href":"https:\/\/www.gdapress.it\/it\/index.php\/wp-json\/wp\/v2\/posts\/75038\/revisions"}],"predecessor-version":[{"id":75040,"href":"https:\/\/www.gdapress.it\/it\/index.php\/wp-json\/wp\/v2\/posts\/75038\/revisions\/75040"}],"wp:featuredmedia":[{"embeddable":true,"href":"https:\/\/www.gdapress.it\/it\/index.php\/wp-json\/wp\/v2\/media\/75039"}],"wp:attachment":[{"href":"https:\/\/www.gdapress.it\/it\/index.php\/wp-json\/wp\/v2\/media?parent=75038"}],"wp:term":[{"taxonomy":"category","embeddable":true,"href":"https:\/\/www.gdapress.it\/it\/index.php\/wp-json\/wp\/v2\/categories?post=75038"},{"taxonomy":"post_tag","embeddable":true,"href":"https:\/\/www.gdapress.it\/it\/index.php\/wp-json\/wp\/v2\/tags?post=75038"}],"curies":[{"name":"wp","href":"https:\/\/api.w.org\/{rel}","templated":true}]}}