
{"id":75034,"date":"2024-10-27T19:49:15","date_gmt":"2024-10-27T17:49:15","guid":{"rendered":"https:\/\/www.gdapress.it\/it\/?p=75034"},"modified":"2024-10-27T19:49:15","modified_gmt":"2024-10-27T17:49:15","slug":"teatro-strehler","status":"publish","type":"post","link":"https:\/\/www.gdapress.it\/it\/index.php\/75034\/teatro\/teatro-strehler.html","title":{"rendered":"Teatro Strehler Trag\u00f9dia"},"content":{"rendered":"<p>Teatro Strehler, dal 29 ottobre al 3 novembre<\/p>\n<p>Alessandro Serra<br \/>\nTrag\u00f9dia<br \/>\nIl canto di Edipo<\/p>\n<p>Alessandro Serra mette in scena Edipo, in lingua grecanica, per raccontare, ancora, qualcosa di profondamente contemporaneo. Lo spettacolo, prodotto da Sardegna Teatro, Teatro Bellini, Emilia Romagna Teatro ERT, Fondazione Teatro Due, va in scena al Teatro Strehler, dal 29 ottobre al 3 novembre.<\/p>\n<p>Sullo sfondo di una citt\u00e0 ridotta al lumicino, arida, sterile, in decomposizione, Sofocle guida lo spettatore attraverso la storia di un uomo che ha il coraggio supremo di voler conoscere se stesso. Come consegnare il mito di Edipo alla contemporaneit\u00e0? Come rendere Sofocle accessibile a tutti? Come elaborare il lutto per la perdita della polis e del sacro?<br \/>\n\u00abL\u2019italiano \u2013 spiega Alessandro Serra \u2013 sembra abbassare il tragico a un fatto drammatico. Abbiamo perci\u00f2 scelto il grecanico, lingua che ancora oggi risuona in un angolo remoto di quella che fu la Magna Grecia, una striscia di terra che dal mare si arrampica sull\u2019Aspromonte scrutando all\u2019orizzonte l\u2019Etna\u00bb. Il canto di Edipo sorge sulle macerie della tragedia classica per esplorare le rovine della societ\u00e0 contemporanea, riscoprendo la voce della polis e del rito, alla ricerca di un sapere collettivo perduto.<\/p>\n<p>Piccolo Teatro Strehler (largo Greppi 2 \u2013 M2 Lanza), dal 29 ottobre al 3 novembre 2024<br \/>\nTrag\u00f9dia<br \/>\nIl canto di Edipo<br \/>\nliberamente ispirato alle opere di Sofocle e ai racconti del mito<br \/>\nregia, scene, luci, suoni, costumi Alessandro Serra<br \/>\ntraduzione in lingua grecanica Salvino Nucera<br \/>\ncon Alessandro Burzotta, Salvatore Drago, Francesca Gabucci, Sara Giannelli,<br \/>\nJared McNeill, Chiara Michelini, Felice Montervino, voci e canti Bruno de Franceschi<br \/>\ncollaborazione ai movimenti di scena Chiara Michelini, collaborazione al suono Gup Alcaro<br \/>\ncollaborazione alle luci Stefano Bardelli, collaborazione ai costumi Serena Trevisi Marceddu<br \/>\ndirezione tecnica Giorgia Mascia, tecnico del suono Alessandro Orr\u00f9, direzione di scena Luca Berettoni<br \/>\ncostruzione scena Daniele Lepori, Serena Trevisi Marceddu, Loic Francois Hamelin<br \/>\nproduzione Sardegna Teatro, Teatro Bellini, Emilia Romagna Teatro ERT \/ Teatro Nazionale,<br \/>\nFondazione Teatro Due, in collaborazione con Compagnia Teatropersona, I Teatri di Reggio Emilia<br \/>\ndistribuzione Sardegna Teatro \u2013 Danilo Soddu <\/p>\n<p>Spettacolo in lingua grecanica con sovratitoli in italiano<\/p>\n<p>Orari: marted\u00ec, gioved\u00ec e sabato ore 19.30; mercoled\u00ec e venerd\u00ec ore 20.30; domenica, ore 16.<br \/>\nDurata: 80 minuti <\/p>\n<p>Prezzi: platea 33 euro, balconata 26 euro<\/p>\n<p>Informazioni e prenotazioni 02.21126116 &#8211; www.piccoloteatro.org<\/p>\n","protected":false},"excerpt":{"rendered":"<p>Teatro Strehler, dal 29 ottobre al 3 novembre Alessandro Serra Trag\u00f9dia Il canto di Edipo Alessandro Serra mette in scena Edipo, in lingua grecanica, per raccontare, ancora, qualcosa di profondamente contemporaneo. Lo spettacolo, prodotto da Sardegna Teatro, Teatro Bellini, Emilia Romagna Teatro ERT, Fondazione Teatro Due, va in scena al Teatro Strehler, dal 29 ottobre &hellip; <a href=\"https:\/\/www.gdapress.it\/it\/index.php\/75034\/teatro\/teatro-strehler.html\" class=\"more-link\">Read more <span class=\"screen-reader-text\">Teatro Strehler Trag\u00f9dia<\/span><\/a><\/p>\n","protected":false},"author":1,"featured_media":75035,"comment_status":"closed","ping_status":"open","sticky":false,"template":"","format":"standard","meta":{"footnotes":""},"categories":[1],"tags":[25227,5653,26570],"class_list":["post-75034","post","type-post","status-publish","format-standard","has-post-thumbnail","hentry","category-teatro","tag-alessandro-serra","tag-teatro-strehler","tag-tragudia"],"_links":{"self":[{"href":"https:\/\/www.gdapress.it\/it\/index.php\/wp-json\/wp\/v2\/posts\/75034","targetHints":{"allow":["GET"]}}],"collection":[{"href":"https:\/\/www.gdapress.it\/it\/index.php\/wp-json\/wp\/v2\/posts"}],"about":[{"href":"https:\/\/www.gdapress.it\/it\/index.php\/wp-json\/wp\/v2\/types\/post"}],"author":[{"embeddable":true,"href":"https:\/\/www.gdapress.it\/it\/index.php\/wp-json\/wp\/v2\/users\/1"}],"replies":[{"embeddable":true,"href":"https:\/\/www.gdapress.it\/it\/index.php\/wp-json\/wp\/v2\/comments?post=75034"}],"version-history":[{"count":1,"href":"https:\/\/www.gdapress.it\/it\/index.php\/wp-json\/wp\/v2\/posts\/75034\/revisions"}],"predecessor-version":[{"id":75036,"href":"https:\/\/www.gdapress.it\/it\/index.php\/wp-json\/wp\/v2\/posts\/75034\/revisions\/75036"}],"wp:featuredmedia":[{"embeddable":true,"href":"https:\/\/www.gdapress.it\/it\/index.php\/wp-json\/wp\/v2\/media\/75035"}],"wp:attachment":[{"href":"https:\/\/www.gdapress.it\/it\/index.php\/wp-json\/wp\/v2\/media?parent=75034"}],"wp:term":[{"taxonomy":"category","embeddable":true,"href":"https:\/\/www.gdapress.it\/it\/index.php\/wp-json\/wp\/v2\/categories?post=75034"},{"taxonomy":"post_tag","embeddable":true,"href":"https:\/\/www.gdapress.it\/it\/index.php\/wp-json\/wp\/v2\/tags?post=75034"}],"curies":[{"name":"wp","href":"https:\/\/api.w.org\/{rel}","templated":true}]}}