
{"id":74942,"date":"2024-10-17T20:11:37","date_gmt":"2024-10-17T18:11:37","guid":{"rendered":"http:\/\/www.gdapress.it\/it\/?p=74942"},"modified":"2024-10-17T20:11:37","modified_gmt":"2024-10-17T18:11:37","slug":"20-anni-di-emozioni-dal-mondo-a-bergamo","status":"publish","type":"post","link":"https:\/\/www.gdapress.it\/it\/index.php\/74942\/enogastronomia\/20-anni-di-emozioni-dal-mondo-a-bergamo.html","title":{"rendered":"20 anni di Emozioni dal Mondo a Bergamo"},"content":{"rendered":"<table class=\"x_templateContainer\" border=\"0\" width=\"100%\" cellspacing=\"0\" cellpadding=\"0\">\n<tbody>\n<tr>\n<td id=\"x_templateHeader\" valign=\"top\">\n<table class=\"x_mcnTextBlock\" border=\"0\" width=\"100%\" cellspacing=\"0\" cellpadding=\"0\">\n<tbody class=\"x_mcnTextBlockOuter\">\n<tr>\n<td class=\"x_mcnTextBlockInner\" valign=\"top\"><\/td>\n<\/tr>\n<\/tbody>\n<\/table>\n<\/td>\n<\/tr>\n<tr>\n<td id=\"x_templateBody\" valign=\"top\">\n<table class=\"x_mcnTextBlock\" border=\"0\" width=\"100%\" cellspacing=\"0\" cellpadding=\"0\">\n<tbody class=\"x_mcnTextBlockOuter\">\n<tr>\n<td class=\"x_mcnTextBlockInner\" valign=\"top\">\n<table class=\"x_mcnTextContentContainer\" border=\"0\" width=\"100%\" cellspacing=\"0\" cellpadding=\"0\" align=\"left\">\n<tbody>\n<tr>\n<td class=\"x_mcnTextContent\" valign=\"top\">Il 2024 segna un anno davvero importante per il Concorso Enologico Internazionale \u201c<em>nato a Bergamo ma amato nel mondo<\/em>\u201d (come recita la bio di Instagram dell\u2019evento @emozionidalmondowines): per la ventesima volta consecutiva (nemmeno il COVID \u00e8 riuscito a fermare le emozioni dal mondo) il\u00a0<strong><span class=\"mark8s97fv3ic\" data-markjs=\"true\" data-ogac=\"\" data-ogab=\"\" data-ogsc=\"\" data-ogsb=\"\">17<\/span>\u00a0<span class=\"marku4lcgide4\" data-markjs=\"true\" data-ogac=\"\" data-ogab=\"\" data-ogsc=\"\" data-ogsb=\"\">ottobre<\/span>\u00a02024<\/strong>\u00a0il sipario del palcoscenico enologico internazionale si aprir\u00e0 su Bergamo e ancora una volta il territorio orobico avr\u00e0 la possibilit\u00e0 di ospitare questa kermesse internazionale di assoluto rilievo.<\/p>\n<p>Negli ultimi anni \u00ab<em>Emozioni dal Mondo Merlot e Cabernet Insieme<\/em>\u00bb \u00e8 arrivato a rappresentare un appuntamento imperdibile nel calendario degli eventi enologici internazionali forte anche del sempre rinnovato sostegno di OIV, l\u2019ente internazionale che sovrintende ai concorsi enologici, che fa della kermesse bergamasca l\u2019unico concorso enologico internazionale al mondo dedicato ai vini Merlot, Cabernet e ai loro tagli ufficialmente riconosciuto dall\u2019Organization de la Vigne et du Vin.<\/p>\n<p>Nel corso del tempo la gamma di vini ammessi al concorso si \u00e8 ampliata: ad oggi possono essere iscritti in gara i vini Merlot, Cabernet, i loro tagli, gli incroci prodotti con questi due vitigni e i vini prodotti da vitigni sostenibili ottenuti da uno dei due vitigni.<\/p>\n<p>E a proposito di vini, dal quartier generale di Vignaioli Bergamaschi gli organizzatori ci fanno sapere che sono gi\u00e0 arrivate a Bergamo oltre 250 etichette pronte ad essere degustate dai giudici (tecnici e giornalisti) internazionali convocati in terra orobica per le degustazioni ufficiali del Concorso il prossimo\u00a0<strong>18\u00a0<span class=\"marku4lcgide4\" data-markjs=\"true\" data-ogac=\"\" data-ogab=\"\" data-ogsc=\"\" data-ogsb=\"\">ottobre<\/span>\u00a02024<\/strong>\u00a0nell\u2019affascinante cornice della Sala Ristorante dell\u2019<strong>Hotel Bigio<\/strong>, vera istituzione di San Pellegrino Terme.<\/p>\n<p>Per questa ventesima edizione \u00e8 stata selezionata una location di eccellenza:\u00a0<strong>San Pellegrino Terme<\/strong>. Storicamente \u00ab<em>Emozioni dal Mondo Merlot e Cabernet Insieme<\/em>\u00bb cambia location ogni anno per consentire agli ospiti internazionali di scoprire sempre nuovi aspetti del variegato e ricco territorio bergamasco. Per il 2024 si \u00e8 scelta una location unica nel suo genere, San Pellegrino Terme che ospiter\u00e0 i giudici del Concorso per tre giorni.<\/p>\n<p>Ad affiancare il lavoro ufficiale delle commissioni di degustazione \u00e8 stata ideata una serie di attivit\u00e0: dalla visita alla San Pellegrino Liberty a quella alla scoperta della Val Taleggio, dai tour guidati nello stabilimento di Acqua San Pellegrino alle degustazioni di acqua e prodotti tipici, come i biscotti del Bigio e lo Zafferano OLG.<\/p>\n<p>Insomma una serie di attivit\u00e0 volte alla valorizzazione del territorio ospite perch\u00e9, ancora una volta, \u00ab<em>Emozioni dal Mondo Merlot e Cabernet Insieme<\/em>\u00bb parla al mondo di Bergamo e del suo territorio cos\u00ec ricco e sfaccettato.<\/p>\n<p>\u00abSiamo molto felici di essere riusciti a organizzare il 20\u00b0 Concorso a\u00a0<strong>San Pellegrino Terme<\/strong>\u00bb, ha dichiarato Sergio Cantoni, direttore dell\u2019evento, \u00abAmmetto che erano anni che ci pensavamo e speriamo davvero che i nostri ospiti possano apprezzare la location quanto la apprezziamo noi. San Pellegrino Terme \u00e8 davvero una chicca del territorio bergamasco e speriamo di vederla sempre pi\u00f9 valorizzata.\u00bb<\/p>\n<p>A sostenere l\u2019evento, ancora una volta,\u00a0<strong>Good Senses<\/strong>\u00a0che si occupa della struttura tecnica e scientifica del Concorso sin dalla sua prima edizione.<\/p>\n<p>Altra partnership confermata anche per il 2024 \u00e8 quella con l\u2019<strong>IS San Pellegrino Terme<\/strong>\u00a0che si occuper\u00e0 , come ormai d\u2019abitudine, del servizio dei campioni in concorso (sotto la supervisione di un sommelier) ma anche dell\u2019accoglienza degli ospiti con un Tour di San Pellegrino liberty guidato dai Local Ambassadors della scuola, di ospitare la Cena di Benvenuto presso l\u2019istituto stesso e del servizio del pranzo a chiusura dell\u2019evento.<\/p>\n<p>\u00abQuesti ragazzi sono il futuro del nostro territorio e della nostra Eno-gastronomia e ci fa sempre piacere poter dare l\u2019occasione di mettersi alla prova in situazioni di grande rilevanza come il nostro concorso\u00bb, ha commentato\u00a0<strong>Carlotta Grumelli Pedrocca<\/strong>, presidente di Vignaioli Bergamaschi.<\/p>\n<p>Molte le sorprese in cantiere per celebrare al meglio i primi 20 anni di \u00ab<em>Emozioni dal Mondo Merlot e Cabernet Insieme<\/em>\u00bb dalla pubblicazione di un volume tutto dedicato al Concorso alla creazione di uno speciale annullo postale dell\u2019evento (disponibile nella mattinata del sabato), da una cena di gala in stile Belle Epoque a un convegno (organizzato in collaborazione con\u00a0<strong>Consorzio Tutela Valcalepio<\/strong>),\u00a0in programma per\u00a0<strong>sabato 19\u00a0<span class=\"marku4lcgide4\" data-markjs=\"true\" data-ogac=\"\" data-ogab=\"\" data-ogsc=\"\" data-ogsb=\"\">ottobre<\/span>\u00a02024<\/strong>\u00a0presso il\u00a0<strong>CineTeatro dell\u2019Oratorio di San Pellegrino Terme<\/strong>\u00a0sul tema \u00ab<strong><em>Il Vino del Futuro o il Futuro del Vino?<\/em><\/strong>\u00bb. Al termine del convegno, come da tradizione, verranno annunciati i vini vincitori del Concorso Enologico Internazionale.<\/p>\n<p>A Bergamo ancora una volta, tutto \u00e8 pronto per l\u2019evento enologico orobico pi\u00f9 importante del calendario internazionale: \u00ab<em>Emozioni dal Mondo Merlot e Cabernet Insieme<\/em>\u00bb .<\/td>\n<\/tr>\n<\/tbody>\n<\/table>\n<\/td>\n<\/tr>\n<\/tbody>\n<\/table>\n<\/td>\n<\/tr>\n<\/tbody>\n<\/table>\n","protected":false},"excerpt":{"rendered":"<p>Il 2024 segna un anno davvero importante per il Concorso Enologico Internazionale \u201cnato a Bergamo ma amato nel mondo\u201d (come recita la bio di Instagram dell\u2019evento @emozionidalmondowines): per la ventesima volta consecutiva (nemmeno il COVID \u00e8 riuscito a fermare le emozioni dal mondo) il\u00a017\u00a0ottobre\u00a02024\u00a0il sipario del palcoscenico enologico internazionale si aprir\u00e0 su Bergamo e ancora &hellip; <a href=\"https:\/\/www.gdapress.it\/it\/index.php\/74942\/enogastronomia\/20-anni-di-emozioni-dal-mondo-a-bergamo.html\" class=\"more-link\">Read more <span class=\"screen-reader-text\">20 anni di Emozioni dal Mondo a Bergamo<\/span><\/a><\/p>\n","protected":false},"author":1,"featured_media":74943,"comment_status":"closed","ping_status":"open","sticky":false,"template":"","format":"standard","meta":{"footnotes":""},"categories":[20],"tags":[904,26486,20870,26485,26484,26483],"class_list":["post-74942","post","type-post","status-publish","format-standard","has-post-thumbnail","hentry","category-enogastronomia","tag-bergamo","tag-consorzio-tutela-valcalepio","tag-emozioni-dal-mondo","tag-good-senses","tag-hotel-bigio","tag-san-pellegrino-terme"],"_links":{"self":[{"href":"https:\/\/www.gdapress.it\/it\/index.php\/wp-json\/wp\/v2\/posts\/74942","targetHints":{"allow":["GET"]}}],"collection":[{"href":"https:\/\/www.gdapress.it\/it\/index.php\/wp-json\/wp\/v2\/posts"}],"about":[{"href":"https:\/\/www.gdapress.it\/it\/index.php\/wp-json\/wp\/v2\/types\/post"}],"author":[{"embeddable":true,"href":"https:\/\/www.gdapress.it\/it\/index.php\/wp-json\/wp\/v2\/users\/1"}],"replies":[{"embeddable":true,"href":"https:\/\/www.gdapress.it\/it\/index.php\/wp-json\/wp\/v2\/comments?post=74942"}],"version-history":[{"count":1,"href":"https:\/\/www.gdapress.it\/it\/index.php\/wp-json\/wp\/v2\/posts\/74942\/revisions"}],"predecessor-version":[{"id":74944,"href":"https:\/\/www.gdapress.it\/it\/index.php\/wp-json\/wp\/v2\/posts\/74942\/revisions\/74944"}],"wp:featuredmedia":[{"embeddable":true,"href":"https:\/\/www.gdapress.it\/it\/index.php\/wp-json\/wp\/v2\/media\/74943"}],"wp:attachment":[{"href":"https:\/\/www.gdapress.it\/it\/index.php\/wp-json\/wp\/v2\/media?parent=74942"}],"wp:term":[{"taxonomy":"category","embeddable":true,"href":"https:\/\/www.gdapress.it\/it\/index.php\/wp-json\/wp\/v2\/categories?post=74942"},{"taxonomy":"post_tag","embeddable":true,"href":"https:\/\/www.gdapress.it\/it\/index.php\/wp-json\/wp\/v2\/tags?post=74942"}],"curies":[{"name":"wp","href":"https:\/\/api.w.org\/{rel}","templated":true}]}}