
{"id":74926,"date":"2024-10-16T18:33:32","date_gmt":"2024-10-16T16:33:32","guid":{"rendered":"http:\/\/www.gdapress.it\/it\/?p=74926"},"modified":"2024-10-16T21:38:39","modified_gmt":"2024-10-16T19:38:39","slug":"mtm-teatro-litta-anche-i-sogni-impossibili","status":"publish","type":"post","link":"https:\/\/www.gdapress.it\/it\/index.php\/74926\/teatro\/mtm-teatro-litta-anche-i-sogni-impossibili.html","title":{"rendered":"MTM Teatro Litta  Anche I sogni impossibili"},"content":{"rendered":"<p class=\"x_Didefault\"><b><span lang=\"PT\" data-olk-copy-source=\"MessageBody\">MTM Teatro Litta \u2013\u00a0 dal 16 al 20\u00a0<span class=\"markzixrau2iz\" data-markjs=\"true\" data-ogac=\"\" data-ogab=\"\" data-ogsc=\"\" data-ogsb=\"\">ottobre<\/span>\u00a02024<\/span><\/b><b><\/b><\/p>\n<p class=\"x_Didefault\"><b>Anche I sogni impossibili<\/b><b><\/b><\/p>\n<p class=\"x_Didefault\">Il quindicesimo ottomila di Fausto De Stefani<\/p>\n<p class=\"x_MsoNormal\">di e con\u00a0<b>Jacopo Maria Bicocchi<\/b>\u00a0<b>e Mattia Fabris<\/b><\/p>\n<p class=\"x_MsoNormal\">scene\u00a0<b>Lucia Rho<\/b><br \/>\nlight designer\u00a0<b>Roberta Faiolo<\/b><\/p>\n<p class=\"x_MsoNormal\">produzione\u00a0<b>ATIR<\/b><\/p>\n<p class=\"x_MsoNormal\">in collaborazione con\u00a0<b>Montura\u00a0<\/b><\/p>\n<p class=\"x_MsoNormal\">con il sostegno di\u00a0<b>NEXT ed. 2022\/2023 Progetto di Regione Lombardia e Fondazione Cariplo<\/b><\/p>\n<p class=\"x_MsoNormal\"><b>Fausto<\/b>\u00a0<b>De Stefani<\/b>\u00a0\u00e8 il secondo alpinista italiano e sesto al mondo ad aver scalato tutti i 14 Ottomila.<\/p>\n<p class=\"x_MsoNormal\">Quindi va da s\u00e9: Fausto De Stefani \u00e8 un alpinista.<\/p>\n<p class=\"x_MsoNormal\">Meglio: uno dei pi\u00f9 forti alpinisti al mondo. Ma sarebbe una risposta sbagliata. Fausto non si definirebbe mai cos\u00ec. Semmai l\u2019alpinismo lo ha aiutato e spinto a domandarsi con pi\u00f9 intensit\u00e0 e precisione la stessa domanda: chi sono io? Non sono tanto le imprese a definirlo, non \u00e8 tanto cosa ha fatto in montagna, ma piuttosto il come lo ha fatto.<\/p>\n<p class=\"x_MsoNormal\">Fausto ha sempre guardato alle montagne come a un mezzo, mai come a un fine. Un tramite per conoscere il mondo e &#8211; questa s\u00ec un\u2019impresa &#8211; conoscere se stessi. Le montagne sono state il coronamento di un sogno, ma solo uno dei tanti che popolano il suo animo.<\/p>\n<p class=\"x_MsoNormal\">Contadino, carrozziere, escursionista, alpinista, fotografo, ambientalista, attivista, Fausto \u00e8 un sognatore da sempre. Fin da quando, bambino, ascoltava le storie di Mandelo, un vecchio vagabondo della Bassa Mantovana, che incantava i bambini delle cascine con i suoi racconti. \u201cSalite sulla mia mongolfiera\u201d, diceva loro, e quella voce capace di dialogare con il vento e con i fiori, li trasportava nei pi\u00f9 remoti angoli del globo. Da quella mongolfiera, spinta dal vento della fantasia, Fausto non \u00e8 mai sceso.<\/p>\n<p class=\"x_MsoNormal\">\u00c8 da quella speciale prospettiva tra sogno e realt\u00e0 che ha visto il mondo, le persone che lo abitano e le diverse culture che lo popolano. Ripercorrere la strada di Fausto dunque, significa non solo conoscere la storia di uno dei pi\u00f9 forti e determinati alpinisti del mondo ma, soprattutto, immergersi in una visione del mondo.<\/p>\n<p class=\"x_MsoNormal\">Una visione che mette in cima alla scala delle priorit\u00e0 sempre l\u2019uomo, le sue fragilit\u00e0, le sue ambizioni, i suoi sogni e le sue contraddizioni. Ovunque Fausto sia andato ha sempre cercato di lasciare un segno, di comprendere la cultura del luogo, incontrare le persone, stringere relazioni, rispettare l\u2019ambiente. Un percorso umano, molto prima che alpinistico, coronato dalla sua impresa pi\u00f9 grande, forse l\u2019unica di degna di portare quel nome, il suo XV Ottomila: la realizzazione della \u201cRarahil Memorial School\u201d, una scuola in Nepal, nella valle di Katmandu.<\/p>\n<p class=\"x_MsoNormal\">Un gesto di senso, concreto, duraturo, al servizio dei bambini e dei ragazzi di quel Paese che tanto gli ha dato. Ma Fausto non si \u00e8 fermato. Ha continuato a scalare le vette dei suoi sogni fino a vederne realizzato un altro: \u201cLa collina di Lorenzo\u201d, la sua dimora incantata. L\u00ec, su quella piccola altura tra Brescia e Mantova, giungono bambini da tutta Italia, per imparare a conoscere la natura e l\u2019ambiente.<\/p>\n<p class=\"x_MsoNormal\">Tutti riuniti attorno a lui, mentre li porta in volo, sulla stessa mongolfiera che fu di Mandelo, ad esplorare il mondo. Bonatti, alla fine della sua carriera, si dedic\u00f2 a quello che lui chiamava alpinismo orizzontale; nel caso di Fausto possiamo parlare senza sbagliare di \u201calpinismo umano\u201d. La storia di Fausto supera di gran lunga i confini della montagna.<\/p>\n<p class=\"x_MsoNormal\">Parla alla fantasia e alla capacit\u00e0 di sognare del bambino che dimora in ognuno di noi. E parla agli adulti che siamo o che diventeremo, che si dibattono nel trovare un senso alle proprie azioni e alla propria vita.<\/p>\n<p class=\"x_MsoNormal\" align=\"right\"><b>Jacopo Maria Bicocchi<\/b>\u00a0<b>e Mattia Fabris<\/b><\/p>\n<p class=\"x_MsoNormal\">Compagnia Slegati, presenta lo spettacolo dedicato a Fausto De Stefani: Il VX\u00b0 ottomila.<\/p>\n<p class=\"x_MsoNormal\">Negli ultimi 10 anni la compagnia, con i due spettacolo (S)legati e Un alt(r)o Everest ha realizzato pi\u00f9 di 400 repliche su tutto il territorio nazionale, da Bolzano a Catania, esibendosi in teatri, rifugi, prati d\u2019alta quota, falesie, boschi, sedi C.a.i. e S.a.t. e svariati festival o iniziative legati alla montagna. Ha inoltre organizzato dal 2015 al 2018 il festival \u201cTeatro delle Dolomiti\u201d tra i rifugi del territorio Ampezzano e del Cadore.<\/p>\n<p class=\"x_MsoNormal\"><b>Teatro Litta<\/b><\/p>\n<p class=\"x_MsoNormal\">mercoled\u00ec\/sabato ore 20.30 \u2013 domenica ore 16.30<\/p>\n<p class=\"x_MsoNormal\">intero \u20ac 30,00 \u2013 convenzioni \u20ac 24,00 \u2013 ridotto Arcobaleno (per chi porta in cassa un oggetto arcobaleno) \u20ac 24,00 \u2013 Under 30 e Over 65 \u20ac\u00a0<span class=\"markcdfgcz8cf\" data-markjs=\"true\" data-ogac=\"\" data-ogab=\"\" data-ogsc=\"\" data-ogsb=\"\">17<\/span>,00 \u2013 Universit\u00e0 \u20ac\u00a0<span class=\"markcdfgcz8cf\" data-markjs=\"true\" data-ogac=\"\" data-ogab=\"\" data-ogsc=\"\" data-ogsb=\"\">17<\/span>,00 \u2013 scuole di Teatro \u20ac 19,00 \u2013 scuole civiche Fondazione Milano, Piccolo Teatro, La Scala e Filodrammatici \u20ac 11,00 \u2013 Scuole MTM \u20ac 10,00 \u2013 ridotto DVA \u20ac 15,00 tagliando Esselunga di colore ROSSO<\/p>\n<p class=\"x_MsoNormal\">durata dello spettacolo: 70 minuti<\/p>\n<p class=\"x_MsoNormal\">Info e prenotazioni &#8211;\u00a0<a href=\"mailto:biglietteria@mtmteatro.it\" data-linkindex=\"0\">biglietteria@mtmteatro.it<\/a>\u00a0\u2013 02.86.45.45.45<\/p>\n<p class=\"x_MsoNormal\"><b>Abbonamenti<\/b>: MTM Respiro, MTM Respiro Over 65, MTM Respiro Under 30 x2 spettacoli, MTM Respiro Under 30 x4 spettacoli, MTM Il piacere di sorridere.<\/p>\n<p class=\"x_MsoNormal\">Biglietti sono acquistabili sul sito\u00a0<a href=\"http:\/\/www.mtmteatro.it\/\" target=\"_blank\" rel=\"noopener noreferrer\" data-auth=\"NotApplicable\" data-linkindex=\"1\">www.biglietti.mtmteatro.it<\/a>\u00a0e sul sito e punti vendita\u00a0 Vivaticket.<\/p>\n<p class=\"x_MsoNormal\">I biglietti prenotati vanno ritirati nei giorni precedenti negli orari di prevendita e la domenica a partire da un\u2019ora prima dell\u2019inizio dello spettacolo.<\/p>\n<p class=\"x_MsoNormal\">\n<p class=\"x_MsoNormal\">\n<div>\n<p class=\"x_MsoNormal\">\n<\/div>\n","protected":false},"excerpt":{"rendered":"<p>MTM Teatro Litta \u2013\u00a0 dal 16 al 20\u00a0ottobre\u00a02024 Anche I sogni impossibili Il quindicesimo ottomila di Fausto De Stefani di e con\u00a0Jacopo Maria Bicocchi\u00a0e Mattia Fabris scene\u00a0Lucia Rho light designer\u00a0Roberta Faiolo produzione\u00a0ATIR in collaborazione con\u00a0Montura\u00a0 con il sostegno di\u00a0NEXT ed. 2022\/2023 Progetto di Regione Lombardia e Fondazione Cariplo Fausto\u00a0De Stefani\u00a0\u00e8 il secondo alpinista italiano e &hellip; <a href=\"https:\/\/www.gdapress.it\/it\/index.php\/74926\/teatro\/mtm-teatro-litta-anche-i-sogni-impossibili.html\" class=\"more-link\">Read more <span class=\"screen-reader-text\">MTM Teatro Litta  Anche I sogni impossibili<\/span><\/a><\/p>\n","protected":false},"author":1,"featured_media":74927,"comment_status":"closed","ping_status":"open","sticky":false,"template":"","format":"standard","meta":{"footnotes":""},"categories":[1],"tags":[25241,26466,21815],"class_list":["post-74926","post","type-post","status-publish","format-standard","has-post-thumbnail","hentry","category-teatro","tag-atir","tag-fausto-de-stefani","tag-mtm-teatro-litta"],"_links":{"self":[{"href":"https:\/\/www.gdapress.it\/it\/index.php\/wp-json\/wp\/v2\/posts\/74926","targetHints":{"allow":["GET"]}}],"collection":[{"href":"https:\/\/www.gdapress.it\/it\/index.php\/wp-json\/wp\/v2\/posts"}],"about":[{"href":"https:\/\/www.gdapress.it\/it\/index.php\/wp-json\/wp\/v2\/types\/post"}],"author":[{"embeddable":true,"href":"https:\/\/www.gdapress.it\/it\/index.php\/wp-json\/wp\/v2\/users\/1"}],"replies":[{"embeddable":true,"href":"https:\/\/www.gdapress.it\/it\/index.php\/wp-json\/wp\/v2\/comments?post=74926"}],"version-history":[{"count":1,"href":"https:\/\/www.gdapress.it\/it\/index.php\/wp-json\/wp\/v2\/posts\/74926\/revisions"}],"predecessor-version":[{"id":74928,"href":"https:\/\/www.gdapress.it\/it\/index.php\/wp-json\/wp\/v2\/posts\/74926\/revisions\/74928"}],"wp:featuredmedia":[{"embeddable":true,"href":"https:\/\/www.gdapress.it\/it\/index.php\/wp-json\/wp\/v2\/media\/74927"}],"wp:attachment":[{"href":"https:\/\/www.gdapress.it\/it\/index.php\/wp-json\/wp\/v2\/media?parent=74926"}],"wp:term":[{"taxonomy":"category","embeddable":true,"href":"https:\/\/www.gdapress.it\/it\/index.php\/wp-json\/wp\/v2\/categories?post=74926"},{"taxonomy":"post_tag","embeddable":true,"href":"https:\/\/www.gdapress.it\/it\/index.php\/wp-json\/wp\/v2\/tags?post=74926"}],"curies":[{"name":"wp","href":"https:\/\/api.w.org\/{rel}","templated":true}]}}