
{"id":74923,"date":"2024-10-16T20:26:35","date_gmt":"2024-10-16T18:26:35","guid":{"rendered":"http:\/\/www.gdapress.it\/it\/?p=74923"},"modified":"2024-10-16T20:26:35","modified_gmt":"2024-10-16T18:26:35","slug":"simonetta-chierici-allo-spazio-hus-milano","status":"publish","type":"post","link":"https:\/\/www.gdapress.it\/it\/index.php\/74923\/arte\/simonetta-chierici-allo-spazio-hus-milano.html","title":{"rendered":"SIMONETTA CHIERICI allo Spazio HUS Milano"},"content":{"rendered":"<p class=\"x_MsoNormal\" align=\"center\"><b><span data-olk-copy-source=\"MessageBody\">Simonetta Chierici<\/span><\/b><\/p>\n<p class=\"x_MsoNormal\" align=\"center\"><b><i>Tra le pieghe<\/i><\/b><b>\u00a0<\/b><\/p>\n<p class=\"x_MsoNormal\" align=\"center\">mostra a cura di Francesca Bianucci e Chiara Cinelli<\/p>\n<p class=\"x_MsoNormal\" align=\"center\"><b>Inaugurazione<\/b><\/p>\n<p class=\"x_MsoNormal\" align=\"center\">gioved\u00ec\u00a0<span class=\"markufnhi8eri\" data-markjs=\"true\" data-ogac=\"\" data-ogab=\"\" data-ogsc=\"\" data-ogsb=\"\">17<\/span>\u00a0<span class=\"markltrj2pybx\" data-markjs=\"true\" data-ogac=\"\" data-ogab=\"\" data-ogsc=\"\" data-ogsb=\"\">ottobre<\/span>\u00a02024<\/p>\n<p class=\"x_MsoNormal\" align=\"center\">ore 18.30<\/p>\n<p class=\"x_MsoNormal\" align=\"center\"><b>Milano &#8211; Spazio HUS<\/b><\/p>\n<p class=\"x_MsoNormal\" align=\"center\">via San Fermo, 19 &#8211; Brera<\/p>\n<p class=\"x_MsoNormal\" align=\"center\"><b><span class=\"markufnhi8eri\" data-markjs=\"true\" data-ogac=\"\" data-ogab=\"\" data-ogsc=\"\" data-ogsb=\"\">17<\/span>\u00a0<span class=\"markltrj2pybx\" data-markjs=\"true\" data-ogac=\"\" data-ogab=\"\" data-ogsc=\"\" data-ogsb=\"\">ottobre<\/span>\u00a0\u2013 8 novembre 2024<\/b><\/p>\n<p class=\"x_MsoNormal\" align=\"center\">ingresso libero<\/p>\n<p class=\"x_MsoNormal\">\u00a0<b>Dal\u00a0<span class=\"markufnhi8eri\" data-markjs=\"true\" data-ogac=\"\" data-ogab=\"\" data-ogsc=\"\" data-ogsb=\"\">17<\/span>\u00a0<span class=\"markltrj2pybx\" data-markjs=\"true\" data-ogac=\"\" data-ogab=\"\" data-ogsc=\"\" data-ogsb=\"\">ottobre<\/span>\u00a0all\u20198 novembre 2024<\/b>,\u00a0<b>Spazio HUS<\/b>\u00a0presenta la mostra personale dell\u2019artista\u00a0<b>Simonetta Chierici<\/b>\u00a0dal titolo \u201c<b>Tra le pieghe<\/b>\u201d, a cura di Francesca Bianucci e Chiara Cinelli.<\/p>\n<p class=\"x_MsoNormal\">Artista per vocazione e biologa per scelta, Simonetta Chierici \u00e8 una sensibile interprete della natura e dell\u2019animo umano, che ha trovato nella pratica dell\u2019<b>acquerello<\/b>\u00a0e del\u00a0<b>collage<\/b>\u00a0le sue modalit\u00e0 espressive d\u2019elezione.<\/p>\n<p class=\"x_MsoNormal\">L\u2019uso della pittura ad acquerello e del collage ha permesso a molti artisti di espandere i confini dell\u2019espressione artistica e di esplorare nuove modalit\u00e0 di rappresentazione e comunicazione visiva. Queste tecniche continuano, ancora oggi, ad essere fonte di ispirazione per gli artisti: \u00e8 questo il caso di Simonetta Chierici che, con maestria e sensibilit\u00e0, si muove nel solco di una tradizione estetica secolare, facendo della tecnica pittorica uno strumento al servizio della propria urgenza espressiva.\u00a0<b>La sua ricerca artistica \u00e8 fortemente incentrata sul tema della natura<\/b>, trattato non come semplice soggetto da rappresentare ma come fonte di emozione e profonda riflessione. L\u2019artista non \u00e8 interessata alla fedele riproduzione dell\u2019elemento naturale in s\u00e9 ma tenta di catturarne il sentimento intrinseco, facendo di un singolo fiore, una foglia o un elemento animale un simbolo potente, intriso di memoria e sentimento, messaggero di significati pi\u00f9 ampi.<\/p>\n<p class=\"x_MsoNormal\">Attraverso la tecnica duttile e ariosa dell\u2019acquerello, Simonetta Chierici riesce a esprimere la fragilit\u00e0 e la mutevole bellezza della natura, grazie a velature delicate che conferiscono leggerezza e trasparenza alle sue opere. Affascinata dalle possibilit\u00e0 offerte da questa tecnica, che prevede il sapiente controllo degli effetti prodotti dall\u2019incontro tra l\u2019acqua, il colore e la carta, l\u2019artista d\u00e0 vita ad un universo poetico in cui\u00a0<b>figurazione e astrazione<\/b>\u00a0si fondono in paesaggi emotivi dagli effetti cromatici raffinati. Nella rarefazione del segno, in cui la forma si dissolve e lascia emergere lo spirito segreto della natura, Simonetta riesce a catturare l&#8217;effimero, il fugace, l&#8217;istante sospeso nel tempo. Le sue opere sono memorie visive sospese tra realt\u00e0 e sogno, immagini frammentarie che esplorano ci\u00f2 che si cela tra le pieghe del visibile. La sua pittura sembra trarre forma direttamente dall\u2019immaginazione e dal pensiero:<b>\u00a0<\/b>ogni opera si trasforma in un&#8217;esperienza sensoriale e contemplativa, dove il colore si fa vibrante riflesso di una natura misteriosa e l\u2019osservatore \u00e8 invitato a guardare oltre la superficie delle cose e a percepire la delicatezza e la forza che la natura ispira.<b><\/b><\/p>\n<p class=\"x_MsoNormal\">\u201c<b>L\u2019acquerello consente questa rarefazione delle immagini e dei significati<\/b>\u00a0<b>\u2013 osserva l\u2019artista\u00a0<\/b>-, fa molta pulizia, estrae l\u2019essenziale. Sempre di pi\u00f9 ho bisogno di semplificare, di rappresentare la complessit\u00e0 con dei concetti sintetici. Un bisogno che \u00e8, forse, il risultato di anni di altri coinvolgimenti, occupazioni, responsabilit\u00e0. Cosa ne ricavo? Qualcuno ha detto: -L\u2019arte non insegna niente, tranne il senso della vita -\u201d.<\/p>\n<p class=\"x_MsoNormal\"><b>Le opere in mostra<\/b>\u00a0<b>tracciano un racconto visivo che si dipana attraverso scenari mediterranei, profondit\u00e0 marine, microrganismi cellulari, vedute celesti, paesaggi dell\u2019anima<\/b>\u00a0in cui affiorano i segni evidenti di un\u2019espressivit\u00e0 fortemente influenzata dai frequenti soggiorni in Sicilia, dove la natura e il mare si incontrano dando vita\u00a0a una mescolanza di colori e trasparenze esaltate da una luce pervasiva.<\/p>\n<p class=\"x_MsoNormal\">Accanto all&#8217;uso dell&#8217;acquerello, Simonetta Chierici accosta spesso\u00a0<b>la tecnica del collage<\/b>, aggiungendo un\u2019ulteriore dimensione e profondit\u00e0 ai suoi lavori: tra le pieghe dei suoi collage si annidano ricordi ed emozioni, si stratificano pensieri e visioni che si fondono in un\u2019unica composizione sfaccettata e affascinante.<\/p>\n<p class=\"x_MsoNormal\">In mostra anche alcuni esemplari dei numerosi\u00a0<b>libri d\u2019artista<\/b>\u00a0creati da Simonetta Chierici nel corso della sua carriera e che costituiscono una parte rilevante della sua produzione, contrassegnata da una forte vocazione narrativa\u00a0che attinge alle radici umanistiche della sua cultura.<\/p>\n<p class=\"x_MsoNormal\">Dietro la maestria tecnica e l\u2019armoniosa bellezza delle sue opere, si scorge un\u2019anima sensibile e riflessiva che si nutre del quotidiano, degli incontri e dei luoghi che l\u2019artista attraversa con sguardo aperto e sempre pronto ad accogliere la meraviglia del mondo. Ogni sua opera \u00e8 un viaggio intimo attraverso pensieri ed emozioni autentiche, un racconto sussurrato che trae impulso da una simbiosi profonda con il paesaggio naturale.<\/p>\n<p class=\"x_MsoNormal\">Simonetta non \u00e8 solo un\u2019artista sensibile che riflette sul mondo che la circonda e ne trae ispirazione; \u00e8 anche una visionaria che cerca di trasformarlo. Le sue opere sono un invito a guardare il mondo con occhi nuovi e a immaginare nuove possibilit\u00e0 per questo nostro Pianeta ormai stanco, promuovendo, con delicata forza, una presa di coscienza rispetto alla necessit\u00e0 di stabilire una relazione sana tra uomo e natura.<\/p>\n<p class=\"x_MsoNormal\">Cos\u00ec, mentre ci immergiamo nella delicata rarefazione dei paesaggi emotivi di Simonetta Chierici, possiamo sentire ed essere ispirati dalla sua stessa passione e dalla sua dedizione alla bellezza e alla verit\u00e0. Perch\u00e9 tra le pieghe del suo universo creativo scopriamo non solo la potenza dell&#8217;immaginazione umana ma anche la profondit\u00e0 della nostra connessione con il mondo che ci circonda e con la Natura di cui siamo parte.<b><\/b><\/p>\n<p class=\"x_MsoNormal\" align=\"center\">_____________________________________<\/p>\n<p class=\"x_MsoNormal\"><b>Simonetta Chierici<\/b><\/p>\n<p class=\"x_MsoNormal\">Nata a Noceto (Parma) nel 1951, Simonetta Chierici ha effettuato studi scientifici, ma la ricerca e la pratica artistica hanno sempre accompagnato la sua vita.<\/p>\n<p class=\"x_MsoNormal\">Si \u00e8 interessata all\u2019inizio alla lavorazione del metallo, producendo gioielli scultura in materiali semipreziosi e poveri. Ha praticato poi scultura e pittura, per concentrarsi da quasi trenta anni su pittura ad acquerello, collage e libri d\u2019artista.<\/p>\n<p class=\"x_MsoNormal\">Ha presentato il suo lavoro in mostre personali e collettive, nazionali e internazionali. Sue opere sono presenti in Musei, Biblioteche, Fondazioni e collezioni private.<\/p>\n<p class=\"x_MsoNormal\">Ha tenuto corsi di acquerello presso scuole altre istituzioni pubbliche e contesti privati.<\/p>\n<p class=\"x_MsoNormal\">Fa parte della Societ\u00e0 per le Belle Arti ed Esposizione Permanente di Milano, della cui Commissione Artistica 2021 2022 \u00e8 stata componente, e della Associazione Italiana Acquerellisti, di cui \u00e8 stata Presidente dal 2014 al 2019.<\/p>\n<p class=\"x_MsoNormal\" align=\"center\">_____________________________________<\/p>\n<p class=\"x_MsoNormal\"><b>Spazio HUS<\/b><\/p>\n<p class=\"x_MsoNormal\">Spazio HUS si propone come un luogo di incontro e di contaminazione tra esperienze e percorsi artistici differenti, attraverso un ricco programma di esposizioni di designer, artisti, fotografi e artigiani del panorama italiano e internazionale.<\/p>\n<p class=\"x_MsoNormal\">Spazio HUS, il cui nome nasce dal termine danese \u201cHUS\u201d che significa \u201ccasa\u201d, si trova in un luogo suggestivo con interni originali d\u2019epoca che \u00e8 anche sede di HUS Milano, laboratorio creativo e di ispirazione per architetti, arredatori, designer e artisti in generale.<\/p>\n<p class=\"x_MsoNormal\" align=\"center\"><a name=\"x__Hlk169526893\"><\/a>_____________________________________<\/p>\n<p class=\"x_MsoNormal\"><b>\u00a0<\/b><\/p>\n<p class=\"x_MsoNormal\"><b>Simonetta Chierici<\/b><\/p>\n<p class=\"x_MsoNormal\"><b>Tra le pieghe<\/b><\/p>\n<p class=\"x_MsoNormal\">mostra a cura di Francesca Bianucci e Chiara Cinelli<\/p>\n<p class=\"x_MsoNormal\"><b>Spazio HUS<\/b><\/p>\n<p class=\"x_MsoNormal\">via San Fermo, 19 \u2013 Milano<\/p>\n<p class=\"x_MsoNormal\"><b>Inaugurazione<\/b><\/p>\n<p class=\"x_MsoNormal\">gioved\u00ec\u00a0<span class=\"markufnhi8eri\" data-markjs=\"true\" data-ogac=\"\" data-ogab=\"\" data-ogsc=\"\" data-ogsb=\"\">17<\/span>\u00a0<span class=\"markltrj2pybx\" data-markjs=\"true\" data-ogac=\"\" data-ogab=\"\" data-ogsc=\"\" data-ogsb=\"\">ottobre<\/span>\u00a02024<\/p>\n<p class=\"x_MsoNormal\">ore 18.30<\/p>\n<p class=\"x_MsoNormal\"><b>Apertura della mostra<\/b><\/p>\n<p class=\"x_MsoNormal\">17\u00a0<span class=\"markltrj2pybx\" data-markjs=\"true\" data-ogac=\"\" data-ogab=\"\" data-ogsc=\"\" data-ogsb=\"\">ottobre<\/span>\u00a0\u2013 8 novembre 2024<\/p>\n<p class=\"x_MsoNormal\">ingresso libero<\/p>\n<p class=\"x_MsoNormal\"><b>Orari di apertura<\/b><\/p>\n<p class=\"x_MsoNormal\">da luned\u00ec a venerd\u00ec: 10.30 &#8211; 13.30 \/ 15.00 \u2013 19.00<\/p>\n<p class=\"x_MsoNormal\">sabato su appuntamento<\/p>\n<p class=\"x_MsoNormal\"><b>Per informazioni<\/b><\/p>\n<p class=\"x_MsoNormal\">T.\u00a0 02 23050706<b><\/b><\/p>\n<p class=\"x_MsoNormal\"><a href=\"http:\/\/www.spaziohus.com\/\" target=\"_blank\" rel=\"noopener noreferrer\" data-auth=\"NotApplicable\" data-linkindex=\"0\">www.spaziohus.com<\/a><\/p>\n<p class=\"x_MsoNormal\"><b>\u00a0<\/b><\/p>\n","protected":false},"excerpt":{"rendered":"<p>Simonetta Chierici Tra le pieghe\u00a0 mostra a cura di Francesca Bianucci e Chiara Cinelli Inaugurazione gioved\u00ec\u00a017\u00a0ottobre\u00a02024 ore 18.30 Milano &#8211; Spazio HUS via San Fermo, 19 &#8211; Brera 17\u00a0ottobre\u00a0\u2013 8 novembre 2024 ingresso libero \u00a0Dal\u00a017\u00a0ottobre\u00a0all\u20198 novembre 2024,\u00a0Spazio HUS\u00a0presenta la mostra personale dell\u2019artista\u00a0Simonetta Chierici\u00a0dal titolo \u201cTra le pieghe\u201d, a cura di Francesca Bianucci e Chiara Cinelli. &hellip; <a href=\"https:\/\/www.gdapress.it\/it\/index.php\/74923\/arte\/simonetta-chierici-allo-spazio-hus-milano.html\" class=\"more-link\">Read more <span class=\"screen-reader-text\">SIMONETTA CHIERICI allo Spazio HUS Milano<\/span><\/a><\/p>\n","protected":false},"author":1,"featured_media":74924,"comment_status":"closed","ping_status":"open","sticky":false,"template":"","format":"standard","meta":{"footnotes":""},"categories":[4],"tags":[26465,26464,17,26462,26463],"class_list":["post-74923","post","type-post","status-publish","format-standard","has-post-thumbnail","hentry","category-arte","tag-chiara-cinelli","tag-francesca-bianucci","tag-milano","tag-simonetta-chierici","tag-spazio-hus"],"_links":{"self":[{"href":"https:\/\/www.gdapress.it\/it\/index.php\/wp-json\/wp\/v2\/posts\/74923","targetHints":{"allow":["GET"]}}],"collection":[{"href":"https:\/\/www.gdapress.it\/it\/index.php\/wp-json\/wp\/v2\/posts"}],"about":[{"href":"https:\/\/www.gdapress.it\/it\/index.php\/wp-json\/wp\/v2\/types\/post"}],"author":[{"embeddable":true,"href":"https:\/\/www.gdapress.it\/it\/index.php\/wp-json\/wp\/v2\/users\/1"}],"replies":[{"embeddable":true,"href":"https:\/\/www.gdapress.it\/it\/index.php\/wp-json\/wp\/v2\/comments?post=74923"}],"version-history":[{"count":1,"href":"https:\/\/www.gdapress.it\/it\/index.php\/wp-json\/wp\/v2\/posts\/74923\/revisions"}],"predecessor-version":[{"id":74925,"href":"https:\/\/www.gdapress.it\/it\/index.php\/wp-json\/wp\/v2\/posts\/74923\/revisions\/74925"}],"wp:featuredmedia":[{"embeddable":true,"href":"https:\/\/www.gdapress.it\/it\/index.php\/wp-json\/wp\/v2\/media\/74924"}],"wp:attachment":[{"href":"https:\/\/www.gdapress.it\/it\/index.php\/wp-json\/wp\/v2\/media?parent=74923"}],"wp:term":[{"taxonomy":"category","embeddable":true,"href":"https:\/\/www.gdapress.it\/it\/index.php\/wp-json\/wp\/v2\/categories?post=74923"},{"taxonomy":"post_tag","embeddable":true,"href":"https:\/\/www.gdapress.it\/it\/index.php\/wp-json\/wp\/v2\/tags?post=74923"}],"curies":[{"name":"wp","href":"https:\/\/api.w.org\/{rel}","templated":true}]}}