
{"id":74904,"date":"2024-10-16T17:33:31","date_gmt":"2024-10-16T15:33:31","guid":{"rendered":"http:\/\/www.gdapress.it\/it\/?p=74904"},"modified":"2024-10-16T17:33:31","modified_gmt":"2024-10-16T15:33:31","slug":"arsenii-moon-debutta-a-milano-con-lorchestra-i-pomeriggi-musicali","status":"publish","type":"post","link":"https:\/\/www.gdapress.it\/it\/index.php\/74904\/musica\/arsenii-moon-debutta-a-milano-con-lorchestra-i-pomeriggi-musicali.html","title":{"rendered":"ARSENII MOON DEBUTTA A MILANO CON L\u2019ORCHESTRA I POMERIGGI MUSICALI"},"content":{"rendered":"<p><em>Il pianista sar\u00e0 al Teatro Dal Verme di Milano il 17 e il 19\u00a0<span class=\"markba04ojrin\" data-markjs=\"true\" data-ogac=\"\" data-ogab=\"\" data-ogsc=\"\" data-ogsb=\"\">ottobre<\/span>\u00a0interprete del Primo Concerto di Chopin<\/p>\n<p>Sul podio Niklas Benjamin Hoffmann impegnato anche nell\u2019Eroica di Beethoven<\/em><\/p>\n<p><strong>Milano, Teatro Dal Verme<\/strong><br \/>\n<strong>gioved\u00ec 17\u00a0<span class=\"markba04ojrin\" data-markjs=\"true\" data-ogac=\"\" data-ogab=\"\" data-ogsc=\"\" data-ogsb=\"\">ottobre<\/span>\u00a0\u2013 ore 10 In anteprima<br \/>\ngioved\u00ec 17\u00a0<span class=\"markba04ojrin\" data-markjs=\"true\" data-ogac=\"\" data-ogab=\"\" data-ogsc=\"\" data-ogsb=\"\">ottobre<\/span>\u00a0\u2013 ore 20 concerto<br \/>\nsabato 19\u00a0<span class=\"markba04ojrin\" data-markjs=\"true\" data-ogac=\"\" data-ogab=\"\" data-ogsc=\"\" data-ogsb=\"\">ottobre<\/span>\u00a0\u2013 ore 17 concerto<\/strong><\/p>\n<p>Dopo il concerto inaugurale della scorsa settimana che ha fatto segnare due sold out con oltre 2.800 spettatori complessivi, prosegue con il secondo appuntamento l\u201980a stagione dell\u2019Orchestra I Pomeriggi Musicali 2024\/2025 \u201c80 anni suonati\u201d con un ospite molto atteso,\u00a0<strong>il pianista venticinquenne Arsenii Moon vincitore assoluto dell\u2019ultimo Concorso Busoni nel 2023 che debutta a Milano, al Teatro Dal Verme, gioved\u00ec 17\u00a0<span class=\"markba04ojrin\" data-markjs=\"true\" data-ogac=\"\" data-ogab=\"\" data-ogsc=\"\" data-ogsb=\"\">ottobre<\/span>\u00a0(ore 10 \u201cin anteprima\u201d e ore 20) e sabato 19\u00a0<span class=\"markba04ojrin\" data-markjs=\"true\" data-ogac=\"\" data-ogab=\"\" data-ogsc=\"\" data-ogsb=\"\">ottobre<\/span>\u00a0(ore 17).<\/strong><br \/>\nSul podio un altro giovanissimo musicista Niklas Benjamin Hoffmann vincitore della \u201cLovro von Mata\u010di\u0107\u201d Conducting Competition di Zagabria nel 2023.<\/p>\n<p>Il programma del concerto \u00e8 dedicato a due capolavori assoluti del repertorio classico-romantico: in apertura il\u00a0<em>Concerto n. 1 in Mi minore per pianoforte e orchestra<\/em>\u00a0op. 11 di Fryderyk Chopin, quindi la\u00a0<em>Sinfonia n. 3 in Mi bemolle maggiore\u00a0<\/em>op. 55 \u201cEroica\u201d.<\/p>\n<p>\u00abLa scrittura dei due lavori in programma \u2013 scrive Raffaele Mellace nelle note di sala \u2013 \u00e8 infatti radicalmente diversa, incentrata com\u2019\u00e8 rispettivamente sullo strumento solista e sulla compagine orchestrale. Il primo segue la tipologia di concerto Biedermeier in voga negli anni in cui il giovane Chopin andava costruendosi un repertorio. Gli servirono da modello non tanto i lavori di Mozart o Beethoven, dalla dialettica sostanziale tra pianoforte e orchestra, bens\u00ec i concerti composti per s\u00e9 dai vari Moscheles, Field, Hummel, Kalkbrenner, destinati a tourn\u00e9e internazionali effettuate con orchestre talora raccogliticce, su cui non era consigliabile fare affidamento. Chopin \u00e8 peraltro l\u2019unico tra i grandi romantici suoi coetanei in cui l\u2019interesse per l\u2019orchestra non sarebbe mai decollato, fruttando solo una manciata di lavori giovanili, tra cui due concerti (un terzo rester\u00e0 incompiuto nel 1832). Quello eseguito oggi \u00e8 in realt\u00e0 il secondo per composizione, bench\u00e9 sia stato il primo a uscire a stampa, a Parigi nel 1833. Chopin (che l\u2019avrebbe poi eseguito solo due volte: l\u2019ultima nel 1835) l\u2019aveva scritto tra marzo e\u00a0<span class=\"markba04ojrin\" data-markjs=\"true\" data-ogac=\"\" data-ogab=\"\" data-ogsc=\"\" data-ogsb=\"\">ottobre<\/span>\u00a01830, in vista del concerto con cui avrebbe preso congedo, definitivamente a sua insaputa, da Varsavia e dalla Polonia. [\u2026] Dal pianismo Biedermeier di Chopin risaliamo per oltre un quarto di secolo. La Terza Sinfonia occup\u00f2 infatti Beethoven tra il 1802 e l\u2019inizio del 1804, impegno straordinario per gli standard del compositore, tanto da fruttare un intero quaderno di abbozzi tormentati. Della novit\u00e0 dell\u2019impresa era cosciente lo stesso artista, che nel presentare la sinfonia all\u2019editore chiosava, con notevole understatement: \u00abCredo che interesser\u00e0 il pubblico musicale\u00bb. Con l\u2019\u201cEroica\u201d Beethoven impresse una direzione nuova alla sinfonia, \u00abgrande\u00bb sotto vari profili: l\u2019accrescimento delle dimensioni, doppie rispetto alle sinfonie precedenti per l\u2019inusuale dilatazione dei tempi; l\u2019accrescimento dell\u2019organico, che guadagna solo un terzo corno (strumento chiave nella partitura) ma indica una direzione precisa alla moderna orchestra sinfonica, ad esempio nella sezione di ottoni, incomparabile con quella settecentesca. La novit\u00e0 pi\u00f9 storicamente notevole sta per\u00f2 nella concezione dell\u2019intero lavoro all\u2019insegna di un\u2019unica idea poetica: tradurre in suoni una grandezza fuori dal comune, quel sublime che in una stagione tanto inquieta per l\u2019Europa non poteva se non assumere la forma dell\u2019idealit\u00e0 eroica coltivata dall\u2019immaginario neoclassico: ad esempio, in quella statua di Napoleone come Marte pacificatore di Canova, perfettamente coeva (1803-06) della sinfonia, la cui versione in bronzo campeggia nel cortile di Brera; o i versi del Terzo inno delle Grazie foscoliane, dedicato a Pallade, che \u00absola tien l\u2019asta paterna \/ [\u2026] per cui splende \/ a\u2019 magnanimi eroi sacro il trionfo\u00bb.<\/p>\n<p><strong>Teatro Dal Verme<\/strong><br \/>\ngioved\u00ec 17\u00a0<span class=\"markba04ojrin\" data-markjs=\"true\" data-ogac=\"\" data-ogab=\"\" data-ogsc=\"\" data-ogsb=\"\">ottobre<\/span>\u00a02024, ore 10 (in anteprima) e ore 20<br \/>\nsabato 19\u00a0<span class=\"markba04ojrin\" data-markjs=\"true\" data-ogac=\"\" data-ogab=\"\" data-ogsc=\"\" data-ogsb=\"\">ottobre<\/span>\u00a02024, ore 17<br \/>\nDirettore Niklas Benjamin Hoffmann<br \/>\npianoforte Arsenii Moon<br \/>\nOrchestra I Pomeriggi Musicali<\/p>\n<p>Fryderyk Chopin<br \/>\n(\u017belazowa Wola 1810 \u2013 Parigi 1849)<br \/>\nConcerto n. 1 in Mi minore per pianoforte e orchestra op. 11<br \/>\n\u2013 Allegro maestoso<br \/>\n\u2013 Romanza. Larghetto<br \/>\n\u2013 Rond\u00f2. Vivace<\/p>\n<p>Ludwig van Beethoven<br \/>\n(Bonn 1770 \u2013 Vienna 1827)<br \/>\nSinfonia n. 3 in Mi bemolle maggiore op. 55 \u201cEroica\u201d<br \/>\n\u2013 Allegro con brio<br \/>\n\u2013 Marcia funebre. Adagio assai<br \/>\n\u2013 Scherzo. Allegro vivace<br \/>\n\u2013 Finale. Allegro molto<\/p>\n<p><strong>Niklas Benjamin Hoffmann\u00a0<em>direttore<\/em><\/strong><br \/>\nFormatosi dapprima in clarinetto e pianoforte, si \u00e8 poi dedicato alla direzione d\u2019orchestra, studiando a Weimar con Nicol\u00e1s Pasquet, Gunter Kahlert, Martin Hoff e Markus Frank. Ancora studente, ha collaborato con orchestre del calibro della Jena Philharmonic, della Leipzig Radio Orchestra e della Staatskapelle di Weimar. Si \u00e8 distinto a livello internazionale vincendo nel 2016 la prestigiosa \u201cDonatella Flick &amp; LSO\u201d<br \/>\nConducting Competition e da allora \u00e8 stato nominato Assistant Conductor della London Symphony Orchestra; ha quindi vinto la \u201cLovro von Mata\u010di\u0107\u201d Conducting Competition di Zagabria nel 2023. Fra i suoi recenti e imminenti debutti, sono previsti concerti con la Croatian Radio Orchestra, la Royal Danish Opera e la Silesian Philharmonic.<br \/>\nniklasbenjaminhoffmann.de<\/p>\n<p><strong>Arsenii Moon\u00a0<em>pianoforte<\/em><\/strong><br \/>\nNato a San Pietroburgo, la sua formazione \u00e8 divisa tra la Russia e gli Stati Uniti. Ha iniziato a suonare il pianoforte all\u2019et\u00e0 di sei anni studiando con Elena Zyabreva, passando poi al Conservatorio Rimskij-Korsakov di San Pietroburgo, venendo quindi ammesso alla Juilliard School di New York, dove studia tutt\u2019oggi con Sergei Babayan. Ha debuttato con un\u2019orchestra sinfonica nel 2009 suonando con la St. Petersburg Philharmonia e nel 2011 ha tenuto il suo primo recital alla Mozarthaus di Vienna. \u00c8 il vincitore della 64a edizione del Concorso \u201cBusoni\u201d, in cui gli \u00e8 stato attribuito anche il premio \u201cMichelangeli\u201d. Ha collaborato, tra gli altri, con direttori d\u2019orchestra come Stanislav Kochanovsky, Mei-Ann Chen, Mark Russell Smith, Ian Hobson, Valerij Gergiev.<br \/>\nmoonarsenii.com<\/p>\n<p>&#8212;&#8212;<\/p>\n<p>I concerti della 80a Stagione sono programmati come sempre al Teatro Dal Verme il gioved\u00ec alle ore 10 e alle ore 20; il sabato alle ore 17.<\/p>\n<p>80a stagione 2024\/2025<\/p>\n<p>Gli abbonamenti a 18 concerti \u201cIn anteprima\u201d hanno un costo intero di 109 euro + prevendita (posto unico)<br \/>\nGli abbonamenti a 18 concerti \u201cIn anteprima\u201d hanno un costo ridotto di 90 euro + prevendita (posto unico)<br \/>\nLa riduzione \u00e8 valida per gli under 30 e per gli over 60<\/p>\n<p>I carnet \u201cliberi di scegliere\u201d a 15 concerti hanno un costo intero da 147 a 236 euro + prevendita<br \/>\nI carnet \u201cliberi di scegliere\u201d a 15 concerti hanno un costo ridotto da 107 a 177 euro + prevendita<br \/>\nLa riduzione \u00e8 valida per gli under 30, per gli over 60, gruppi, associazioni ed enti convenzionati.<\/p>\n<p>I biglietti per i singoli concerti hanno un costo da 11 a 20 euro (intero) e da 9 a\u00a0<span class=\"markchu12v823\" data-markjs=\"true\" data-ogac=\"\" data-ogab=\"\" data-ogsc=\"\" data-ogsb=\"\">16<\/span>\u00a0euro (ridotto).<br \/>\nLa riduzione \u00e8 valida per gli under 30, per gli over 60, gruppi, associazioni ed enti convenzionati.<\/p>\n<p>Biglietteria TicketOne &#8211; Teatro Dal Verme<br \/>\nvia San Giovanni sul Muro, 2 &#8211; 20121, Milano<br \/>\nTel. +39 02 87 905 \u2013 www.ipomeriggi.it<\/p>\n<p>La biglietteria del Teatro Dal Verme \u00e8 aperta da marted\u00ec a sabato ore 10-18<br \/>\nbiglietteria@ipomeriggi.it \/ Te. +39 02 87905 201<\/p>\n<p>Acquista online www.ipomeriggi.it\/acquista \/ \u00a0www.ticketone.it<\/p>\n","protected":false},"excerpt":{"rendered":"<p>Il pianista sar\u00e0 al Teatro Dal Verme di Milano il 17 e il 19\u00a0ottobre\u00a0interprete del Primo Concerto di Chopin Sul podio Niklas Benjamin Hoffmann impegnato anche nell\u2019Eroica di Beethoven Milano, Teatro Dal Verme gioved\u00ec 17\u00a0ottobre\u00a0\u2013 ore 10 In anteprima gioved\u00ec 17\u00a0ottobre\u00a0\u2013 ore 20 concerto sabato 19\u00a0ottobre\u00a0\u2013 ore 17 concerto Dopo il concerto inaugurale della scorsa &hellip; <a href=\"https:\/\/www.gdapress.it\/it\/index.php\/74904\/musica\/arsenii-moon-debutta-a-milano-con-lorchestra-i-pomeriggi-musicali.html\" class=\"more-link\">Read more <span class=\"screen-reader-text\">ARSENII MOON DEBUTTA A MILANO CON L\u2019ORCHESTRA I POMERIGGI MUSICALI<\/span><\/a><\/p>\n","protected":false},"author":1,"featured_media":74905,"comment_status":"closed","ping_status":"open","sticky":false,"template":"","format":"standard","meta":{"footnotes":""},"categories":[19],"tags":[26447,14296,17,26446,235],"class_list":["post-74904","post","type-post","status-publish","format-standard","has-post-thumbnail","hentry","category-musica","tag-arsenii-moon","tag-i-pomeriggi-musicali","tag-milano","tag-niklas-benjamin-hoffmann","tag-teatro-dal-verme"],"_links":{"self":[{"href":"https:\/\/www.gdapress.it\/it\/index.php\/wp-json\/wp\/v2\/posts\/74904","targetHints":{"allow":["GET"]}}],"collection":[{"href":"https:\/\/www.gdapress.it\/it\/index.php\/wp-json\/wp\/v2\/posts"}],"about":[{"href":"https:\/\/www.gdapress.it\/it\/index.php\/wp-json\/wp\/v2\/types\/post"}],"author":[{"embeddable":true,"href":"https:\/\/www.gdapress.it\/it\/index.php\/wp-json\/wp\/v2\/users\/1"}],"replies":[{"embeddable":true,"href":"https:\/\/www.gdapress.it\/it\/index.php\/wp-json\/wp\/v2\/comments?post=74904"}],"version-history":[{"count":1,"href":"https:\/\/www.gdapress.it\/it\/index.php\/wp-json\/wp\/v2\/posts\/74904\/revisions"}],"predecessor-version":[{"id":74906,"href":"https:\/\/www.gdapress.it\/it\/index.php\/wp-json\/wp\/v2\/posts\/74904\/revisions\/74906"}],"wp:featuredmedia":[{"embeddable":true,"href":"https:\/\/www.gdapress.it\/it\/index.php\/wp-json\/wp\/v2\/media\/74905"}],"wp:attachment":[{"href":"https:\/\/www.gdapress.it\/it\/index.php\/wp-json\/wp\/v2\/media?parent=74904"}],"wp:term":[{"taxonomy":"category","embeddable":true,"href":"https:\/\/www.gdapress.it\/it\/index.php\/wp-json\/wp\/v2\/categories?post=74904"},{"taxonomy":"post_tag","embeddable":true,"href":"https:\/\/www.gdapress.it\/it\/index.php\/wp-json\/wp\/v2\/tags?post=74904"}],"curies":[{"name":"wp","href":"https:\/\/api.w.org\/{rel}","templated":true}]}}