
{"id":74874,"date":"2024-10-04T18:18:04","date_gmt":"2024-10-04T16:18:04","guid":{"rendered":"http:\/\/www.gdapress.it\/it\/?p=74874"},"modified":"2024-10-14T18:25:12","modified_gmt":"2024-10-14T16:25:12","slug":"teatro-manzoni-milano-cammela-e-il-gruppo-delle-mamme","status":"publish","type":"post","link":"https:\/\/www.gdapress.it\/it\/index.php\/74874\/spettacoli\/teatro-manzoni-milano-cammela-e-il-gruppo-delle-mamme.html","title":{"rendered":"TEATRO MANZONI MILANO  CAMMELA E IL GRUPPO DELLE MAMME"},"content":{"rendered":"<p>TEATRO MANZONI MILANO<\/p>\n<p>6 ottobre 2024 ore 15,30<\/p>\n<p>Paolo Ruffini per Vera Produzioni<\/p>\n<p>presenta<\/p>\n<p>CHIARA ANICITO<\/p>\n<p>CAMMELA E IL GRUPPO DELLE MAMME scritto da Chiara Anicito e Paolo Uzzi<\/p>\n<p>Regia Giancarlo Bozzo<\/p>\n<p>Chiara Anicito e la sua \u201cCammela\u201d, ossia la mamma siciliana pi\u00f9 famosa del mondo social, stanno per debuttare a teatro con lo spettacolo comico \u201cCammela e il gruppo delle mamme\u201d.<\/p>\n<p>Cammela (ossia Carmela, con una doppia emme sicula), moglie di Placido, madre di Santino e Agatuccia, \u00e8 una vera e propria icona del web. I social impazziscono per lei. E per Chiara Anicito, la formidabile attrice comica che d\u00e0 volto a questa divertentissima madre siciliana. Cos\u00ec divertente e amata che il passo da Internet ai palcoscenici di tutta Italia \u00e8 stato breve: attesissimo il debutto di \u201cCammela e il gruppo delle mamme\u201d, primissima incursione di Chiara Anicito nel mondo degli spettacoli teatrali. E altrettanto atteso il tour che porter\u00e0 la mamma di Santino e la sua interprete a calcare il palco in giro per l\u2019Italia.<\/p>\n<p>Si sa, la risata \u00e8 contagiosa. Proprio per questa ragione, il futuro dell\u2019ironico mondo creato sui social da Chiara Anicito non poteva che essere a teatro, letteralmente il luogo pi\u00f9 adatto per dare vita ad un personaggio esilarante come Cammela, mamma popolare e semplice, in grado di suscitare immediata ilarit\u00e0 nel pubblico. Ma c\u2019\u00e8 di pi\u00f9: da grandi poteri derivano grandi responsabilit\u00e0. Monologhi, musica e parodie, sempre coinvolgenti e mai volgari, permettono di dare forma ad un vero e proprio spettacolo comico. Perch\u00e9, \u201cCammela e il gruppo delle mamme\u201d, spettacolo prodotto da Vera Produzione, \u00e8 proprio questo: un ritratto coinvolgente e audace della simpatica \u201csicilianit\u00e0\u201d di una giovane madre alle prese con i figli, la scuola e i social, l\u2019omonimo \u201cgruppo delle mamme\u201d, la famiglia e la societ\u00e0 contemporanea.<\/p>\n<p>A divertire \u00e8 soprattutto la semplicit\u00e0 delle bizzarrie quotidiane, quelle che trasformano momenti ordinari in gag esilaranti: intelligenza e humor sono alla base dei sorrisi che \u201cCammela e il gruppo delle mamme\u201d pu\u00f2 strappare a chiunque.<\/p>\n<p>L\u2019artista<\/p>\n<p>Chiara Anicito, catanese trapiantata a Milano, classe 1987, \u00e8 una giovane e poliedrica artista: comica, attrice, cantante, doppiatrice, speaker radiofonica e\u2026mamma pure nella vita reale. Da sempre votata al mondo dello spettacolo e alle arti performative, Chiara Anicito \u00e8 salita alla ribalta grazie alla sua maschera pi\u00f9 famosa: Cammela, ossia Carmela, moglie di Placido e madre di Santino e Agatuccia, esilarante archetipo della mamma<\/p>\n<p>siciliana. Fresca e divertente, forte di 183mila follower su Instagram e 828mila follower su TikTok, Chiara Anicito \u00e8 considerata tra i migliori comici emergenti italiani: per questa ragione, \u00e8 stata recentemente insignita del prestigioso Premio Charlot.<\/p>\n<p>BIGLIETTI Prestige \u20ac 25,00 &#8211; Poltronissima \u20ac 23,00 &#8211; Poltrona \u20ac 18,00 &#8211; Poltronissima under 26 anni \u20ac 18,00<\/p>\n<p>Per acquisto: biglietteria del Teatro online https:\/\/www.teatromanzoni.it\/acquista-online\/?event=3654894 telefonicamente 027636901 circuito Ticketone<\/p>\n","protected":false},"excerpt":{"rendered":"<p>TEATRO MANZONI MILANO 6 ottobre 2024 ore 15,30 Paolo Ruffini per Vera Produzioni presenta CHIARA ANICITO CAMMELA E IL GRUPPO DELLE MAMME scritto da Chiara Anicito e Paolo Uzzi Regia Giancarlo Bozzo Chiara Anicito e la sua \u201cCammela\u201d, ossia la mamma siciliana pi\u00f9 famosa del mondo social, stanno per debuttare a teatro con lo spettacolo &hellip; <a href=\"https:\/\/www.gdapress.it\/it\/index.php\/74874\/spettacoli\/teatro-manzoni-milano-cammela-e-il-gruppo-delle-mamme.html\" class=\"more-link\">Read more <span class=\"screen-reader-text\">TEATRO MANZONI MILANO  CAMMELA E IL GRUPPO DELLE MAMME<\/span><\/a><\/p>\n","protected":false},"author":1,"featured_media":0,"comment_status":"closed","ping_status":"open","sticky":false,"template":"","format":"standard","meta":{"footnotes":""},"categories":[8],"tags":[26438,17,26439,750],"class_list":["post-74874","post","type-post","status-publish","format-standard","hentry","category-spettacoli","tag-chiara-anicito","tag-milano","tag-paolo-ruffini","tag-teatro-manzoni"],"_links":{"self":[{"href":"https:\/\/www.gdapress.it\/it\/index.php\/wp-json\/wp\/v2\/posts\/74874","targetHints":{"allow":["GET"]}}],"collection":[{"href":"https:\/\/www.gdapress.it\/it\/index.php\/wp-json\/wp\/v2\/posts"}],"about":[{"href":"https:\/\/www.gdapress.it\/it\/index.php\/wp-json\/wp\/v2\/types\/post"}],"author":[{"embeddable":true,"href":"https:\/\/www.gdapress.it\/it\/index.php\/wp-json\/wp\/v2\/users\/1"}],"replies":[{"embeddable":true,"href":"https:\/\/www.gdapress.it\/it\/index.php\/wp-json\/wp\/v2\/comments?post=74874"}],"version-history":[{"count":1,"href":"https:\/\/www.gdapress.it\/it\/index.php\/wp-json\/wp\/v2\/posts\/74874\/revisions"}],"predecessor-version":[{"id":74875,"href":"https:\/\/www.gdapress.it\/it\/index.php\/wp-json\/wp\/v2\/posts\/74874\/revisions\/74875"}],"wp:attachment":[{"href":"https:\/\/www.gdapress.it\/it\/index.php\/wp-json\/wp\/v2\/media?parent=74874"}],"wp:term":[{"taxonomy":"category","embeddable":true,"href":"https:\/\/www.gdapress.it\/it\/index.php\/wp-json\/wp\/v2\/categories?post=74874"},{"taxonomy":"post_tag","embeddable":true,"href":"https:\/\/www.gdapress.it\/it\/index.php\/wp-json\/wp\/v2\/tags?post=74874"}],"curies":[{"name":"wp","href":"https:\/\/api.w.org\/{rel}","templated":true}]}}