
{"id":74743,"date":"2024-09-25T19:20:07","date_gmt":"2024-09-25T17:20:07","guid":{"rendered":"http:\/\/www.gdapress.it\/it\/?p=74743"},"modified":"2024-09-25T19:20:07","modified_gmt":"2024-09-25T17:20:07","slug":"terra-madre-salone-del-gusto-2024-a-torino","status":"publish","type":"post","link":"https:\/\/www.gdapress.it\/it\/index.php\/74743\/enogastronomia\/terra-madre-salone-del-gusto-2024-a-torino.html","title":{"rendered":"Terra Madre Salone del Gusto 2024  a Torino"},"content":{"rendered":"<table class=\"x_row x_row-2\" role=\"presentation\" border=\"0\" width=\"100%\" cellspacing=\"0\" cellpadding=\"0\" align=\"center\">\n<tbody>\n<tr>\n<td>\n<table class=\"x_row-content x_stack\" role=\"presentation\" border=\"0\" width=\"600\" cellspacing=\"0\" cellpadding=\"0\" align=\"center\">\n<tbody>\n<tr>\n<td class=\"x_column x_column-1\" width=\"100%\">\n<table class=\"x_text_block x_block-1\" role=\"presentation\" border=\"0\" width=\"100%\" cellspacing=\"0\" cellpadding=\"10\">\n<tbody>\n<tr>\n<td class=\"x_pad\">\n<div>\n<div class=\"\">\n<p><strong><img loading=\"lazy\" decoding=\"async\" class=\"alignleft size-large wp-image-74744\" src=\"http:\/\/www.gdapress.it\/it\/..\/public\/it\/2024\/09\/450428113_867093968776741_9215043330240904930_n-500x262.png\" alt=\"\" width=\"500\" height=\"262\" srcset=\"https:\/\/www.gdapress.it\/it\/..\/public\/it\/2024\/09\/450428113_867093968776741_9215043330240904930_n-500x262.png 500w, https:\/\/www.gdapress.it\/it\/..\/public\/it\/2024\/09\/450428113_867093968776741_9215043330240904930_n-300x157.png 300w, https:\/\/www.gdapress.it\/it\/..\/public\/it\/2024\/09\/450428113_867093968776741_9215043330240904930_n-768x402.png 768w, https:\/\/www.gdapress.it\/it\/..\/public\/it\/2024\/09\/450428113_867093968776741_9215043330240904930_n.png 960w\" sizes=\"auto, (max-width: 500px) 100vw, 500px\" \/>A spasso per Terra Madre Salone del Gusto 2024,\u00a0<\/strong><\/p>\n<p><strong>a Torino, Parco Dora, dal 26 al 30 settembre<\/strong><\/p>\n<p><em>Tutte le occasioni per mangiare, bere, incontrare, imparare, ballare&#8230;<\/em><\/p>\n<\/div>\n<\/div>\n<\/td>\n<\/tr>\n<\/tbody>\n<\/table>\n<\/td>\n<\/tr>\n<\/tbody>\n<\/table>\n<\/td>\n<\/tr>\n<\/tbody>\n<\/table>\n<table class=\"x_row x_row-3\" role=\"presentation\" border=\"0\" width=\"100%\" cellspacing=\"0\" cellpadding=\"0\" align=\"center\">\n<tbody>\n<tr>\n<td>\n<table class=\"x_row-content x_stack\" style=\"height: 444px;\" role=\"presentation\" border=\"0\" width=\"599\" cellspacing=\"0\" cellpadding=\"0\" align=\"center\">\n<tbody>\n<tr>\n<td class=\"x_column x_column-1\" width=\"100%\">\n<table class=\"x_text_block x_block-3\" role=\"presentation\" border=\"0\" width=\"100%\" cellspacing=\"0\" cellpadding=\"10\">\n<tbody>\n<tr>\n<td class=\"x_pad\">\n<div>\n<div class=\"\">\n<p>Le architetture del Parco Dora di Torino, spazio industriale restituito alle persone, simbolo di rigenerazione cittadina, sono ormai pronte ad accogliere la 15esima edizione di\u00a0<strong>Terra Madre Salone del Gusto, dal 26 al 30 settembre<\/strong>. Organizzata da Slow Food, Citt\u00e0 di Torino e Regione Piemonte, con il patrocinio del Ministero dell\u2019Agricoltura, della Sovranit\u00e0 Alimentare e delle Foreste, del Ministero del Turismo, del Ministero dell\u2019Ambiente e della Sicurezza Energetica, e del Ministero degli Affari Esteri e della Cooperazione Internazionale, la manifestazione, anche quest\u2019anno a ingresso libero, presenta centinaia di occasioni per gustare, bere, incontrare e sperimentare le migliori produzioni alimentari che rappresentano la cultura di popoli e territori, grazie agli\u00a0<strong>oltre 3 mila delegati e 700 espositori da tutte le regioni italiane e da 120 Paesi<\/strong>. Il calendario di appuntamenti, tutti legati dal claim\u00a0<em>We are Nature<\/em>, \u00e8 in continuo aggiornamento e sempre pi\u00f9 articolato. Cos\u00ec, per meglio organizzare la visita, tra una conferenza e un giro al Mercato, ecco una guida,\u00a0<strong><a href=\"https:\/\/t.slowfood.it\/e\/tr?q=4%3dNYIZN%26G%3dK%26E%3dJaKVK%26J%3dDYNWFX%26D%3dC7K9N_5rlu_Fb_Avfq_Kk_5rlu_EgKeEU.C05ItHn5A0625J16w0y8DN7F.vJz_Ijxc_SYR3-48I767O_5rlu_EgDKyFt96_Ijxc_SYWMSM_Mdti_WSaR_Mdti_WSntK32_m05It_rn5A0_EaKY.35y%269%3d%26vJ%3dJZDTMWM%26KB%3dWMSMeLROVDSQWD%269%3dSX2t6nnRRWLUt9EatVISx7nUPAJ3J9o7wWq2J0IXtZpUOaKTvWoaRWFRwXE2J8F2KWK7&amp;mupckp=mupAtu4m8OiX0wt\" target=\"_blank\" rel=\"noopener noreferrer\" data-auth=\"NotApplicable\" data-linkindex=\"3\">mappa alla mano<\/a><\/strong>, per vivere Terra Madre, minuto per minuto!<\/p>\n<\/div>\n<\/div>\n<\/td>\n<\/tr>\n<\/tbody>\n<\/table>\n<\/td>\n<\/tr>\n<\/tbody>\n<\/table>\n<\/td>\n<\/tr>\n<\/tbody>\n<\/table>\n<table class=\"x_row x_row-4\" role=\"presentation\" border=\"0\" width=\"100%\" cellspacing=\"0\" cellpadding=\"0\" align=\"center\">\n<tbody>\n<tr>\n<td>\n<table class=\"x_row-content x_stack\" role=\"presentation\" border=\"0\" width=\"600\" cellspacing=\"0\" cellpadding=\"0\" align=\"center\">\n<tbody>\n<tr>\n<td class=\"x_column x_column-1\" width=\"100%\">\n<table class=\"x_text_block x_block-1\" role=\"presentation\" border=\"0\" width=\"100%\" cellspacing=\"0\" cellpadding=\"10\">\n<tbody>\n<tr>\n<td class=\"x_pad\">\n<div>\n<div class=\"\">\n<p>Prima di tutto le informazioni essenziali:\u00a0<a href=\"https:\/\/t.slowfood.it\/e\/tr?q=8%3d9VAd9%26D%3dC%26I%3d5XCZ6%26G%3d6c9T8b%26y%3d0yOtK_wvWr_8f_vsXu_6h_wvWr_7k6b7Y.x7wMeEf9v7x6pGs0h7qByKyJ.gGr_MUuU_WJ5tHi-3wMmNfMi_JVxT_TK%269%3d%26mK%3d6Z5U9WD%26Lx%3dWDT9eCSAV5TCW5%260%3djZB36a9a7XB4iAhVkdjaBbAXEb98i00V99gTiehVh7gUi0D807C7ga0X8VC59b6e3f5b&amp;mupckp=mupAtu4m8OiX0wt\" target=\"_blank\" rel=\"noopener noreferrer\" data-auth=\"NotApplicable\" data-linkindex=\"4\">come raggiungere Parco Dora<\/a>? Grazie alla collaborazione con GTT_Gruppo Torinese Trasporti, \u00e8 possibile muoversi facilmente con\u00a0<strong>bus<\/strong>\u00a0e<strong>\u00a0metropolitana,<\/strong>\u00a0ma anche con\u00a0<strong>bike, moto e car sharing<\/strong>. A incentivare la mobilit\u00e0 sostenibile anche i circuiti di\u00a0<span class=\"markf5z2tqn05\" data-markjs=\"true\" data-ogac=\"\" data-ogab=\"\" data-ogsc=\"\" data-ogsb=\"\">comunicazione<\/span>\u00a0di Trenitalia regionali. E per la prima volta, quest\u2019anno, \u00e8 possibile incontrare i produttori e vedere la manifestazione in anteprima \u2013 insieme a operatori, buyer e giornalisti \u2013 basta essere soci Slow Food (o tesserarsi all\u2019ingresso) e visitare Terra Madre il gioved\u00ec 26 settembre dalle 10, prima dell\u2019apertura per il grande pubblico, gioved\u00ec 26 alle 15. Oltre a questa possibilit\u00e0 i soci Slow Food avranno moltissimi\u00a0<a href=\"https:\/\/t.slowfood.it\/e\/tr?q=7%3dDZBcD%26H%3dD%26H%3d0bDYA%26K%3d7bDX9a%264%3dDzNyO_xubv_9e_1wYt_Al_xubv_8jAf8X.3AxLjIg81Ay5uKt9mArA4OzI.lKs_LZyV_VORgH37mAr-Ou7r-OrI6-BuIm_NWwY_XL%268%3d%26rO%3d7Y0Y0VI%26Py%3dVIX0dHWBU0XDV0%26D%3d07magdC98UnfAWl77YoZ70CX0WGB870X85G99XmbCYnBh7k7EYGY5j7g70l8C0A8BbBd&amp;mupckp=mupAtu4m8OiX0wt\" target=\"_blank\" rel=\"noopener noreferrer\" data-auth=\"NotApplicable\" data-linkindex=\"5\">vantaggi<\/a>, tra cui corsie dedicate all\u2019ingresso per saltare la coda tutti i giorni.<\/p>\n<p aria-hidden=\"true\">\n<p><strong>Dall\u2019ingresso Mortara, le tante declinazioni del vivere Slow: orti, citt\u00e0, libri e itinerari<\/strong><\/p>\n<p aria-hidden=\"true\">\n<p>Se si accede dall\u2019ingresso Mortara, il viaggio di Terra Madre si apre con due grandi aree dedicate ai principali progetti associativi. L\u2019<a href=\"https:\/\/t.slowfood.it\/e\/tr?q=6%3dPXBbP%26F%3dD%26G%3dLZDXM%26I%3d7aPV9Z%26F%3dBzMAM_xtnt_9d_CuYs_Mj_xtnt_8iMd8W.E9xKvGg7C9y47It8y9r0FMzH.xIs_KlwV_UaIxM0-MrHH-0uHy_LWvk_VL%267%3d%264M%3d7XLW0UU%26Ny%3dUUV0cTUBTLVDUL%26B%3dBVOVjWy0l7TX09L7jVw6lcRakUQ0iVOVlYLdiaMYB5M8kTyYDcU0BTydDYv8A4v5g71a&amp;mupckp=mupAtu4m8OiX0wt\" target=\"_blank\" rel=\"noopener noreferrer\" data-auth=\"NotApplicable\" data-linkindex=\"6\"><strong>Orto Slow Food<\/strong><\/a>, progettato e realizzato in collaborazione con Planet Smart City: un orto bello da vedere, che rappresenta i valori della socialit\u00e0 e del fare insieme, che propone un percorso sensoriale con grandi cassoni, posizionati in maniera tale da essere accessibili a tutti, ricchi di piante orticole e alberi da frutto, come antiche variet\u00e0 di mele e pere piemontesi, per toccare e annusare foglie, frutti e terra. Il progetto degli orti Slow Food a Terra Madre festeggia 20 anni, e, grazie al contributo di\u00a0<strong>UniCredit<\/strong>\u00a0si rinnova, uscendo dalle aule scolastiche per coinvolgere anche le comunit\u00e0 che realizzano orti in quartieri periferici e carceri, ospedali e biblioteche. A disposizione di scuole e famiglie, l\u2019aula didattica l\u2019<strong>Orto in una stanza,<\/strong>\u00a0per scoprire, insieme alla rete Slow Food italiana e ai rappresentanti degli Orti in Africa, la biodiversit\u00e0 delle produzioni autoctone, e scoprire le buone pratiche orticole che preservano suolo e acqua. A cura di\u00a0<strong>Iren<\/strong>\u00a0anche i suggerimenti pratici da riprodurre in ambito domestico sulla gestione del compost. Nello spazio famiglie, sostenuto da L\u2019Erbolario che offre prodotti per la cura di bimbi e mamme, si pu\u00f2 trovare un momento di pausa, sperimentando i giochi educativi di Quercetti ispirati al mondo della natura, e rilassarsi nell\u2019area morbida realizzata in collaborazione con Giovani Genitori.<\/p>\n<p>Adiacente all\u2019orto, lo\u00a0<a href=\"https:\/\/t.slowfood.it\/e\/tr?q=0%3dPWGfP%26E%3dI%26K%3dLYIbM%26H%3dBePUDd%26F%3dA5QAL_3xns_Dh_Ctdw_Mi_3xns_CmMcCa.E83OvFlAC8487HyBy8wDFL5L.xHx_Olva_YaEz-PA4AF0-LwLH-9zLy_Kbzk_UQ%26A%3d%264L%3dBbLVEYU%26M4%3dYUUEgTTGXLUIYL%26A%3dG0UTmgwXB9vUKCP5GCO8IfPTJd16DXQ8CcLTG0T4qbw6FYOVBgL4DgRX8v4ll8SZCbzV&amp;mupckp=mupAtu4m8OiX0wt\" target=\"_blank\" rel=\"noopener noreferrer\" data-auth=\"NotApplicable\" data-linkindex=\"7\"><strong>spazio Slow Food<\/strong><\/a><strong>\u00a0<\/strong>accoglie i soci e chi vuole saperne di pi\u00f9 su progetti e campagne del mondo della Chiocciola, ma non solo: al suo interno si trovano l\u2019area dedicata alle pubblicazioni di Slow Food Editore, tra grandi classici e ultime novit\u00e0, e la sala incontri dove esplorare la sfera del gusto, della pizza e del vestire sostenibile grazie a ospiti d\u2019eccezione come\u00a0<strong>Giulia Zanni<\/strong>, campionessa del Mondo di Pizza 2024, e\u00a0<strong>Dario Casalini<\/strong>, fondatore di Slow Fiber. Sempre nello stand Slow Food, le sarte di Slow Fiber sono protagoniste al telaio di dimostrazioni dal vivo di cucito e mettono in pratica la loro maestria realizzando scaldacollo in seta e lana proposti in vendita. Da non perdere la degustazione delle miasse, sottili e croccanti rettangoli di farina di granturco cotte su apposite piastre, presentata da\u00a0<strong>Loris<\/strong>\u00a0<strong>Caretto<\/strong>, coltivatore custode del Pignoletto Rosso e referente della rete Slow Mays, in abbinamento allo spettacolo teatrale della compagnia Lo Zodiaco di Caluso.<\/p>\n<p aria-hidden=\"true\">\n<p>La tappa successiva \u00e8\u00a0<a href=\"https:\/\/t.slowfood.it\/e\/tr?q=5%3dCYGaC%26G%3dI%26F%3d9aIW0%26J%3dBZCWDY%263%3dC5LxN_3sau_Dc_zvdr_0k_3sau_Ch0eCV.203JiHl6z043tJy7l0w93N5G.kJx_JYxa_TNI6LzD37-t0-nA2Ol_JYxa_TN%269%3d%26tK%3d9ZBUBWK%26L1%3dWKTBeJSDVBTFWB%260%3diZm70aoVnAH8n6o5E9l7FbpZFAC7AbHZlXHUA8m6EdoZjVn6m0CU99oUCdG3i6lWG8Cb&amp;mupckp=mupAtu4m8OiX0wt\" target=\"_blank\" rel=\"noopener noreferrer\" data-auth=\"NotApplicable\" data-linkindex=\"8\"><strong>Nutrire le citt\u00e0<\/strong><\/a>, un palcoscenico dedicato all\u2019ecosistema urbano, alle\u00a0<em>food policies\u00a0<\/em>e al tema dello spreco alimentare. Dalle degustazioni di etichette da vigneti urbani di citt\u00e0 come Roma e Brescia, alle testimonianze di chi, a Trieste, Cagliari e in Piemonte, sta integrando l\u2019educazione alimentare nel programma scolastico, per passare alle esperienze di acquisto diretto dai produttori, i Mercati della Terra di Slow Food in primis, ma anche le community supported agriculture (CSA) e i gruppi d\u2019acquisto. Con\u00a0<a href=\"https:\/\/t.slowfood.it\/e\/tr?q=0%3dDbSfD%26J%3dU%26K%3d0dUbA%26M%3dNeDZPd%264%3dFGQyQ_Exbx_Ph_1ypw_An_Exbx_OmAhOa.3CEOjKxA1CF8uMABmC9D4QGL.lM0_OZ1m_YOJ2K390BwR2-Sr94Dr9EB-3C0F-rR6KnPxOr-C-EFoJ2P2GBKr-QHI-3SEF2KB-PuMJ-8-3CEOj-KxA1C_Exbx_Om%26m%3d%26GF%3dXDYPaAh%26GP%3dAhOaIgNc0YOe8j9xAY%265%3deBYyfm0z0kbRbEgU0DfQYmfUXFC3X0dUYIhxXBY2BodUXkB1Ck0WZGfzgB9ygBhx&amp;mupckp=mupAtu4m8OiX0wt\" target=\"_blank\" rel=\"noopener noreferrer\" data-auth=\"NotApplicable\" data-linkindex=\"9\"><strong>Lentamente viaggiare<\/strong><\/a>\u00a0si esplorano invece le proposte di viaggi sostenibili, in Italia e all\u2019estero: visite guidate tra Carso e Trieste, laboratori di ravioles in Val Varaita, percorsi di\u00a0<em>gastronomic trekking<\/em>\u00a0lungo la Costiera Amalfitana, escursioni tra le terre della transumanza in Abruzzo e tour in bicicletta nella Riserva Naturale di Torre Guaceto: sono alcuni esempi delle attivit\u00e0 raccontate dai referenti degli itinerari del progetto Slow Food Travel e non solo. Sempre in quest\u2019area,\u00a0<strong>Ismea<\/strong>\u00a0propone laboratori di smielatura e degustazioni per ripercorrere la Penisola attraverso le variet\u00e0 di mieli.<\/p>\n<p aria-hidden=\"true\">\n<p><strong>Dall\u2019ingresso Borgaro: un viaggio gastronomico tra reti tematiche e regioni italiane<\/strong><\/p>\n<p aria-hidden=\"true\">\n<p>Se si cambia il punto di partenza, dall\u2019ingresso di via Borgaro Alta, a inaugurare la visita \u00e8 l\u2019area dedicata alle<strong><em>\u00a0<\/em><\/strong><a href=\"https:\/\/t.slowfood.it\/e\/tr?q=5%3dCZNaC%26H%3dP%26F%3d9bPW0%26K%3dIZCXKY%263%3dDBLxO_0sav_Kc_zwkr_0l_0sav_Jh0fJV.2A0JiIs6zAA3tK67lA493OBG.kK5_JYyh_TNO838E7-JmP1-KtKE-8wKv_JYyh_TN%260%3d%261K%3d9aIUBXR%26L1%3dXRTBfQSDWITFXI%260%3dGZLV0cJ8DAx7lXtSncs8BYwVBYN4BcuaB8P69ZwXlAwZF0MZ9YsUl73i7sJ6i7u4lXwW&amp;mupckp=mupAtu4m8OiX0wt\" target=\"_blank\" rel=\"noopener noreferrer\" data-auth=\"NotApplicable\" data-linkindex=\"10\"><strong>reti Slow Food<\/strong><\/a>, dove produttori e artigiani condividono la loro storia e i tanti modi di salvaguardare variet\u00e0, territori e tradizioni attraverso il progetto dei Pres\u00ecdi Slow Food e non solo.\u00a0<strong>Slow Grains<\/strong>, supportata da Pastificio Di Martino, riunisce a Parco Dora le realt\u00e0 che dal Nord al Sud Italia valorizzano i grani tradizionali, come il Mulino Papavero Rosso di Cuneo, la Cooperativa Grani Antichi del Reatino e il Montefrumentario in Campania, mentre\u00a0<strong>Slow Mays<\/strong>\u00a0presenta alcuni esempi di biodiversit\u00e0: il pan de Sorc, un pane dolce e speziato nato nelle terre di Gemona in Friuli, il mais Quarantino, antica variet\u00e0 di granoturco marchigiana, e il mais Piadera, coltivato da oltre tre generazioni a Fregona (Tv). Grande rappresentanza anche dei componenti della rete\u00a0<strong>Slow Beans<\/strong>, che attraverso i legumi raccontano culture agricole e sapori autentici, dalla Comunit\u00e0 della Valbelluna con il gialet, alla Comunit\u00e0 di Favalanciata nelle Marche, fino alla cicerchia degli Iblei e la sua farina, da cui nasce una polenta speciale. Infine, nello spazio\u00a0<strong>Slow Olive<\/strong>, realizzato grazie al contributo del Gruppo ASA e la partecipazione di Ricrea, si ascoltano le testimonianze dei produttori del Presidio degli olivi secolari, tra cui Sergio Spada della Cab di Brisighella, menzione speciale nella Guida agli Extravergini 2024, e Vincenzo Signorelli, che nell\u2019omonima azienda propone visite e degustazioni, arricchendo le esperienze dell\u2019itinerario Slow Food Travel Etna e Catania. Sempre aperto anche l\u2019<strong>Oil Bar<\/strong>, per degustare oli extravergini di alta qualit\u00e0 e imparare a riconoscerne le caratteristiche.<\/p>\n<p aria-hidden=\"true\">\n<p>Il percorso prosegue con gli espositori del\u00a0<strong>Mercato italiano<\/strong>\u00a0e gli\u00a0<a href=\"https:\/\/t.slowfood.it\/e\/tr?q=8%3dHVOdH%26D%3dQ%26I%3dDXQZE%26G%3dJcHTLb%268%3d0CO3K_Avfr_Lf_5slu_Eh_Avfr_KkEbKY.77AMnEt957B6yG70q75B8KCJ.pG6_Mdui_WS95D-rNxI7A-w0yDx-Mr92J1A_Avfr_Kk%26q%3d%26AB%3dVHSLYEb%26CN%3dEbKYMaJaDSKcES%261%3dVsZy9LVtcIUM6KbK8G5tYJVLVpUMXKYx7LVQbJUSXMTPdrVMXnY6n3tMeKUvaDVLWIbK&amp;mupckp=mupAtu4m8OiX0wt\" target=\"_blank\" rel=\"noopener noreferrer\" data-auth=\"NotApplicable\" data-linkindex=\"11\"><strong>spazi delle Regioni<\/strong><\/a>, alla scoperta di tutta la Penisola e della sua biodiversit\u00e0 paesaggistica, culturale e gastronomica. Dal Friuli-Venezia Giulia alla Puglia, dal Trentino-Alto Adige alla Liguria, tutti gli stand propongono degustazioni, workshop e incontri con produttori, docenti, cuochi e referenti territoriali. Punta su un programma di showcooking anche la\u00a0<strong>Cia-Agricoltori italiani<\/strong>, in collaborazione con produttori e cuochi da Nord a Sud. Non mancano i padroni di casa: all\u2019area Piemonte, rappresentata da molti espositori, si aggiungono gli spazi di\u00a0<strong>Regione Piemonte<\/strong>,\u00a0<strong>Citt\u00e0 di Torino, Turismo Torino e Provincia<\/strong>\u00a0e della\u00a0<strong>Camera di Commercio di Torino<\/strong>, main partner dell\u2019evento, che nel proprio stand ospita appuntamenti che vedono protagonisti i\u00a0<strong>Maestri del Gusto di Torino e Provincia<\/strong>\u00a0e numerose associazioni di artigiani, dal Vermouth di Torino ai grandi classici di Torino e delle sue vallate, fino alla formazione delle nuove generazioni grazie a progetti che hanno visto la collaborazione di Slow Food, insieme alla Camera di Commercio e ai Maestri del Gusto, con gli studenti delle scuole secondarie di secondo grado.<\/p>\n<p>Animano gli spazi espositivi con le loro attivit\u00e0 laboratoriali\u00a0<strong>Borghi pi\u00f9 belli d&#8217;Italia\u00a0<\/strong>e<strong>\u00a0Borsa merci telematica italiana, c<\/strong>he mette a disposizione materiali informativi per favorire acquisti consapevoli da parte dei consumatori, e\u00a0<strong>Invitalia<\/strong>, presente nella buyer lounge della manifestazione.<\/p>\n<p aria-hidden=\"true\">\n<p><strong>Il cuore di Parco Dora: riscoprirsi\u00a0<\/strong><strong><em>Natura<\/em><\/strong><strong>, tra i banchi del Mercato e gli incontri in Arena<\/strong><\/p>\n<p aria-hidden=\"true\">\n<p>Tappa obbligatoria delle visite a Terra Madre \u00e8 la grande tettoia di Parco Dora, dove converge l\u2019anima pi\u00f9 cosmopolita di Terra Madre. Il\u00a0<strong>Mercato internazionale<\/strong>\u00a0riunisce Pres\u00ecdi Slow Food e prodotti provenienti dai cinque continenti: cacao e cioccolato da Ecuador e Colombia, cereali e salse dal Giappone, formaggi a latte crudo di Irlanda e Svizzera, ma anche specialit\u00e0 dei Mercati della Terra, come quello di Karva in Slovacchia e di Yunlin a Taiwan. Agli espositori si aggiungono\u00a0<a href=\"https:\/\/t.slowfood.it\/e\/tr?q=7%3dKaScK%26I%3dU%26H%3dGcUYH%26L%3dNbKYPa%26A%3dEGN6P_Euiw_Pe_8xpt_Hm_Euiw_OjHgOX.0BELqJx88BF52LA9tB9AAPGI.sL0_Lgzm_VVD9C-uS2H0F-19wI6-M68MC-yKG98KxTyLA52F_Euiw_Oj%26t%3d%26FF%3dUKXPXHg%26GM%3dHgOXPfNZGXObHX%265%3d5OAScN9TYscPbP0R0JaS6sAVbHd37KYV7qc18G5q8xXP8GY2aqXybuBNVK9VdGbNbKaz&amp;mupckp=mupAtu4m8OiX0wt\" target=\"_blank\" rel=\"noopener noreferrer\" data-auth=\"NotApplicable\" data-linkindex=\"12\"><strong>gli eventi degli spazi internazionali<\/strong><\/a>, come la lezione di cucina sul borsch guidata dall\u2019Alleanza Slow Food dei cuochi in Ucraina, la passeggiata tra le erbe commestibili e medicinali di Parco Dora insieme agli esperti di Slow Food North America, e le degustazioni targate Slow Food France che vedono i formaggi Pres\u00ecdi Slow Food in abbinamento ai vini della Slow Wine Coalition. Segue l\u2019area dedicata alle\u00a0<a href=\"https:\/\/t.slowfood.it\/e\/tr?q=3%3dQbTYQ%26J%3dV%26D%3dMdVUN%26M%3dOXQZQW%26G%3dFHJBQ_Fqox_Qa_Dyqp_Nn_Fqox_PfNhPT.FCFHwKy4DCG18MB5zC07GQHE.yMA_Hm1n_RbACD-895HAC1E8M59w-LC9-yM0J5T719M-B1FSF1-N_Posl_Zd%264%3d%265Q%3dOUMaRRV%26RG%3dRVZRZUYTQMZVRM%26F%3dT51eTSOAWR2BTQRfTZOdWQzcXRNc22zYy61w9yPZ32UBXWMDSZOhUQQY35wb161dQXOh&amp;mupckp=mupAtu4m8OiX0wt\" target=\"_blank\" rel=\"noopener noreferrer\" data-auth=\"NotApplicable\" data-linkindex=\"13\"><strong>Slow Food Farms<\/strong><\/a>, dove \u00e8 possibile scoprire tutti i segreti del modello agroecologico in un percorso di visita che ne approfondisce le parole chiave: conoscenza, comunit\u00e0, diversit\u00e0, giustizia e sinergia. Ancora pochi posti disponibili per gli eventi nell\u2019Area Knowledge come l\u2019appuntamento sulle storie di resistenza del Quilombo de Palmares in Brasile, delle comunit\u00e0 nere rurali del Sud degli Stati Uniti e del continente africano, e il workshop sul ruolo svolto dal giornalismo investigativo nella creazione di un sistema alimentare sostenibile. Restano invece gratuiti e aperti a tutti gli incontri dell\u2019Area Biodiversity, dove i produttori delle comunit\u00e0 internazionali Slow Food raccontano i frutti del loro lavoro: il mondo della frutta secca, la coltivazione del t\u00e9, il potere di legumi e cereali ancestrali e la biodiversit\u00e0 dei mieli indigeni. Strettamente connessa \u00e8 l\u2019<strong>esposizione artistica<\/strong>\u00a0che Slow Food realizza insieme a Paratissima e con il sostegno della Compagnia di San Paolo. Le opere, create da artisti e performer italiani e internazionali, sono state selezionate per far immergere i visitatori nelle complesse sfide ambientali e sociali legate all\u2019attuale sistema alimentare.<\/p>\n<p aria-hidden=\"true\">\n<p>Per chi ha voglia di cimentarsi in un gioco partecipativo, il posto ideale \u00e8 la\u00a0<a href=\"https:\/\/t.slowfood.it\/e\/tr?q=A%3dHXCgH%26F%3dE%26L%3dDZEcE%26I%3d8fHV0e%268%3dB1R3M_yyft_0i_5uZx_Ej_yyft_9nEd9b.79yPnGhB59z9yIuCq9sE8M1M.pIt_PdwW_ZS9zAnJl-P2It-Bv0mS65_yyft_9n%26q%3d%26Cz%3dYHU0bEd%261Q%3dEd9bMc8dDU9fEU%26o%3dCK09YGWi9LXBhKVidDX0ZIdkgHUmDsdCgM80DKUEaJbmdIYmZGX9Bp699n5harVG9nah&amp;mupckp=mupAtu4m8OiX0wt\" target=\"_blank\" rel=\"noopener noreferrer\" data-auth=\"NotApplicable\" data-linkindex=\"14\"><strong>Escape Room diffusa<\/strong><\/a>\u00a0realizzata nell\u2019ambito del progetto BEAUTIFOOD. Pensata per far divertire e allo stesso tempo riflettere su temi di grande attualit\u00e0, questa esperienza interattiva coinvolge gruppi composti da 2 a 5 giocatori e propone tanti enigmi da risolvere: che impatto hanno gli allevamenti intensivi sulle risorse naturali e sulla sostenibilit\u00e0? Quanto cibo sprechiamo? Come ottimizzare la filiera del cibo con alcuni semplici accorgimenti? Un\u2019occasione per scoprire insieme come diventare pi\u00f9 consapevoli delle proprie azioni quotidiane.<\/p>\n<p aria-hidden=\"true\">\n<p>L\u2019esperienza di Terra Madre continua nello spazio\u00a0<a href=\"https:\/\/t.slowfood.it\/e\/tr?q=6%3dFTObF%26B%3dQ%26G%3dBVQXC%26E%3dJaFRLZ%266%3d8CM1I_Atdp_Ld_3qls_Cf_Atdp_KiCZKW.55AKlCt735B4wE78o5506ICH.nE6_Kbsi_UQDxB-mEB6s9-78t-FtLnE5B-4K5Ep-JxK35-tE55-7Ht-3DL5EwBlC8-GlJDKl_Hjva_RY%267%3d%26tI%3dJXBSMUK%26JB%3dUKRMcJQOTBRQUB%268%3dyYnQO8K5vboXv84l1tJRubB4tTC5J7nRPWqQQ8HSKbpWKTGULcp5MYCYu9CTM9FROXIT&amp;mupckp=mupAtu4m8OiX0wt\" target=\"_blank\" rel=\"noopener noreferrer\" data-auth=\"NotApplicable\" data-linkindex=\"15\"><strong>Noi custodiamo natura<\/strong><\/a>, dedicato alle terre alte e ai loro custodi. Qui si pu\u00f2 conoscere la\u00a0 rete Slow Food dei\u00a0<strong>castanicoltori<\/strong>, annusare i fieni dei pascoli alpini, scoprire le attivit\u00e0 del nuovo\u00a0<strong>Presidio dei prati stabili e dei pascoli<\/strong>, divertirsi con i\u00a0 giochi in legno di PEFC Italia, che &#8211; con Sinergie Outdoor &#8211; permettono anche ai pi\u00f9 piccoli di comprendere l\u2019importanza del rispetto del bosco.<strong>\u00a0<\/strong>Nell&#8217;area conferenze, realizzata con il supporto di FSC Italia, si condividono idee sul futuro delle terre alte, con l&#8217;obiettivo di costruire \u2013 insieme ad alcuni dei maggiori esperti d\u2019Italia &#8211; una strategia per rimettere la montagna al centro, come luogo privilegiato del vivere e dell\u2019abitare.<\/p>\n<p>Al centro dell\u2019attenzione, la pastorizia, la biodiversit\u00e0 dei pascoli, i formaggi, le lane, le erbe selvatiche, i frutti del bosco, come funghi e tartufi, le api e gli impollinatori e i mieli millefiori e monovarietali, proposti per l\u2019assaggio nell\u2019area\u00a0<strong>Slow Bees<\/strong>, realizzata con il contributo di Ricola. E sempre a proposito di erbe, mieli e impollinatori, passeggiando per lo spazio, il pubblico pu\u00f2 incontrare anche il caramellaio Ricola arrivato direttamente dalla Svizzera per far assaggiare le iconiche caramelle d\u2019Oltralpe appena formate.<\/p>\n<p aria-hidden=\"true\">\n<p><a href=\"https:\/\/t.slowfood.it\/e\/tr?q=6%3dOXObO%26F%3dQ%26G%3dKZQXL%26I%3dJaOVLZ%26E%3dBCM0M_Atmt_Ld_Buls_Lj_Atmt_KiLdKW.D9AKuGt7B9B46I78x950EMCH.wI6_Kkwi_UZ78Gz9A88Tx_Kkwi_4u5tUZ%268%3d%262L%3dKYJVNVS%26MC%3dVSUNdRTPUJURVJ%26A%3dzXLWM8S7RawWNVyTPcP7NUO4N7ucT6PYMaxVx5tWTUNWP6JaMUyTNcx7uaSZyaP9&amp;mupckp=mupAtu4m8OiX0wt\" target=\"_blank\" rel=\"noopener noreferrer\" data-auth=\"NotApplicable\" data-linkindex=\"16\">Conferenze e incontri<\/a>, da sempre il\u00a0<em>fil rouge<\/em>\u00a0per approfondire i grandi temi, grazie agli interventi di ricercatori, esperti e produttori, si svolgono in moltissimi spazi e, in particolare, in tre arene. Quella dedicata a\u00a0<a href=\"https:\/\/t.slowfood.it\/e\/tr?q=5%3d6ZBa6%26H%3dD%26F%3d2bDW3%26K%3d7Z6X9Y%26v%3dDzLqO_xsTv_9c_swYr_3l_xsTv_8h3f8V.uAxJbIg6sAy3mKt7eAr9vOzG.dKs_JRyV_TG7x7o7-pGbJt3i-OzMu9n4vN5_JRyV_TG%260%3d%26oK%3d2a7U5XF%26Lt%3dXFT5fES7W7T9X7%260%3dcaiSdWF88W9X7f888e96ee834d960Wl62X7abYES8b06AZha6BA3b7ga27l64Zgb7dj5&amp;mupckp=mupAtu4m8OiX0wt\" target=\"_blank\" rel=\"noopener noreferrer\" data-auth=\"NotApplicable\" data-linkindex=\"17\"><strong>Joannah Stutchbury<\/strong><\/a>, ambientalista e attivista, impegnata da anni per difendere le foreste del Kenya, uccisa nel 2021 proprio per il suo lavoro, ospita un programma di incontri focalizzati sulla relazione tra natura e differenti ambiti &#8211; clima, coscienza, educazione, donne, biodiversit\u00e0 &#8211; e tocca temi di attualit\u00e0 &#8211; come la giustizia lungo la filiera del cibo &#8211; affrontati da personaggi noti in Italia e all\u2019estero. Tra questi,\u00a0<strong>Michele Serra<\/strong>, giornalista, scrittore e autore che, dopo il suo monologo, dialoga con il pubblico presente; il drammaturgo e compositore,\u00a0<strong>Moni Ovadia<\/strong>;\u00a0<strong>Miguel Altieri,<\/strong>\u00a0dal Cile,<strong>\u00a0<\/strong>coordinatore generale del programma dell\u2019agricoltura sostenibile delle Nazioni Unite;\u00a0<strong>Federico Faggin<\/strong>, uno dei padri della Silicon Valley che sar\u00e0 a Terra Madre per parlare di rapporto fra natura e coscienza, insieme al teologo\u00a0<strong>Vito Mancuso<\/strong>;\u00a0<strong>Lella Costa<\/strong>, che ci accompagner\u00e0 alla scoperta delle lezioni di meraviglia di Rachel Carson,\u00a0<strong>Morgan Ody<\/strong>, dalla Francia, coordinatrice generale di La Via Campesina International<strong>; Larissa Mies Bombardi<\/strong>, ricercatrice brasiliana oggi costretta all\u2019esilio per i suoi studi sui pesticidi,<strong>\u00a0Elena Granata<\/strong>, una della maggiori urbaniste italiane, che approfondir\u00e0 il rapporto fra le citt\u00e0 e lo sguardo delle donne, e\u00a0<strong>Filippo Giorgi<\/strong>, esperto internazionale nel campo della modellistica del clima, dello studio dei cambiamenti climatici e dei loro impatti sulla societ\u00e0, unico scienziato\u00a0 italiano nell\u2019esecutivo dell\u2019IPPC, Comitato Intergovernativo sui Cambiamenti Climatici, premiato con il Nobel per la Pace nel 2007.\u00a0<a href=\"https:\/\/t.slowfood.it\/e\/tr?q=5%3dCbAaC%26J%3dC%26F%3d9dCW0%26M%3d6ZCZ8Y%263%3dFyLxQ_wsax_8c_zyXr_0n_wsax_7h0h7V.2CwJiKf6zCx3tMs7lCq93QyG.kMr_JY1U_TNQu7iIjJ1_PVuX_ZK3i9f%266%3d%26qQ%3d6W9a9TH%26Rx%3dTHZ9bGYAS9ZCT9%26F%3d870Dh8jhj8Gf8XlfB3D9AaDACUjeDb0aiTBhCYGg8Wn0kSEhC399AVBeBb9cAbAc&amp;mupckp=mupAtu4m8OiX0wt\" target=\"_blank\" rel=\"noopener noreferrer\" data-auth=\"NotApplicable\" data-linkindex=\"18\">Qui trovate la lista completa di relatrici e relatori.\u00a0<\/a><\/p>\n<p aria-hidden=\"true\">\n<p>L\u2019Arena in ricordo di\u00a0<a href=\"https:\/\/t.slowfood.it\/e\/tr?q=9%3dSYPeS%26G%3dR%26J%3dOaRaP%26J%3dKdSWMc%26I%3dCDPDN_Bwqu_Mg_Fvmv_Pk_Bwqu_LlPeLZ.H0BNyHu0F0C70J8A206CINDK.1J7_Noxj_XdNyN5D9-OH63JC-6BAB6_Bwqu_Ll%262%3d%26DC%3dWSVMZPe%26DO%3dPeLZXdKbOVLdPV%262%3dXOeS9S0ueWZOaU7x0yWyA1bS9yARaRWMWPVTaP0xf1bPbXeM0zAKc30L7y6uZO9MdQcK&amp;mupckp=mupAtu4m8OiX0wt\" target=\"_blank\" rel=\"noopener noreferrer\" data-auth=\"NotApplicable\" data-linkindex=\"19\"><strong>Sergio Staino<\/strong><\/a>, disegnatore, fumettista, giornalista e attento osservatore del nostro tempo, apre il suo programma con l\u2019omaggio a Staino di\u00a0<strong>Paolo Hendel<\/strong>\u00a0e continua con\u00a0<strong>Francesca Santolini<\/strong>, autrice di\u00a0<strong>Ecofascisti<\/strong>, con\u00a0<strong>Giorgio Vacchiano<\/strong>, nominato dalla rivista\u00a0<em>Nature<\/em>\u00a0tra gli 11 migliori scienziati emergenti nel mondo che stanno lasciando il segno nella scienza, e molti altri. L\u2019Arena Staino guarda alla natura attraverso il racconto delle\u00a0<strong>reti tematiche di Slow Food<\/strong>, gli esempi virtuosi di allevatori che hanno aderito alla campagna\u00a0\u00a0<em>Allevare rispettando gli animali e la terra si pu\u00f2<\/em>, e l\u2019impatto di pratiche intensive e cambiamento climatico sulla pesca e sulle Comunit\u00e0 di Slow Fish. Non solo, si racconta anche il percorso dei progetti di Slow Food a tutela della biodiversit\u00e0: l\u2019evoluzione dei\u00a0<strong>Pres\u00ecdi Slow Food<\/strong>;\u00a0 le storie di cuoche e cuochi che fanno parte dell\u2019<strong>Alleanza Slow Food,\u00a0<\/strong>come Laho Lengos, da Taiwan, e Jennifer Rodriguez Rojas, dalla Colombia, e la crescita dell<strong>\u2019Arca del Gusto<\/strong>, che dal 1999 ha catalogato patrimonio di 6350 prodotti a rischio di estinzione.<\/p>\n<p aria-hidden=\"true\">\n<p>Chiudono il cerchio i due spazi realizzati con il sostegno di Reale Mutua: la\u00a0<a href=\"https:\/\/t.slowfood.it\/e\/tr?q=7%3dKaAcK%26I%3dC%26H%3dGcCYH%26L%3d6bKY8a%26A%3dEyN6P_wuiw_8e_8xXt_Hm_wuiw_7jHg7X.0BwLqJf88Bx52Ls9tBqAAPyI.sLr_LgzU_VVVtO8-KjR0_OVwf_Y5q8fK%268%3d%26yP%3d6YGZ9VP%26Qx%3dVPY9dOXAUGYCVG%26E%3dDZqbEdN8gUrCkVIcEZJZj5Jg9VHfiVsbDVvZ8cKchbJAfWNa80L96dt9CZG0kYqb&amp;mupckp=mupAtu4m8OiX0wt\" target=\"_blank\" rel=\"noopener noreferrer\" data-auth=\"NotApplicable\" data-linkindex=\"20\"><strong>Your Next Arena\u00a0<\/strong><\/a>e la Wellness Area. Il primo \u00e8 uno spazio in cui si approfondisce il legame tra cibo e salute, con incontri dedicati ad alimentazione e falsi miti, educazione al gusto e diete sostenibili. Moltissime le figure interessanti che sar\u00e0 possibile conoscere in quest\u2019area, dall\u2019etnobotanico americano\u00a0<strong>Danny Childs<\/strong>\u00a0a\u00a0<strong>Sandor Ellis Katz<\/strong>, uno dei maggiori esperti di fermentazione al mondo, da\u00a0<strong>Fulvio Marino<\/strong>, panificatore fra i pi\u00f9 apprezzati in Italia e volto televisivo, alla cuoca, scrittrice e influencer\u00a0<strong>Irene Volpe<\/strong>.<\/p>\n<p>La Your Next Arena d\u00e0 spazio e voce ai giovani dello Slow Food Youth Network, ma non solo: ospita la delegazione di ragazze e ragazzi che, dopo l\u2019esperienza dell\u2019Anteprima di Terra Madre, tenutasi a Roma a maggio, hanno raccolto in tutta Italia buone pratiche e idee per rigenerare gli ecosistemi del Paese. All\u2019interno della Wellness Area, non distante dalla Your Next Arena, Reale Mutua ospita momenti dedicati allo sport e al benessere personale con il supporto di Technogym e la partecipazione di ospiti esclusivi. Un nome fra tutti, l\u2019ex ginnasta\u00a0<strong>Yuri Chechi<\/strong>.<\/p>\n<p aria-hidden=\"true\">\n<p>Sempre i giovani sono i protagonisti nello stand dell\u2019<a href=\"https:\/\/t.slowfood.it\/e\/tr?q=3%3dGXEYG%26F%3dG%26D%3dCZGUD%26I%3d0XGVBW%267%3dB3J2M_1qet_Ba_4ubp_Dj_1qet_AfDdAT.691HmGj44921xIw5p9u77M3E.oIv_HcwY_RROw95A_1qet_Af%26p%3d1m5j%26C2%3dQGUBTDd%263I%3dDdATLc0VCUAXDU%26q%3d3rUI1qY0WpcCYD00XFbD6E6I2r7EZmc0Un9l4CXFSrZG3GWnQraj3nbA6C6CTCZE&amp;mupckp=mupAtu4m8OiX0wt\" target=\"_blank\" rel=\"noopener noreferrer\" data-auth=\"NotApplicable\" data-linkindex=\"21\"><strong>Universit\u00e0 di Scienze Gastronomiche<\/strong>\u00a0<strong>di Pollenzo<\/strong><\/a>, che ospita colazioni con i prodotti degli alumni Unisg; degustazioni dedicate a prodotti unici e rari, come il formaggio affinato nel tufo di Monteu Roero e il garum artigianale prodotto da funghi, scarti di verdure e pesce; dibattiti su temi di attualit\u00e0 come insicurezza alimentare, crisi climatica e intelligenza artificiale; laboratori di analisi sensoriale, e aperitivi a base di vermouth e bevande botaniche fermentate.<\/p>\n<p aria-hidden=\"true\">\n<p><strong>Le tappe per gustare, sorseggiare e\u2026 ballare\u00a0<\/strong><\/p>\n<p aria-hidden=\"true\">\n<p>Il piacere e la consapevolezza convergono in due spazi d\u2019eccezione. Torna l\u2019<strong>Enoteca<\/strong>\u00a0<strong>della Slow Wine Coalition<\/strong>, dove rilassarsi degustando un bicchiere di vino, ma non solo! Pi\u00f9 di 500 delle migliori etichette italiane selezionate dalla redazione della guida Slow Wine e dalla Banca del Vino, suddivise per regioni, e tipologie \u2013 bollicine, vini bianchi, vini rossi, vini rosa, vini dolci. Tra le curiosit\u00e0, un\u2019ampia selezione di Vermouth di Torino, uno spazio dedicato al Sidro con prodotti dall\u2019Italia, Francia, Belgio, Georgia, Olanda e Danimarca, una sezione con i vini delle aziende certificate Demeter, e alcune etichette dei membri internazionali della Slow Wine Coalition. Tutti serviti nei calici Bormioli Luigi, proposti e raccontati dai Sommelier della FISAR e dai Pommelier APAS, e serviti a temperatura perfetta grazie a Liebherr. Una mostra, ospitata in Enoteca, racconta le azioni di sostenibilit\u00e0 (ambientale, economica e sociale) per Terra Madre realizzate nell\u2019ambito del progetto\u00a0<a href=\"https:\/\/t.slowfood.it\/e\/tr?q=6%3dHYBbH%26G%3dD%26G%3dDaDXE%26J%3d7aHW9Z%268%3dCzM3N_xtfu_9d_5vYs_Ek_xtfu_8iEe8W.70xKnHg750y4yJt8q0r08NzH.pJs_KdxV_US0281Ou_KdxV_USNk8q-66B2Io-7v-NuL70tBoDrB76-v85-OkK56-s4qMk-T_5vYs_Ek%26j%3d%26B6%3dVATFY8c%267N%3d8cEYFbDa7TEc8T%26u%3dXB7MbkXMZ7Xo9BT4n6gMAA4IVFasVE5J005DX8UqaC4MeC6JZDZIeiVneA4LWA4MX85M&amp;mupckp=mupAtu4m8OiX0wt\" target=\"_blank\" rel=\"noopener noreferrer\" data-auth=\"NotApplicable\" data-linkindex=\"22\">Circular SEeD<\/a>\u00a0da Slow Food Italia in collaborazione con circulareconomyforfood.eu, Hellobarrio e la partecipazione di 17 realt\u00e0 partner della manifestazione. Nato con l\u2019edizione 2006 del Salone del Gusto, il percorso di sostenibilit\u00e0 in questi 20 anni ha toccato i principali punti dell\u2019organizzazione dell\u2019evento: dai materiali di allestimento all\u2019energia, dai trasporti alla gestione dell\u2019acqua. Per quanto riguarda invece i rifiuti, Terra Madre \u00e8 ancora oggi l\u2019unico evento al mondo con 35 isole di raccolta gestite da operatori, formati con il sostegno di numerosi partner, per aiutare i visitatori a differenziare correttamente ogni singola frazione. Sempre a proposito di azioni ambientali, passeggiando per Parco Dora il pubblico pu\u00f2 acquisire i principali consigli antispreco proposti da Cuki in una serie di paline.<\/p>\n<p>E poi l\u2019area della\u00a0<a href=\"https:\/\/t.slowfood.it\/e\/tr?q=0%3dJXQfJ%26F%3dS%26K%3dFZSbG%26I%3dLeJVNd%260%3dBEQ5M_Cxht_Nh_7unw_Gj_Cxht_MmGdMa.99COpGvA79D81I9Bs97D0MEL.rI8_Ofwk_YUFv-P1IH-C4Iy-0401Bt-7081CEF4H_Cxht_Mm%26s%3d%26CD%3dXJUNaGd%26EP%3dGdMaOcLcFUMeGU%263%3dbscNCHXPBLZTCM6QerY1cGdTXu5TAKdTbqbxaMaz8G6LYL8p5vWOAO7UZIZTeL5zcu5T&amp;mupckp=mupAtu4m8OiX0wt\" target=\"_blank\" rel=\"noopener noreferrer\" data-auth=\"NotApplicable\" data-linkindex=\"23\"><strong>Slow Food Coffee Coalition<\/strong><\/a><strong>,\u00a0<\/strong>il punto di riferimento per fare un\u2019esperienza di caff\u00e8 differente, realizzato insieme ai due main partner del progetto, Fondazione Lavazza e De\u2019 Longhi. Numerosi gli appuntamenti in programma, tutti gratuiti e su prenotazione, tra cui le home barista masterclass, per approfondire conoscenze teoriche e aspetti pratici, e gli incontri con i produttori, per scoprire le storie di giovani coltivatori provenienti da Filippine, Messico e Thailandia.<\/p>\n<p aria-hidden=\"true\">\n<p>Tra gli spazi dei partner sono presenti\u00a0<strong>Acqua S.Bernardo<\/strong>, sostenitore ufficiale di Slow Food Italia e dell\u2019Alleanza Slow Food dei Cuochi, che nel proprio stand invita a partecipare alla sfida dell\u2019impatto zero con il gioco\u00a0<em>Ogni goccia conta<\/em>;\u00a0<strong>Parmigiano Reggiano<\/strong>, in kind partner dell\u2019evento, che presenta le diverse stagionature in un ricco programma di degustazioni;\u00a0<a href=\"https:\/\/t.slowfood.it\/e\/tr?q=5%3dRWOaR%26E%3dQ%26F%3dNYQWO%26H%3dJZRULY%26H%3dACLCL_Asps_Lc_Etlr_Oi_Asps_KhOcKV.G8AJxFt6E8B39H771859HLCG.zH6_Jnvi_TcEt-LE4wAMB8F2-72-9E4zFxG8-D2-7x9HLC3MB8F6-7xD-C4BL69256H-wA-04AL6G8_Jnvi_Tc%267%3d%262K%3dNXJUQUS%26LF%3dUSTQcRSSTJTUUJ%260%3dVXRUQZOU3x4tPTSU15x4QWS6S6tSO4OXW7tV17LVzUyV1ctUT8O7yWM7NZK5RVQ31Wx3&amp;mupckp=mupAtu4m8OiX0wt\" target=\"_blank\" rel=\"noopener noreferrer\" data-auth=\"NotApplicable\" data-linkindex=\"24\"><strong>Pastificio Di Martino<\/strong><\/a>, che celebra la Pasta di Gragnano Igp insieme a ospiti d\u2019eccezione: Gianluca Pisacane, executive chef del Sea Front Pasta Bar di Napoli e Peppe Guida, chef stellato di Antica Osteria Nonna Rosa a Vico Equense, e\u00a0<a href=\"https:\/\/t.slowfood.it\/e\/tr?q=3%3dGYDYG%26G%3dF%26D%3dCaFUD%26J%3d9XGWAW%267%3dC2J2N_zqeu_Aa_4vap_Dk_zqeu_0fDe0T.60zHmHi44011xJv5p0t77N2E.oJu_HcxX_RR7m54AwEp-Ki94Dv7-q-Bt9-uIkEzOz9-oJv-9-y61J4D-j94Mi9-x0-l5sP1JmUqEzD-l9-3PiBuO7-2q0z-1o6l5yT_zqeu_0f%26p%3d%26D1%3dQGVATDe%262I%3dD1m6ie0TLd9VCV0XDV%26p%3dRrXjWKZCTDblTLVHTnb92IVFSocAQqbi2FYk3F9CQmbk1maEWFaH6C8CZKdBQqdD&amp;mupckp=mupAtu4m8OiX0wt\" target=\"_blank\" rel=\"noopener noreferrer\" data-auth=\"NotApplicable\" data-linkindex=\"25\"><strong>QBA &#8211; Quality Beer Academy<\/strong><\/a>, che oltre a proporre incontri con mastro birrai internazionali e molti appuntamenti di Beer&amp;Food pairing, presenta in anteprima mondiale la Duivelsbier Wild, l\u2019ultima etichetta dello storico birrificio belga Boon di Lembeek.<br \/>\n<a href=\"https:\/\/t.slowfood.it\/e\/tr?q=A%3dJYMgJ%26G%3dO%26L%3dFaOcG%26J%3dHfJWJe%260%3dCAR5N_9yhu_Ji_7vjx_Gk_9yhu_InGeIb.909PpHrB70091J5Cs03E0NAM.rJ4_Pfxg_ZU0CC3Oz-BtD-797O5C7_Mh1e_WW%26B%3d%26xN%3dHcFXKZO%26O0%3dZOWKhNVMYFWOZF%26C%3dtet0JaFYLcu0OdF6PdK6OcscQDtYNBu8vdM9ObtWMZpcJ0OZrCHdtCrAu9p6rZqAHeK9&amp;mupckp=mupAtu4m8OiX0wt\" target=\"_blank\" rel=\"noopener noreferrer\" data-auth=\"NotApplicable\" data-linkindex=\"26\">Scopri tutti gli spazi e gli eventi dei partner.<\/a><\/p>\n<p aria-hidden=\"true\">\n<p>Meritano una visita lo stand di\u00a0<strong>BBBell<\/strong>, che come di consueto, oltre a curare la connettivit\u00e0 dell\u2019evento, anima il programma di Terra Madre by Night con dj set, bollicine e sfiziosi panini, e quello di\u00a0<strong>UniCredit<\/strong>, dove ogni giorno il torneo\u00a0<em>buddy challenge\u00a0<\/em>permette di sfidarsi a ping pong per vincere una selezione di prodotti regionali dal Mercato di Terra Madre.\u00a0<a href=\"https:\/\/t.slowfood.it\/e\/tr?q=3%3dMWSYM%26E%3dU%26D%3dIYUUJ%26H%3dNXMUPW%26C%3dAGJ8L_Eqks_Pa_0tpp_Ji_Eqks_OfJcOT.B8EHsFx408F14HA5v897CLGE.uH0_Hivm_RX4-B76B-I96H-6B-ANB-3sE63w-E2-4w0HIB4M97G6-37G-6-3sE631-5BH5BBB1_Knsh_Uc%264%3d%261L%3dNUIVQRR%26MF%3dRRUQZQTSQIUURI%26A%3dRRJcT4tYO5Oc1s4x1Tv4U5L91YsV2Sw6QVuZSSP61WtZ35QTzYv7WWvVNTKaRRL4QRLZ&amp;mupckp=mupAtu4m8OiX0wt\" target=\"_blank\" rel=\"noopener noreferrer\" data-auth=\"NotApplicable\" data-linkindex=\"27\"><strong>Bormioli<\/strong><\/a>, nel proprio spazio propone otto masterclass dedicate a vini provenienti da diversi territori d\u2019Italia\u00a0 in collaborazione con Vigneron.Wine. Sotto la tettoia si trova anche\u00a0<a href=\"https:\/\/t.slowfood.it\/e\/tr?q=0%3dKZNfK%26H%3dP%26K%3dGbPbH%26K%3dIeKXKd%26A%3dDBQ6O_0xiv_Kh_8wkw_Hl_0xiv_JmHfJa.0A0OqIsA8AA82K6BtA4DAOBL.sK5_Ogyh_YVHs-9yKvF475Fs7-1K-vAAQq-7-BB8Ns-Jq00B_8wkw_Hl%26v%3d%26F9%3dWMXIZJg%260O%3dJgHZRfGbIXHdJX%26x%3ddxeN7KaqauBtcN9HYsAG9NaPbMZHAQ9NYscHcx8q7s0q0JYOAxZq9LYGauCGdLeKAvev&amp;mupckp=mupAtu4m8OiX0wt\" target=\"_blank\" rel=\"noopener noreferrer\" data-auth=\"NotApplicable\" data-linkindex=\"28\"><strong>Demeter<\/strong><\/a>, main partner dell\u2019evento, con una nutrita rappresentanza di aziende biodinamiche certificate e tanti seminari e workshop che spaziano dalla fertilit\u00e0 del suolo all\u2019orto terapico, dagli infusi e le essenze fino al rapporto con gli animali.<\/p>\n<p>Non mancano i grandi classici delle manifestazioni Slow Food, come i\u00a0<a href=\"https:\/\/t.slowfood.it\/e\/tr?q=8%3dOZRdO%26H%3dT%26I%3dKbTZL%26K%3dMcOXOb%26E%3dDFO0O_Dvmv_Of_Bwou_Ll_Dvmv_NkLfNY.DADMuIw9BAE66K00xA8BEOFJ.wK9_Mkyl_WZHw79NwO9N5-9yH-3PCPA_Mkyl_WZ%260%3d%265N%3dKaMXNXV%26OC%3dXVWNfUVPWMWRXM%26C%3dubS9RaQeT7yVuZNdyaScRdSYwXzAwWQazAQZN9RXxXMdMBQcz827v8y6u7w9TXQZN9PX&amp;mupckp=mupAtu4m8OiX0wt\" target=\"_blank\" rel=\"noopener noreferrer\" data-auth=\"NotApplicable\" data-linkindex=\"29\"><strong>Laboratori del Gusto<\/strong><\/a>, ospitati da Eataly Lingotto, nelle Aule vino e Cibo e nella Cucina dell\u2019Alleanza, allestiti con gli arredi di Grandsoleil, come anche l\u2019Enoteca e lo stand Slow Food: viaggi culinari nel sud della Turchia, degustazioni che esaltano i vegetali in tutte le loro forme e consistenze, abbinamenti che uniscono vitigni e produzioni casearie di territori unici e ricette capaci di valorizzare culture africane, latinoamericane e asiatiche. Tante occasioni in cui mettere alla prova i nostri sensi, scoprire nuove culture, profumi e sapori, ascoltare il racconto diretto di chi si prende cura della terra, imparare nuove tecniche in cucina.<\/p>\n<p aria-hidden=\"true\">\n<p><strong>Terra Madre \u00e8 un evento che si vive anche di sera!\u00a0<\/strong><\/p>\n<p aria-hidden=\"true\">\n<p>Sabato 28 settembre alle 21, presso il Centro Congressi del Santo Volto, con lo spettacolo<a href=\"https:\/\/t.slowfood.it\/e\/tr?q=6%3d7XMb7%26F%3dO%26G%3d3ZOX4%26I%3dHa7VJZ%26w%3dBAMrM_9tUt_Jd_tujs_4j_9tUt_Ii4dIW.v99KcGr7t904nI58f930wMAH.eI4_KSwg_UH9C8pN6_KSwg_UH8r-JwC-rEn5-3Np5_9tUt_Ii%26f%3d%26C0%3dT7UJW4d%26AL%3d4dIWBcHY3UIa4U%26y%3dU80IV6aJV6VPc3bIc98P88XO9e0I4BUKTBXr8cYJXdXN54c5rgVHX67wW6ULbcZwT09O&amp;mupckp=mupAtu4m8OiX0wt\" target=\"_blank\" rel=\"noopener noreferrer\" data-auth=\"NotApplicable\" data-linkindex=\"30\">\u00a0\u201cDa qui alla luna\u201d<\/a>,\u00a0<strong>Andrea Pennacchi\u00a0<\/strong>e\u00a0<strong>Giorgio Gobbo\u00a0<\/strong>ricordano la tempesta Vaia e riflettono sulla fragilit\u00e0 del pianeta<strong>.<\/strong>\u00a0L\u2019opera, scritta da Matteo Righetto, ripercorre la tempesta attraverso lo sguardo degli abitanti delle vallate bellunesi, e si inserisce nel programma del\u00a0<a href=\"https:\/\/t.slowfood.it\/e\/tr?q=7%3dGVLcG%26D%3dN%26H%3dCXNYD%26G%3dGbGTIa%267%3d00N2K_8uer_Ie_4sit_Dh_8uer_HjDbHX.678LmEq84795xG49p72A7K0I.oG3_Lcuf_VR897-rM0O4G-vI479Nq_Jgwb_TV%268%3d%26uK%3dGYCUJVL%26L9%3dVLTJdKSLUCTNVC%260%3dN0C5uVHWJ0paO6IXudn7v7D6JUESrdJ8GYrav0F6vZLbH0DVO9G3raD5N5m3qcFSHZL4&amp;mupckp=mupAtu4m8OiX0wt\" target=\"_blank\" rel=\"noopener noreferrer\" data-auth=\"NotApplicable\" data-linkindex=\"31\">Forest Stewardship Council (FSC) Italia<\/a>, che porta a Terra Madre le sue riflessioni sul presente e sul futuro delle foreste.<\/p>\n<p aria-hidden=\"true\">\n<p>Dalla mattina e fino alla chiusura alle 23.30, completano l\u2019offerta gastronomica le\u00a0<a href=\"https:\/\/t.slowfood.it\/e\/tr?q=0%3d6bNf6%26J%3dP%26K%3d2dPb3%26M%3dIe6ZKd%26v%3dFBQqQ_0xTx_Kh_sykw_3n_0xTx_Jm3hJa.uC0ObKsAsCA8mM6BeC4DvQBL.dM5_OR1h_YGD7Le-R0RdI-uRdG6B-eG-AQs9v8-f-01OsGxFdG_0xTx_Jm%26e%3d%26GA%3dX6YKa3h%26BP%3d3hJaAgIc2YJe3Y%26z%3d07DMd3AvfffMBAcKb3Zt07Dw88AsB6aMB6dM8b9sBb0u84eRfdbsa00tX49Q8fbMZ9DO&amp;mupckp=mupAtu4m8OiX0wt\" target=\"_blank\" rel=\"noopener noreferrer\" data-auth=\"NotApplicable\" data-linkindex=\"32\"><strong>Cucine di Strada<\/strong>\u00a0e i\u00a0<strong>Food Truck<\/strong><\/a>, con le loro specialit\u00e0 italiane e regionali. Tra le novit\u00e0 BStradi, bottega contemporanea che diffonde l&#8217;emilianit\u00e0, che a Terra Madre ospita i laboratori di buone pratiche antispreco promosse da Cuki, sostenitore ufficiale di Slow Food Italia e green partner dell\u2019evento; lo Slow Truck di Paolo Betti, cuoco dell\u2019Alleanza del Trentino-Alto Adige che ha creato una casa della biodiversit\u00e0 su ruote per raccontare i territori valorizzando piccoli produttori locali; TuttoFaBrodo, realt\u00e0 specializzata in Xiao Long Bao, i mitici ravioli asiatici realizzati a mano e cotti al vapore, e, dalla Lombardia, Ca\u2019 Dal Saggia, piccola e giovane azienda agricola sita in Oltrep\u00f2 Pavese, che propone la sua cucina\u00a0<em>dalla terra al piatto<\/em>. Come di consueto, alle loro proposte si possono abbinare quelle dei\u00a0<strong>birrifici artigianali<\/strong>, tutti segnalati sulla\u00a0<em>Guida alle birre d\u2019Italia 2025<\/em>: dal Piemonte,\u00a0<strong>Filodilana<\/strong>, con le selezioni \u201cbirre da bere e basta\u201d, \u201citalian grape ale\u201d e le \u201cbirre da meditazione\u201d; dalla Toscana, il\u00a0<strong>Birrificio del Forte<\/strong>, che quest\u2019anno ha ottenuto il Premio speciale costanza, e dal Veneto\u00a0<strong>Ofelia,\u00a0<\/strong>Chiocciola sulla guida alle Birre, che a Parco Dora porta le sue produzioni pure, giuste e senza compromessi.<\/p>\n<p>Ma Terra Madre non \u00e8 solo Parco Dora. Quest\u2019anno gli\u00a0<a href=\"https:\/\/t.slowfood.it\/e\/tr?q=8%3dPa6dP%26I%3d8%26I%3dLc8ZM%26L%3d1cPY3b%26F%3dEtOAP_rvnw_3f_CxSu_Mm_rvnw_2kMg2Y.EBrMvJa9CBs67Ln0yBlBFPtJ.xLm_MlzP_Wa8pKFKt68BnO4-8-t6GLl6_CxSu_Mm%26d%3d%26DD%3dX5VNa2e%26EP%3d2eMa0dLc1VMe2V%263%3df08Qeceyde7NXcew018vc17UZ8YxZ7619eZQe27SXadQg1ZMaecPg66v8aYwBeWPBcdO&amp;mupckp=mupAtu4m8OiX0wt\" target=\"_blank\" rel=\"noopener noreferrer\" data-auth=\"NotApplicable\" data-linkindex=\"33\"><strong>Appuntamenti a Tavola e le Cene Off<\/strong><\/a>\u00a0si svolgono in diverse location della citt\u00e0. Tra quelle ancora disponibili, la cena a buffet presso le Fonderie Ozanam, dove l\u2019Alleanza Slow Food piemontese alterna piatti della tradizione a rivisitazioni creative, e la cena dei cuochi dell\u2019Alleanza Slow Food in Albania, in programma da Eataly Lingotto. Numerose le iniziative della\u00a0<a href=\"https:\/\/t.slowfood.it\/e\/tr?q=4%3dFWFZF%26E%3dH%26E%3dBYHVC%26H%3dAYFUCX%266%3dA4K1L_2rds_Cb_3tcq_Ci_2rds_BgCcBU.582IlFk53832wHx6o8v86L4F.nHw_IbvZ_SQEk3zKkKzKs-5pE-qL4My-4l9p6-yN6Fw4-v2740Ql_Kata_UP%265%3d%26tL%3dAVBVDSK%26M3%3dSKUDaJTFRBUHSB%26A%3dnRpUIUKcoSH8CVKToZE4paK8m2m9I2paJa2l4kC5oTE9oXo5p5HVn6mToXBckSmcI4p7&amp;mupckp=mupAtu4m8OiX0wt\" target=\"_blank\" rel=\"noopener noreferrer\" data-auth=\"NotApplicable\" data-linkindex=\"34\"><strong>Nuvola Lavazza<\/strong><\/a><strong>,\u00a0<\/strong>che ospita degustazioni, lezioni in compagnia di pastry chef e laboratori sulle mille sfumature del caff\u00e8. Si riconferma anche il programma di\u00a0<a href=\"https:\/\/t.slowfood.it\/e\/tr?q=0%3dNVKfN%26D%3dM%26K%3dJXMbK%26G%3dFeNTHd%26D%3d09Q9K_7xlr_Hh_Ashw_Kh_7xlr_GmKbGa.C77OtEpAA7885G3Bw71DDK9L.vG2_Ojue_YYLtOA3-28wJt-Ly8_7xlr_Gm%26w%3d%26A8%3dXNSHaKb%269P%3dKbGaSaFcJSGeKS%26w%3deJ6FZM4r0S6OcOTIAL6u9QSsgJZIcwbM9xbseSYsZK3t0y6GCuXqdxaIeP4s8t3pduWK&amp;mupckp=mupAtu4m8OiX0wt\" target=\"_blank\" rel=\"noopener noreferrer\" data-auth=\"NotApplicable\" data-linkindex=\"35\"><strong>Terra Madre Off<\/strong><\/a>, con tanti eventi in giro per Torino: i Welcome Tour di Turismo Torino e Provincia in citt\u00e0 e dentro Parco Dora, l\u2019itinerario in bus alla scoperta dei Maestri del Gusto di Torino, la cena conviviale proposta da Mirafood \u2013 Comunit\u00e0 Slow Food, il mercato della biodiversit\u00e0 Gogreen in Piazza San Felice e i test di assaggio dei nuovi prodotti FiorFiore Coop in Galleria San Federico.<\/p>\n<\/div>\n<\/div>\n<\/td>\n<\/tr>\n<\/tbody>\n<\/table>\n<\/td>\n<\/tr>\n<\/tbody>\n<\/table>\n<\/td>\n<\/tr>\n<\/tbody>\n<\/table>\n<table class=\"x_row x_row-5\" role=\"presentation\" border=\"0\" width=\"100%\" cellspacing=\"0\" cellpadding=\"0\" align=\"center\">\n<tbody>\n<tr>\n<td>\n<table class=\"x_row-content x_stack\" role=\"presentation\" border=\"0\" width=\"600\" cellspacing=\"0\" cellpadding=\"0\" align=\"center\">\n<tbody>\n<tr>\n<td class=\"x_column x_column-1\" width=\"100%\">\n<table class=\"x_text_block x_block-1\" role=\"presentation\" border=\"0\" width=\"100%\" cellspacing=\"0\" cellpadding=\"10\">\n<tbody>\n<tr>\n<td class=\"x_pad\">\n<div>\n<div class=\"\">\n<p><strong>Terra Madre Tips<\/strong><strong><br \/>\n<\/strong>Info utili: \u00a0<a href=\"https:\/\/t.slowfood.it\/e\/tr?q=0%3dNUHfN%26C%3dJ%26K%3dJWJbK%26F%3dCeNSEd%26D%3d96Q9J_4xlq_Eh_Arew_Kg_4xlq_DmKaDa.C64OtDmAA6585FzBw6xDDJ6L.vFy_Ojtb_YY5mQx-C10tKuL7-2o0xJ5F_Arew_Kg%26p%3d%26FB%3dRGXLUDg%26CJ%3dDgKULfJWCXKYDX%261%3dTqXK3nZQSrewWp9yapYS3pZPRJXRVCYOUqdx3CfK6DcyTFXL3IguVC8t2mYL5payUEYM&amp;mupckp=mupAtu4m8OiX0wt\" target=\"_blank\" rel=\"noopener noreferrer\" data-auth=\"NotApplicable\" data-linkindex=\"37\">orari e location<\/a>\u00a0&#8211;\u00a0<a href=\"https:\/\/t.slowfood.it\/e\/tr?q=4%3dEXTZE%26F%3dV%26E%3dAZVVB%26I%3dOYEVQX%265%3dBHKzM_Frct_Qb_2uqq_Bj_Frct_PgBdPU.49FIkGy529G2vIB6n9085MHF.mIA_Iawn_SP0yH_2uqq_Bj%262%3d%2602k5y3%3dUSRCXPa%264M%3dPaBXXZAZORBbPR%26r%3dcR7pZ24G8XaI7WVEUV5k52UldTVI9PUmZ3ak0S4FY3UBYP3Jd4ZC726nZOZobT5H&amp;mupckp=mupAtu4m8OiX0wt\" target=\"_blank\" rel=\"noopener noreferrer\" data-auth=\"NotApplicable\" data-linkindex=\"38\">FAQ<\/a><a href=\"https:\/\/t.slowfood.it\/e\/tr?q=3%3dPaFYP%26I%3dH%26D%3dLcHUM%26L%3dAXPYCW%26F%3dE4JAP_2qnw_Ca_Cxcp_Mm_2qnw_BfMgBT.EB2HvJk4CB317Lx5yBv7FP4E.xLw_HlzZ_RaAkJz-Iy3vQsE9-8m3zP39_Cxcp_Mm%26n%3d%269D%3dXEQNaBZ%26EP%3dBZMaJYLcAQMeBQ%263%3dZoQM9lSSYpXycn21gnRU9nSRXHQTbARQaoWz9AYMBBV1ZDQN9GZwbA1v8kRNAnT1aCRO&amp;mupckp=mupAtu4m8OiX0wt\" target=\"_blank\" rel=\"noopener noreferrer\" data-auth=\"NotApplicable\" data-linkindex=\"39\"><br \/>\n<\/a>Catalogo espositori:\u00a0<a href=\"https:\/\/t.slowfood.it\/e\/tr?q=5%3d5aTa5%26I%3dV%26F%3d1cVW2%26L%3dOZ5YQY%26u%3dEHLpP_FsSw_Qc_rxqr_2m_FsSw_Ph2gPV.tBFJaJy6rBG3lLB7dB09uPHG.cLA_JQzn_TFP10eAy_7sMCKiQCJe_OouP_Yd%266%3d%26iP%3dOW1ZRT0%26QG%3dT0YRb9XTS1YVT1%26E%3dV70aU729173XTXfgXabeR688RV09z6efWVab4Sf8Tb8bQ3aXW69gVaf0W43a8y7bO858&amp;mupckp=mupAtu4m8OiX0wt\" target=\"_blank\" rel=\"noopener noreferrer\" data-auth=\"NotApplicable\" data-linkindex=\"40\">l\u2019elenco in continuo aggiornamento<br \/>\n<\/a>Il calendario degli eventi:\u00a0<a href=\"https:\/\/t.slowfood.it\/e\/tr?q=0%3dJV6fJ%26D%3d8%26K%3dFX8bG%26G%3d1eJT3d%260%3d0tQ5K_rxhr_3h_7sSw_Gh_rxhr_2mGb2a.97rOpEaA77s81GnBs7lD0KtL.rGm_OfuP_YU7vB3Lo_OfuP_YU%2668p3a%3d%26iP%3dFW1ZIT0%26Q8%3dT0YIb9XKS1YMT1%26E%3dG48eH4bat3cXIW4YtZe8t4fbuScat8cfG39er80aMU59p59cF40aLY2eMb3cGZd8&amp;mupckp=mupAtu4m8OiX0wt\" target=\"_blank\" rel=\"noopener noreferrer\" data-auth=\"NotApplicable\" data-linkindex=\"41\">giorno per giorno<br \/>\n<\/a>I Pres\u00ecdi Slow Food:<a href=\"https:\/\/t.slowfood.it\/e\/tr?q=0%3dMX0fM%26F%3dB%26K%3dIZBbJ%26I%3d5eMV7d%26C%3dBxQ8M_vxkt_7h_0uWw_Jj_vxkt_6mJd6a.B9vOsGeA09w84IrBv9pDCMxL.uIq_OiwT_YXJvBAChF-AFsT-xIsA_0uWw_Jj%26h%3d%26FA%3dU9XKX6g%26BM%3d6gJXDfIZ5XJb6X%26z%3dcibLUBesdhCRXj9vU9bP8Cetd8cJdBaRZgYwUggsY0dOc79wViaObhcK078s5ecK8ibQ&amp;mupckp=mupAtu4m8OiX0wt\" target=\"_blank\" rel=\"noopener noreferrer\" data-auth=\"NotApplicable\" data-linkindex=\"42\">\u00a0italiani e internazionali<\/a><\/p>\n<\/div>\n<\/div>\n<\/td>\n<\/tr>\n<\/tbody>\n<\/table>\n<\/td>\n<\/tr>\n<\/tbody>\n<\/table>\n<\/td>\n<\/tr>\n<\/tbody>\n<\/table>\n<table class=\"x_row x_row-6\" role=\"presentation\" border=\"0\" width=\"100%\" cellspacing=\"0\" cellpadding=\"0\" align=\"center\">\n<tbody>\n<tr>\n<td>\n<table class=\"x_row-content x_stack\" role=\"presentation\" border=\"0\" width=\"600\" cellspacing=\"0\" cellpadding=\"0\" align=\"center\">\n<tbody>\n<tr>\n<td class=\"x_column x_column-1\" width=\"100%\">\n<table class=\"x_text_block x_block-1\" role=\"presentation\" border=\"0\" width=\"100%\" cellspacing=\"0\" cellpadding=\"10\">\n<tbody>\n<tr>\n<td class=\"x_pad\">\n<div>\n<div class=\"\">\n<p>L\u2019edizione 2024 di Terra Madre Salone del Gusto \u00e8 resa possibile grazie a istituzioni e realt\u00e0 private che a oggi hanno gi\u00e0 confermato il loro supporto, tra questi citiamo i Main Partner: Camera di Commercio di Torino, Demeter, Iren, Lavazza Group, Pastificio Di Martino, Quality Beer Academy, Reale Mutua, UniCredit. Gli In Kind Partner: Acqua S.Bernardo, BBBell, Bormioli Luigi, Coop, GRANDSOLEIL, Liebherr, Consorzio del Parmigiano Reggiano. I Green Partner: theBreath, Cuki, GTT, Guillin Italia, Planet Smart City, Ricrea e Tucano. Gli Area Partner: Concessionaria Renault Autovip, Fondazione Fossano Musica, FSC Italia, Gruppo ASA, Ricola e Sebach. Gli hospitality Partner: Federalberghi Torino, Terre Reali del Piemonte e Turismo Alpmed, Edisu. Il sostegno di Consulta delle Fondazioni di origine bancaria del Piemonte e della Liguria, Fondazione Compagnia di SanPaolo, Fondazione CRT. Partner culturale \u00e8 l\u2019Istituto Centrale per il Patrimonio Immateriale. Mobility Partner \u00e8 Bus Company.<\/p>\n<\/div>\n<\/div>\n<\/td>\n<\/tr>\n<\/tbody>\n<\/table>\n<\/td>\n<\/tr>\n<\/tbody>\n<\/table>\n<\/td>\n<\/tr>\n<\/tbody>\n<\/table>\n","protected":false},"excerpt":{"rendered":"<p>A spasso per Terra Madre Salone del Gusto 2024,\u00a0 a Torino, Parco Dora, dal 26 al 30 settembre Tutte le occasioni per mangiare, bere, incontrare, imparare, ballare&#8230; Le architetture del Parco Dora di Torino, spazio industriale restituito alle persone, simbolo di rigenerazione cittadina, sono ormai pronte ad accogliere la 15esima edizione di\u00a0Terra Madre Salone del &hellip; <a href=\"https:\/\/www.gdapress.it\/it\/index.php\/74743\/enogastronomia\/terra-madre-salone-del-gusto-2024-a-torino.html\" class=\"more-link\">Read more <span class=\"screen-reader-text\">Terra Madre Salone del Gusto 2024  a Torino<\/span><\/a><\/p>\n","protected":false},"author":1,"featured_media":74745,"comment_status":"closed","ping_status":"open","sticky":false,"template":"","format":"standard","meta":{"footnotes":""},"categories":[20],"tags":[26368,2581,10069,747,2107,29],"class_list":["post-74743","post","type-post","status-publish","format-standard","has-post-thumbnail","hentry","category-enogastronomia","tag-parco-dora","tag-regione-piemonte","tag-salone-del-gusto","tag-slow-food","tag-terra-madre","tag-torino"],"_links":{"self":[{"href":"https:\/\/www.gdapress.it\/it\/index.php\/wp-json\/wp\/v2\/posts\/74743","targetHints":{"allow":["GET"]}}],"collection":[{"href":"https:\/\/www.gdapress.it\/it\/index.php\/wp-json\/wp\/v2\/posts"}],"about":[{"href":"https:\/\/www.gdapress.it\/it\/index.php\/wp-json\/wp\/v2\/types\/post"}],"author":[{"embeddable":true,"href":"https:\/\/www.gdapress.it\/it\/index.php\/wp-json\/wp\/v2\/users\/1"}],"replies":[{"embeddable":true,"href":"https:\/\/www.gdapress.it\/it\/index.php\/wp-json\/wp\/v2\/comments?post=74743"}],"version-history":[{"count":1,"href":"https:\/\/www.gdapress.it\/it\/index.php\/wp-json\/wp\/v2\/posts\/74743\/revisions"}],"predecessor-version":[{"id":74746,"href":"https:\/\/www.gdapress.it\/it\/index.php\/wp-json\/wp\/v2\/posts\/74743\/revisions\/74746"}],"wp:featuredmedia":[{"embeddable":true,"href":"https:\/\/www.gdapress.it\/it\/index.php\/wp-json\/wp\/v2\/media\/74745"}],"wp:attachment":[{"href":"https:\/\/www.gdapress.it\/it\/index.php\/wp-json\/wp\/v2\/media?parent=74743"}],"wp:term":[{"taxonomy":"category","embeddable":true,"href":"https:\/\/www.gdapress.it\/it\/index.php\/wp-json\/wp\/v2\/categories?post=74743"},{"taxonomy":"post_tag","embeddable":true,"href":"https:\/\/www.gdapress.it\/it\/index.php\/wp-json\/wp\/v2\/tags?post=74743"}],"curies":[{"name":"wp","href":"https:\/\/api.w.org\/{rel}","templated":true}]}}