
{"id":74689,"date":"2024-09-09T17:12:15","date_gmt":"2024-09-09T15:12:15","guid":{"rendered":"http:\/\/www.gdapress.it\/it\/?p=74689"},"modified":"2024-09-09T17:12:15","modified_gmt":"2024-09-09T15:12:15","slug":"munch-il-grido-interiore-a-palazzo-reale-di-milano","status":"publish","type":"post","link":"https:\/\/www.gdapress.it\/it\/index.php\/74689\/arte\/munch-il-grido-interiore-a-palazzo-reale-di-milano.html","title":{"rendered":"&#8220;MUNCH. Il grido interiore&#8221; a Palazzo Reale  di Milano"},"content":{"rendered":"<div class=\"xdj266r x11i5rnm xat24cr x1mh8g0r x1vvkbs x126k92a\">\n<div dir=\"auto\"><img loading=\"lazy\" decoding=\"async\" class=\"alignleft size-full wp-image-74690\" src=\"http:\/\/www.gdapress.it\/it\/..\/public\/it\/2024\/09\/03_The-screem.jpg\" alt=\"\" width=\"232\" height=\"283\" \/>DA SETTEMBRE<\/div>\n<div dir=\"auto\">&#8220;MUNCH. Il grido interiore&#8221;<\/div>\n<\/div>\n<div class=\"x11i5rnm xat24cr x1mh8g0r x1vvkbs xtlvy1s x126k92a\">\n<div dir=\"auto\">Il 14 SETTEMBRE 2024 SI APRONO LE PORTE DI UNA DELLE MOSTRE PI\u00d9 ATTESE DELL\u2019ANNO: EDVARD MUNCH TORNA A MILANO DOPO 40 ANNI, CON UNA GRANDE RETROSPETTIVA<\/div>\n<\/div>\n<div class=\"x11i5rnm xat24cr x1mh8g0r x1vvkbs xtlvy1s x126k92a\">\n<div dir=\"auto\">100 opere prestate eccezionalmente dal Munch Museum di Oslo per la pi\u00f9 importante mostra dedicata al genio di Edvard Munch.<\/div>\n<\/div>\n<div class=\"x11i5rnm xat24cr x1mh8g0r x1vvkbs xtlvy1s x126k92a\">\n<div dir=\"auto\">Palazzo Reale e Arthemisia rendono omaggio a uno dei pi\u00f9 importanti artisti del Novecento, che ha saputo interpretare il tormento e l\u2019inquietudine dell\u2019essere umano.<\/div>\n<\/div>\n<div class=\"x11i5rnm xat24cr x1mh8g0r x1vvkbs xtlvy1s x126k92a\">\n<div dir=\"auto\">L\u2019ampia retrospettiva racconter\u00e0 l\u2019intero percorso umano e artistico di Munch,<\/div>\n<div dir=\"auto\">esponendo opere tra le pi\u00f9 note e iconiche della storia dell\u2019arte.<\/div>\n<\/div>\n<div class=\"x11i5rnm xat24cr x1mh8g0r x1vvkbs xtlvy1s x126k92a\">\n<div dir=\"auto\">MUNCH. Il grido interiore<\/div>\n<div dir=\"auto\">14 settembre 2024 \u2013 26 gennaio 2025<\/div>\n<div dir=\"auto\">Palazzo Reale, Milano<\/div>\n<\/div>\n<div class=\"x11i5rnm xat24cr x1mh8g0r x1vvkbs xtlvy1s x126k92a\">\n<div dir=\"auto\">\u201cNella mia casa di infanzia abitavano malattia e morte.<\/div>\n<div dir=\"auto\">Non ho mai superato l\u2019infelicit\u00e0 di allora.\u201d<\/div>\n<div dir=\"auto\">Edvard Munch<\/div>\n<\/div>\n<div class=\"x11i5rnm xat24cr x1mh8g0r x1vvkbs xtlvy1s x126k92a\">\n<div dir=\"auto\">Dopo 40 anni dall\u2019ultima mostra a Milano, Edvard Munch (Norvegia, 1863 -1944) viene celebrato con una grande retrospettiva, promossa da Comune di Milano \u2013 Cultura, con il patrocinio della Reale Ambasciata di Norvegia a Roma, e prodotta da Palazzo Reale e Arthemisia, in collaborazione con il Museo MUNCH di Oslo.<\/div>\n<\/div>\n<div class=\"x11i5rnm xat24cr x1mh8g0r x1vvkbs xtlvy1s x126k92a\">\n<div dir=\"auto\">Protagonista indiscusso nella storia dell\u2019arte moderna, Munch \u00e8 considerato un precursore dell\u2019Espressionismo e uno dei pi\u00f9 grandi esponenti simbolisti dell\u2019Ottocento, nonch\u00e9 l\u2019interprete<\/div>\n<div dir=\"auto\">per antonomasia delle pi\u00f9 profonde inquietudini dell\u2019animo umano.<\/div>\n<\/div>\n<div class=\"x11i5rnm xat24cr x1mh8g0r x1vvkbs xtlvy1s x126k92a\">\n<div dir=\"auto\">La vita di Munch \u00e8 stata segnata da grandi dolori che lo hanno trascinato ai limiti della follia: la perdita prematura della madre e della sorella, la tragica morte del padre, la tormentata relazione con la fidanzata Tulla Larsen. Tutto ha contribuito a formare la poetica di Munch, che riuscir\u00e0 a esprimere, grazie a un eccezionale talento, il suo grido interiore trasformandolo in opere d\u2019arte. I suoi volti senza sguardo, i paesaggi stralunati, l\u2019uso potente del colore riescono a raggiungere ogni essere umano, trasformando le sue opere in messaggi universali, il malessere esistenziale che affligge ogni essere umano. \u00c8 questo che ha determinato la grandezza di Munch, rendendolo uno degli artisti pi\u00f9 iconici del Novecento.<\/div>\n<\/div>\n<div class=\"x11i5rnm xat24cr x1mh8g0r x1vvkbs xtlvy1s x126k92a\">\n<div dir=\"auto\">La mostra, curata da Patricia G. Berman, una delle pi\u00f9 grandi studiose al mondo di Munch, racconter\u00e0 tutto l\u2019universo dell\u2019artista, il suo percorso umano e la sua produzione, e lo far\u00e0 attraverso 100 opere, tra cui una delle versioni litografiche custodite a Oslo de L\u2019Urlo (1895), ma anche La morte di Marat (1907), Notte stellata (1922\u201319249), Le ragazze sul ponte (1927), Malinconia (1900\u20131901) e Danza sulla spiaggia (1904).<\/div>\n<\/div>\n<div class=\"x11i5rnm xat24cr x1mh8g0r x1vvkbs xtlvy1s x126k92a\">\n<div dir=\"auto\">Ad arricchire la mostra milanese, \u00e8 previsto un ricco palinsesto di eventi che coinvolger\u00e0 diverse realt\u00e0 culturali della citt\u00e0 e che andr\u00e0 ad approfondire la figura dell\u2019artista ed espandere i temi delle sue opere esplorando diversi linguaggi, dal cinema all\u2019architettura, dalla musica alla letteratura e molto altro.<\/div>\n<div dir=\"auto\"><\/div>\n<\/div>\n<div class=\"x11i5rnm xat24cr x1mh8g0r x1vvkbs xtlvy1s x126k92a\">\n<div dir=\"auto\">La mostra avr\u00e0 una seconda tappa a Roma, a Palazzo Bonaparte, dal 18 febbraio al 2 giugno 2025.<\/div>\n<\/div>\n<div class=\"x11i5rnm xat24cr x1mh8g0r x1vvkbs xtlvy1s x126k92a\">\n<div dir=\"auto\">L\u2019ARTISTA<\/div>\n<div dir=\"auto\">Munch \u00e8 uno degli artisti che ha saputo meglio interpretare sentimenti, passioni e inquietudini della sua anima, comunicandoli in maniera potente e tragica.<\/div>\n<div dir=\"auto\">Plasmato inizialmente dal naturalista norvegese Per Lasseu Krohg, col quale inizi\u00f2 la carriera pittorica nel 1880, si spost\u00f2 a Parigi per la prima volta nel 1885 e qui sub\u00ec le influenze impressioniste e postimpressioniste che gli suggerirono un uso del colore pi\u00f9 intimo, drammatico ma soprattutto un approccio psicologico.<\/div>\n<\/div>\n<div class=\"x11i5rnm xat24cr x1mh8g0r x1vvkbs xtlvy1s x126k92a\">\n<div dir=\"auto\">Munch fu per tutta la sua vita condizionato dalla sofferenza e dalla mancanza che conobbe gi\u00e0 da bambino, quando sub\u00ec la perdita scioccante della madre e della sorella, malate di tubercolosi.<\/div>\n<\/div>\n<div class=\"x11i5rnm xat24cr x1mh8g0r x1vvkbs xtlvy1s x126k92a\">\n<div dir=\"auto\">A Berlino contribu\u00ec alla formazione della Secessione Berlinese e nel 1892 si tenne la sua prima personale, che non solo non fu apprezzata, ma fu anche reputata scandalosa: da quel momento Munch ha incarnato la figura dell\u2019artista eversivo e maledetto.<\/div>\n<\/div>\n<div class=\"x11i5rnm xat24cr x1mh8g0r x1vvkbs xtlvy1s x126k92a\">\n<div dir=\"auto\">Una vita precaria e vissuta \u201csull\u2019orlo di un precipizio\u201d che lo port\u00f2 all\u2019alcolismo e a una crisi psicologica, fino al ricovero in alcune case di cura tra il 1908 e il 1909.<\/div>\n<div dir=\"auto\">Scegliendo l\u2019isolamento, si spost\u00f2 quindi nella sua propriet\u00e0 di Ekely a Oslo fino alla sua morte nel 1944, dopo un mese dal suo ottantesimo compleanno.<\/div>\n<\/div>\n<div class=\"x11i5rnm xat24cr x1mh8g0r x1vvkbs xtlvy1s x126k92a\">\n<div dir=\"auto\">Informazioni e prenotazioni<\/div>\n<div dir=\"auto\">T +39 02 892 99 21<\/div>\n<div dir=\"auto\"><span class=\"html-span xdj266r x11i5rnm xat24cr x1mh8g0r xexx8yu x4uap5 x18d9i69 xkhd6sd x1hl2dhg x16tdsg8 x1vvkbs\"><a class=\"x1i10hfl xjbqb8w x1ejq31n xd10rxx x1sy0etr x17r0tee x972fbf xcfux6l x1qhh985 xm0m39n x9f619 x1ypdohk xt0psk2 xe8uvvx xdj266r x11i5rnm xat24cr x1mh8g0r xexx8yu x4uap5 x18d9i69 xkhd6sd x16tdsg8 x1hl2dhg xggy1nq x1a2a7pz x1sur9pj xkrqix3 x1fey0fg\" tabindex=\"0\" role=\"link\" href=\"http:\/\/www.palazzorealemilano.it\/?fbclid=IwZXh0bgNhZW0CMTAAAR17MFmhAwIoPwXDugYCG-QR0plDIDxQnugrsnT0XsNxyrs91psTCCICCVI_aem_ZBI2VRqOgiUZKPyrhFgSqQ\" target=\"_blank\" rel=\"nofollow noopener noreferrer\">www.palazzorealemilano.it<\/a><\/span><\/div>\n<div dir=\"auto\"><span class=\"html-span xdj266r x11i5rnm xat24cr x1mh8g0r xexx8yu x4uap5 x18d9i69 xkhd6sd x1hl2dhg x16tdsg8 x1vvkbs\"><a class=\"x1i10hfl xjbqb8w x1ejq31n xd10rxx x1sy0etr x17r0tee x972fbf xcfux6l x1qhh985 xm0m39n x9f619 x1ypdohk xt0psk2 xe8uvvx xdj266r x11i5rnm xat24cr x1mh8g0r xexx8yu x4uap5 x18d9i69 xkhd6sd x16tdsg8 x1hl2dhg xggy1nq x1a2a7pz x1sur9pj xkrqix3 x1fey0fg\" tabindex=\"0\" role=\"link\" href=\"https:\/\/l.facebook.com\/l.php?u=http%3A%2F%2Fwww.arthemisia.it%2F%3Ffbclid%3DIwZXh0bgNhZW0CMTAAAR1KKRzjKlSsbmQc1Ja9eMzTQBx-tKmISGjZqWIH-PnAoSnprS98nBKxFJc_aem_a-WXV1jqeTknpw-ModoywA&amp;h=AT32t4sFYgEQyQGVBE5Q75a3FfZWKBurFEVXNUnTISiCD6cXn4cZ2_J9yuNE8BeGTFwe5tTHR3vYnia8JS90GmVyV6ZO7IfW4-sY2XqvETHMvnJcbALkhQhahW6J8Oi18KyD&amp;__tn__=-UK-R&amp;c[0]=AT1Rol1HedRlKOR1MqcOqE1nVtacZnNHhEOgEmU6gcPqxcghxSA7cEGlMJCZAUKveqeFLOsjFLluENXSIYER3stUPzTiPhiwfglkCqCTNyTzelTuoH-k_7t08Neeq5_AZtvFOnYeBlviau05SiDdfiVQISfC-DoNJSQ6IBsu4uxhO0llmOqBrkDf72QsqC1tcBNfKzVrTbJc1IQ4SST4yzt9akQhfXz2_GMLng\" target=\"_blank\" rel=\"nofollow noopener noreferrer\">www.arthemisia.it<\/a><\/span><\/div>\n<\/div>\n<div class=\"x11i5rnm xat24cr x1mh8g0r x1vvkbs xtlvy1s x126k92a\">\n<div dir=\"auto\">Hashtag ufficiale<\/div>\n<div dir=\"auto\"><span class=\"html-span xdj266r x11i5rnm xat24cr x1mh8g0r xexx8yu x4uap5 x18d9i69 xkhd6sd x1hl2dhg x16tdsg8 x1vvkbs\"><a class=\"x1i10hfl xjbqb8w x1ejq31n xd10rxx x1sy0etr x17r0tee x972fbf xcfux6l x1qhh985 xm0m39n x9f619 x1ypdohk xt0psk2 xe8uvvx xdj266r x11i5rnm xat24cr x1mh8g0r xexx8yu x4uap5 x18d9i69 xkhd6sd x16tdsg8 x1hl2dhg xggy1nq x1a2a7pz x1sur9pj xkrqix3 x1fey0fg xo1l8bm\" tabindex=\"0\" role=\"link\" href=\"https:\/\/www.facebook.com\/hashtag\/munchmilano?__eep__=6&amp;__cft__[0]=AZWflH5JwtvocdCBVSsp71Gk1Ilah1GdMRSYQMcSKvmbXPewm1Dg8YjeXMg2tRZea9dTftrRt1hc2R7l1aF7qpRw7lXfaLySTlIXhIgm9ngKtcf9pFUCqNcs61lkJw5Yo9DgDJujRugxiELusLsPk7w07vA8MNjskm7VGCYR1CqSMSpPq_1oMB_ACm58TpaddsQZuncDYP2LUjn38cH0U3I9&amp;__tn__=*NK-R\">#MunchMilano<\/a><\/span><\/div>\n<\/div>\n<div class=\"x11i5rnm xat24cr x1mh8g0r x1vvkbs xtlvy1s x126k92a\">\n<div dir=\"auto\">Biglietti<\/div>\n<div dir=\"auto\">Open \u20ac 17,00<\/div>\n<div dir=\"auto\">Intero \u20ac 15,00<\/div>\n<div dir=\"auto\">Ridotto \u20ac 13,00 \u2013 \u20ac10,00<\/div>\n<\/div>\n","protected":false},"excerpt":{"rendered":"<p>DA SETTEMBRE &#8220;MUNCH. Il grido interiore&#8221; Il 14 SETTEMBRE 2024 SI APRONO LE PORTE DI UNA DELLE MOSTRE PI\u00d9 ATTESE DELL\u2019ANNO: EDVARD MUNCH TORNA A MILANO DOPO 40 ANNI, CON UNA GRANDE RETROSPETTIVA 100 opere prestate eccezionalmente dal Munch Museum di Oslo per la pi\u00f9 importante mostra dedicata al genio di Edvard Munch. Palazzo Reale &hellip; <a href=\"https:\/\/www.gdapress.it\/it\/index.php\/74689\/arte\/munch-il-grido-interiore-a-palazzo-reale-di-milano.html\" class=\"more-link\">Read more <span class=\"screen-reader-text\">&#8220;MUNCH. Il grido interiore&#8221; a Palazzo Reale  di Milano<\/span><\/a><\/p>\n","protected":false},"author":1,"featured_media":74690,"comment_status":"closed","ping_status":"open","sticky":false,"template":"","format":"standard","meta":{"footnotes":""},"categories":[4],"tags":[26338,614,563,11064,140,26339],"class_list":["post-74689","post","type-post","status-publish","format-standard","has-post-thumbnail","hentry","category-arte","tag-munchmilano","tag-arthemisia","tag-comune-di-milano","tag-munch","tag-palazzo-reale","tag-patricia-g-berman"],"_links":{"self":[{"href":"https:\/\/www.gdapress.it\/it\/index.php\/wp-json\/wp\/v2\/posts\/74689","targetHints":{"allow":["GET"]}}],"collection":[{"href":"https:\/\/www.gdapress.it\/it\/index.php\/wp-json\/wp\/v2\/posts"}],"about":[{"href":"https:\/\/www.gdapress.it\/it\/index.php\/wp-json\/wp\/v2\/types\/post"}],"author":[{"embeddable":true,"href":"https:\/\/www.gdapress.it\/it\/index.php\/wp-json\/wp\/v2\/users\/1"}],"replies":[{"embeddable":true,"href":"https:\/\/www.gdapress.it\/it\/index.php\/wp-json\/wp\/v2\/comments?post=74689"}],"version-history":[{"count":1,"href":"https:\/\/www.gdapress.it\/it\/index.php\/wp-json\/wp\/v2\/posts\/74689\/revisions"}],"predecessor-version":[{"id":74693,"href":"https:\/\/www.gdapress.it\/it\/index.php\/wp-json\/wp\/v2\/posts\/74689\/revisions\/74693"}],"wp:featuredmedia":[{"embeddable":true,"href":"https:\/\/www.gdapress.it\/it\/index.php\/wp-json\/wp\/v2\/media\/74690"}],"wp:attachment":[{"href":"https:\/\/www.gdapress.it\/it\/index.php\/wp-json\/wp\/v2\/media?parent=74689"}],"wp:term":[{"taxonomy":"category","embeddable":true,"href":"https:\/\/www.gdapress.it\/it\/index.php\/wp-json\/wp\/v2\/categories?post=74689"},{"taxonomy":"post_tag","embeddable":true,"href":"https:\/\/www.gdapress.it\/it\/index.php\/wp-json\/wp\/v2\/tags?post=74689"}],"curies":[{"name":"wp","href":"https:\/\/api.w.org\/{rel}","templated":true}]}}