
{"id":74665,"date":"2024-09-09T11:13:55","date_gmt":"2024-09-09T09:13:55","guid":{"rendered":"http:\/\/www.gdapress.it\/it\/?p=74665"},"modified":"2024-09-09T11:13:55","modified_gmt":"2024-09-09T09:13:55","slug":"prenatal-back-to-school-capi-studiati-per-essere-mixati-con-stile-e-garantire-il-massimo-comfort-in-ogni-attivita","status":"publish","type":"post","link":"https:\/\/www.gdapress.it\/it\/index.php\/74665\/il-mondo-dei-bambini-dalla-a-alla-z\/prenatal-back-to-school-capi-studiati-per-essere-mixati-con-stile-e-garantire-il-massimo-comfort-in-ogni-attivita.html","title":{"rendered":"Pr\u00e9natal Back to School: capi studiati per essere mixati con stile e garantire il massimo comfort in ogni attivit\u00e0."},"content":{"rendered":"<p><img loading=\"lazy\" decoding=\"async\" class=\"alignleft size-large wp-image-74666\" src=\"http:\/\/www.gdapress.it\/it\/..\/public\/it\/2024\/09\/thumbnail_Prenatal_back-to-school-318x400.jpg\" alt=\"\" width=\"318\" height=\"400\" srcset=\"https:\/\/www.gdapress.it\/it\/..\/public\/it\/2024\/09\/thumbnail_Prenatal_back-to-school-318x400.jpg 318w, https:\/\/www.gdapress.it\/it\/..\/public\/it\/2024\/09\/thumbnail_Prenatal_back-to-school-239x300.jpg 239w, https:\/\/www.gdapress.it\/it\/..\/public\/it\/2024\/09\/thumbnail_Prenatal_back-to-school-768x965.jpg 768w, https:\/\/www.gdapress.it\/it\/..\/public\/it\/2024\/09\/thumbnail_Prenatal_back-to-school.jpg 1920w\" sizes=\"auto, (max-width: 318px) 100vw, 318px\" \/>Pr\u00e9natal Back to School: capi studiati per essere mixati con stile e garantire il massimo comfort in ogni attivit\u00e0.<\/p>\n<p>In attesa del back to school, Pr\u00e9natal presenta la nuova collezione per il prossimo autunno inverno 2024-25. Al centro delle proposte per il rientro tra i banchi ci sono stile e praticit\u00e0, con le grafiche dei personaggi pi\u00f9 amati e una palette di colori studiata per irresistibili mix and match tra t-shirt, felpe con o senza cappuccio e pantaloni, l\u2019ideale per mostrare un look sempre nuovo.<\/p>\n<p>Calde tonalit\u00e0 del bruciato, verde muschio, ocra e beige sono alcune delle nuance che tingono la natura d\u2019autunno e che Pr\u00e9natal ha tradotto nella nuova collezione.<\/p>\n<p>Per i maschietti (2-10 anni), ampio spazio al mito di Spiderman e al mondo dello sport. Per le giornate pi\u00f9 fredde, sono pronti maglioncini, cardigan e pantaloni che garantiscono la comodit\u00e0 di una tuta ma rivisti in chiave casual, come quelli blu ghiaccio a costine.<\/p>\n<p>Per le bambine (2-10 anni) che desiderano vivere la scuola con praticit\u00e0 e un tocco di eleganza, la collezione propone gonne irresistibili in versione mini o salopette realizzate in ciniglia beige a costine. Inoltre, maglie a maniche lunghe con polsini volant, lupetti mezzo collo, cardigan e il ritorno dei pantaloni a zampa. I colori naturali e i dettagli delicati fanno eco alla dolcezza. Ampio spazio anche al caldo tocco del tricot, declinato in maglie dal diverso taglio perfette in abbinamento ai leggings neri in ecopelle per un look dal tocco grintoso.<\/p>\n<p>Per le pi\u00f9 piccine e i piccini (3-36 mesi) che affrontano la loro prima esperienza al nido, Pr\u00e9natal propone tute dalle forme morbide e dai colori pastello, t-shirt con adorabili immagini di cuccioli, tra orsetti, cani e gatti.<\/p>\n<p>Per i maschietti, c\u2019\u00e8 l\u2019amatissimo Mickey Mouse con una capsule interamente dedicata e i completi con felpe in color block da abbinare a diversi pantaloni che ne riprendono i colori.<\/p>\n<p>Per le bambine ampio spazio a Minnie che spicca su maglie e vestitini in colori naturali abbinati al blu, adornati da paillettes e stampe foil per un look scintillante e alla moda. Il morbido tocco della ciniglia d\u00e0 poi forma a degli irresistibili completi, come quello color cipria<\/p>\n<p>che abbina al pantalone una maglia dalle maniche corte svasate. Must-have di sempre, la salopette, reinterpretata per questa stagione nei toni del grigio e rosa.<\/p>\n<p>E per tutti, ampia scelta di capi spalla e comodi piumini smanicati, ideali per affrontare l&#8217;inverno con stile e un caldo abbraccio che protegge anche durante i momenti di gioco all\u2019aperto.<\/p>\n<p>Pr\u00e9natal (parte di PRG Retail Group) \u00e8 stata fondata in Francia nel 1947 ed \u00e8 sbarcata in Italia nel 1963 con il primo punto vendita a Milano, celebrando cos\u00ec lo scorso anno i suoi primi 60 anni nel nostro Paese. Con 171 punti vendita in Italia, negozi e megastore, Pr\u00e9natal \u00e8 leader nella vendita di prodotti che accompagnano genitori e bambini e nell\u2019offerta di servizi di supporto e assistenza nelle fasi di gestazione, nascita e crescita. Presente anche in Spagna, Portogallo, Grecia. Per ulteriori informazioni www.prenatal.com<\/p>\n","protected":false},"excerpt":{"rendered":"<p>Pr\u00e9natal Back to School: capi studiati per essere mixati con stile e garantire il massimo comfort in ogni attivit\u00e0. In attesa del back to school, Pr\u00e9natal presenta la nuova collezione per il prossimo autunno inverno 2024-25. Al centro delle proposte per il rientro tra i banchi ci sono stile e praticit\u00e0, con le grafiche dei &hellip; <a href=\"https:\/\/www.gdapress.it\/it\/index.php\/74665\/il-mondo-dei-bambini-dalla-a-alla-z\/prenatal-back-to-school-capi-studiati-per-essere-mixati-con-stile-e-garantire-il-massimo-comfort-in-ogni-attivita.html\" class=\"more-link\">Read more <span class=\"screen-reader-text\">Pr\u00e9natal Back to School: capi studiati per essere mixati con stile e garantire il massimo comfort in ogni attivit\u00e0.<\/span><\/a><\/p>\n","protected":false},"author":1,"featured_media":74667,"comment_status":"closed","ping_status":"open","sticky":false,"template":"","format":"standard","meta":{"footnotes":""},"categories":[7536],"tags":[18268,22607],"class_list":["post-74665","post","type-post","status-publish","format-standard","has-post-thumbnail","hentry","category-il-mondo-dei-bambini-dalla-a-alla-z","tag-back-to-school","tag-prenatal"],"_links":{"self":[{"href":"https:\/\/www.gdapress.it\/it\/index.php\/wp-json\/wp\/v2\/posts\/74665","targetHints":{"allow":["GET"]}}],"collection":[{"href":"https:\/\/www.gdapress.it\/it\/index.php\/wp-json\/wp\/v2\/posts"}],"about":[{"href":"https:\/\/www.gdapress.it\/it\/index.php\/wp-json\/wp\/v2\/types\/post"}],"author":[{"embeddable":true,"href":"https:\/\/www.gdapress.it\/it\/index.php\/wp-json\/wp\/v2\/users\/1"}],"replies":[{"embeddable":true,"href":"https:\/\/www.gdapress.it\/it\/index.php\/wp-json\/wp\/v2\/comments?post=74665"}],"version-history":[{"count":1,"href":"https:\/\/www.gdapress.it\/it\/index.php\/wp-json\/wp\/v2\/posts\/74665\/revisions"}],"predecessor-version":[{"id":74668,"href":"https:\/\/www.gdapress.it\/it\/index.php\/wp-json\/wp\/v2\/posts\/74665\/revisions\/74668"}],"wp:featuredmedia":[{"embeddable":true,"href":"https:\/\/www.gdapress.it\/it\/index.php\/wp-json\/wp\/v2\/media\/74667"}],"wp:attachment":[{"href":"https:\/\/www.gdapress.it\/it\/index.php\/wp-json\/wp\/v2\/media?parent=74665"}],"wp:term":[{"taxonomy":"category","embeddable":true,"href":"https:\/\/www.gdapress.it\/it\/index.php\/wp-json\/wp\/v2\/categories?post=74665"},{"taxonomy":"post_tag","embeddable":true,"href":"https:\/\/www.gdapress.it\/it\/index.php\/wp-json\/wp\/v2\/tags?post=74665"}],"curies":[{"name":"wp","href":"https:\/\/api.w.org\/{rel}","templated":true}]}}