
{"id":74519,"date":"2023-04-03T17:39:43","date_gmt":"2023-04-03T15:39:43","guid":{"rendered":"http:\/\/www.gdapress.it\/it\/?p=74519"},"modified":"2023-04-03T17:39:43","modified_gmt":"2023-04-03T15:39:43","slug":"milano-arch-week-2023-waiting-for-peripheries","status":"publish","type":"post","link":"https:\/\/www.gdapress.it\/it\/index.php\/74519\/architettura\/milano-arch-week-2023-waiting-for-peripheries.html","title":{"rendered":"Milano Arch Week 2023\u00a0  Waiting for Peripheries\u00a0"},"content":{"rendered":"<p><b><span data-contrast=\"none\"><img loading=\"lazy\" decoding=\"async\" class=\"alignleft size-large wp-image-74520\" src=\"http:\/\/www.gdapress.it\/it\/..\/public\/it\/2023\/04\/thumbnail_Trienanle_Milano_5-500x333.jpg\" alt=\"\" width=\"500\" height=\"333\" srcset=\"https:\/\/www.gdapress.it\/it\/..\/public\/it\/2023\/04\/thumbnail_Trienanle_Milano_5-500x333.jpg 500w, https:\/\/www.gdapress.it\/it\/..\/public\/it\/2023\/04\/thumbnail_Trienanle_Milano_5-300x200.jpg 300w, https:\/\/www.gdapress.it\/it\/..\/public\/it\/2023\/04\/thumbnail_Trienanle_Milano_5-768x511.jpg 768w, https:\/\/www.gdapress.it\/it\/..\/public\/it\/2023\/04\/thumbnail_Trienanle_Milano_5-720x480.jpg 720w, https:\/\/www.gdapress.it\/it\/..\/public\/it\/2023\/04\/thumbnail_Trienanle_Milano_5-272x182.jpg 272w, https:\/\/www.gdapress.it\/it\/..\/public\/it\/2023\/04\/thumbnail_Trienanle_Milano_5.jpg 1000w\" sizes=\"auto, (max-width: 500px) 100vw, 500px\" \/>Milano Arch Week 2023<\/span><\/b><span data-ccp-props=\"{&quot;201341983&quot;:0,&quot;335559739&quot;:120,&quot;335559740&quot;:240}\">\u00a0<\/span><\/p>\n<p><b><span data-contrast=\"none\">Waiting for Peripheries<\/span><\/b><span data-ccp-props=\"{&quot;201341983&quot;:0,&quot;335559740&quot;:240}\">\u00a0<\/span><\/p>\n<p><b><span data-contrast=\"none\">7 \u2013 11 giugno 2023<\/span><\/b><\/p>\n<p><span data-contrast=\"none\">Dopo il successo delle passate edizioni, da <\/span><b><span data-contrast=\"none\">mercoled\u00ec 7 a domenica 11 giugno 2023<\/span><\/b> <b><span data-contrast=\"none\">torna Milano Arch Week<\/span><\/b><span data-contrast=\"none\">, la manifestazione dedicata all&#8217;architettura, alle trasformazioni urbane e al futuro delle citt\u00e0 fondata e promossa dal 2017 da <\/span><b><span data-contrast=\"none\">Comune di Milano<\/span><\/b><span data-contrast=\"none\">, <\/span><b><span data-contrast=\"none\">Politecnico di Milano<\/span><\/b><span data-contrast=\"none\"> e <\/span><b><span data-contrast=\"none\">Triennale Milano.<\/span><\/b><span data-contrast=\"none\">\u00a0<\/span><span data-ccp-props=\"{&quot;201341983&quot;:0,&quot;335559740&quot;:240}\">\u00a0<\/span><\/p>\n<p><span data-contrast=\"none\">Questa quinta edizione, con la direzione artistica di <\/span><b><span data-contrast=\"none\">Stefano Boeri<\/span><\/b><span data-contrast=\"none\">, Presidente di Triennale Milano, \u00e8 curata da <\/span><b><span data-contrast=\"none\">Nina Bassoli<\/span><\/b><span data-contrast=\"none\">,<\/span> <span data-contrast=\"none\">curatrice per Architettura, rigenerazione urbana, citt\u00e0 di Triennale Milano, e da <\/span><b><span data-contrast=\"none\">Matteo Ruta<\/span><\/b><span data-contrast=\"none\">, docente del Politecnico di Milano.<\/span><span data-ccp-props=\"{&quot;201341983&quot;:0,&quot;335559740&quot;:240}\">\u00a0<\/span><\/p>\n<p><span data-contrast=\"none\">Il tema di quest\u2019anno,<\/span><b><span data-contrast=\"none\"> Waiting for Peripheries, <\/span><\/b><span data-contrast=\"none\">si propone come un momento di confronto sulle energie sociali e culturali della citt\u00e0, volto ad avviare una riflessione collettiva sulle periferie. L\u2019edizione di giugno \u00e8 stata anticipata da una due giorni a settembre 2022 che ha aperto un confronto ampio e partecipato.<\/span><span data-ccp-props=\"{&quot;201341983&quot;:0,&quot;335559740&quot;:240}\">\u00a0<\/span><\/p>\n<p><span data-contrast=\"none\">Cosa possiamo imparare dalle aree marginali? Cosa ci aspettiamo dalla casa? Esiste un nuovo modo di concepire l\u2019housing sociale? Quali sono i confini del centro? I quartieri sono isole o sono piuttosto strati tematici? E ancora: come possiamo costruire un\u2019infrastruttura sociale solida in grado di penetrare in ogni quartiere? Possono le scuole esserne la nuova base? Queste sono alcune delle domande che guideranno Milano Arch Week 2023.<\/span><span data-ccp-props=\"{&quot;201341983&quot;:0,&quot;335559740&quot;:240}\">\u00a0<\/span><\/p>\n<p><span data-contrast=\"none\">Per riflettere su questi temi sono stati invitati architetti e designer internazionali, studi e professionisti emergenti, urbanisti e paesaggisti. Tra gli ospiti confermati di questa edizione, <\/span><b><span data-contrast=\"none\">I\u00f1aki Carnicero<\/span><\/b><span data-contrast=\"none\">, architetto di fama internazionale che \u00e8 stato nominato dal Primo Ministro spagnolo Pedro S\u00e1nchez Segretario generale per l\u2019Agenda urbana e l\u2019architettura e che ha promosso la stesura della prima legge statale sulla qualit\u00e0 dell\u2019architettura, lo studio tedesco <\/span><b><span data-contrast=\"none\">b+ Arno Brandlhuber<\/span><\/b><span data-contrast=\"none\">, che si \u00e8 sempre distinto per il suo approccio sperimentale, lo studio catalano <\/span><b><span data-contrast=\"none\">Harquitectes<\/span><\/b><span data-contrast=\"none\">, <\/span><b><span data-contrast=\"none\">Kersten Geers<\/span><\/b><span data-contrast=\"none\"> dello studio belga <\/span><b><span data-contrast=\"none\">OFFICE<\/span><\/b><span data-contrast=\"none\">, e l\u2019architetta giapponese <\/span><b><span data-contrast=\"none\">Toshiko Mori<\/span><\/b><span data-contrast=\"none\">, co-direttrice di \u201cDomus\u201d per il 2023.<\/span><span data-ccp-props=\"{&quot;201341983&quot;:0,&quot;335559740&quot;:240}\">\u00a0<\/span><\/p>\n<p><span data-contrast=\"none\">Quest\u2019anno la manifestazione si rinnova e si propone in una veste inedita, ampliando i propri confini e <\/span><b><span data-contrast=\"none\">attivando altre sedi diffuse nella citt\u00e0<\/span><\/b><span data-contrast=\"none\">: scuole, teatri, associazioni, biblioteche, giardini di quartiere, <\/span><b><span data-contrast=\"none\">40 luoghi <\/span><\/b><span data-contrast=\"none\">che tracciano una rete che dal centro arriva ai quartieri pi\u00f9 esterni. La manifestazione si apre cos\u00ec al dialogo con le diverse istituzioni e i quartieri della citt\u00e0, coinvolgendo attivit\u00e0 e iniziative locali, e raccontando la natura policentrica, complessa e vitale di Milano.<\/span><span data-ccp-props=\"{&quot;201341983&quot;:0,&quot;335559740&quot;:240}\">\u00a0<\/span><\/p>\n<p><span data-contrast=\"none\">Ogni realt\u00e0 coinvolta propone una riflessione sui temi della manifestazione ed \u00e8 stata selezionata attraverso la call lanciata lo scorso settembre, alla quale hanno aderito istituzioni, associazioni, realt\u00e0 locali, cooperative, cittadini, fondazioni, ricercatori, artisti, professionisti, gruppi studenteschi e studi di progettazione. La\u202fcall\u202fha rappresentato un\u2019importante piattaforma di ricognizione delle attivit\u00e0 presenti sul territorio e di ascolto rispetto agli interessi degli abitanti della citt\u00e0: dall\u2019housing sociale alla scuola, dall\u2019idea di quartiere\u202falla concezione del centro e delle periferie.\u00a0<\/span><span data-ccp-props=\"{&quot;201341983&quot;:0,&quot;335559740&quot;:240}\">\u00a0<\/span><\/p>\n<p><span data-contrast=\"none\">Il programma di questa rete diffusa sul territorio partir\u00e0 gi\u00e0 da sabato 3 giugno <\/span><b><span data-contrast=\"none\">con oltre 50 appuntamenti<\/span><\/b><span data-contrast=\"none\"> che proseguiranno per tutta la durata della manifestazione. Come sempre non mancheranno, tour, itinerari ed esplorazioni della citt\u00e0. Tra questi, gli itinerari realizzati da <\/span><b><span data-contrast=\"none\">Urban Center Milano<\/span><\/b><span data-contrast=\"none\"> e dall&#8217;<\/span><b><span data-contrast=\"none\">Assessorato Rigenerazione Urbana del Comune di Milano<\/span><\/b><span data-contrast=\"none\">,<\/span> <span data-contrast=\"none\">che guideranno i partecipanti alla scoperta delle potenzialit\u00e0 future di tre aree della citt\u00e0, oggetto di interventi che ne stanno cambiando il volto: Crescenzago, Lorenteggio\/Giambellino e Stazione Centrale\/Loreto. Questi tour permetteranno inoltre di valorizzare gli antichi centri storici cittadini in occasione del centenario dell&#8217;aggregazione alla citt\u00e0 dei borghi limitrofi.<\/span><span data-ccp-props=\"{&quot;201341983&quot;:0,&quot;335559740&quot;:240}\">\u00a0<\/span><\/p>\n<p><span data-contrast=\"none\">Milano Arch Week sar\u00e0 anche l\u2019occasione per raccontare i sei progetti vincitori del concorso di idee <\/span><b><i><span data-contrast=\"none\">San Vittore, spazio alla bellezza<\/span><\/i><\/b><span data-contrast=\"none\">, promosso da Triennale Milano e dalla Casa Circondariale Francesco di Cataldo \u2013 San Vittore, con il coinvolgimento di Fondazione Maimeri, Shifton e Associazione Amici della Nave e con il sostegno di Fondazione di Comunit\u00e0 Milano \u2013 Citt\u00e0, Sud Ovest, Sud Est, Martesana onlus. Il progetto intende promuovere una nuova concezione di casa circondariale attraverso la riprogettazione di alcuni spazi del carcere per cambiarne la percezione e migliorarne la funzionalit\u00e0. Sempre a San Vittore e alla Seconda Casa di Reclusione di Milano-Bollate si terr\u00e0 il Progetto <\/span><i><span data-contrast=\"none\">Carcere: walks &amp; talks<\/span><\/i><span data-contrast=\"none\">, iniziativa che fa parte della proposta Off Campus del Politecnico di Milano.<\/span><span data-ccp-props=\"{&quot;201341983&quot;:0,&quot;335559740&quot;:240}\">\u00a0<\/span><\/p>\n<p><span data-contrast=\"none\">Il Politecnico di Milano e Triennale Milano resteranno le sedi principali di <\/span><span data-contrast=\"none\">Milano Arch Week<\/span><span data-contrast=\"none\">, ospitando come per le passate edizioni tavoli di lavoro, talk, lecture e workshop. La manifestazione <\/span><span data-contrast=\"none\">verr\u00e0 inaugurata <\/span><b><span data-contrast=\"none\">mercoled\u00ec 7 giugno<\/span><\/b><span data-contrast=\"none\"> al <\/span><b><span data-contrast=\"none\">Politecnico di Milano<\/span><\/b><span data-contrast=\"none\">. Gli appuntamenti in <\/span><b><span data-contrast=\"none\">Triennale Milano<\/span><\/b><span data-contrast=\"none\"> si concentreranno <\/span><b><span data-contrast=\"none\">da venerd\u00ec 9 a domenica 11 giugno<\/span><\/b><span data-contrast=\"none\">. Durante la giornata sono pervisti dei tavoli di lavoro dedicati ad alcuni temi centrali del nostro presente: <\/span><b><span data-contrast=\"none\">Scuola<\/span><\/b><span data-contrast=\"none\">, tavolo che lavorer\u00e0 sul futuro della progettazione delle scuole (in collaborazione con Fondazione Agnelli); <\/span><b><span data-contrast=\"none\">Casa<\/span><\/b><span data-contrast=\"none\">, dedicato alle tematiche relative all\u2019abitare (in collaborazione con Federica Verona); <\/span><b><span data-contrast=\"none\">Lavoro<\/span><\/b><span data-contrast=\"none\">, che porter\u00e0 avanti una riflessione sul tema del lavoro in architettura. Un ulteriore tavolo di lavoro sar\u00e0 dedicato all\u2019<\/span><b><span data-contrast=\"none\">Ucraina<\/span><\/b><span data-contrast=\"none\"> e in particolare alla ricostruzione della citt\u00e0 di Irpin&#8217; (in collaborazione con Irpin Reconstruction Summit). Per ogni tema verr\u00e0 aperta una call per raccogliere le adesioni ai tavoli di lavoro ed \u00e8 prevista la stesura finale di un documento con una serie di proposte concrete.<\/span><span data-ccp-props=\"{&quot;201341983&quot;:0,&quot;335559740&quot;:240}\">\u00a0<\/span><\/p>\n<p><span data-ccp-props=\"{&quot;201341983&quot;:0,&quot;335559740&quot;:240}\">\u00a0<\/span><\/p>\n","protected":false},"excerpt":{"rendered":"<p>Milano Arch Week 2023\u00a0 Waiting for Peripheries\u00a0 7 \u2013 11 giugno 2023 Dopo il successo delle passate edizioni, da mercoled\u00ec 7 a domenica 11 giugno 2023 torna Milano Arch Week, la manifestazione dedicata all&#8217;architettura, alle trasformazioni urbane e al futuro delle citt\u00e0 fondata e promossa dal 2017 da Comune di Milano, Politecnico di Milano e &hellip; <a href=\"https:\/\/www.gdapress.it\/it\/index.php\/74519\/architettura\/milano-arch-week-2023-waiting-for-peripheries.html\" class=\"more-link\">Read more <span class=\"screen-reader-text\">Milano Arch Week 2023\u00a0  Waiting for Peripheries\u00a0<\/span><\/a><\/p>\n","protected":false},"author":2,"featured_media":74520,"comment_status":"closed","ping_status":"open","sticky":false,"template":"","format":"standard","meta":{"footnotes":""},"categories":[3],"tags":[563,26281,897,20676,930],"class_list":["post-74519","post","type-post","status-publish","format-standard","has-post-thumbnail","hentry","category-architettura","tag-comune-di-milano","tag-milano-arch-week-2023","tag-politecnico-di-milano","tag-stefano-boeri","tag-triennale-milano"],"_links":{"self":[{"href":"https:\/\/www.gdapress.it\/it\/index.php\/wp-json\/wp\/v2\/posts\/74519","targetHints":{"allow":["GET"]}}],"collection":[{"href":"https:\/\/www.gdapress.it\/it\/index.php\/wp-json\/wp\/v2\/posts"}],"about":[{"href":"https:\/\/www.gdapress.it\/it\/index.php\/wp-json\/wp\/v2\/types\/post"}],"author":[{"embeddable":true,"href":"https:\/\/www.gdapress.it\/it\/index.php\/wp-json\/wp\/v2\/users\/2"}],"replies":[{"embeddable":true,"href":"https:\/\/www.gdapress.it\/it\/index.php\/wp-json\/wp\/v2\/comments?post=74519"}],"version-history":[{"count":1,"href":"https:\/\/www.gdapress.it\/it\/index.php\/wp-json\/wp\/v2\/posts\/74519\/revisions"}],"predecessor-version":[{"id":74521,"href":"https:\/\/www.gdapress.it\/it\/index.php\/wp-json\/wp\/v2\/posts\/74519\/revisions\/74521"}],"wp:featuredmedia":[{"embeddable":true,"href":"https:\/\/www.gdapress.it\/it\/index.php\/wp-json\/wp\/v2\/media\/74520"}],"wp:attachment":[{"href":"https:\/\/www.gdapress.it\/it\/index.php\/wp-json\/wp\/v2\/media?parent=74519"}],"wp:term":[{"taxonomy":"category","embeddable":true,"href":"https:\/\/www.gdapress.it\/it\/index.php\/wp-json\/wp\/v2\/categories?post=74519"},{"taxonomy":"post_tag","embeddable":true,"href":"https:\/\/www.gdapress.it\/it\/index.php\/wp-json\/wp\/v2\/tags?post=74519"}],"curies":[{"name":"wp","href":"https:\/\/api.w.org\/{rel}","templated":true}]}}