
{"id":74438,"date":"2022-05-18T18:38:51","date_gmt":"2022-05-18T16:38:51","guid":{"rendered":"http:\/\/www.gdapress.it\/it\/?p=74438"},"modified":"2022-05-18T18:38:51","modified_gmt":"2022-05-18T16:38:51","slug":"salone-del-libro-2022","status":"publish","type":"post","link":"https:\/\/www.gdapress.it\/it\/index.php\/74438\/libri\/salone-del-libro-2022.html","title":{"rendered":"SALONE DEL LIBRO 2022"},"content":{"rendered":"<p><img loading=\"lazy\" decoding=\"async\" class=\"alignleft size-large wp-image-74439\" src=\"http:\/\/www.gdapress.it\/it\/..\/public\/it\/2022\/05\/2.Logo_SALONE-OFF-480x400.png\" alt=\"\" width=\"480\" height=\"400\" srcset=\"https:\/\/www.gdapress.it\/it\/..\/public\/it\/2022\/05\/2.Logo_SALONE-OFF-480x400.png 480w, https:\/\/www.gdapress.it\/it\/..\/public\/it\/2022\/05\/2.Logo_SALONE-OFF-300x250.png 300w, https:\/\/www.gdapress.it\/it\/..\/public\/it\/2022\/05\/2.Logo_SALONE-OFF-768x640.png 768w\" sizes=\"auto, (max-width: 480px) 100vw, 480px\" \/><\/p>\n<p><b>Salone Off 2022<\/b><b>\u00a0<\/b><\/p>\n<p><b>Torna la grande festa del libro tra Torino, la Citt\u00e0 Metropolitana e tutta la Regione<\/b><\/p>\n<p><span style=\"font-weight: 400;\">XVIII edizione | fino al 24 maggio<\/span><\/p>\n<p><span style=\"font-weight: 400;\">La <\/span><span style=\"font-weight: 400;\">XVIII edizione del <\/span><b>Salone Off<\/b><span style=\"font-weight: 400;\"> &#8211; la grande festa del libro diffusa nei quartieri delle otto <\/span><b>Circoscrizioni della Citt\u00e0 di Torino<\/b><span style=\"font-weight: 400;\">, in diversi <\/span><b>Comuni della Citt\u00e0 Metropolitana<\/b><span style=\"font-weight: 400;\"> e in alcune citt\u00e0 della <\/span><b>Regione Piemonte<\/b><span style=\"font-weight: 400;\"> &#8211; \u00e8 stata presentata oggi 17 maggio presso il Porto Urbano &#8211; Murazzi del Po<\/span><\/p>\n<p><span style=\"font-weight: 400;\">Il Salone Off nel 2022 compie <\/span><b>18 anni<\/b><span style=\"font-weight: 400;\">, confermando lo spirito che da sempre lo guida: il dialogo con il territorio, la co-progettazione, l\u2019accoglienza delle proposte, l\u2019attenzione agli spazi generatori di cultura.<\/span><\/p>\n<p><span style=\"font-weight: 400;\">Per tutti i gusti l\u2019offerta di appuntamenti <\/span><i><span style=\"font-weight: 400;\">Off<\/span><\/i><span style=\"font-weight: 400;\">, in cui il libro, le lettrici e i lettori sono sempre al centro: incontri con autori, letture, proiezioni cinematografiche, recital, spettacoli teatrali, laboratori per piccoli, mostre, dibattiti, workshop. Le proposte e i progetti sono stati pensati e realizzati grazie alla collaborazione con numerose realt\u00e0, come Biblioteche civiche torinesi, librerie, Case del quartiere, Universit\u00e0, musei, teatri, cinema, centri di protagonismo giovanile, circoli, aziende, esercizi, centri commerciali, carceri, ospedali e anche cimiteri. Per questa edizione inoltre, <\/span><b>Italgas<\/b><span style=\"font-weight: 400;\"> &#8211; con il suo nuovo Heritage Lab &#8211; e <\/span><b>Torino Outlet Village<\/b><span style=\"font-weight: 400;\"> &#8211; con i suoi appuntamenti letterari nella piazza centrale &#8211; sono partner del Salone Off 2022, ospitando alcuni incontri in programma.<\/span><\/p>\n<p><i><span style=\"font-weight: 400;\">\u201cIl Salone Off ha saputo sin da subito camminare con le sue gambe, guardando sempre con coraggio al futuro, non temendo mai di sperimentare, di misurarsi ogni anno con iniziative innovative sul fronte della promozione del libro e della lettura, lasciandosi anche, strada facendo, avvincere e conquistare dall&#8217;entusiasmo, dalla passione, dall&#8217;attivismo e dal dinamismo delle tante istituzioni, associazioni, e realt\u00e0 culturali incontrate. Che sono divenute nel mentre sodali e insostituibili compagne di strada\u201d<\/span><\/i><span style=\"font-weight: 400;\"> &#8211; afferma <\/span><b>Marco Pautasso<\/b><span style=\"font-weight: 400;\">, Segretario Generale Salone Internazionale del Libro di Torino.\u00a0<\/span><\/p>\n<p><span style=\"font-weight: 400;\">\u201c<\/span><i><span style=\"font-weight: 400;\">Buon Compleanno Salone OFF! <\/span><\/i><i><span style=\"font-weight: 400;\">Ne ha fatta di strada da quando, nel 2004 grazie al sostegno della Citt\u00e0 di Torino, \u00e8 partito da Borgo San Paolo in Circoscrizione 3 per poi diffondersi in tutte le circoscrizioni della citt\u00e0 di Torino tra scuole, biblioteche, musei, teatri, ospedali, case popolari, strade, botteghe e parchi, esercizi commerciali. Una grande festa che ha superato i confini cittadini, raggiungendo tutte le province piemontesi. Un dialogo continuo con il territorio, la coprogettazione sulla promozione del libro e della lettura e l\u2019accoglienza delle proposte pi\u00f9 vivaci delle realt\u00e0 istituzionali e culturali, anche di quelle meno conosciute, l\u2019attenzione ai tanti spazi cittadini generatori di cultura, sono temi in totale sintonia con il percorso iniziato lo scorso dicembre dalla Citt\u00e0 con il progetto &#8216;Circoscrizioni al Centro<\/span><\/i><span style=\"font-weight: 400;\">\u201d &#8211; commentano <\/span><b>Rosanna Purchia<\/b><span style=\"font-weight: 400;\">, Assessora alla Cultura della Citt\u00e0 di Torino, e <\/span><b>Domenico Carretta<\/b><span style=\"font-weight: 400;\">, Assessore Grandi Eventi, Turismo e Sport della Citt\u00e0 di Torino.<\/span><\/p>\n<p><span style=\"font-weight: 400;\">\u201c<\/span><i><span style=\"font-weight: 400;\">Siamo felici di aprire le porte del nostro Heritage Lab al Salone Off, ospitando un dibattito su temi sempre attuali e urgenti come l\u2019evoluzione dei sistemi economici e la necessit\u00e0 anche per le aziende di affrontare in maniera efficace questa continua sfida al cambiamento. Come i big data del passato custoditi all\u2019Heritage Lab possono testimoniare, il Gruppo Italgas fa dell\u2019innovazione il principale driver evolutivo non solo nella sua operativit\u00e0 quotidiana ma anche nelle scelte di sviluppo strategico. Quale migliore occasione, dunque, per accogliere il territorio nei nostri spazi offrendo importanti spunti di riflessioni e un viaggio nella storia e nel futuro di Italgas e dell\u2019Italia intera<\/span><\/i><span style=\"font-weight: 400;\">\u201d &#8211; dichiarano da <\/span><b>Italgas &#8211; Heritage Lab<\/b><\/p>\n<p><span style=\"font-weight: 400;\">\u201c<\/span><i><span style=\"font-weight: 400;\">Torino Outlet Village da sempre sostiene le iniziative culturali del territorio. Prosegue questo impegno con la decisione di affiancare ancora una volta il Salone del Libro 2022. Nelle date del 20, 21 &amp; 22 Maggio, infatti, la piazza del nostro Village diventer\u00e0 palcoscenico di incontro tra vari autori e il loro pubblico<\/span><\/i><i><span style=\"font-weight: 400;\">. Al termine di ciascun appu<\/span><\/i><i><span style=\"font-weight: 400;\">ntamento saranno anche possibili firmacopie e selfie, per un momento di aggregazione culturale che il nostro Village \u00e8 felice di offrire ai propri ospiti<\/span><\/i><span style=\"font-weight: 400;\">\u201d &#8211; aggiunge <\/span><b>Luca Frigeri<\/b><span style=\"font-weight: 400;\">, Direttore di Torino Outlet Village.<\/span><\/p>\n<p><span style=\"font-weight: 400;\">Dopo il successo delle precedenti edizioni torna<\/span> <b><i>Voltapagina<\/i><\/b><span style=\"font-weight: 400;\">, progetto di impegno civile e sociale nato nel 2007; scrittrici e scrittori ospiti del Salone saranno accolti nelle carceri del Piemonte per condividere i loro libri e le loro esperienze; ritorna il progetto <\/span><b><i>Il Ballatoio \u2013 storie a domicilio<\/i><\/b><span style=\"font-weight: 400;\">, che a cento anni dalla nascita di Beppe Fenoglio riunir\u00e0 attorno alla lettura di <\/span><i><span style=\"font-weight: 400;\">Una questione privata<\/span><\/i><span style=\"font-weight: 400;\"> gli abitanti di un condominio di periferia; e anche <\/span><b><i>Pagine in corsia<\/i><\/b><span style=\"font-weight: 400;\">, iniziativa che prevede l\u2019organizzazione di letture ad alta voce, quest\u2019anno in due ospedali, a cura volontari del Servizio Civile Universale 3 Assemblea Teatro.<\/span><\/p>\n<p><span style=\"font-weight: 400;\">Tra i numerosi appuntamenti: alla Casa del Teatro Ragazzi e Giovani debutter\u00e0 lo spettacolo <\/span><b><i>Alessandro. Un canto per la vita e le opere di Alessandro Leogrande<\/i><\/b><span style=\"font-weight: 400;\"> del Teatro Koreja di Lecce, in ricordo dello scrittore e giornalista tarantino, impegnato nella difesa dei diritti dei migranti e dei pi\u00f9 deboli. Spazio 211 ospiter\u00e0 la <\/span><b>serata tributo a Marco Mathieu<\/b><span style=\"font-weight: 400;\">, con uno speciale dj-set per ricordarlo in un evento serale aperto a tutti, in occasione dell\u2019uscita del nuovo libro dei Negazione, di cui Mathieu fece parte insieme con Tax e Zazzo. Il Polo del \u2018900 accoglier\u00e0 la mostra fotografica <\/span><b><i>Pi\u00f9 moderno di ogni moderno. Le geografie di Pier Paolo Pasolini<\/i><\/b><span style=\"font-weight: 400;\">, prodotta da Parallelozero, con gli scatti di Bruno Zanzottera che ha ripercorso i luoghi pasoliniani dando voce a studiosi, artisti e amici che hanno lavorato e vissuto con l\u2019autore nato cento anni fa; mentre la docu-fiction <\/span><b><i>Arnoldo Mondadori \u2013 I libri per cambiare il mondo<\/i><\/b><span style=\"font-weight: 400;\">, che esplora la vicenda umana e professionale di uno dei pi\u00f9 importanti pionieri dell\u2019industria editoriale italiana, verr\u00e0 presentata in anteprima al Cinema Massimo, grazie ad Anele e Rai Fiction, con il sostegno di Film Commission Torino Piemonte e del Museo Nazionale del Cinema.<\/span><\/p>\n<p><span style=\"font-weight: 400;\">Il <\/span><b>programma completo e dettagliato<\/b><span style=\"font-weight: 400;\"> del <\/span><i><span style=\"font-weight: 400;\">Salone Off<\/span><\/i><span style=\"font-weight: 400;\"> 2022 \u00e8 disponibile su salonelibro.it.\u00a0<\/span><\/p>\n<p><b>Un Salone Off sconfinato<\/b><\/p>\n<p><b><\/b><b>Tra gli autori e le autrici a Torino<\/b><\/p>\n<p><span style=\"font-weight: 400;\">Internazionali e nostrani, narratori e narratrici, sar\u00e0 possibile intercettare in citt\u00e0: <\/span><b>Carmine<\/b> <b>Abate <\/b><span style=\"font-weight: 400;\">alla libreria La Montagna; la scrittrice omanita <\/span><b>Jokha Alharthi<\/b><span style=\"font-weight: 400;\"> alla Biblioteca civica Mausoleo della Bela <\/span><span style=\"font-weight: 400;\">Rosin; lo spazio Binaria centro commensale del Gruppo Abele accoglier\u00e0 sia <\/span><b>Viola Ardone<\/b><span style=\"font-weight: 400;\"> che l\u2019incontro con l\u2019ex magistrato <\/span><b>Luigi<\/b> <b>de Magistris<\/b><span style=\"font-weight: 400;\">; l\u2019alpinista <\/span><b>Herv\u00e9<\/b> <b>Barmasse <\/b><span style=\"font-weight: 400;\">sar\u00e0 a Bside Palestra di Arrampicata; quattro appuntamenti si terranno presso <\/span><span style=\"font-weight: 400;\">Eataly &#8211; Lingotto nella Sala Punt&amp;Mes<\/span><span style=\"font-weight: 400;\"> in compagnia di: <\/span><b>Luca Bianchini <\/b><span style=\"font-weight: 400;\">e <\/span><b>Oscar Farinetti, Sara Colaone <\/b><span style=\"font-weight: 400;\">con<\/span><b> Luca de Santis, Renata Manganelli <\/b><span style=\"font-weight: 400;\">e <\/span><b>Paolo Verri <\/b><span style=\"font-weight: 400;\">con <\/span><b>Elena Franco<\/b><span style=\"font-weight: 400;\">; la Biblioteca Civica Centrale accoglier\u00e0 <\/span><b>Ginevra<\/b> <b>Bompiani<\/b><span style=\"font-weight: 400;\">; <\/span><b>Annalisa<\/b> <b>Camilli<\/b><span style=\"font-weight: 400;\"> con <\/span><b>Fabio<\/b> <b>Geda <\/b><span style=\"font-weight: 400;\">al Circolo dei lettori; <\/span><b>Massimo<\/b> <b>Carlotto <\/b><span style=\"font-weight: 400;\">racconter\u00e0 il suo ultimo lavoro alla Casa del Quartiere di San Salvario; l\u2019appuntamento con l\u2019illustratore<\/span><b> \u200b\u200bMarco Cazzato <\/b><span style=\"font-weight: 400;\">sar\u00e0 ospitato dalla Scuola Internazionale di Comics; sanno invece al Circolo della Stampa l\u2019incontro con <\/span><b>Luca Ponzi<\/b><span style=\"font-weight: 400;\">, con il politico <\/span><b>Paolo Cirino Pomicino<\/b><span style=\"font-weight: 400;\"> e con <\/span><b>Andrea Cortellessa<\/b><span style=\"font-weight: 400;\"> in compagnia di<\/span><b> Paolo Grossi<\/b><span style=\"font-weight: 400;\">, <\/span><b>Alberto Sinigaglia<\/b><span style=\"font-weight: 400;\"> e <\/span><b>Marco Vallora <\/b><span style=\"font-weight: 400;\">per un omaggio a Giorgio Manganelli;<\/span> <b>Viola<\/b> <b>di Grado <\/b><span style=\"font-weight: 400;\">sar\u00e0<\/span> <span style=\"font-weight: 400;\">alla libreria Borgopo\u2019; l\u2019incontro con il giornalista de Il Sole 24 ore <\/span><b>Simone Filippetti<\/b><span style=\"font-weight: 400;\"> si terr\u00e0 presso Italgas &#8211; Heritage Lab; <\/span><b>Cal<\/b> <b>Flyn<\/b><span style=\"font-weight: 400;\"> ma anche <\/span><b>Sarah Jaffe <\/b><span style=\"font-weight: 400;\">si recheranno alla Libreria del Golem; <\/span><b>Tiziano Fratus<\/b><span style=\"font-weight: 400;\"> sar\u00e0 presente alla Sala Consiliare della Circoscrizione 5<\/span><span style=\"font-weight: 400;\">; <\/span><b>Valentina Furlanetto<\/b><span style=\"font-weight: 400;\"> alla Camera del lavoro; <\/span><b>Elio<\/b> <b>Germano<\/b><span style=\"font-weight: 400;\"> e <\/span><b>Folco<\/b> <b>Terzani <\/b><span style=\"font-weight: 400;\">a Pi\u00f9 SpazioQuattro; il cantante degli Statuto <\/span><b>Oskar<\/b> <b>Giammarinaro<\/b><span style=\"font-weight: 400;\"> si racconter\u00e0 presso le Officine S; alla Casa del Quartiere Barrito si ascolteranno le letture di <\/span><b>Viola<\/b> <b>Graziosi<\/b><span style=\"font-weight: 400;\"> e di<\/span><b> Francesco Pannofino<\/b><span style=\"font-weight: 400;\">; il regista <\/span><b>Werner Herzog <\/b><span style=\"font-weight: 400;\">sar\u00e0<\/span> <span style=\"font-weight: 400;\">al Museo Nazionale del Cinema; <\/span><b>Anilda Ibrahimi<\/b><span style=\"font-weight: 400;\"> al Polo del &#8216;900; il vincitore del Premio Europeo per la letteratura 2021 <\/span><b>Tom<\/b> <b>Kuka<\/b><span style=\"font-weight: 400;\"> alla Sala Conferenze del Centro Interculturale; <\/span><b>Andrea Marcolongo<\/b><span style=\"font-weight: 400;\"> sar\u00e0 a Cascina Roccafranca<\/span><b>; <\/b><span style=\"font-weight: 400;\">l\u2019appuntamento con <\/span><b>Roberto<\/b> <b>Mercadini <\/b><span style=\"font-weight: 400;\">avverr\u00e0 presso Cap 10100, <\/span><b>Cristina Morales <\/b><span style=\"font-weight: 400;\">e <\/span><b>Andr\u00e9s<\/b> <b>Neuman<\/b><span style=\"font-weight: 400;\"> saranno alla Libreria Bodon<\/span><span style=\"font-weight: 400;\">i; <\/span><b>Jean-Claude<\/b> <b>Mourlevat <\/b><span style=\"font-weight: 400;\">alla Biblioteca Alliance Fran\u00e7aise, <\/span><b>Roberto<\/b> <b>Mussapi <\/b><span style=\"font-weight: 400;\">sar\u00e0 al Teatro Marcidofilm!, <\/span><span style=\"font-weight: 400;\">il cardinale <\/span><b>Dieudonn\u00e9 Nzapalainga<\/b><span style=\"font-weight: 400;\"> al Sermig Arsenale della Pace<\/span><b>, <\/b><b>Francesco<\/b> <b>Pacifico<\/b><span style=\"font-weight: 400;\"> presenter\u00e0 il suo pi\u00f9 recente titolo al Cinema Teatro Maffei, <\/span><b>Antonio Pascale<\/b><span style=\"font-weight: 400;\"> sar\u00e0 all\u2019Officina Verde Tonolli,<\/span> <b>Marco<\/b> <b>Peano<\/b><span style=\"font-weight: 400;\">, <\/span><b>Carlotta<\/b> <b>Vagnoli<\/b><span style=\"font-weight: 400;\">,<\/span><b> Vincenzo Latronico<\/b><span style=\"font-weight: 400;\">,<\/span><b> Giovanni Semi<\/b><span style=\"font-weight: 400;\">,<\/span><b> Laura Tripaldi <\/b><span style=\"font-weight: 400;\">saranno al The Beach, il giornalista esperto di Cina <\/span><b>Simone Pieranni<\/b><span style=\"font-weight: 400;\"> terr\u00e0 una lectio nell\u2019Auditorium del complesso Aldo Moro &#8211; Universit\u00e0 degli Studi di Torino; <\/span><b>Domenico<\/b> <b>Quirico<\/b><span style=\"font-weight: 400;\"> con<\/span><b> Tiziana Bonomo <\/b><span style=\"font-weight: 400;\">alla Biblioteca Civica Don Lorenzo Milani<\/span><span style=\"font-weight: 400;\">, <\/span><b>Veronica<\/b> <b>Raimo <\/b><span style=\"font-weight: 400;\">alla libreria Trebisonda, <\/span><b>Sara<\/b> <b>Rattaro <\/b><span style=\"font-weight: 400;\">alla libreria Fontana, <\/span><b>Frank Rose<\/b><span style=\"font-weight: 400;\"> alla Scuola Holden, <\/span><b>Matteo Saudino<\/b><span style=\"font-weight: 400;\"> (Barbasofia) all\u2019Off Topic, <\/span><b>Daniele<\/b> <b>Scaglione <\/b><span style=\"font-weight: 400;\">alla Libreria Belgravia e presso Cumiana 15, <\/span><b>Antonio<\/b> <b>Scurati <\/b><span style=\"font-weight: 400;\">al<\/span> <span style=\"font-weight: 400;\">Giardino Sambuy &#8211; Spazio delle Idee; <\/span><b>Luisa Pogliana <\/b><span style=\"font-weight: 400;\">ai Laboratori di Via Baltea.<\/span><\/p>\n<p><b>Tra gli autori e le autrici nella Citt\u00e0 Metropolitana e in Regione<\/b><\/p>\n<p><span style=\"font-weight: 400;\">Quello che rende il Salone Off un cuore selvaggio \u00e8 la sua natura coraggiosamente capillare, il suo non limitarsi al perimetro torinese per avventurarsi nel territorio piemontese ormai da 18 anni a questa parte. Nella cornice della Citt\u00e0 Metropolitana: <\/span><b>Francesca<\/b> <b>Barra<\/b><span style=\"font-weight: 400;\"> con <\/span><b>Silvia<\/b> <b>Galeazzi <\/b><span style=\"font-weight: 400;\">saranno al Torino Outlet Village, cos\u00ec come <\/span><b>Cristina<\/b> <b>Chiabotto<\/b><span style=\"font-weight: 400;\">, insieme alla ricercatrice Caterina Marchi\u00f2 (in collaborazione con la Fondazione Piemontese per la ricerca sul cancro Onlus), e sempre a Settimo Torinese, la Biblioteca civica Multimediale Archimede accoglier\u00e0 il grande autore indiano<\/span><b> Amitav Ghosh <\/b><span style=\"font-weight: 400;\">nell&#8217;ambito di <\/span><i><span style=\"font-weight: 400;\">Parole in tazza grande<\/span><\/i><span style=\"font-weight: 400;\">;<\/span> <b>Massimo Carlotto<\/b><span style=\"font-weight: 400;\"> presenter\u00e0 al pubblico il suo nuovo protagonista presso la Biblioteca MoviMEnte di Chivasso; a Nichelino <\/span><b>Maurizio De Giovanni <\/b><span style=\"font-weight: 400;\">sar\u00e0 alla Sala Mattei nel Palazzo Comunale mentre <\/span><b>Erri De Luca<\/b><span style=\"font-weight: 400;\"> terr\u00e0 un incontro presso la Biblioteca civica G. Arpino; il giornalista americano<\/span><b> \u200b\u200bAlan Friedman <\/b><span style=\"font-weight: 400;\">sar\u00e0 alla Biblioteca civica Nicol\u00f2 e Paola Francone di Chieri; al Teatro Giacosa di Ivrea si racconteranno sia la celebre vincitrice del Premio Pulitzer<\/span><b> Jennifer Egan <\/b><span style=\"font-weight: 400;\">che il cantautore <\/span><b>Vinicio Capossela<\/b><span style=\"font-weight: 400;\">; a Rivoli ci saranno gli incontri con <\/span><b>Werner Herzog<\/b><span style=\"font-weight: 400;\">,<\/span> <span style=\"font-weight: 400;\">presso il Teatro del Castello di Rivoli Museo d\u2019Arte Contemporanea,<\/span> <span style=\"font-weight: 400;\">e con <\/span><b>Luca Trapanese<\/b><span style=\"font-weight: 400;\">,<\/span> <span style=\"font-weight: 400;\">che si recher\u00e0 alla libreria Ubik; al Castello Della Rovere di Vinovo, nella sala della biblioteca civica, non mancheranno <\/span><b>Gad Lerner<\/b><span style=\"font-weight: 400;\"> e <\/span><b>Elena Ciccarello<\/b><span style=\"font-weight: 400;\">; <\/span><b>Antonio Manzini<\/b><span style=\"font-weight: 400;\"> incontrer\u00e0 i lettori della Biblioteca civica A. Arduino di Moncalieri; mentre alla Fondazione Casa Lajolo (Dimora storica) di Piossasco avr\u00e0 luogo un incontro con lo scrittore ed esperto di botanica <\/span><b>Fabio Marzano<\/b><span style=\"font-weight: 400;\">; il pi\u00f9 recente volume di <\/span><b>Telmo Pievani <\/b><span style=\"font-weight: 400;\">sar\u00e0 alla Biblioteca civica C. Alliaudi di Pinerolo cos\u00ec come l\u2019ultimo lavoro del giornalista sportivo <\/span><b>Gianluca Di Marzio<\/b><span style=\"font-weight: 400;\"> che sar\u00e0 presentato dall\u2019autore all\u2019Oratorio S.Domenico; a Villarbasse giungeranno <\/span><b>Veronica Pivetti <\/b><span style=\"font-weight: 400;\">e<\/span><b> Simonetta Agnello Hornby<\/b><span style=\"font-weight: 400;\"> con incontri alla Biblioteca Comunale Luciano Tamburini, mentre <\/span><b>Lorenzo Marone <\/b><span style=\"font-weight: 400;\">sar\u00e0 Villa Mistrot; l\u2019appuntamento con <\/span><b>Enrica Tesio<\/b><span style=\"font-weight: 400;\"> avverr\u00e0 presso la Biblioteca Civica \u2018E. Marioni\u2019 di Santena; <\/span><b>Davide Toffolo<\/b><span style=\"font-weight: 400;\"> sar\u00e0 al Teatro Auditorium Franca Rame di Rivalta, mentre alla Biblioteca Silvio Grimaldi del Castello degli Orsini non mancher\u00e0 <\/span><b>Alessandro Perissinotto<\/b><span style=\"font-weight: 400;\">. Inoltre, al Circolo dei lettori di Novara si terr\u00e0 sia l\u2019incontro con <\/span><b>Viola Ardone <\/b><span style=\"font-weight: 400;\">in compagnia di <\/span><b>Eleonora Groppetti <\/b><span style=\"font-weight: 400;\">che quello con <\/span><b>Simone Regazzoni<\/b><span style=\"font-weight: 400;\"> &#8211; gi\u00e0 ospite della sede torinese &#8211; in merito al suo ultimo saggio.<\/span><\/p>\n<p><b>Voltapagina<\/b><span style=\"font-weight: 400;\">\u00a0<\/span><\/p>\n<p><span style=\"font-weight: 400;\">Dal 2007 <\/span><b><i>Voltapagina<\/i><\/b><span style=\"font-weight: 400;\"> \u00e8 l\u2019iniziativa del Salone Internazionale del Libro che porta i grandi autori della narrativa italiana nelle carceri, durante i giorni della festa del libro torinese. Un progetto di impegno sociale alla sua tredicesima edizione, organizzato in collaborazione con il Ministero di Giustizia, cresciuto negli anni per apprezzamento e partecipazione di scrittori, penitenziari e pubblico esterno. Nelle settimane che precedono gli incontri, i detenuti che hanno volontariamente scelto di partecipare a <\/span><i><span style=\"font-weight: 400;\">Voltapagina<\/span><\/i><span style=\"font-weight: 400;\"> vengono guidati alla lettura e all\u2019approfondimento dei libri da un gruppo di assistenti sociali, educatori e volontari dei penitenziari. Il momento dell\u2019incontro con l\u2019autore sar\u00e0 cos\u00ec occasione di discussione e dialogo sui temi trattati nell\u2019opera e sull\u2019esperienza della scrittura. Gli istituti penali piemontesi coinvolti per l\u2019edizione 2022 sono delle citt\u00e0 di Alessandria, Asti, Biella, Fossano, Novara, Saluzzo, Torino e Vercelli. Tra gli autori coinvolti quest\u2019anno: <\/span><b>Fabio Bac\u00e0<\/b><span style=\"font-weight: 400;\"> sar\u00e0 ad Alessandria, <\/span><b>Jonathan Bazzi<\/b><span style=\"font-weight: 400;\"> ad Asti, <\/span><b>Andrea Donaera <\/b><span style=\"font-weight: 400;\">a Fossano, <\/span><b>Giorgio Fontana<\/b><span style=\"font-weight: 400;\"> a Saluzzo, <\/span><b>Vincenzo Latronico <\/b><span style=\"font-weight: 400;\">a Novara, <\/span><b>Sacha Naspini<\/b><span style=\"font-weight: 400;\"> a Biella, <\/span><b>Manuela Valenti<\/b><span style=\"font-weight: 400;\"> a Torino.<\/span><\/p>\n<p><b>Un Salone Off spettacolare<\/b><\/p>\n<p><span style=\"font-weight: 400;\">Reading, teatro, performance dal vivo. Il programma del Salone Off sar\u00e0 anche nel 2022 denso di eventi da palco. Venerd\u00ec 20 maggio alle ore 20.45 presso la Casa del Teatro Ragazzi e Giovani debutter\u00e0 <\/span><b><i>ALESSANDRO &#8211; un canto per la vita e le opere di Alessandro Leogrande<\/i><\/b><span style=\"font-weight: 400;\">, appuntamento speciale in ricordo di Alessandro Leogrande, scrittore e giornalista originario di Taranto impegnato nella difesa dei diritti dei migranti e nelle battaglie a favore degli ultimi della Terra. Lo spettacolo, diretto da Fabrizio Saccomanno, \u00e8 nato dalla collaborazione tra il Teatro Koreja di Lecce, il Salone Internazionale del Libro di Torino e la Fondazione Teatro Ragazzi e Giovani Onlus, ed \u00e8 una coproduzione Ura Teatro. L\u2019appuntamento \u00e8 realizzato con il Sostegno del Consiglio Regionale della Puglia ed \u00e8 inserito nel programma della Regione Puglia.\u00a0<\/span><\/p>\n<p><span style=\"font-weight: 400;\">Spazio ai versi, dopo l\u2019incontro con l\u2019antropologo digitale Frank Rose, la Scuola Holden ospiter\u00e0 il ciclo <\/span><b><i>Poeti raccontano poeti<\/i><\/b><span style=\"font-weight: 400;\">, che si compone di tre appuntamenti: il primo &#8211; gioved\u00ec 19 maggio &#8211; dar\u00e0 un volto ad alcuni tra i pi\u00f9 giovani poeti contemporanei del panorama nazionale con Giorgio Ghiotti, Carlo Selan e Riccardo Zippo; il secondo &#8211; venerd\u00ec 20 &#8211; si concentrer\u00e0 sulla traduzione della poesia con Ottavio Fatica e Marco Rossari; il terzo &#8211; domenica 22 &#8211; sar\u00e0 dedicato al racconto dei grandi poeti italiani di oggi e di ieri attraverso le parole dei loro allievi &#8211; che nel frattempo sono diventati maestri, con Valerio Magrelli e Maurizio Cucchi. Tutti gli incontri cominceranno alle 18.30 alla Scuola Holden, l\u2019ingresso \u00e8 libero senza prenotazione fino ad esaurimento posti. Il Teatro Marcidofilm! ospiter\u00e0 luned\u00ec 23 <\/span><b><i>Una serata con il poeta Roberto Mussapi<\/i><\/b><span style=\"font-weight: 400;\">, diretto da Marco Isidori con la produzione di Marcido Marcidorjs e Famosa Mimosa; l\u2019incontro \u00e8 parte di un programma di Teatro\/Poesia avviato nel 2018, che si propone di mettere in strettissima relazione la testualit\u00e0 poetica con il corpo ardente\/vivente dell\u2019espressione drammatica. Curato dall\u2019associazione culturale <\/span><i><span style=\"font-weight: 400;\">Giardino forbito<\/span><\/i><span style=\"font-weight: 400;\"> l\u2019evento dal titolo<\/span><b><i> Cuori Selvaggi. Rassegna Epica del femminile<\/i><\/b><span style=\"font-weight: 400;\"> che vedr\u00e0 prima la presenza dell\u2019autrice Dora Marchese e poi l\u2019esibizione della stand-up comedian Serena Bongiovanni al Giardino Sambuy &#8211; Spazio delle Idee sabato 21 a partire dalle 11.00. Sar\u00e0 invece mercoled\u00ec 18 alle ore 21.00 presso i Murazzi Student Zone lo spettacolo <\/span><b><i>Le regole del gioco: Manuale di sopravvivenza al Capitalismo<\/i><\/b><span style=\"font-weight: 400;\"> di Alberto Bebo Guidetti &#8211; membro della band Lo Stato Sociale &#8211; e dell\u2019attore milanese Johnny Shock, diretto da Lodo Guenzi. L\u2019evento \u00e8 in collaborazione con Cinema Teatro Maffei.\u00a0<\/span><\/p>\n<p><span style=\"font-weight: 400;\">La storia di Elz\u00e9ard Bouffier che mette in primo piano la riconciliazione dell\u2019uomo con la famiglia sar\u00e0 messa in scena nello spettacolo <\/span><b><i>L\u2019uomo che piantava gli alberi<\/i><\/b><span style=\"font-weight: 400;\">, curato da Assemblea Teatro con il sostegno della Circoscrizione 8; l\u2019appuntamento \u00e8 per gioved\u00ec 19 alle 10.30 al PAV \u2013 Parco d\u2019Arte Vivente. Una menzione anche per l\u2019incontro svoltosi domenica 15 a Moncalieri, <\/span><b><i>\u201cMa il mio amore \u00e8 Paco\u201d<\/i><\/b><span style=\"font-weight: 400;\">, reading tratto da<\/span><i><span style=\"font-weight: 400;\"> Un giorno di fuoco &#8211; Racconti del parentado<\/span><\/i><span style=\"font-weight: 400;\"> di Beppe Fenoglio con Luca Occelli e Franco Olivero (Santibriganti Teatro).<\/span><\/p>\n<p><b>Un Salone Off sonoro<\/b><\/p>\n<p><span style=\"font-weight: 400;\">Se puoi raccontarlo, puoi cantarlo, metterlo in musica e farlo risuonare, dando vita a momenti unici nell\u2019universo del Salone Off. Nel giardino dello Spazio 211 si terr\u00e0 venerd\u00ec 20 <\/span><b><i>Collezione di attimi&#8230; con Marco nel cuore<\/i><\/b><span style=\"font-weight: 400;\">, un incontro, una festa e un tributo &#8211; tra le ore 20.00 e le 2.00 &#8211; con gli amici di tutti i mondi di Marco Mathieu accompagnato dalle musiche e le immagini dei Negazione che presenteranno <\/span><span style=\"font-weight: 400;\">il loro libro <\/span><i><span style=\"font-weight: 400;\">Collezioni di attimi. Negazione 1983-1992 <\/span><\/i><span style=\"font-weight: 400;\">(Goodfellas).<\/span><span style=\"font-weight: 400;\"> Il cantautore <\/span><b>Federico Sirianni <\/b><span style=\"font-weight: 400;\">terr\u00e0 nella serata di domenica 22 un recital intitolato <\/span><b><i>Maqroll<\/i><\/b><span style=\"font-weight: 400;\"> presso la Casa del Quartiere di San Salvario, il suo ultimo disco accompagnato dal libro <\/span><i><span style=\"font-weight: 400;\">La ballata dell&#8217;incollocabilit\u00e0 <\/span><\/i><span style=\"font-weight: 400;\">(Nota Edizioni) in cui vari artisti e autori hanno accettato di raccontare la loro idea di viaggio e di incollocabilit\u00e0. Si alterneranno reading musicali, proiezioni visive e performance live durante <\/span><b><i>La notte del Salone del Libro \u2013 Life is purple<\/i><\/b><span style=\"font-weight: 400;\">, serata organizzata sabato 21 a Palazzo Reale da Ozio Intelligente, che si propone di valorizzare location museali e residenze storiche attraverso esperienze caratterizzate dalla presenza di contenuti artistici, culturali ed enogastronomici. In questa occasione sar\u00e0 possibile visitare gli Appartamenti del Re, il primo piano e la Biblioteca Reale, la sonorizzazione dell&#8217;evento sar\u00e0 a cura di Recall mentre il Wine Bar di Cantina Social. Il gruppo olandese <\/span><b>Shermanology<\/b><span style=\"font-weight: 400;\"> animer\u00e0 la serata (e la nottata) di venerd\u00ec 20 dal nome <\/span><b><i>Shout!<\/i><\/b><span style=\"font-weight: 400;\">, l\u2019appuntamento curato da MOVEMENT si terr\u00e0 dalle ore 23.00 alle 5.00 del mattino all\u2019Audiodrome Live Club di Moncalieri. Si baller\u00e0 anche grazie ai due dj set di sabato 21 e domenica 22 al Tatabui Disco bar: il primo condurr\u00e0 i lettori nella Roma by night degli anni \u201870 fino agli anni \u201890 con Gino Woody Bianchi protagonista del libro <\/span><i><span style=\"font-weight: 400;\">La storia della disco music<\/span><\/i><span style=\"font-weight: 400;\"> di Bufalini &amp; Savastano edito da Hoepli, il secondo sar\u00e0 un aperitivo, cena e dopo cena con \u200b\u200bFabrizio del Re, Serena Ghiglieri e Teo Lentini.\u00a0<\/span><\/p>\n<p><b>Un Salone Off su grande schermo<\/b><\/p>\n<p><span style=\"font-weight: 400;\">Largo alla settima arte nella cornice del Salone Off, tra sale buie e grandi schermi sono in programma svariate proiezioni ed incontri affini all\u2019arte cinematografica. La docu-fiction <\/span><b><i>Arnoldo Mondadori \u2013 I libri per cambiare il mondo<\/i><\/b><span style=\"font-weight: 400;\"> verr\u00e0 presentata in anteprima assoluta venerd\u00ec 20 alle ore 20.30 nella Sala Uno del Cinema Massimo, grazie ad Anele e Rai Fiction, con il sostegno di Film Commission Torino Piemonte e del Museo Nazionale del Cinema. L\u2019opera &#8211; prodotta da Gloria Giorgianni, diretta da Francesco Miccich\u00e8, interpretata da Michele Placido, Flavio Parenti e Valeria Cavalli &#8211; esplora la vicenda umana e professionale di Arnoldo Mondadori, uno dei pi\u00f9 importanti pionieri dell\u2019industria editoriale italiana. La serata verr\u00e0 introdotta da Anouk Andaloro (Capostruttura Rai Fiction), il protagonista Michele Placido, Gloria Giorgianni (produttrice Anele), Luca Formenton (nipote di Arnoldo Mondadori e Presidente della Fondazione Mondadori), il regista Francesco Miccich\u00e8 e Paolo Manera (Direttore di Film Commission Torino Piemonte). Ancora, nell\u2019ambito della mostra ospitata al Castello di Rivoli &#8211; Museo d\u2019Arte Contemporanea, <\/span><i><span style=\"font-weight: 400;\">Espressioni con frazioni<\/span><\/i><span style=\"font-weight: 400;\">, Carolyn Christov-Bakargiev incontrer\u00e0 il regista e scrittore tedesco <\/span><b>Werner Herzog <\/b><span style=\"font-weight: 400;\">a proposito del suo film<\/span><i><span style=\"font-weight: 400;\"> La grotta dei sogni perduti<\/span><\/i><span style=\"font-weight: 400;\">.<\/span> <span style=\"font-weight: 400;\">L\u2019incontro si terr\u00e0 al Castello di Rivoli, promotore dell\u2019evento, sabato 21 maggio alle ore 18.00; Herzog sar\u00e0 inoltre al Cinema Massimo domenica 22 alle ore 16.00 per parlare del suo ultimo libro <\/span><i><span style=\"font-weight: 400;\">Il crepuscolo del mondo <\/span><\/i><span style=\"font-weight: 400;\">(Feltrinelli). Sempre domenica, al Cinema Massimo a partire dalle ore 21.00 verranno proiettati &#8211; grazie alla collaborazione dell&#8217;Ufficio Culturale dell&#8217;Ambasciata d&#8217;Israele in Italia &#8211; due documentari facenti parte di una serie dedicata ai grandi protagonisti della letteratura ebraica realizzata dal regista israeliano <\/span><b>Yair Qedar<\/b><span style=\"font-weight: 400;\"> e intitolata \u201cHa-ivrim\/The Hebrews\u201d. <\/span><i><span style=\"font-weight: 400;\">L\u2019ultimo capitolo di A. B. Yehoshua<\/span><\/i><span style=\"font-weight: 400;\">, presentato all&#8217;ultima edizione del Jerusalem Film Festival e in diversi contesti internazionali, ripercorre l\u2019ultima fase della vita di Abraham Yehoshua in un ritratto singolare e affascinante dello scrittore acclamato in tutto il mondo; mentre <\/span><i><span style=\"font-weight: 400;\">The Fourth Window<\/span><\/i><span style=\"font-weight: 400;\"> si sofferma sulla storia di successo internazionale di Amos Oz, uno scrittore considerato simbolo della coscienza israeliana e le cui opere sono state tradotte in 45 lingue, dietro cui si cela una tumultuosa vita personale. Ancora, gioved\u00ec 19 e venerd\u00ec 20 il<\/span> <span style=\"font-weight: 400;\">Cinema Centrale Arthouse di Torino ospiter\u00e0 il meglio della 70a edizione del <\/span><b>Trento Film Festival<\/b><span style=\"font-weight: 400;\">, una selezione di film per appassionati di ambiente, esplorazione, alpinismo e avventura delle Terre Alte del pianeta. L\u2019evento \u00e8 a cura di Trento Film Festival, in collaborazione con CAI \u2013 Club Alpino Italiano e Premio ITAS del Libro di Montagna. Mentre alla Casa del Quartiere Pi\u00f9 SpazioQuattro sabato 21 alle ore 21.30<\/span> <span style=\"font-weight: 400;\">arriveranno l\u2019attore <\/span><b>Elio<\/b> <b>Germano<\/b><span style=\"font-weight: 400;\"> e lo scrittore <\/span><b>Folco<\/b> <b>Terzani<\/b><span style=\"font-weight: 400;\"> per presentare la docufiction <\/span><b><i>The Italian Baba<\/i><\/b><span style=\"font-weight: 400;\">, alla scoperta dei luoghi dell\u2019asceta italiano Baba Cesare \u2013 a cui \u00e8 dedicato l\u2019audiolibro <\/span><i><span style=\"font-weight: 400;\">A piedi nudi sulla terra<\/span><\/i><span style=\"font-weight: 400;\"> (Emons), scritto da Terzani e letto da Germano. La docufiction, prodotta e diretta da Omar Rashid e Elio Germano, sar\u00e0 esperibile tramite speciali visori di realt\u00e0 virtuale, che saranno distribuiti agli spettatori in sala <\/span><span style=\"font-weight: 400;\">(<\/span><span style=\"font-weight: 400;\">partecipazione su prenotazione, per informazioni: info@piuspazioquattro.it).<\/span><\/p>\n<p><b>Un Salone Off in libreria<\/b><\/p>\n<p><span style=\"font-weight: 400;\">Insostituibili certezze per lettori e lettrici, luoghi a cui fare ritorno ancora e ancora e in cui incontrare le storie pi\u00f9 straordinarie e perfino ascoltarle nei giorni del Salone Off. La <\/span><b>Libreria Borgopo\u2019<\/b><span style=\"font-weight: 400;\"> &#8211; nell\u2019omonimo quartiere a pochi passi dalla Gran Madre &#8211; accoglier\u00e0 diversi appuntamenti tra cui: gli incontri con Umberto Sebastiano e con Valentina Bertone Linzalata e gli aperitivi letterari con Viola di Grado e con Hypercritic microfestival. Anche quest\u2019anno torner\u00e0 il Salottinoff alla <\/span><b>Libreria Trebisonda<\/b><span style=\"font-weight: 400;\">, nel quartiere San Salvario, che sar\u00e0 la casa di numerose storie narrate da: <\/span><span style=\"font-weight: 400;\">Veronica Raimo, Paolo Pasi, Maria Nadotti, Francesca Scotti, Manuele Bonaccorsi e Claudio Marciano e tanti altri. I lettori forti non potranno tralasciare la zona Borgo San Paolo, nello specifico il <\/span><b>Binaria centro commensale del Gruppo Abele<\/b><span style=\"font-weight: 400;\"> dove saranno presenti autori e autrici &#8211; e invitate spesso scolaresche &#8211; tra i quali: Marco Peano, Viola Ardone, Jonathan Bazzi, il magistrato Livio Pepino e l\u2019ex magistrato Luigi de Magistris; sempre in zona, alla <\/span><b>Libreria Belgravia<\/b><span style=\"font-weight: 400;\"> non mancheranno Daniele Scaglione, Maria Borio e Flavio Menardi Noguera. Poco pi\u00f9 a Nord nel quartiere Cit Turin, nello specifico alla <\/span><b>Libreria Pantaleon<\/b><span style=\"font-weight: 400;\">, Giuseppe Nibali, Viktorie Hani\u0161ov\u00e1 ma anche la presentazione di <\/span><i><span style=\"font-weight: 400;\">Stalingrado<\/span><\/i><span style=\"font-weight: 400;\"> di Vasilij Grossman (Adelphi) in compagnia di Pietro Tosco, Paolo Di Paolo e Giovanni Maddalena. I lettori di Vanchiglia incontreranno la scrittrice scozzese Cal Flyn e la giornalista statunitense Sarah Jaffe alla <\/span><b>Libreria del Golem<\/b><span style=\"font-weight: 400;\">; quelli del centro storico ascolteranno Giancarlo Pastore alla <\/span><b>Libreria Internazionale Luxemburg<\/b><span style=\"font-weight: 400;\">, ma anche Cristina Morales e Gianni Biondillo, Gian Andrea Cerone e Marco Vichi alla<\/span><b> Libreria Bodoni<\/b><span style=\"font-weight: 400;\">; mentre quelli di Borgo Vittoria Vito Montrone, Giuseppe Grinza, Caterina Venturini, Maria Elena Boero e Gianfranca Gastaldi alla <\/span><b>La piola libreria di Catia<\/b><span style=\"font-weight: 400;\">. Tra le tantissime librerie coinvolte &#8211; da scoprire o riscoprire &#8211; in citt\u00e0: <\/span><b>Libreria Il Ponte sulla Dora<\/b><span style=\"font-weight: 400;\"> (Borgo Rossini), <\/span><b>Libreria Fontana<\/b><span style=\"font-weight: 400;\"> (Centro), <\/span><b>Libreria La Montagna<\/b><span style=\"font-weight: 400;\"> (San Secondo),<\/span><b> Libreria Antiquaria La Casa Del Libro 1926 <\/b><span style=\"font-weight: 400;\">(Centro),<\/span><b> Libreria Angolo Manzoni <\/b><span style=\"font-weight: 400;\">(Quadrilatero), <\/span><b>Libreria Antiquaria Freddi <\/b><span style=\"font-weight: 400;\">(Centro), <\/span><b>Libreria Gulliver <\/b><span style=\"font-weight: 400;\">(Santa Rita), <\/span><b>Libreria La farfalla di Snipe<\/b><span style=\"font-weight: 400;\"> (Vanchiglia).\u00a0<\/span><\/p>\n<p><b>Un Salone Off per i pi\u00f9 piccoli<\/b><\/p>\n<p><span style=\"font-weight: 400;\">Anche quest\u2019anno il programma del Salone Off include svariati appuntamenti dedicati ai grandi lettori di domani. La Biblioteca Alliance Francaise accoglier\u00e0 il vincitore del premio Astrid Lindgren 2021 <\/span><b>Jean-Claude Mourlevat<\/b><span style=\"font-weight: 400;\"> in occasione della pubblicazione del suo ultimo volume <\/span><i><span style=\"font-weight: 400;\">Il fiume al contrario <\/span><\/i><span style=\"font-weight: 400;\">(Rizzoli). Venerd\u00ec 20 alla Biblioteca civica Natalia Ginzburg un momento speciale per bambine e bambini con la lettura-presentazione del libro <\/span><i><span style=\"font-weight: 400;\">Zhuan Chi nella foresta di bamb\u00f9 <\/span><\/i><span style=\"font-weight: 400;\">(Carthusia Edizioni) scritto da Elisabetta Garilli e illustrato da Emanuela Bussolati.\u00a0<\/span><\/p>\n<p><span style=\"font-weight: 400;\">Grande protagonista anche quest\u2019anno la <\/span><b>Libreria Le Altalene &#8211; Libri&amp;Caff\u00e8<\/b><span style=\"font-weight: 400;\"> situata nel quartiere Quadrilatero, che ospiter\u00e0 tra i tanti: un aperitivo con gli autori e gli illustratori che in 10 anni hanno collaborato con la Red Star Press Editore in compagnia di \u200b\u200bGiulia Anania; la lettura animata del libro <\/span><i><span style=\"font-weight: 400;\">Il t\u00e8 della nonna <\/span><\/i><span style=\"font-weight: 400;\">(Sinnos Editore) con l\u2019autrice Cristina Marsi e illustratrice Francesca Carabelli; la presentazione dell\u2019ultima uscita dell\u2019albo illustrato <\/span><i><span style=\"font-weight: 400;\">Il momento perfetto<\/span><\/i><span style=\"font-weight: 400;\"> (Glifo Edizioni), scritto da Susanna Isern ed illustrato da Marco Som\u00e0 che terr\u00e0 a seguire un laboratorio.\u00a0<\/span><\/p>\n<p><span style=\"font-weight: 400;\">Leggere con gli occhi, con le orecchie, con le mani e con il corpo intero: <\/span><b><i>Storie a sorpresa!<\/i><\/b> <span style=\"font-weight: 400;\">un momento speciale di letture ad alta voce per bambini dai 3 ai 6 anni avr\u00e0 luogo presso Area onlus &#8211; Centro di Documentazione e Ricerca sul Libro Accessibile; l\u2019ingresso \u00e8 gratuito su prenotazione. Si legger\u00e0 anche all\u2019interno dell\u2019evento <\/span><b><i>Leggermente in Famiglia<\/i><\/b><span style=\"font-weight: 400;\"> dedicati a bimbi 0-6 anni e famiglie con le letture animate di Le Fiabe di Beba alla Casa del Quartiere San Donato. Domenica 15 invece segner\u00e0 l\u2019 apertura dell\u2019A.S.D. Spazio Dispari &#8211; Piscina Carducci dedicata alle famiglie con bambini da 0 a 10 anni, si terranno due workshop su prenotazione dal titolo<\/span><b><i> Acquaticit\u00e0 e storie d\u2019acqua per bambini da zero a 10 anni<\/i><\/b><i><span style=\"font-weight: 400;\">.\u00a0<\/span><\/i><\/p>\n<p><b>Un Salone Off in mostra<\/b><\/p>\n<p><span style=\"font-weight: 400;\">Spaziano per temi, ambientazione, struttura, durata. Anche quest\u2019anno numerose mostre ed esposizioni attendono di essere scoperte. Mercoled\u00ec 18 presso il Polo del \u2018900, verr\u00e0 ufficialmente inaugurata<\/span><b><i> Pi\u00f9 moderno di ogni moderno. Le geografie di Pier Paolo Pasolini<\/i><\/b><span style=\"font-weight: 400;\"> di Bruno Zanzottera, dedicata a Pasolini, un punto di riferimento della cultura italiana e internazionale. Le immagini di Zanzottera ripercorrono alcuni dei luoghi che hanno segnato la vita personale e artistica di Pier Paolo Pasolini e sono accompagnate dalle parole \u2013 nelle interviste del giornalista di Radio Popolare Claudio Agostoni \u2013 di chi lo ha incontrato personalmente o conosciuto attraverso le sue opere. La mostra sar\u00e0 visitabile dal 19 al 30 maggio. Dal cinema alla musica, un percorso nell\u2019emozione del suono sar\u00e0 esperibile a Villa Amoretti \u2013 Biblioteca civica fino al 23 maggio grazie a <\/span><b><i>Vinile a 33 giri &#8211; 365 giorni in musica<\/i><\/b><span style=\"font-weight: 400;\">, un\u2019esposizione incentrata su immagini e musiche che sono state la colonna sonora di oltre mezzo secolo di cultura giovanile e non solo. La mostra \u00e8 a cura di Assemblea Teatro con il sostegno della Circoscrizione II ed \u00e8 accompagnata da alcuni incontri con Marinella Venegoni, Max Casacci e Maurizio Blatto. Ancora nell\u2019ambito delle iniziative Off,<\/span> <b><i>La pi\u00f9 grande biblioteca del mondo<\/i><\/b><span style=\"font-weight: 400;\">, mostra permanente all&#8217;aria aperta, ha preso vita nel quartiere Barriera di Milano, grazie a un intervento di riqualificazione urbana a colpi di street art e realt\u00e0 aumentata, ispirato alla figura e agli scritti del Sommo Poeta. Il progetto culturale \u00e8 promosso dal Centro Commerciale Porte di Torino di Nhood, societ\u00e0 di consulenza e servizi immobiliari a 360 gradi specializzata in progetti di riqualifica urbana, in collaborazione con MAU-Museo di Arte Urbana, Bepart Societ\u00e0 Cooperativa Impresa Sociale, MAUA-Museo di Arte Urbana Aumentata e l\u2019Agenzia 10EVENTI di Torino.\u00a0<\/span><\/p>\n<p><span style=\"font-weight: 400;\">Alcune esibizioni e incontri sono possibili grazie al prezioso lavoro della Fondazione Torino Musei<\/span><span style=\"font-weight: 400;\">: torna l\u2019attesissima <\/span><b><i>World Press Photo Exhibition 2022<\/i><\/b><span style=\"font-weight: 400;\"> questa volta tra le sale della GAM \u2013 Galleria Civica d\u2019Arte Moderna e Contemporanea di Torino, con i 134 scatti del pi\u00f9 importante concorso di fotogiornalismo al mondo che rimarranno visionabili fino al 18 settembre; al MAO &#8211; Museo d\u2019arte Orientale, il direttore del MAO Davide Quadrio e Ilaria Benini, editor collana Asia di add editore, racconteranno gli interstizi artistici e letterari dell&#8217;Asia tra storia e contemporaneit\u00e0 in occasione dell\u2019evento <\/span><b><i>Asian glitch: editare l&#8217;Asia in Europa<\/i><\/b><span style=\"font-weight: 400;\">; mentre Giovanni Carlo Federico Villa, direttore di Palazzo Madama, condurr\u00e0 sul luogo una visita guidata dal titolo <\/span><b><i>Un pomeriggio a Pompei<\/i><\/b><span style=\"font-weight: 400;\"> in occasione della mostra \u201cInvito a Pompei\u201d, intervallando l&#8217;analisi delle opere a letture tratte da fonti antiche e moderne che ne raccontano la vita quotidiana e il mito millenario.<\/span><\/p>\n<p><span style=\"font-weight: 400;\">Inoltre, dal 5 al 29 maggio \u00e8 disponibile presso ARTiglieria Con\/temporary Art Center il <\/span><b><i>Liquida Photofestival<\/i><\/b><span style=\"font-weight: 400;\"> curato da Paratissima, l\u2019esposizione vuole restituire lo stato della ricerca fotografica nelle sue diverse forme d\u2019espressione e dello stato dell\u2019immagine nel momento preciso della sua manifestazione, cercando di di dare voce ai nuovi talenti della fotografia contemporanea. Ancora nell\u2019universo della fotografia, l\u2019artista torinese Gabriele Zago esporr\u00e0 le sue ultime opere che indagano su popolazioni indigene a rischio di estinzione focalizzandosi su comunit\u00e0 che abitano alcune aree remote del pianeta, all\u2019interno di <\/span><b><i>Disantropica<\/i><\/b><span style=\"font-weight: 400;\">, un progetto fotografico visitabile alla Galleria Pirra.\u00a0<\/span><\/p>\n<p><span style=\"font-weight: 400;\">In zona Lingotto, presso Green Pea verr\u00e0 inaugurata sabato 21 la mostra <\/span><b><i>L\u2019Arte delle Api<\/i><\/b><span style=\"font-weight: 400;\"> che riporta le illustrazioni su carta fatta a mano donata dall&#8217;Impresa Sociale Enrico Magnani Pescia realizzate per la pubblicazione dell\u2019omonimo libro &#8211; presentato nella stessa giornata nella sala Punt e Mes di Eataly dall\u2019autrice Renata Manganelli (Edizioni Astragalo) &#8211; da L&#8217;Incontrario di Pistoia, progetto di integrazione per ragazzi con disabilit\u00e0; la mostra sar\u00e0 visitabile fino al 27 maggio. Ultima grande notizia, il <\/span><b>Museo Egizio<\/b><span style=\"font-weight: 400;\"> ha scelto di prolungare l\u2019apertura nelle giornate di venerd\u00ec 20 e sabato 21 maggio: sar\u00e0 possibile esplorare uno dei musei pi\u00f9 visitati di Torino con orario continuato dalle ore 9.00 alle 22.00.<\/span><\/p>\n<p><b>Un Salone Off speciale<\/b><\/p>\n<p><span style=\"font-weight: 400;\">Per tutti coloro che desiderano intervallare ai reading e alle presentazioni alcune attivit\u00e0 uniche nel loro genere, un marchio di fabbrica del Salone Off. Per il secondo anno consecutivo \u00e8 in programma il progetto di lettura <\/span><b><i>Il ballatoio \u2013 storie a domicilio<\/i><\/b><span style=\"font-weight: 400;\">, ideato da Ilaria Oddenino. I lettori di uno stesso condominio, quest\u2019anno del quartiere Aurora, hanno ricevuto, nell&#8217;anno fenogliano, una copia di <\/span><i><span style=\"font-weight: 400;\">Una questione privata<\/span><\/i><span style=\"font-weight: 400;\"> di Beppe Fenoglio, cos\u00ec da poterne parlare nei loro appartamenti, di fronte alle telecamere. La serata conclusiva aperta a tutti, si terr\u00e0 sabato 21 alle ore 21.00 presso la Casa del Quartiere Cecchi Point in compagnia della figlia dell\u2019autore Margherita Fenoglio. Il progetto \u00e8 in collaborazione con Einaudi e Centro Studi Beppe Fenoglio. L\u2019iniziativa <\/span><b><i>Pagine in corsia<\/i><\/b><span style=\"font-weight: 400;\"> invece quest\u2019anno promuover\u00e0 quattro appuntamenti, portando letture ad alta voce a Torino nel Centro territoriale &#8220;Faber&#8221; della ASL Circoscrizione 2, presso l&#8217;ambulatorio vaccinale dell&#8217;ospedale Giovanni Bosco e in quello pediatrico della Casa della Salute dei Bambini e dei Ragazzi (via Gorizia 112\/a) grazie ai volontari del Servizio Civile Universale e alle Biblioteche civiche torinesi, e presso la Biblioteca Pubblica dell\u2019Ospedale San Luigi \/ Parco dei Tulipani ad Orbassano dove il reading <\/span><i><span style=\"font-weight: 400;\">Il segreto del piccolo Newt <\/span><\/i><span style=\"font-weight: 400;\">sar\u00e0 curato da Assemblea Teatro e della Direzione dell\u2019A.O. San Luigi Gonzaga; <\/span><i><span style=\"font-weight: 400;\">Leggere \u00e8 una cura<\/span><\/i><span style=\"font-weight: 400;\"> \u00e8 il ciclo in cui si inserisce quest\u2019ultimo appuntamento voluto anche in memoria del Prof. Furlan, ideatore della prima Biblioteca pubblica in un ospedale in Italia. Un luogo atipico quello della presentazione di <\/span><b><i>Torino Diabolika. Piccolo Atlante dei luoghi arcani e misteriosi<\/i><\/b><i><span style=\"font-weight: 400;\">:<\/span><\/i> <span style=\"font-weight: 400;\">l\u2019autrice Daria Testoni e l\u2019editore Paolo Ranzani condurranno i presenti nel Cimitero Monumentale torinese narrando loro di personaggi sorprendenti e storie intriganti. L\u2019incontro \u00e8 a cura di Scritturapura Casa Editrice in collaborazione con Cimitero Monumentale\/Servizi Cimiteriali della Citt\u00e0 di Torino e con Staff in Lettura degli allievi della Scuola ODS coordinati da Stefania Giuliani; per informazioni arte-storia@cimiteritorino.it. Nella stessa location anche l\u2019incontro con <\/span><b>Paolo Morelli<\/b><span style=\"font-weight: 400;\"> che racconter\u00e0 ai presenti <\/span><i><span style=\"font-weight: 400;\">Pi\u00f9 di l\u00e0 che di qua<\/span><\/i><span style=\"font-weight: 400;\"> (Miraggi), un divertente viaggio in bicicletta con personaggi famosi\u2026nell&#8217;Aldil\u00e0!\u00a0<\/span><\/p>\n<p><span style=\"font-weight: 400;\">Ancora, in Piazza Emanuele Filiberto pi\u00f9 precisamente presso Oasi si terr\u00e0 un incontro con <\/span><b>Francesco La Rocca<\/b><span style=\"font-weight: 400;\">, \u200b\u200bautore di <\/span><i><span style=\"font-weight: 400;\">Interno Corte <\/span><\/i><span style=\"font-weight: 400;\">(Gallucci editore) a cui prender\u00e0 parte anche l\u2019illustratore e artista del romanzo <\/span><b>Moisi Guga<\/b><span style=\"font-weight: 400;\">, moderati da Roberto R. Ganzitti; al dialogo seguir\u00e0 l\u2019inaugurazione dell\u2019esposizione con le sue opere e una performance live dello stesso. L\u2019appuntamento \u00e8 al Torino Outlet Village domenica 22 alle ore 17.00 per assistere alla presentazione dei finalisti del <\/span><b>Premio Bancarella 2022<\/b><span style=\"font-weight: 400;\">, saranno mostrati in anteprima nazionale i libri dei sei finalisti, in loco sar\u00e0 possibile acquistare le copie e farle autografare. Infine, gli appuntamenti con le autrici del <\/span><b>Concorso letterario nazionale Lingua Madre<\/b><span style=\"font-weight: 400;\">, diretto a tutte le donne migranti (o di origine straniera) residenti in Italia, si terranno gioved\u00ec 19 alla Libreria Binaria e sabato 21 alla Biblioteca Dietrich Bonhoeffer e alla Libreria Trebisonda.\u00a0<\/span><\/p>\n<p><b>Un Salone Off in movimento<\/b><\/p>\n<p><span style=\"font-weight: 400;\">Chi si ferma \u00e8 perduto? La programmazione del Salone Off lascia ampio spazio a chi desidera rapportarsi alla cultura, in movimento. Alice Berti, Alessandra Rostagnotto e Holdenaccio, artisti Bao Publishing, guideranno nella serata di venerd\u00ec e sabato i partecipanti all\u2019evento &#8211; dotati di blocco e matita &#8211; in due passeggiate artistiche dal nome<\/span> <b><i>Il cielo su Torino \u00e8 pieno di nuvolette <\/i><\/b><span style=\"font-weight: 400;\">che partiranno dalla Libreria della Montagna e dalla Libreria Angolo Manzoni. Partir\u00e0 invece \u200b\u200bdal Duomo di Torino la <\/span><b><i>Passeggiata matematica<\/i><\/b> <span style=\"font-weight: 400;\">con la divulgatrice Silvia Benvenuti, in occasione della pubblicazione di <\/span><i><span style=\"font-weight: 400;\">In viaggio con i numeri. Dieci passeggiate per mateturisti curiosi<\/span><\/i><span style=\"font-weight: 400;\"> (Edt). L\u2019autrice sveler\u00e0 come dietro i capolavori dell\u2019architettura si nascondano segreti fatti di numeri, curve, geometrie e divine proporzioni; l\u2019appuntamento \u00e8 in collaborazione con EDT, Associazione culturale Luigi Lagrange, Libreria Bodoni. Un grande ritorno quello della <\/span><b><i>Caccia al Libro Digitale. Tra sentieri fisici e indizi virtuali<\/i><\/b><span style=\"font-weight: 400;\">, curata da Pagina37 in collaborazione con imperfect comunicazione; l\u2019obiettivo sar\u00e0 quello di scovare gli adesivi sparsi per la citt\u00e0 tra il 15 e il 21 maggio, scannerizzarli con lo smartphone e risolvere i relativi enigmi per poter vincere cinque biglietti omaggio al Salone. L\u2019appuntamento \u00e8 invece per venerd\u00ec 20 al Motovelodromo Fausto Coppi per unirsi a <\/span><b><i>Dal Vel\u00f2 al SalTO&#8230;tutti in bici! <\/i><\/b><span style=\"font-weight: 400;\">che porter\u00e0 tutti i ciclisti interessati fino al Lingotto dopo una merenda e la presentazione del volume <\/span><i><span style=\"font-weight: 400;\">Storia e Leggenda del Motovelodromo <\/span><\/i><span style=\"font-weight: 400;\">di Beppe Conti e del manuale illustrato <\/span><i><span style=\"font-weight: 400;\">Senza rotelle <\/span><\/i><span style=\"font-weight: 400;\">di Mario Ginevro. L\u2019evento \u00e8 a cura di Fiab Torino Bici&amp;Dintorni, in collaborazione con Motovelodromo Torino, Mo.ve Asd, Scritturapura Casa Editrice, Graphot Edizioni insieme a Circoscrizione 7, Comitato Pezzi di Motovelodromo e Greentoso ASD.<\/span><\/p>\n<p><b>Un Salone Off goloso<\/b><\/p>\n<p><span style=\"font-weight: 400;\">Dulcis in fundo, cedere a uno dei sette vizi capitali sar\u00e0 piuttosto semplice nei giorni del Salone Off, in cui si <\/span><span style=\"font-weight: 400;\">mescoleranno<\/span><span style=\"font-weight: 400;\"> magistralmente cibo e letteratura. <\/span><span style=\"font-weight: 400;\">Sar\u00e0 itinerante la cena gourmet Salone del Libro \u201cCuori selvaggi\u201d a bordo del <\/span><b>tram ristorante Gustotram<\/b><span style=\"font-weight: 400;\">; il men\u00f9 prevede piatti ispirati a ricette presenti in libri famosi, come ad esempio il timballo di maccheroni de<\/span><i><span style=\"font-weight: 400;\"> Il Gattopardo<\/span><\/i><span style=\"font-weight: 400;\"> di Tomasi di Lampedusa. Il viaggio gastronomico e letterario comincer\u00e0 venerd\u00ec 20 maggio, ore 21.00 da piazza Castello (per informazioni e \u200b\u200bprenotazioni servizituristici@gtt.to.it). Per chi si domanda quali siano gli ingredienti segreti delle grandi eroine letterarie c\u2019\u00e8 <\/span><b><i>Indomite in cucina &#8211; Le ricette amate da Hermione Granger, Katniss Everdeen, Lisbeth Salander (e tante altre)<\/i><\/b><span style=\"font-weight: 400;\">; l\u2019evento si terr\u00e0 venerd\u00ec 20 presso la Cookin\u2019Factory di Claudia Fraschini ed \u00e8 a cura di Trenta Editore. Su questo filone si \u00e8 tenuto sabato 14 uno showcooking con degustazione<\/span><b><i> In cucina con Carmilla<\/i><\/b><span style=\"font-weight: 400;\">, a cura di Elena Carmilla Albera in occasione della pubblicazione di Umami Profumo di mare (Nuova Ipsa Editore).<\/span><\/p>\n<p><span style=\"font-weight: 400;\">Il <\/span><b>programma completo<\/b><span style=\"font-weight: 400;\"> del Salone Off 2022 \u00e8 consultabile su salonelibro.it, selezionando &#8220;Eventi Salone Off&#8221;.<\/span> <span style=\"font-weight: 400;\">L\u2019accesso agli incontri sar\u00e0 regolato dalle disposizioni governative vigenti al momento.<\/span><\/p>\n<p><span style=\"font-weight: 400;\">Il <\/span><b>Salone Internazionale del Libro di Torino<\/b> <b>2022<\/b><span style=\"font-weight: 400;\"> \u00e8 un progetto di Associazione Torino, la Citt\u00e0 del Libro e Fondazione Circolo dei lettori, con il sostegno di Regione Piemonte, Citt\u00e0 di Torino, Fondazione Compagnia di San Paolo, Fondazione CRT, Associazione delle Fondazioni di origine bancaria del Piemonte, Camera di commercio industria artigianato e agricoltura di Torino, e di Centro per il libro e la lettura &#8211; MiC, Ministero della Cultura, MAECI Ministero degli affari esteri e della cooperazione internazionale, Italian Trade Agency ICE \u2013 Agenzia per la promozione all\u2019estero e l\u2019internazionalizzazione delle imprese italiane, Ministero dell\u2019Istruzione, Ministero dell\u2019Universit\u00e0 e della Ricerca, Fondazione con il Sud e Fondazione Sicilia.\u00a0<\/span><\/p>\n<p><span style=\"font-weight: 400;\">Main partner: Intesa Sanpaolo. Gold partner: Esselunga. Partner: Smat, Reale Mutua, Miele Italia, Iren, Lavazza, Guido Gobino. Partner Salone Off: Italgas &#8211; Heritage Lab Italgas, Torino Outlet Village. Food &amp; beverage partner: Yogi Tea, Rossopomodoro, HAM, Pacifik Poke. Con il contributo di: Museimpresa. Main Media Partner: Rai.<\/span><\/p>\n<p><b>Tutti i partner del Salone Off sono presenti nel programma online del Salone Off.<\/b><\/p>\n<p><img loading=\"lazy\" decoding=\"async\" class=\"alignleft size-large wp-image-74440\" src=\"http:\/\/www.gdapress.it\/it\/..\/public\/it\/2022\/05\/Manifesto_4-3_Tavola_disegno_1-500x375.jpg\" alt=\"\" width=\"500\" height=\"375\" srcset=\"https:\/\/www.gdapress.it\/it\/..\/public\/it\/2022\/05\/Manifesto_4-3_Tavola_disegno_1-500x375.jpg 500w, https:\/\/www.gdapress.it\/it\/..\/public\/it\/2022\/05\/Manifesto_4-3_Tavola_disegno_1-300x225.jpg 300w, https:\/\/www.gdapress.it\/it\/..\/public\/it\/2022\/05\/Manifesto_4-3_Tavola_disegno_1-768x576.jpg 768w, https:\/\/www.gdapress.it\/it\/..\/public\/it\/2022\/05\/Manifesto_4-3_Tavola_disegno_1.jpg 800w\" sizes=\"auto, (max-width: 500px) 100vw, 500px\" \/><\/p>\n","protected":false},"excerpt":{"rendered":"<p>Salone Off 2022\u00a0 Torna la grande festa del libro tra Torino, la Citt\u00e0 Metropolitana e tutta la Regione XVIII edizione | fino al 24 maggio La XVIII edizione del Salone Off &#8211; la grande festa del libro diffusa nei quartieri delle otto Circoscrizioni della Citt\u00e0 di Torino, in diversi Comuni della Citt\u00e0 Metropolitana e in &hellip; <a href=\"https:\/\/www.gdapress.it\/it\/index.php\/74438\/libri\/salone-del-libro-2022.html\" class=\"more-link\">Read more <span class=\"screen-reader-text\">SALONE DEL LIBRO 2022<\/span><\/a><\/p>\n","protected":false},"author":2,"featured_media":74440,"comment_status":"closed","ping_status":"open","sticky":false,"template":"","format":"standard","meta":{"footnotes":""},"categories":[6],"tags":[2581,40,26250,29],"class_list":["post-74438","post","type-post","status-publish","format-standard","has-post-thumbnail","hentry","category-libri","tag-regione-piemonte","tag-salone","tag-salone-del-libro-2022","tag-torino"],"_links":{"self":[{"href":"https:\/\/www.gdapress.it\/it\/index.php\/wp-json\/wp\/v2\/posts\/74438","targetHints":{"allow":["GET"]}}],"collection":[{"href":"https:\/\/www.gdapress.it\/it\/index.php\/wp-json\/wp\/v2\/posts"}],"about":[{"href":"https:\/\/www.gdapress.it\/it\/index.php\/wp-json\/wp\/v2\/types\/post"}],"author":[{"embeddable":true,"href":"https:\/\/www.gdapress.it\/it\/index.php\/wp-json\/wp\/v2\/users\/2"}],"replies":[{"embeddable":true,"href":"https:\/\/www.gdapress.it\/it\/index.php\/wp-json\/wp\/v2\/comments?post=74438"}],"version-history":[{"count":1,"href":"https:\/\/www.gdapress.it\/it\/index.php\/wp-json\/wp\/v2\/posts\/74438\/revisions"}],"predecessor-version":[{"id":74441,"href":"https:\/\/www.gdapress.it\/it\/index.php\/wp-json\/wp\/v2\/posts\/74438\/revisions\/74441"}],"wp:featuredmedia":[{"embeddable":true,"href":"https:\/\/www.gdapress.it\/it\/index.php\/wp-json\/wp\/v2\/media\/74440"}],"wp:attachment":[{"href":"https:\/\/www.gdapress.it\/it\/index.php\/wp-json\/wp\/v2\/media?parent=74438"}],"wp:term":[{"taxonomy":"category","embeddable":true,"href":"https:\/\/www.gdapress.it\/it\/index.php\/wp-json\/wp\/v2\/categories?post=74438"},{"taxonomy":"post_tag","embeddable":true,"href":"https:\/\/www.gdapress.it\/it\/index.php\/wp-json\/wp\/v2\/tags?post=74438"}],"curies":[{"name":"wp","href":"https:\/\/api.w.org\/{rel}","templated":true}]}}