
{"id":74132,"date":"2020-10-09T10:18:26","date_gmt":"2020-10-09T08:18:26","guid":{"rendered":"http:\/\/www.gdapress.it\/it\/?p=74132"},"modified":"2020-10-09T10:18:26","modified_gmt":"2020-10-09T08:18:26","slug":"natale-2020-giovanni-cova-c-celebra-il-divin-pittore-raffaello-con-pinacoteca-ambrosiana-e-pinacoteca-di-brera","status":"publish","type":"post","link":"https:\/\/www.gdapress.it\/it\/index.php\/74132\/enogastronomia\/natale-2020-giovanni-cova-c-celebra-il-divin-pittore-raffaello-con-pinacoteca-ambrosiana-e-pinacoteca-di-brera.html","title":{"rendered":"NATALE 2020: GIOVANNI COVA &#038; C. CELEBRA IL \u201cDIVIN PITTORE\u201d RAFFAELLO  CON PINACOTECA AMBROSIANA E PINACOTECA DI BRERA"},"content":{"rendered":"<p class=\"x_MsoTitleCxSpFirst\" align=\"center\"><b>NATALE 2020: GIOVANNI COVA &amp; C. CELEBRA IL \u201cDIVIN PITTORE\u201d RAFFAELLO<\/b><\/p>\n<p class=\"x_MsoTitleCxSpLast\" align=\"center\"><b>CON PINACOTECA AMBROSIANA E PINACOTECA DI BRERA<img loading=\"lazy\" decoding=\"async\" class=\"alignleft size-large wp-image-74133\" src=\"http:\/\/www.gdapress.it\/it\/..\/public\/it\/2020\/10\/da-sx-Mons.-Rocca-James-Bradburne-e-Andrea-Muzzi--500x375.jpg\" alt=\"\" width=\"500\" height=\"375\" srcset=\"https:\/\/www.gdapress.it\/it\/..\/public\/it\/2020\/10\/da-sx-Mons.-Rocca-James-Bradburne-e-Andrea-Muzzi--500x375.jpg 500w, https:\/\/www.gdapress.it\/it\/..\/public\/it\/2020\/10\/da-sx-Mons.-Rocca-James-Bradburne-e-Andrea-Muzzi--300x225.jpg 300w, https:\/\/www.gdapress.it\/it\/..\/public\/it\/2020\/10\/da-sx-Mons.-Rocca-James-Bradburne-e-Andrea-Muzzi--768x576.jpg 768w, https:\/\/www.gdapress.it\/it\/..\/public\/it\/2020\/10\/da-sx-Mons.-Rocca-James-Bradburne-e-Andrea-Muzzi-.jpg 1024w\" sizes=\"auto, (max-width: 500px) 100vw, 500px\" \/><\/b><\/p>\n<h2 align=\"center\">Il Panettone diventa il simbolo gastronomico della ripartenza post pandemia<\/h2>\n<p class=\"x_MsoNormal\" align=\"center\"><i>\u00a0<\/i><\/p>\n<p class=\"x_MsoNormal\" align=\"center\"><i>Natale 2020: la pasticceria Giovanni Cova &amp; C. con la nuova linea di esclusivi Panettoni, celebra Raffaello in occasione dei 500 anni dalla sua morte. I suoi capolavori e il suo inconfondibile tratto prendono vita negli incarti dei dolci natalizi, restituendo storia e bellezza. Un\u2019iniziativa di grande levatura artistica, resa possibile grazie alla collaborazione con la Pinacoteca Ambrosiana e la Pinacoteca di Brera, unite straordinariamente per le celebrazioni di Raffaello.<\/i><\/p>\n<p class=\"x_MsoNormal\">500 anni fa moriva Raffaello, il\u00a0<i>divin pittore<\/i>, genio del Rinascimento e con l\u2019ambizione di riaffermare una nuova normalit\u00e0 riprendono anche le sue celebrazioni nel Mondo e in Italia. Il grande talento di Raffaello Sanzio ci ha regalato un percorso artistico senza precedenti che verr\u00e0 appunto sottolineato anche nelle elegantissime confezioni che racchiudono i panettoni della storica pasticceria Giovanni Cova &amp; C.<\/p>\n<p class=\"x_MsoNormal\">Con il mondo sconvolto dalla pandemia, le mostre dedicate a Raffaello sono state temporaneamente chiuse e nella comune volont\u00e0 di ristabilire la giusta attenzione al genio urbinate, la Giovanni Cova &amp; C., grazie anche alla preziosa partecipazione delle Pinacoteche, si \u00e8 resa promotrice di una nuova forma di collaborazione tra istituzioni pubblico\/privati e impresa.<\/p>\n<p class=\"x_MsoNormal\">&#8220;<i>Da alcuni anni abbiamo intrapreso un percorso di valorizzazione del patrimonio artistico italiano, soprattutto legato alle eccellenze milanesi perch\u00e9 ogni nostro prodotto emoziona e vogliamo continuare a generare questi sentimenti, con nuove esperienze sensoriali.\u00a0<\/i>&#8211; confida Andrea Muzzi AD di Giovanni Cova &amp; C.<i>\u00a0&#8211; La pandemia ha stravolto le nostre vite, i nostri programmi \u2013\u00a0<\/i>e continua<i>\u00a0\u2013 possiamo ancora riappropriarci dei piaceri della vita e pensare a come valorizzare le eccellenze e i talenti italiani attraverso l\u2019arte pasticcera, anche in questo momento storico difficile\u201d.<\/i><\/p>\n<p class=\"x_MsoNormal\">La LINEA RAFFAELLO \u00e8 un viaggio tra gusto e bellezza, dove le opere si fondono con la tradizione di Giovanni Cova &amp; C., icona dell\u2019artigianalit\u00e0 nella pasticceria milanese, selezionatrice non solo di ingredienti e materie prime, ma anche maestra nella realizzazione di packaging raffinati, esclusivi e riconoscibili.<\/p>\n<p class=\"x_MsoNormal\">\u00c8 custodito da oltre 400 anni in Pinacoteca Ambrosiana il meraviglioso\u00a0<b>Cartone preparatorio de: \u201cla Scuola di Atene\u201d<\/b>\u00a0di Raffaello, il simbolo della perfezione pittorica nel mondo, dipinto nella Stanza della segnatura in Vaticano, recentemente al centro di un importante restauro, durato quattro anni, che ha riportato in luce l&#8217;originaria bellezza dell&#8217;opera. La sua riproduzione racchiude il Panettone GRANCIOCCOLATO\u00ae, con granella di nocciole, mentre il Panettone CLASSICO premiato con le Tre Stelle dall\u2019 International Taste and Quality Institute, \u00e8 avvolto nella riproduzione dell\u2019opera di Raffaello<b>\u00a0\u201cLo Sposalizio della Vergine\u201d\u00a0<\/b>che si trova alla Pinacoteca di Brera, capolavoro che sancisce l\u2019ingresso del giovanissimo urbinate nell\u2019Olimpo della grande arte.<\/p>\n<p class=\"x_MsoNormal\">Ad impreziosire ogni singola confezione, in regalo un libro con la descrizione esclusiva delle opere realizzato a cura delle due pinacoteche milanesi, proposto assieme a\u00a0<b>sei coupon di sconto del valore di 30 euro complessivi, utilizzabili per l\u2019ingresso alle mostre da dicembre 2020 a giugno 2021<\/b>; un\u2019azione unica e destinata a fare da apripista nel rilancio del sistema culturale ed artistico nazionale post Covid.<\/p>\n<p class=\"x_MsoNormal\">Il Panettone, dolce milanese ed italiano per eccellenza che ci rappresenta in tutto il mondo, frutto della tradizione pasticcera di Giovanni Cova &amp; C., contribuir\u00e0 a far riscoprire un intero capitolo del Rinascimento italiano e della sua arte, per promuovere anche in questo periodo di distanziamento fisico la cultura.<\/p>\n<p class=\"x_MsoNormal\"><b>\u00a0<\/b><\/p>\n<p class=\"x_MsoNormal\"><b>LA STORIA DI GIOVANNI COVA &amp; C., LA PASTICCERIA EMBLEMA DI MILANO, IN VIA CUSANI, 10.<\/b><\/p>\n<p class=\"x_MsoNormal\">La storia ebbe inizio nel 1930 quando due pasticcieri, Agostino Panigada e Giovanni Cova, aprirono un laboratorio dolciario in Viale Monza, a Milano, eredi di una tradizione pasticcera che ben presto si diffuse in tutto il mondo. A sottolineare il primato del \u201cpanettone di lusso\u201d, all\u2019epoca furono affissi manifesti pubblicitari che raccontavano per immagini la storia del meraviglioso dolce lievitato, il cui logo raffigurava una vistosa corona regale, la stessa che continua a brillare sul marchio ancora oggi. La famiglia Muzzi attualmente \u00e8 proprietaria del famoso brand di pasticceria, che quest\u2019anno festeggia il 90mo dalla sua fondazione.<\/p>\n<p class=\"x_MsoNormal\"><b>\u00a0<\/b><\/p>\n<p class=\"x_MsoNormal\"><b>LA COLLABORAZIONE TRA LA GIOVANNI COVA &amp; C. E LE PINACOTECHE MILANESI\u00a0<\/b><\/p>\n<p class=\"x_MsoNormal\">\u201cDal 1609, la Veneranda Biblioteca Ambrosiana, edificata da Federico Borromeo nel centro geometrico della citta\u0300 di Milano, e\u0300 un punto di riferimento per tutti coloro che sono alla ricerca del vero e del bello. Con le sue prestigiose collezioni di manoscritti e rarissimi stampati, oltre alla pinacoteca, \u00e8 il museo pi\u00f9 antico della citt\u00e0.<\/p>\n<p class=\"x_MsoNormal\">L\u2019Ambrosiana e\u0300 da sempre luogo di incontro e di ricerca, confronto e collaborazione con le realt\u00e0\u0300 culturali, istituzionali e imprenditoriali.<\/p>\n<p class=\"x_MsoNormal\">Per il secondo anno consecutivo, \u00e8 lieta di collaborare con la Giovanni Cova &amp; C., il cui marchio e\u0300 garanzia di un prodotto dolciario di alta pasticceria e di rigorosa tradizione milanese, e il 2020, dedicato all\u2019anniversario di Raffaello, diventa un\u2019occasione per affiancare la Pinacoteca di Brera, custode di un\u2019altra preziosa tavola del Maestro di Urbino.<\/p>\n<p class=\"x_MsoNormal\">Con modalit\u00e0\u0300 innovative, ancora una volta arte, cultura e tradizione, nelle loro molteplici e variegate forme, trovano modo di raccontarsi a vicenda, narrando insieme le meraviglie che Milano sa offrire\u201d.<\/p>\n<p class=\"x_MsoNormal\" align=\"right\"><b>Mons. Marco Ballarini &#8211; Prefetto dell\u2019Ambrosiana<\/b><\/p>\n<p class=\"x_MsoNormal\">\n<p class=\"x_MsoNormal\">\u201cNegli ultimi anni la Pinacoteca di Brera ha dimostrato che forme di collaborazione tra pubblico e privato, volte alla valorizzazione del patrimonio artistico, non sono solo possibili, ma indispensabili per un museo che ambisca a rinnovarsi e a mantenere la sua vocazione internazionale.<\/p>\n<p class=\"x_MsoNormal\">L\u2019iniziativa con la Giovanni Cova &amp; C. celebra in forma alternativa a quelle tradizionali, uno dei massimi capolavori della collezione braidense, lo \u201cSposalizio della Vergine\u201d nell\u2019anno della ricorrenza dell\u2019artista, per legare la Pinacoteca a un marchio d\u2019eccellenza.<\/p>\n<p class=\"x_MsoNormal\">Questa collaborazione e\u0300 inoltre una vicenda profondamente \u201cmilanese\u201d: da una parte perch\u00e9 pone Brera in contatto con la storia dell\u2019arte pasticcera cittadina, dall\u2019altra per consentire al museo di collaborare con un altro luogo nevralgico della cultura milanese, la Pinacoteca Ambrosiana\u201d.<\/p>\n<p class=\"x_MsoNormal\" align=\"right\"><b>James Bradburne &#8211; Direttore Pinacoteca di Brera<\/b><\/p>\n","protected":false},"excerpt":{"rendered":"<p>NATALE 2020: GIOVANNI COVA &amp; C. CELEBRA IL \u201cDIVIN PITTORE\u201d RAFFAELLO CON PINACOTECA AMBROSIANA E PINACOTECA DI BRERA Il Panettone diventa il simbolo gastronomico della ripartenza post pandemia \u00a0 Natale 2020: la pasticceria Giovanni Cova &amp; C. con la nuova linea di esclusivi Panettoni, celebra Raffaello in occasione dei 500 anni dalla sua morte. I &hellip; <a href=\"https:\/\/www.gdapress.it\/it\/index.php\/74132\/enogastronomia\/natale-2020-giovanni-cova-c-celebra-il-divin-pittore-raffaello-con-pinacoteca-ambrosiana-e-pinacoteca-di-brera.html\" class=\"more-link\">Read more <span class=\"screen-reader-text\">NATALE 2020: GIOVANNI COVA &#038; C. CELEBRA IL \u201cDIVIN PITTORE\u201d RAFFAELLO  CON PINACOTECA AMBROSIANA E PINACOTECA DI BRERA<\/span><\/a><\/p>\n","protected":false},"author":2,"featured_media":74133,"comment_status":"closed","ping_status":"open","sticky":false,"template":"","format":"standard","meta":{"footnotes":""},"categories":[20],"tags":[25695,25710,20680,26092,26093,26094,26091,1745,1117,8597],"class_list":["post-74132","post","type-post","status-publish","format-standard","has-post-thumbnail","hentry","category-enogastronomia","tag-andrea-muzzi","tag-giovanni-cova-c","tag-james-bradburne","tag-linea-raffaello","tag-mons-marco-ballarini","tag-mons-rocca","tag-natale-2020","tag-panettone","tag-pinacoteca-ambrosiana","tag-pinacoteca-di-brera"],"_links":{"self":[{"href":"https:\/\/www.gdapress.it\/it\/index.php\/wp-json\/wp\/v2\/posts\/74132","targetHints":{"allow":["GET"]}}],"collection":[{"href":"https:\/\/www.gdapress.it\/it\/index.php\/wp-json\/wp\/v2\/posts"}],"about":[{"href":"https:\/\/www.gdapress.it\/it\/index.php\/wp-json\/wp\/v2\/types\/post"}],"author":[{"embeddable":true,"href":"https:\/\/www.gdapress.it\/it\/index.php\/wp-json\/wp\/v2\/users\/2"}],"replies":[{"embeddable":true,"href":"https:\/\/www.gdapress.it\/it\/index.php\/wp-json\/wp\/v2\/comments?post=74132"}],"version-history":[{"count":1,"href":"https:\/\/www.gdapress.it\/it\/index.php\/wp-json\/wp\/v2\/posts\/74132\/revisions"}],"predecessor-version":[{"id":74134,"href":"https:\/\/www.gdapress.it\/it\/index.php\/wp-json\/wp\/v2\/posts\/74132\/revisions\/74134"}],"wp:featuredmedia":[{"embeddable":true,"href":"https:\/\/www.gdapress.it\/it\/index.php\/wp-json\/wp\/v2\/media\/74133"}],"wp:attachment":[{"href":"https:\/\/www.gdapress.it\/it\/index.php\/wp-json\/wp\/v2\/media?parent=74132"}],"wp:term":[{"taxonomy":"category","embeddable":true,"href":"https:\/\/www.gdapress.it\/it\/index.php\/wp-json\/wp\/v2\/categories?post=74132"},{"taxonomy":"post_tag","embeddable":true,"href":"https:\/\/www.gdapress.it\/it\/index.php\/wp-json\/wp\/v2\/tags?post=74132"}],"curies":[{"name":"wp","href":"https:\/\/api.w.org\/{rel}","templated":true}]}}