
{"id":73908,"date":"2020-08-02T13:34:09","date_gmt":"2020-08-02T11:34:09","guid":{"rendered":"http:\/\/www.gdapress.it\/it\/?p=73908"},"modified":"2020-08-02T13:34:09","modified_gmt":"2020-08-02T11:34:09","slug":"goffredo-palmerini-racconta-unitalia-pre-pandemia-in-italia-ante-covid","status":"publish","type":"post","link":"https:\/\/www.gdapress.it\/it\/index.php\/73908\/libri\/goffredo-palmerini-racconta-unitalia-pre-pandemia-in-italia-ante-covid.html","title":{"rendered":"Goffredo Palmerini racconta un\u2019Italia pre-pandemia  in \u201cItalia ante Covid\t\u201c"},"content":{"rendered":"<p><img loading=\"lazy\" decoding=\"async\" class=\"alignleft size-full wp-image-73909\" src=\"http:\/\/www.gdapress.it\/it\/..\/public\/it\/2020\/08\/thumbnail_Italia-ante-Covid.png\" alt=\"\" width=\"428\" height=\"553\" srcset=\"https:\/\/www.gdapress.it\/it\/..\/public\/it\/2020\/08\/thumbnail_Italia-ante-Covid.png 428w, https:\/\/www.gdapress.it\/it\/..\/public\/it\/2020\/08\/thumbnail_Italia-ante-Covid-232x300.png 232w, https:\/\/www.gdapress.it\/it\/..\/public\/it\/2020\/08\/thumbnail_Italia-ante-Covid-310x400.png 310w\" sizes=\"auto, (max-width: 428px) 100vw, 428px\" \/><\/p>\n<p>Sembra un tempo lontano, invece \u00e8 appena qualche mese fa.<\/p>\n<p>Lo sconvolgimento mondiale del Coronavirus ha portato ad una accelerazione tale da creare uno spartiacque tra prima e un dopo ancora tutto da scrivere<\/p>\n<p>Quasi due \u201cere\u201d, da un giorno all\u2019altro.<\/p>\n<p>L\u2019edizione speciale di Goffredo Palmerini racconta un\u2019Italia pre-pandemia, quella \u201ca volto scoperto\u201d dove fluiscono le emozioni, gli avvenimenti, la storia che si intreccia tra dentro e fuori il Paese<\/p>\n<p>L\u2019autore costruisce una rete tra le persone incontrate e intervistate, legate da una speciale relazione che non \u00e8 quella di appartenere ad un luogo di nascita ma a un luogo di valori. Memoria di un mondo pre-Covid, senza distanziamento sociale, dove il senso di comunit\u00e0, soprattutto per chi \u00e8 italiano all\u2019estero, \u00e8 forte e salvifico.<\/p>\n<p>Il nuovo lavoro di Goffredo Palmerini regala la possibilit\u00e0 di viaggiare con la mente in luoghi e storie lontane. Oltre la piacevolezza delle parole che scorrono leggere e profonde, la lettura del libro porta a perdersi nello spirito che si respirava nei paesi d\u2019Abruzzo di una volta, dove ci si sentiva vicini e simili pur nelle differenze.<\/p>\n<p>Italia, America del Sud e Nord e poi ancora storie di connazionali all\u2019estero misconosciute che ricalcano le orme delle migliaia di conterranei partiti decine e decine di anni fa alla ricerca del successo, non priva di sofferenze e bruschi distacchi.<\/p>\n<p>Il volume, 374 pagine, una veste grafica particolarmente curata e 301 splendide immagini in bianco e nero a corredo dei capitoli, ha un prezzo di copertina anch\u2019esso davvero speciale (15 Euro). ONE GROUP EDIZIONI<\/p>\n<p>PREFAZIONE di Benedetta Rinaldi * giornalista e conduttrice televisiva<\/p>\n<p>\u201cSolo gli occhi di un innamorato sanno vedere tracce dell\u2019amata in ogni minimo dettaglio, per gli altri magari minuscolo o insignificante. Questa nuova fatica letteraria di Goffredo Palmerini, amico prima che giornalista e scrittore, \u00e8 l\u2019ennesima dichiarazione d\u2019amore alla terra d\u2019Abruzzo che \u00e8 stata, \u00e8 e sar\u00e0 la sua amata.<\/p>\n<p>Goffredo in questo suo libro ci porta per mano a conoscere il \u201csuo\u201d Abruzzo. Lo fa gentilmente ma anche in maniera imprevedibile fra passato e presente, fra Italia e America del Sud e del Nord, ad esempio nel dietro le quinte delle divertenti ed attesissime parate del Columbus day negli Stati Uniti e nei meandri spesso complicati della ricostruzione post terremoto dell\u2019Aquila, ancora in attesa di completare la sua lunga rinascita che \u2013 sono certa \u2013 la restituir\u00e0 al mondo nella sua rinnovata e rinvigorita bellezza.<\/p>\n<p>L\u2019occhio attento di Goffredo Palmerini scova storie di abruzzesi all\u2019estero ancora misconosciute: giovani della nuova emigrazione che ricalcano, seppur con modi e professioni diverse, le orme delle migliaia di conterranei partiti decine e decine di anni fa. Racconti di inventiva e di successo, non privi di sofferenze e bruschi distacchi. Ma il futuro, si sa, \u00e8 di corto respiro se dimentico del passato: cos\u00ec l\u2019autore va indietro nel tempo a rintracciare vite di semplici contadini, di soldati, di servitori dello Stato, di artisti e pensatori che, in Abruzzo o fuori dai suoi variegati confini, hanno dato impulsi importanti ai settori di cui sono occupati.<\/p>\n<p>Un libro apparentemente di cronache varie che si addolcisce spesso e volentieri in narrazione e che si scioglie talvolta in canto d\u2019amore. Questa variet\u00e0 stilistica sta nel fatto, a mio avviso, che \u00e8 impossibile catalogare sia la passione sia i linguaggi con cui la si pu\u00f2 esprimere. E questo suo ulteriore lavoro \u00e8 di fatto un inno all\u2019abruzzesit\u00e0: severa e schiva, tenace e generosa, tanto sorprendente nei risultati quanto discreta nella pubblicizzazione di essi.\u201d\u2026..<\/p>\n<p>Goffredo Palmerini\u00a0 <em>\u00e8 nato a L\u2019Aquila nel 1948<\/em><em>. <\/em><\/p>\n<p><em>Scrive su giornali e riviste in Italia e sulla stampa italiana all\u2019estero. Suoi articoli sono ospitati su molte testate in Argentina, Australia, Belgio, Brasile, Canada, Cile, Danimarca, Francia, Germania, Gran Bretagna, Lussemburgo, Messico, Per\u00f9, Repubblica Dominicana, Spagna, Stati Uniti, Svezia, Svizzera, Sud Africa, Uruguay e Venezuela.\u00c8 in redazione presso numerose testate giornalistiche in Italia e, come collaboratore e corrispondente, sulla stampa italiana all\u2019estero \u2013 America Oggi (Usa), La Gazzetta (Brasile), i-Italy (Usa), La Voce (Canada), La Voce d\u2019Italia (Venezuela), Mare nostrum (Spagna), L\u2019altra Italia (Svizzera), La Voce alternativa (Gran Bretagna). Collabora inoltre con le Agenzie internazionali Aise, Inform, ComUnica.<\/em><\/p>\n<p><em>Ha pubblicato i volumi\u00a0Oltre confine\u00a0(2007),\u00a0Abruzzo Gran Riserva\u00a0(2008),\u00a0L\u2019Aquila nel Mondo\u00a0(2010),\u00a0L\u2019Altra Italia\u00a0(2012),\u00a0L\u2019Italia dei sogni\u00a0(2014),\u00a0Le radici e le ali\u00a0(2016),\u00a0L\u2019Italia nel cuore\u00a0(2017)\u00a0Grand Tour a volo d\u2019Aquila\u00a0(2018). Nel 2008 gli \u00e8 stato tributato il Premio Internazionale \u201cGuerriero di Capestrano\u201d per il suo contributo alla diffusione della cultura abruzzese nel mondo. Nel 2014 ha ricevuto a Lecce il Premio Speciale \u201cNelson Mandela\u201d per i Diritti Umani.Vincitore nel 2007 del XXXI Premio Internazionale Emigrazione per la sezione Giornalismo, gli sono poi stati conferiti, sempre per l\u2019attivit\u00e0 giornalistica: il Premio internazionale \u201cGaetano Scardocchia\u201d (2017) con Medaglia del Presidente della Repubblica, il Premio nazionale \u201cMaria Grazia Cutuli\u201d (2017), il Premio internazionale \u201cFontane di Roma\u201d (2018). Gli sono stati inolte conferiti Premi alla Cultura a Roccamorice (2014), Galatone (2016), Letino, Spoleto e Montefiore Conca (2019).\u00a0Da alcuni anni svolge un\u2019intensa attivit\u00e0 con le comunit\u00e0 italiane all\u2019estero. Studioso di emigrazione, \u00e8 componente del Comitato scientifico internazionale e uno degli Autori del \u201cDizionario Enciclopedico delle Migrazioni Italiane nel Mondo\u201d (ed. SER-Migrantes, 2014).<\/em><\/p>\n<p><em>goffredo.palmerini@gmail.com<\/em><\/p>\n<p>&nbsp;<\/p>\n","protected":false},"excerpt":{"rendered":"<p>Sembra un tempo lontano, invece \u00e8 appena qualche mese fa. Lo sconvolgimento mondiale del Coronavirus ha portato ad una accelerazione tale da creare uno spartiacque tra prima e un dopo ancora tutto da scrivere Quasi due \u201cere\u201d, da un giorno all\u2019altro. L\u2019edizione speciale di Goffredo Palmerini racconta un\u2019Italia pre-pandemia, quella \u201ca volto scoperto\u201d dove fluiscono &hellip; <a href=\"https:\/\/www.gdapress.it\/it\/index.php\/73908\/libri\/goffredo-palmerini-racconta-unitalia-pre-pandemia-in-italia-ante-covid.html\" class=\"more-link\">Read more <span class=\"screen-reader-text\">Goffredo Palmerini racconta un\u2019Italia pre-pandemia  in \u201cItalia ante Covid\t\u201c<\/span><\/a><\/p>\n","protected":false},"author":2,"featured_media":73909,"comment_status":"closed","ping_status":"open","sticky":false,"template":"","format":"standard","meta":{"footnotes":""},"categories":[6],"tags":[35,7710,26000,1052,26001],"class_list":["post-73908","post","type-post","status-publish","format-standard","has-post-thumbnail","hentry","category-libri","tag-abbruzzo","tag-goffredo-palmerini","tag-italia-ante-covid","tag-laquila","tag-one-group-edizioni"],"_links":{"self":[{"href":"https:\/\/www.gdapress.it\/it\/index.php\/wp-json\/wp\/v2\/posts\/73908","targetHints":{"allow":["GET"]}}],"collection":[{"href":"https:\/\/www.gdapress.it\/it\/index.php\/wp-json\/wp\/v2\/posts"}],"about":[{"href":"https:\/\/www.gdapress.it\/it\/index.php\/wp-json\/wp\/v2\/types\/post"}],"author":[{"embeddable":true,"href":"https:\/\/www.gdapress.it\/it\/index.php\/wp-json\/wp\/v2\/users\/2"}],"replies":[{"embeddable":true,"href":"https:\/\/www.gdapress.it\/it\/index.php\/wp-json\/wp\/v2\/comments?post=73908"}],"version-history":[{"count":1,"href":"https:\/\/www.gdapress.it\/it\/index.php\/wp-json\/wp\/v2\/posts\/73908\/revisions"}],"predecessor-version":[{"id":73911,"href":"https:\/\/www.gdapress.it\/it\/index.php\/wp-json\/wp\/v2\/posts\/73908\/revisions\/73911"}],"wp:featuredmedia":[{"embeddable":true,"href":"https:\/\/www.gdapress.it\/it\/index.php\/wp-json\/wp\/v2\/media\/73909"}],"wp:attachment":[{"href":"https:\/\/www.gdapress.it\/it\/index.php\/wp-json\/wp\/v2\/media?parent=73908"}],"wp:term":[{"taxonomy":"category","embeddable":true,"href":"https:\/\/www.gdapress.it\/it\/index.php\/wp-json\/wp\/v2\/categories?post=73908"},{"taxonomy":"post_tag","embeddable":true,"href":"https:\/\/www.gdapress.it\/it\/index.php\/wp-json\/wp\/v2\/tags?post=73908"}],"curies":[{"name":"wp","href":"https:\/\/api.w.org\/{rel}","templated":true}]}}