
{"id":73809,"date":"2020-01-16T17:45:02","date_gmt":"2020-01-16T15:45:02","guid":{"rendered":"http:\/\/www.gdapress.it\/it\/?p=73809"},"modified":"2020-01-16T17:45:02","modified_gmt":"2020-01-16T15:45:02","slug":"laverdi-vienna-classica-haydn-e-mozart","status":"publish","type":"post","link":"https:\/\/www.gdapress.it\/it\/index.php\/73809\/musica\/laverdi-vienna-classica-haydn-e-mozart.html","title":{"rendered":"laVerdi Vienna Classica  Haydn e Mozart"},"content":{"rendered":"<p><img loading=\"lazy\" decoding=\"async\" class=\"alignleft size-large wp-image-73810\" src=\"http:\/\/www.gdapress.it\/it\/..\/public\/it\/2020\/01\/Luca-Stocco-primo-oboe-de-laVerdi-foto-Paolo-Dalprato-1-500x333.jpg\" alt=\"\" width=\"500\" height=\"333\" srcset=\"https:\/\/www.gdapress.it\/it\/..\/public\/it\/2020\/01\/Luca-Stocco-primo-oboe-de-laVerdi-foto-Paolo-Dalprato-1-500x333.jpg 500w, https:\/\/www.gdapress.it\/it\/..\/public\/it\/2020\/01\/Luca-Stocco-primo-oboe-de-laVerdi-foto-Paolo-Dalprato-1-300x200.jpg 300w, https:\/\/www.gdapress.it\/it\/..\/public\/it\/2020\/01\/Luca-Stocco-primo-oboe-de-laVerdi-foto-Paolo-Dalprato-1-768x512.jpg 768w, https:\/\/www.gdapress.it\/it\/..\/public\/it\/2020\/01\/Luca-Stocco-primo-oboe-de-laVerdi-foto-Paolo-Dalprato-1-720x480.jpg 720w, https:\/\/www.gdapress.it\/it\/..\/public\/it\/2020\/01\/Luca-Stocco-primo-oboe-de-laVerdi-foto-Paolo-Dalprato-1-272x182.jpg 272w, https:\/\/www.gdapress.it\/it\/..\/public\/it\/2020\/01\/Luca-Stocco-primo-oboe-de-laVerdi-foto-Paolo-Dalprato-1.jpg 800w\" sizes=\"auto, (max-width: 500px) 100vw, 500px\" \/><\/p>\n<p><strong>Stagione Sinfonica 2019\/20<\/strong><\/p>\n<p><strong><em>Vienna Classica<\/em><\/strong><\/p>\n<p><strong>Haydn e Mozart<\/strong><\/p>\n<p><strong>Con Luca Stocco e Patrick Fournillier<\/strong><\/p>\n<p><strong>Gioved\u00ec 16 gennaio <\/strong>2020<strong>, ore 20.30<\/strong><\/p>\n<p><strong>Venerd\u00ec 17 gennaio <\/strong>2020,<strong> ore 20.00<\/strong><\/p>\n<p><strong>Domenica 19 gennaio <\/strong>2020<strong>, ore 16.00<\/strong><\/p>\n<p><strong>Auditorium di Milano, largo Mahler<\/strong><\/p>\n<p><strong>Franz Joseph Haydn<\/strong> Sinfonia n.49 in Fa minore \u201cLa Passione\u201d<\/p>\n<p><strong>Wolfgang Amadeus Mozart <\/strong>Concerto per oboe in Do maggiore K 314<\/p>\n<p><strong>Wolfgang Amadeus Mozart <\/strong>Sinfonia n.38 in Re maggiore K 504 \u201cPraga\u201d<\/p>\n<p><strong>Oboe <\/strong>Luca<strong> Stocco<\/strong><\/p>\n<p><strong>Orchestra Sinfonica di Milano Giuseppe Verdi<\/strong><\/p>\n<p><strong>Direttore<\/strong> Patrick <strong>Fournillier<\/strong><\/p>\n<p>&nbsp;<\/p>\n<p>Un\u2019accoppiata targata laVerdi: Luca <strong>Stocco<\/strong>, Primo Oboe dell\u2019<strong>Orchestra Sinfonica di Milano Giuseppe Verd<\/strong>i, e il suo Direttore Principale Ospite, Patrick<strong> Fournillier<\/strong>, sono i protagonisti dei concerti di <strong>gioved\u00ec 16 gennaio <\/strong>(<strong>ore 20.30<\/strong>), <strong>venerd\u00ec 17 gennaio<\/strong> (<strong>ore 20.00<\/strong>) e <strong>domenica 19 gennaio <\/strong>(<strong>ore 16.00<\/strong>).<\/p>\n<p>Un programma che vede in primo piano un\u2019altra accoppiata vincente: Wolfgang Amadeus <strong>Mozart<\/strong> e Franz Joseph <strong>Haydn<\/strong>, i due Classici per eccellenza, il Settecento maturo in musica.<\/p>\n<p>L\u2019Auditorium di Largo Mahler risuona cos\u00ec di tre gemme del repertorio settecentesco: la <strong>Sinfonia n.49 in Fa minore<\/strong> di Franz Joseph <strong>Haydn<\/strong>, padre del classicismo musicale, e due perle mozartiane: il <strong>Concerto per oboe in Do maggiore K 314<\/strong> e la <strong>Sinfonia n.38 in Re maggiore K 504<\/strong>, chiamata \u201c<strong>Praga<\/strong>\u201d poich\u00e9 eseguita per la prima volta nella capitale boema, al Teatro Nazionale Nostitz, il 19 Gennaio 1787, esattamente 232 anni fa.<\/p>\n<p>La parte solistica del Concerto per Oboe di Mozart \u00e8 affidata a <strong>Luca Stocco<\/strong>, prima parte dell\u2019Orchestra e ben conosciuto dal pubblico dell\u2019Auditorium, replicando cos\u00ec la volont\u00e0 del compositore, che, nel 1777, volle dedicare l\u2019opera al primo oboe dell\u2019orchestra di Salisburgo, da lui diretta.<\/p>\n<p>A dirigere l\u2019Orchestra Sinfonica di Milano torna il Maestro francese <strong>Patrick Fournillier<\/strong>, da sempre abilissimo a confrontarsi con la trasparenza e l\u2019equilibrio formale di questo repertorio, protagonista di quattro appuntamenti nel corso della stagione 2019\/2020 dell\u2019Orchestra Sinfonica di Milano Giuseppe Verdi e sempre acclamato dal pubblico de laVerdi.<\/p>\n<p>&nbsp;<\/p>\n<p><strong>Conferenza<\/strong><\/p>\n<p>Il concerto di <strong>gioved\u00ec 16 gennaio <\/strong>sar\u00e0 preceduto alle <strong>ore 18.00<\/strong> dalla conferenza introduttiva \u201c<strong>Il continente Sinfonia. 2 \u2013 La Vienna di Haydn e Mozart<\/strong>\u201d, in collaborazione con con l\u2019Universit\u00e0 Cattolica del Sacro Cuore. <strong>Relatore<\/strong> Martino <strong>Tosi<\/strong>. Foyer della balconata dell\u2019Auditorium. <strong>Ingresso libero<\/strong>.<\/p>\n<p><strong>Biglietti<\/strong>: euro 15.00\/36.00; Info e prenotazioni: Auditorium di Milano Fondazione Cariplo, largo Mahler; orari d\u2019apertura: mar\/dom, ore 10.00\/ 19.00. Tel. 02.83389401\/2.<\/p>\n<p>on line: <a href=\"http:\/\/www.laverdi.org\">www.laverdi.org<\/a> \/ <a href=\"http:\/\/www.vivaticket.it\">www.vivaticket.it<\/a> .<\/p>\n<p>&nbsp;<\/p>\n<p><strong>Programma<\/strong><\/p>\n<p>La <strong>sinfonia n. 49<\/strong> \u201c<strong>La Passione<\/strong>\u201d fa parte del gruppo di lavori orchestrali cui Haydn lavor\u00f2 tra 1768 e il 1780. Come spesso accade, plurime sono le possibili ragioni di tale appellativo: \u00e8 possibile che derivi dal fatto che essa sia l&#8217;ultima delle sinfonie di Haydn che adottano la forma della &#8220;sonata da chiesa&#8221;, con un movimento lento in apertura. Ma \u00e8 anche possibile che questo nome derivi dall\u2019intensa emotivit\u00e0 che questa composizione evoca in chi ascolta, quasi presagendo la cifra espressiva dello <em>Sturm und Drang<\/em>, movimento estetico e letterario certo ancora <em>in nuce<\/em> in quegli anni, ma in qualche modo gi\u00e0 presente. Il titolo, come nel caso delle altre sinfonie che ne portano uno, non proviene da Haydn. \u00c8 attestato da un&#8217;unica fonte musicale, utilizzata per un&#8217;esecuzione che si tenne, nel corso della Settimana Santa del 1790, nella citt\u00e0 tedesca di Schwerin (dalla quale era bandita, in quell&#8217;occasione, ogni musica profana).<\/p>\n<p>In ogni caso, il clima che si respira in questa sinfonia \u00e8 serioso, a tratti drammatico, come attestano le cupe tonalit\u00e0 minori e le condotte armoniche ricche di tensioni e di accordi dissonanti.<\/p>\n<p>Va detto che\u201cLa Passione\u201d, in questo programma, va a costituire un eccellente <em>pendant <\/em>con la <strong>sinfonia n.38 in Re maggiore K 504<\/strong>, conosciuta come<strong> \u201cPraga\u201d<\/strong> di Mozart, anch\u2019essa connotata da un atteggiamento patetico, che, per dirla con Hermann Abert, uno dei principali biografi di Mozart, \u00e8 lampante sintomo che \u00abLa sua concezione del mondo si allontan\u00f2 poco a poco da quanto lo circondava e la sua arte divenne sempre pi\u00f9 soggettiva; il lato passionale, &#8220;demoniaco&#8221; della sua natura prese il sopravvento, come dimostra peraltro l&#8217;arricchimento armonico e contrappuntistico della sua scrittura\u00bb.<\/p>\n<p>Datata 1786, del resto, la Sinfonia porta questo titolo per via del grande successo che riscosse nella capitale ceca, dove aveva trovato quel favore del pubblico che non riusciva a ottenere a Vienna, dove il suo sostentamento continuava a basarsi essenzialmente sulle lezioni private.<\/p>\n<p>A completare questo dittico dalle tinte forti, un lavoro mozartiano datato 1777, il <strong>Concerto per oboe in Do Maggiore<\/strong>, che il compositore dedic\u00f2 all\u2019oboista bergamasco Giuseppe Ferlendis, membro dell\u2019orchestra imperiale di Salisburgo, di cui Mozart fu direttore musicale. Un lavoro nel pieno stile della musica da intrattenimento, dotato di una freschezza e una spigliatezza melodica assolutamente uniche e le cui cadenze possono essere erette a modello di questa forma musicale.<\/p>\n<p>&nbsp;<\/p>\n<p><strong>Biografie<\/strong><\/p>\n<p><strong>Luca Stocco <\/strong><em>Oboe<\/em><\/p>\n<p>Luca Stocco inizia gli studi nel \u201894 con il Maestro Giovanni Brianti al Conservatorio Giuseppe Verdi di Milano diplomandosi con il massimo dei voti. Successivamente frequenta il Conservatorio della Svizzera Italiana a Lugano (CH) con il professore Hans Elhorst diplomandosi con lode nel 2007. Dal \u201999 al 2003 frequenta vari corsi e master con il maestro Luca Vignali (primo oboe del teatro dell&#8217;Opera di Roma). \u2028 Dal 2004 ha collaborato nei ruoli di primo\/secondo oboe e corno inglese nelle seguenti orchestre: Orchestra &#8220;Guido Cantelli&#8221; di Milano, Orchestra dell&#8217;Universit\u00e0 degli Studi di Milano, Orchestra Filarmonica Italiana, Orchestra del Teatro di Alessandria, Orchestra Internazionale d\u2019Italia, Orchestra Sinfonica di San Remo, Orchestra Sinfonica di Roma, Orchestra \u201cCherubini&#8221;, Orchestra del Teatro dell&#8217;Opera di Roma, Orchestra Sinfonica Giuseppe Verdi di Milano, Orchestra da Camera Salzburg Chamber Solist. \u2028 Nel 2008 vince il concorso per co-principal nell&#8217;Orchestra Nazionale Estone a Tallinn, ruolo che ricoprir\u00e0 per la stagione 2008-2009. \u2028 Con queste orchestre \u00e9 stato diretto da direttori come Riccardo Chailly, Riccardo Muti, Paavo Jarvii, Donato Renzetti, Neville Marriner, Helmuth Rilling, Gustav Kuhn, Milan Turkovic, Karl Martin, John Axelrod, Xian Zhang, Enrico Dindo, Salvatore Accardo e Fabio Luisi.\u2028 Nel 2014 ha tenuto come docente una Masterclass di oboe al Festival Fiati del Conservatorio &#8220;G.Cantelli&#8221; di Novara e nell&#8217;estate del 2015 una Masterclass ad Alghero. Ha registrato CD per varie etichette tra cui Naxos e Decca. Con quest\u2019ultima \u00e8 uscita L&#8217;Elegia per oboe e pianoforte di Nino Rota. \u2028 Attualmente svolge il ruolo di primo oboe nell&#8217;Orchestra Sinfonica Giuseppe Verdi di Milano.<\/p>\n<p>&nbsp;<\/p>\n<p><strong>Patrick Fournillier<\/strong> <em>Direttore<\/em><\/p>\n<p>Direttore assistente dell\u2019Orchestre National de Lille, diventa successivamente direttore musicale della Sinfonietta de Picardie. Dal 1988 \u00e8 stato direttore musicale dell\u2019Op\u00e9ra di Saint-\u00c9tienne e dal 1990 cofondatore della Biennale Massenet, di cui \u00e8 stato direttore musicale fino al 2006, contribuendo alla riscoperta di numerose opere del compositore, tra cui Amadis (cd), Esclarmonde (cd), Th\u00e9r\u00e8se, Cl\u00e9op\u00e2tre (cd), Gris\u00e9lidis (cd), Panurge, Roma, H\u00e9rodiade (dvd), Tha\u00efs, Cendrillon, il balletto La cigale e l\u2019oratorio La Vierge (cd). All\u2019Op\u00e9ra di Saint-Etienne ha diretto opere del grande repertorio italiano e francese come Un ballo in maschera, Otello, Rigoletto, La Traviata, Il barbiere di Siviglia, Norma, Carmen, Les Dialogues des Carm\u00e9lites. Dal 1996 al 2001 \u00e8 stato direttore musicale dell\u2019Orchestra sinfonica Arturo Toscanini di Parma, con cui ha diretto tutto il grande repertorio sinfonico.\u00a0 Ha partecipato alla creazione del Festival Verdi per il Centenario della morte del compositore (2001). \u00c8 regolarmente invitato a dirigere le pi\u00f9 importanti orchestre internazionali e quelle dei Teatri pi\u00f9 prestigiosi, quali l\u2019Orchestre Philharmonique de Radio France, la Deutsche Oper di Berlino, la Bayerische Staatsoper, l\u2019Orchestre national de Belgique, la BBC Symphony Orchestra, l\u2019Orchestre de la Suisse Romande, l\u2019Orchestra del Teatro alla Scala di Milano, l\u2019Orchestra dell\u2019Opera di Los Angeles, il Concertgebouw di Amsterdam, il Metropolitan di New York, laVerdi di Milano. Nel 1989 viene scelto per dirigere il concerto di gala per la riapertura dell\u2019Op\u00e9ra Comique di Parigi con l\u2019Orchestra dell\u2019Opera Nazionale parigina. Nel 1991, Riccardo Muti lo invita a dirigere La Muette de Portici di Auber al Festival di Ravenna. Diriger\u00e0 poi Manon alla Staatsoper di Berlino e all\u2019Op\u00e9ra di Nizza, Medea al Festival di Martina Franca, Lakm\u00e9 al Concertgebouw di Amsterdam, La Sonnambula e La Boh\u00e8me all\u2019Opera di Roma, l\u2019Orchestra Nazionale cinese a Pechino. Nel 2009 dirige Cyrano de Bergerac a Valencia (dvd) e al Th\u00e9\u00e2tre du Ch\u00e2telet con Pl\u00e1cido Domingo; seguono Carmen all\u2019Arena di Verona, Tosca al Teatro La Fenice, e nel 2010 Le Nozze di Figaro e Hamlet all\u2019Opera di Washington, Les Contes d\u2019Hoffmann al Metropolitan New York e all\u2019Opera di San Francisco.\u00a0 Nel 2011 dirige Carmen con laVerdi di Milano per la stagione inaugurale della nuova Royal Opera di Muscat in Oman, nel 2014 L\u2019\u00c9toile di Chabrier all\u2019Opera Nazionale olandese ad Amsterdam. E poi Don Giovanni, La Damnation de Faust e Carmen alla SemperOper di Dresda; Iphig\u00e9nie en Tauride, Turandot e Tha\u00efs a Valencia; Hamlet e Louise all\u2019Opera du Rhin a Strasburgo; La Traviata a Ravenna; Lucia di Lammermoor e Carmen a Stoccarda; Rigoletto al Teatro Regio di Torino; Rigoletto, La Traviata, Don Quichotte e Carmen al Teatro Regio di Torino; Tha\u00efs all\u2019Opera di Los Angeles di nuovo con P. Domingo (DVD), Manon Lescaut a Varsavia e a Dresda; Aida ad Amsterdam e Mannheim; Carmen, Werther e Don Pasquale all\u2019Opera di Oslo&#8230; Molto interessato alle creazioni di autori contemporanei, ha diretto opere di Andr\u00e9 Jolivet, Henri Dutilleux, Fran\u00e7ois-Bernard M\u00e2che, Luciano Berio, Quatre-Vingt-Treize di Antoine Duhamel per il bicentenario della Rivoluzione francese. Debutta alla Scala nel 1994 con il balletto L\u2019Histoire de Manon. Successivamente dirige Il rosso e il nero con le musiche di Berlioz (1995), Faust di Gounod (1997), Ondine di Hans-Werner Henze (2000), Cyrano di Bergerac di Alfano (2008) e Giselle nella tourn\u00e9e scaligera a Parigi nel gennaio-febbraio 2015 e poi in Scala. Nel 2016, dirige Concerti con la Filarmonica di Bogot\u00e0, con l\u2019Orchestra del San Carlo di Napoli, con la Filarmonica di Varsavia, con laVerdi di Milano; a registrato un cd di Musica Francese con L\u2019Orchestra National di Russia a Moscova; ha diretto Tha\u00efs al Festival di Salisburgo con Placido Domingo ed a Helsinki, Rigoletto a Bogot\u00e0, prima di tornare alla Scala per Giselle e Romeo &amp; Giulietta. Tra i suoi prossimi progetti: Carmen a Helsinki ed Hamburgo, Tha\u00efs al Gran Teatreidel Liceu a Barcellona; Concerti con la London Symphony, il Concertgebouw d\u2019Amsterdam, la StaatsKapelle di Dresden, la Philadelphia, laVerdi di Milano; Manon a San Francisco e a Bilbao, Pelleas &amp; M\u00e9lisande a Varsavia, Il Trovatore ad Helsinki.<\/p>\n","protected":false},"excerpt":{"rendered":"<p>Stagione Sinfonica 2019\/20 Vienna Classica Haydn e Mozart Con Luca Stocco e Patrick Fournillier Gioved\u00ec 16 gennaio 2020, ore 20.30 Venerd\u00ec 17 gennaio 2020, ore 20.00 Domenica 19 gennaio 2020, ore 16.00 Auditorium di Milano, largo Mahler Franz Joseph Haydn Sinfonia n.49 in Fa minore \u201cLa Passione\u201d Wolfgang Amadeus Mozart Concerto per oboe in Do &hellip; <a href=\"https:\/\/www.gdapress.it\/it\/index.php\/73809\/musica\/laverdi-vienna-classica-haydn-e-mozart.html\" class=\"more-link\">Read more <span class=\"screen-reader-text\">laVerdi Vienna Classica  Haydn e Mozart<\/span><\/a><\/p>\n","protected":false},"author":2,"featured_media":73810,"comment_status":"closed","ping_status":"open","sticky":false,"template":"","format":"standard","meta":{"footnotes":""},"categories":[19],"tags":[12530,14788,1494,25946,2915,19420],"class_list":["post-73809","post","type-post","status-publish","format-standard","has-post-thumbnail","hentry","category-musica","tag-auditorium-di-milano","tag-haydn","tag-laverdi","tag-luca-stocco","tag-mozart","tag-patrick-fournillier"],"_links":{"self":[{"href":"https:\/\/www.gdapress.it\/it\/index.php\/wp-json\/wp\/v2\/posts\/73809","targetHints":{"allow":["GET"]}}],"collection":[{"href":"https:\/\/www.gdapress.it\/it\/index.php\/wp-json\/wp\/v2\/posts"}],"about":[{"href":"https:\/\/www.gdapress.it\/it\/index.php\/wp-json\/wp\/v2\/types\/post"}],"author":[{"embeddable":true,"href":"https:\/\/www.gdapress.it\/it\/index.php\/wp-json\/wp\/v2\/users\/2"}],"replies":[{"embeddable":true,"href":"https:\/\/www.gdapress.it\/it\/index.php\/wp-json\/wp\/v2\/comments?post=73809"}],"version-history":[{"count":1,"href":"https:\/\/www.gdapress.it\/it\/index.php\/wp-json\/wp\/v2\/posts\/73809\/revisions"}],"predecessor-version":[{"id":73811,"href":"https:\/\/www.gdapress.it\/it\/index.php\/wp-json\/wp\/v2\/posts\/73809\/revisions\/73811"}],"wp:featuredmedia":[{"embeddable":true,"href":"https:\/\/www.gdapress.it\/it\/index.php\/wp-json\/wp\/v2\/media\/73810"}],"wp:attachment":[{"href":"https:\/\/www.gdapress.it\/it\/index.php\/wp-json\/wp\/v2\/media?parent=73809"}],"wp:term":[{"taxonomy":"category","embeddable":true,"href":"https:\/\/www.gdapress.it\/it\/index.php\/wp-json\/wp\/v2\/categories?post=73809"},{"taxonomy":"post_tag","embeddable":true,"href":"https:\/\/www.gdapress.it\/it\/index.php\/wp-json\/wp\/v2\/tags?post=73809"}],"curies":[{"name":"wp","href":"https:\/\/api.w.org\/{rel}","templated":true}]}}