
{"id":73780,"date":"2020-01-14T12:40:13","date_gmt":"2020-01-14T10:40:13","guid":{"rendered":"http:\/\/www.gdapress.it\/it\/?p=73780"},"modified":"2020-01-14T12:40:13","modified_gmt":"2020-01-14T10:40:13","slug":"teatro-i-milano-cantico-dei-cantici-roberto-latini","status":"publish","type":"post","link":"https:\/\/www.gdapress.it\/it\/index.php\/73780\/teatro\/teatro-i-milano-cantico-dei-cantici-roberto-latini.html","title":{"rendered":"Teatro i  Milano CANTICO DEI CANTICI Roberto Latini"},"content":{"rendered":"<p><u><img loading=\"lazy\" decoding=\"async\" class=\"alignleft size-large wp-image-73781\" src=\"http:\/\/www.gdapress.it\/it\/..\/public\/it\/2020\/01\/Fortebraccio-Teatro-IL-CANTICO-DEI-CANTICI-2-\u00a9Angelo-Maggio-500x333.jpg\" alt=\"\" width=\"500\" height=\"333\" srcset=\"https:\/\/www.gdapress.it\/it\/..\/public\/it\/2020\/01\/Fortebraccio-Teatro-IL-CANTICO-DEI-CANTICI-2-\u00a9Angelo-Maggio-500x333.jpg 500w, https:\/\/www.gdapress.it\/it\/..\/public\/it\/2020\/01\/Fortebraccio-Teatro-IL-CANTICO-DEI-CANTICI-2-\u00a9Angelo-Maggio-300x200.jpg 300w, https:\/\/www.gdapress.it\/it\/..\/public\/it\/2020\/01\/Fortebraccio-Teatro-IL-CANTICO-DEI-CANTICI-2-\u00a9Angelo-Maggio-768x511.jpg 768w, https:\/\/www.gdapress.it\/it\/..\/public\/it\/2020\/01\/Fortebraccio-Teatro-IL-CANTICO-DEI-CANTICI-2-\u00a9Angelo-Maggio-720x480.jpg 720w, https:\/\/www.gdapress.it\/it\/..\/public\/it\/2020\/01\/Fortebraccio-Teatro-IL-CANTICO-DEI-CANTICI-2-\u00a9Angelo-Maggio-272x182.jpg 272w, https:\/\/www.gdapress.it\/it\/..\/public\/it\/2020\/01\/Fortebraccio-Teatro-IL-CANTICO-DEI-CANTICI-2-\u00a9Angelo-Maggio.jpg 1500w\" sizes=\"auto, (max-width: 500px) 100vw, 500px\" \/> <img loading=\"lazy\" decoding=\"async\" class=\"alignleft size-full wp-image-73782\" src=\"http:\/\/www.gdapress.it\/it\/..\/public\/it\/2020\/01\/81468756_2611302245655709_3512263210575069184_o.jpg\" alt=\"\" width=\"522\" height=\"200\" srcset=\"https:\/\/www.gdapress.it\/it\/..\/public\/it\/2020\/01\/81468756_2611302245655709_3512263210575069184_o.jpg 522w, https:\/\/www.gdapress.it\/it\/..\/public\/it\/2020\/01\/81468756_2611302245655709_3512263210575069184_o-300x115.jpg 300w, https:\/\/www.gdapress.it\/it\/..\/public\/it\/2020\/01\/81468756_2611302245655709_3512263210575069184_o-500x192.jpg 500w\" sizes=\"auto, (max-width: 522px) 100vw, 522px\" \/>Dal 14 al 16 gennaio 2020 <\/u><\/p>\n<p><strong>CANTICO DEI CANTICI<\/strong><\/p>\n<p>adattamento, regia e con Roberto Latini<\/p>\n<p>musiche e suono Gianluca Misiti<\/p>\n<p>luci e tecnica Max Mugnai<\/p>\n<p>produzione Fortebraccio Teatro Compagnia Lombardi &#8211; Tiezzi<\/p>\n<p>con il sostegno di Armunia Festival Costa degli Etruschi<\/p>\n<p><em>Dopo la pausa natalizia, la stagione di Teatro i riparte dalla rilettura di uno dei testi pi\u00f9 antichi di tutte le letterature, <strong>CANTICO DEI CANTICI<\/strong>, adattato drammaturgicamente, diretto e interpretato da Roberto Latini, con le musiche di Gianluca Misiti, entrambi vincitori del Premio Ubu nel 2017: il primo come miglior attore o performer, il secondo come miglior progetto sonoro o musiche originali. Una produzione Fortebraccio Teatro Compagnia Lombardi \u2013 Tiezzi, con il sostegno di Armunia Festival Costa degli Etruschi.<\/em><\/p>\n<p>Il Cantico dei Cantici \u00e8 uno dei testi pi\u00f9 antichi di tutte le letterature. Pervaso di dolcezza e accudimento, di profumi e immaginazioni, \u00e8 uno dei pi\u00f9 importanti, forse uno dei pi\u00f9 misteriosi; un inno alla bellezza, insieme timida e reclamante, un bolero tra ascolto e relazione, astrazioni e concretezza, un balsamo per corpo e spirito.\u202f Se lo si legge senza riferimenti religiosi e interpretativi, smettendo possibili altre chiavi di lettura, rinunciando a parallelismi, quasi incoscientemente, se lo si dice senza pretesa di cercare altri significati, se si prova a non far caso a chi \u00e8 che parla, ma solo a quel che dice, senza badare a quale sia la divisione dei capitoli, le parti, se si prova a stare nel suo movimento interno, nella sua sospensione, pu\u00f2 apparirci all\u2019improvviso, col suo profumo, come in una dimensione onirica, non di sogno, ma di quel mondo, forse parallelo, forse precedente, dove i sogni e le parole ci scelgono e accompagnano. Non ho tradotto alla lettera le parole, sebbene abbia cercato di rimanervi il pi\u00f9 fedele possibile. Ho tradotto alla lettera la sensazione, il sentimento, che mi ha sempre procurato leggere queste pagine. Ho cercato di assecondarne il tempo, tempo del respiro, della voce e le sue temperature.\u202f Ho cercato di non trattenere le parole, per poterle dire, di andarle poi a cercare in giro per il corpo, di averle l\u00ec nei pressi, addosso, intorno; ho provato a camminarci accanto, a prendergli la mano, ho chiuso gli occhi e, senza peso, a dormirci insieme.<\/p>\n<p><em>Roberto Latini<\/em><\/p>\n<p><strong><em>Roberto Latini<\/em><\/strong><em> \u00e8 attore, autore e regista. Si \u00e8 formato a Roma presso il Mulino di Fiora, Studio di Recitazione e di Ricerca teatrale diretto da Perla Peragallo, dove si \u00e8 diplomato nel 1992.\u00a0 Si \u00e8 laureato discutendo una tesi in metodologia e critica dello spettacolo presso la Facolt\u00e0 di Lettere e Filosofia dell&#8217;Universit\u00e0 degli Studi di Roma La Sapienza. \u00c8 il fondatore della compagnia Fortebraccio Teatro. Ha diretto il Teatro San Martino di Bologna dal 2007 alla primavera del 2012. Accanto ad una intensa e personalissima attivit\u00e0 di ricerca teatrale, dalle possibilit\u00e0 dell&#8217;amplificazione alle sperimentazioni sulla scrittura scenica, ha nel tempo lavorato, tra gli altri, con Mario Martone, Aleksandar Popovskj, Federico Tiezzi, Sandro Lombardi, Antonio Latella. Ha ricevuto il premio Sipario nell&#8217;edizione 2011, il premio Ubu 2014 come miglior attore, il premio della Critica 2015, il premio Ubu 2017 come miglior attore o performer per lo spettacolo Cantico dei Cantici<\/em><\/p>\n<p><strong><u>Dal 14 al 16 gennaio 2020<\/u><\/strong><\/p>\n<p><strong>Teatro i<\/strong><\/p>\n<p>Via Gaudenzio Ferrari 11, Milano<\/p>\n<p>02 8323156<\/p>\n<p>www.teatroi.org<\/p>\n<p><strong>Orari spettacolo<\/strong><\/p>\n<p>Marted\u00ec, Gioved\u00ec ore 21<\/p>\n<p>Mercoled\u00ec, ore 19:30<\/p>\n<p><strong>Prezzo biglietto<\/strong><\/p>\n<p>18\/7\u20ac<\/p>\n<p>&nbsp;<\/p>\n<p>&nbsp;<\/p>\n","protected":false},"excerpt":{"rendered":"<p>Dal 14 al 16 gennaio 2020 CANTICO DEI CANTICI adattamento, regia e con Roberto Latini musiche e suono Gianluca Misiti luci e tecnica Max Mugnai produzione Fortebraccio Teatro Compagnia Lombardi &#8211; Tiezzi con il sostegno di Armunia Festival Costa degli Etruschi Dopo la pausa natalizia, la stagione di Teatro i riparte dalla rilettura di uno &hellip; <a href=\"https:\/\/www.gdapress.it\/it\/index.php\/73780\/teatro\/teatro-i-milano-cantico-dei-cantici-roberto-latini.html\" class=\"more-link\">Read more <span class=\"screen-reader-text\">Teatro i  Milano CANTICO DEI CANTICI Roberto Latini<\/span><\/a><\/p>\n","protected":false},"author":2,"featured_media":73782,"comment_status":"closed","ping_status":"open","sticky":false,"template":"","format":"standard","meta":{"footnotes":""},"categories":[1],"tags":[25919,17,25920,13869],"class_list":["post-73780","post","type-post","status-publish","format-standard","has-post-thumbnail","hentry","category-teatro","tag-cantico-dei-cantici","tag-milano","tag-roberto-latini","tag-teatro-i"],"_links":{"self":[{"href":"https:\/\/www.gdapress.it\/it\/index.php\/wp-json\/wp\/v2\/posts\/73780","targetHints":{"allow":["GET"]}}],"collection":[{"href":"https:\/\/www.gdapress.it\/it\/index.php\/wp-json\/wp\/v2\/posts"}],"about":[{"href":"https:\/\/www.gdapress.it\/it\/index.php\/wp-json\/wp\/v2\/types\/post"}],"author":[{"embeddable":true,"href":"https:\/\/www.gdapress.it\/it\/index.php\/wp-json\/wp\/v2\/users\/2"}],"replies":[{"embeddable":true,"href":"https:\/\/www.gdapress.it\/it\/index.php\/wp-json\/wp\/v2\/comments?post=73780"}],"version-history":[{"count":1,"href":"https:\/\/www.gdapress.it\/it\/index.php\/wp-json\/wp\/v2\/posts\/73780\/revisions"}],"predecessor-version":[{"id":73783,"href":"https:\/\/www.gdapress.it\/it\/index.php\/wp-json\/wp\/v2\/posts\/73780\/revisions\/73783"}],"wp:featuredmedia":[{"embeddable":true,"href":"https:\/\/www.gdapress.it\/it\/index.php\/wp-json\/wp\/v2\/media\/73782"}],"wp:attachment":[{"href":"https:\/\/www.gdapress.it\/it\/index.php\/wp-json\/wp\/v2\/media?parent=73780"}],"wp:term":[{"taxonomy":"category","embeddable":true,"href":"https:\/\/www.gdapress.it\/it\/index.php\/wp-json\/wp\/v2\/categories?post=73780"},{"taxonomy":"post_tag","embeddable":true,"href":"https:\/\/www.gdapress.it\/it\/index.php\/wp-json\/wp\/v2\/tags?post=73780"}],"curies":[{"name":"wp","href":"https:\/\/api.w.org\/{rel}","templated":true}]}}