
{"id":73621,"date":"2020-01-02T10:37:41","date_gmt":"2020-01-02T08:37:41","guid":{"rendered":"http:\/\/www.gdapress.it\/it\/?p=73621"},"modified":"2020-01-02T10:37:41","modified_gmt":"2020-01-02T08:37:41","slug":"elfo-puccini-cinemalteatro-family-cola-degli-abissi-phoebe-zeitgeist","status":"publish","type":"post","link":"https:\/\/www.gdapress.it\/it\/index.php\/73621\/spettacoli\/elfo-puccini-cinemalteatro-family-cola-degli-abissi-phoebe-zeitgeist.html","title":{"rendered":"Elfo Puccini Cinemalteatro family\u00a0Cola degli abissi Phoebe Zeitgeist"},"content":{"rendered":"<p><img loading=\"lazy\" decoding=\"async\" class=\"alignleft size-large wp-image-73622\" src=\"http:\/\/www.gdapress.it\/it\/..\/public\/it\/2020\/01\/cinemalteatro_-\u00a9laila-pozzo_3689-1-267x400.jpg\" alt=\"\" width=\"267\" height=\"400\" srcset=\"https:\/\/www.gdapress.it\/it\/..\/public\/it\/2020\/01\/cinemalteatro_-\u00a9laila-pozzo_3689-1-267x400.jpg 267w, https:\/\/www.gdapress.it\/it\/..\/public\/it\/2020\/01\/cinemalteatro_-\u00a9laila-pozzo_3689-1-200x300.jpg 200w, https:\/\/www.gdapress.it\/it\/..\/public\/it\/2020\/01\/cinemalteatro_-\u00a9laila-pozzo_3689-1-768x1152.jpg 768w\" sizes=\"auto, (max-width: 267px) 100vw, 267px\" \/> <img loading=\"lazy\" decoding=\"async\" class=\"alignleft size-full wp-image-73623\" src=\"http:\/\/www.gdapress.it\/it\/..\/public\/it\/2020\/01\/cinemalteatro_-\u00a9laila-pozzo_3689.jpg\" alt=\"\" width=\"3840\" height=\"5760\" srcset=\"https:\/\/www.gdapress.it\/it\/..\/public\/it\/2020\/01\/cinemalteatro_-\u00a9laila-pozzo_3689.jpg 3840w, https:\/\/www.gdapress.it\/it\/..\/public\/it\/2020\/01\/cinemalteatro_-\u00a9laila-pozzo_3689-200x300.jpg 200w, https:\/\/www.gdapress.it\/it\/..\/public\/it\/2020\/01\/cinemalteatro_-\u00a9laila-pozzo_3689-768x1152.jpg 768w, https:\/\/www.gdapress.it\/it\/..\/public\/it\/2020\/01\/cinemalteatro_-\u00a9laila-pozzo_3689-267x400.jpg 267w\" sizes=\"auto, (max-width: 3840px) 100vw, 3840px\" \/> <img loading=\"lazy\" decoding=\"async\" class=\"alignleft size-full wp-image-73624\" src=\"http:\/\/www.gdapress.it\/it\/..\/public\/it\/2020\/01\/79918199_10162703470785223_8439769895243087872_o.jpg\" alt=\"\" width=\"526\" height=\"526\" srcset=\"https:\/\/www.gdapress.it\/it\/..\/public\/it\/2020\/01\/79918199_10162703470785223_8439769895243087872_o.jpg 526w, https:\/\/www.gdapress.it\/it\/..\/public\/it\/2020\/01\/79918199_10162703470785223_8439769895243087872_o-150x150.jpg 150w, https:\/\/www.gdapress.it\/it\/..\/public\/it\/2020\/01\/79918199_10162703470785223_8439769895243087872_o-300x300.jpg 300w, https:\/\/www.gdapress.it\/it\/..\/public\/it\/2020\/01\/79918199_10162703470785223_8439769895243087872_o-400x400.jpg 400w\" sizes=\"auto, (max-width: 526px) 100vw, 526px\" \/><\/p>\n<p><strong>Piccoli e grandi Elfi<\/strong><\/p>\n<p>Anche dopo Capodanno proseguono all\u2019Elfo Puccini le novit\u00e0 teatrali e gli appuntamenti per il pubblico delle famiglie, capaci di coinvolgere genitori e figli, nonni, zii e fratelloni.<\/p>\n<p>Da gioved\u00ec 2 gennaio va in scena in sala Fassbinder l\u2019imperdibile nuova edizione di <strong><em>Cinemalteatro<\/em><\/strong>, che porta in scena i pi\u00f9 famosi film d\u2019animazione con dissacrante ironia: la travolgente comicit\u00e0 di Loris Fabiani, Michele Di Giacomo e Umberto Terruso, mattatori allo Zelig Cabaret, in versione <strong><em>family<\/em><\/strong>, ovvero come far ridere proprio tutti.<\/p>\n<p>In sala Bausch lo spettacolo di <strong>Phoebe Zeitgeist<\/strong> si rivolge invece ai pi\u00f9 piccoli, portando in scena la leggenda di Cola di Pesce, ambientandola in un ambiente immersivo, quasi un diorama, o una sorta di lanterna magica.<\/p>\n<p><strong>2 &#8211; 6 gennaio, sala Fassbinder <\/strong><\/p>\n<p>giov-ven ore 19.30 \/ sab-dom e lun 6 gennaio ore 16.30<\/p>\n<p><strong>Cinemalteatro family\u00a0<\/strong><\/p>\n<p>testi e regia Loris Fabiani<\/p>\n<p>con Loris Fabiani, Michele Di Giacomo, Umberto Terruso<\/p>\n<p>costumi Mara De Matteis<\/p>\n<p>luci Giacomo Marettelli Priorelli<\/p>\n<p>suono Gianfranco Turco<\/p>\n<p>produzione Teatro dell\u2019Elfo<\/p>\n<p>I grandi film di animazione arrivano finalmente a teatro!<\/p>\n<p><em>Cinemalteatro<\/em> \u00e8 un format d\u2019intrattenimento teatrale a forte coinvolgimento del pubblico, che da anni miete successi sui palcoscenici milanesi, dallo Zelig all\u2019Elfo Puccini. Ora Loris Fabiani, l\u2019attore che lo scrive e dirige, ha scelto di guardare a un nuovo tipo di spettatori: le famiglie. \u00c8 arrivato il momento di teatralizzare i film di animazione, per coinvolgere proprio tutti: genitori e figli, nonni, zii e fratelloni, come se fossimo tutti insieme in una cameretta. Per rivivere le avventure che i bambini amano e conoscono a memoria dall\u2019inizio alla fine e per divertirci con loro.<\/p>\n<p>Sei pronto a salire sul palco? Vestiti da Elsa, truccati da Simba!<\/p>\n<p><strong>2 &#8211; 6 gennaio, sala Bausch <\/strong><\/p>\n<p>giov-ven ore 19.30 \/ sab-dom e lun 6 gennaio ore 16.30<\/p>\n<p><strong>Cola degli abissi <\/strong><\/p>\n<p>di e con Francesca Frigoli<\/p>\n<p>regia Giuseppe Isgr\u00f2<\/p>\n<p>video Luca Intermite<\/p>\n<p>musiche Alessandra Novaga<\/p>\n<p>campionamenti Stefano De Ponti<\/p>\n<p>elementi di scena Danilo Vuolo<\/p>\n<p>cura del progetto Francesca Marianna<\/p>\n<p><strong>Phoebe Zeitgeist <\/strong><\/p>\n<p>Un\u2019antica leggenda diffusa nell&#8217;Italia meridionale (e tramandata in molte varianti in tutta Europa a partire dal XII secolo) costituisce il punto di partenza di questo spettacolo che narra, attraverso fascinazioni visive e sonore, le avventure di un giovane dalla natura straordinaria, soprannominato Colapesce per la sua abilit\u00e0 nel muoversi in acqua.<\/p>\n<p>Cola affronta una serie di ineluttabili prove per scoprire che la profondit\u00e0 \u00e8 una scelta di libert\u00e0 e gli abissi marini un luogo di realizzazione esistenziale. Le leggende e le fiabe \u2013 si sa \u2013 indagano e rivelano le zone pi\u00f9 nascoste dell\u2019essere umano e riescono a restituirle in forma magica e metaforica.<\/p>\n<p>Questo percorso di crescita si articola anche attraverso il conflitto con l\u2019autorit\u00e0, la ribellione individuale, il rapporto con l\u2019ordine prestabilito.<\/p>\n<p>La figura della madre-narratrice, una creatura marina, una sirena che sin dal principio conosce il destino del figlio, determina il conflitto e la trasgressione di Cola, ma al tempo stesso veglia affinch\u00e9 il ragazzo possa perdersi per poi scoprire l&#8217;incanto. L\u2019attrice, che narra ed evoca, agisce in un ambiente sonoro e video immersivo, un diorama, un carillon, una lanterna magica.<\/p>\n<p>&nbsp;<\/p>\n<p><strong>TEATRO ELFO PUCCINI, CORSO BUENOS AIRES 33, MILANO<\/strong><\/p>\n<p><strong>Prezzi:<\/strong> intero \u20ac 22 \/ rid. &lt;25 anni &#8211; &gt;65 anni \u20ac 17.50 \/ under 18 \u20ac 13.50<\/p>\n<ul>\n<li><strong> Promozione famiglie<\/strong>: ridotto \u20ac 11.50 per gruppi con uno o pi\u00f9 bambini &lt; di 12 anni (il ridotto viene applicato a tutti i bambini e a massimo due accompagnatori). www.elfo.org<\/li>\n<\/ul>\n","protected":false},"excerpt":{"rendered":"<p>Piccoli e grandi Elfi Anche dopo Capodanno proseguono all\u2019Elfo Puccini le novit\u00e0 teatrali e gli appuntamenti per il pubblico delle famiglie, capaci di coinvolgere genitori e figli, nonni, zii e fratelloni. Da gioved\u00ec 2 gennaio va in scena in sala Fassbinder l\u2019imperdibile nuova edizione di Cinemalteatro, che porta in scena i pi\u00f9 famosi film d\u2019animazione &hellip; <a href=\"https:\/\/www.gdapress.it\/it\/index.php\/73621\/spettacoli\/elfo-puccini-cinemalteatro-family-cola-degli-abissi-phoebe-zeitgeist.html\" class=\"more-link\">Read more <span class=\"screen-reader-text\">Elfo Puccini Cinemalteatro family\u00a0Cola degli abissi Phoebe Zeitgeist<\/span><\/a><\/p>\n","protected":false},"author":2,"featured_media":73624,"comment_status":"closed","ping_status":"open","sticky":false,"template":"","format":"standard","meta":{"footnotes":""},"categories":[8],"tags":[25836,25837,1902,17,25838],"class_list":["post-73621","post","type-post","status-publish","format-standard","has-post-thumbnail","hentry","category-spettacoli","tag-cinemalteatro-family","tag-cola-degli-abissi","tag-elfo-puccini","tag-milano","tag-phoebe-zeitgeist"],"_links":{"self":[{"href":"https:\/\/www.gdapress.it\/it\/index.php\/wp-json\/wp\/v2\/posts\/73621","targetHints":{"allow":["GET"]}}],"collection":[{"href":"https:\/\/www.gdapress.it\/it\/index.php\/wp-json\/wp\/v2\/posts"}],"about":[{"href":"https:\/\/www.gdapress.it\/it\/index.php\/wp-json\/wp\/v2\/types\/post"}],"author":[{"embeddable":true,"href":"https:\/\/www.gdapress.it\/it\/index.php\/wp-json\/wp\/v2\/users\/2"}],"replies":[{"embeddable":true,"href":"https:\/\/www.gdapress.it\/it\/index.php\/wp-json\/wp\/v2\/comments?post=73621"}],"version-history":[{"count":1,"href":"https:\/\/www.gdapress.it\/it\/index.php\/wp-json\/wp\/v2\/posts\/73621\/revisions"}],"predecessor-version":[{"id":73625,"href":"https:\/\/www.gdapress.it\/it\/index.php\/wp-json\/wp\/v2\/posts\/73621\/revisions\/73625"}],"wp:featuredmedia":[{"embeddable":true,"href":"https:\/\/www.gdapress.it\/it\/index.php\/wp-json\/wp\/v2\/media\/73624"}],"wp:attachment":[{"href":"https:\/\/www.gdapress.it\/it\/index.php\/wp-json\/wp\/v2\/media?parent=73621"}],"wp:term":[{"taxonomy":"category","embeddable":true,"href":"https:\/\/www.gdapress.it\/it\/index.php\/wp-json\/wp\/v2\/categories?post=73621"},{"taxonomy":"post_tag","embeddable":true,"href":"https:\/\/www.gdapress.it\/it\/index.php\/wp-json\/wp\/v2\/tags?post=73621"}],"curies":[{"name":"wp","href":"https:\/\/api.w.org\/{rel}","templated":true}]}}