
{"id":73399,"date":"2019-12-06T17:25:52","date_gmt":"2019-12-06T15:25:52","guid":{"rendered":"http:\/\/www.gdapress.it\/it\/?p=73399"},"modified":"2019-12-06T17:25:52","modified_gmt":"2019-12-06T15:25:52","slug":"pro-fumo-giorgio-terruzzi-giancarlo-vitali","status":"publish","type":"post","link":"https:\/\/www.gdapress.it\/it\/index.php\/73399\/libri\/pro-fumo-giorgio-terruzzi-giancarlo-vitali.html","title":{"rendered":"&#8220;PRO-FUMO&#8221; GIORGIO TERRUZZI GIANCARLO VITALI"},"content":{"rendered":"<p><img loading=\"lazy\" decoding=\"async\" class=\"alignleft size-large wp-image-73400\" src=\"http:\/\/www.gdapress.it\/it\/..\/public\/it\/2019\/12\/26e1e7c96157ca80f221ed749d650bdc-img-270x400.jpg\" alt=\"\" width=\"270\" height=\"400\" srcset=\"https:\/\/www.gdapress.it\/it\/..\/public\/it\/2019\/12\/26e1e7c96157ca80f221ed749d650bdc-img-270x400.jpg 270w, https:\/\/www.gdapress.it\/it\/..\/public\/it\/2019\/12\/26e1e7c96157ca80f221ed749d650bdc-img-203x300.jpg 203w, https:\/\/www.gdapress.it\/it\/..\/public\/it\/2019\/12\/26e1e7c96157ca80f221ed749d650bdc-img.jpg 660w\" sizes=\"auto, (max-width: 270px) 100vw, 270px\" \/><\/p>\n<p class=\"x_p1\"><span class=\"x_s1\"><strong>1 titolo | PRO-FUMO<\/strong><\/span><\/p>\n<p class=\"x_p1\"><span class=\"x_s1\"><strong>2 autori |GIORGIO TERRUZZI e GIANCARLO VITALI<\/strong><\/span><\/p>\n<p class=\"x_p1\"><span class=\"x_s1\"><strong>2 edizioni | CAMPI 1898 e CINQUESENSI EDITORE<\/strong><\/span><\/p>\n<p class=\"x_p1\"><span class=\"x_s1\">Il progetto della presente opera prese corpo un giorno di qualche anno fa, quando\u00a0Giorgio Terruzzi\u00a0e\u00a0Giancarlo Vitali\u00a0si conobbero entrando in immediata sintonia. Entrambi fumavano in bella continuit\u00e0. Alla fine di una lunga e piacevole conversazione pensarono di realizzare un libro insieme. Il tema? Dopo un attimo d\u2019esitazione i due spensero nello stesso istante la propria sigaretta e si guardarono con un sorriso complice. Sarebbe stato quello il tema, ovviamente. Un tema preso a pretesto per raccontare di loro e anche per riflettere sul potere disintossicante e intossicante del fumo.<\/span><\/p>\n<p class=\"x_p1\"><span class=\"x_s1\">Ma se in principio il pensiero fu quello di un libro di raffinata confezione destinato alla distribuzione libraria, l\u2019incontro con\u00a0<a id=\"x_2824\" href=\"https:\/\/clienti.mailcom.it\/url.php?lid=2c0702a905f46cab22de0662da7e19f89021d0ac&amp;uid=0d35b3de17cde8e0fd47a11d5806909ebe925622\" target=\"_blank\" rel=\"noopener noreferrer\" data-auth=\"NotApplicable\">Campi 1898<\/a>, prestigiosa<span class=\"x_Apple-converted-space\">\u00a0\u00a0<\/span>tipografia d\u2019arte in monotype con sede a Rozzano, allarg\u00f2 l\u2019idea a un\u2019altra edizione in tiratura limitata per il sofisticato universo del collezionismo di libri d\u2019artista.<\/span><span class=\"x_s2\"><br \/>\n<\/span><span class=\"x_s1\">E il risultato, come avrete modo di constatare, ci pare di una singolare, sorprendente, perfino pregevolissima peculiarit\u00e0 e originalit\u00e0.<\/span><\/p>\n<p class=\"x_p1\"><span class=\"x_s1\"><strong>GIORGIO TERRUZZI<\/strong><\/span><\/p>\n<p class=\"x_p1\"><span class=\"x_s1\">Collabora con Mediaset, Corriere della Sera, Gq e Citt\u00e0. Ha cominciato a lavorare con Beppe Viola, presso l\u2019agenzia Magazine. Come scrittore ha pubblicato, tra gli altri, una biografia del pilota AchilleVarzi,\u00a0<em>Una curva cieca\u00a0<\/em>(Giorgio Nada Editore, 1991), vincitore del Bancarella Sport nel 1992;\u00a0<em>Fondocorsa. Mille Miglia, una vita e un gatto<\/em>\u00a0(Gallucci, 2004);\u00a0<em>Ho dato l\u2019anima\u00a0<\/em>(Sperling &amp; Kupfer, 2005);\u00a0<em>Il mio dio \u00e8 ateo<\/em>\u00a0(Sperling &amp; Kupfer, 2008);\u00a0<em>Milanismi e Ladri di cotolette<\/em>, scritti con Diego Abatantuono (Mondadori, 2005 e 2013);\u00a0<em>Suite 200. L\u2019ultima notte di Ayrton Senna<\/em>\u00a0(66thand2nd, 2014), vincitore del Bancarella Sport nel 2015. Come autore teatrale:\u00a0<em>Tersa Repubblica\u00a0<\/em>(scritto con RoccoTanica e Claudio Bisio nel 1994) e\u00a0<em>I bambini sono di sinistra<\/em>\u00a0scritto con Michele Serra e Claudio Bisio (Einaudi Stile libero, 2005). Dal 2015 diventa autore Rizzoli con cui pubblica:\u00a0<em>Grazie Valentino<\/em>, 2015;\u00a0<em>Semplice<\/em>, 2017;\u00a0<em>Quando ridi<\/em>, 2018.<\/span><\/p>\n<p class=\"x_p1\"><span class=\"x_s1\"><strong>GIANCARLO VITALI<\/strong>\u00a0(Bellano 1929 &#8211; 2018)<\/span><\/p>\n<p class=\"x_p1\"><span class=\"x_s1\">A diciotto anni partecipa alla Biennale d\u2019Arte Sacra all\u2019Angelicum di Milano, dove espone, tra gli altri, insieme a Carlo Carr\u00e0, il quale, nell\u2019edizione successiva, gli dedicher\u00e0 parole di caloroso apprezzamento. Nel 1983 sar\u00e0 definitivamente valorizzato da Giovanni Testori: la stima del grande critico lo porter\u00e0 alla sua prima importante personale del febbraio del 1985. Nei successivi trent\u2019anni il suo lavoro sar\u00e0 divulgato e conosciuto attraverso esposizioni in spazi pubblici e gallerie private. Negli stessi anni molti altri intellettuali e scrittori italiani si interessano appassionatamente alla sua arte, tra questi, Carlo Bertelli, Mario Botta, Giancarlo Consonni, Tonino Guerra, Franco Loi, Vittorio Sgarbi, Antonio Tabucchi, Marco Vallora, AndreaVitali.La grande esposizione antologica del 2017 a Palazzo Reale di Milano rappresenter\u00e0 il coronamento di settant\u2019anni di pittura.<\/span><\/p>\n<p class=\"x_p1\"><strong>Giorgio Terruzzi<\/strong><\/p>\n<p class=\"x_p1\"><span class=\"x_s1\"><strong>a\u00a0BELLANO<\/strong><\/span><\/p>\n<p class=\"x_p4\"><span class=\"x_s1\"><strong>Sabato 7 dicembre<\/strong><\/span><\/p>\n<p><span class=\"x_s4\">IL BELLO DELL&#8217;ORRIDO<\/span><\/p>\n<p><span class=\"x_s4\"><strong>ore<\/strong><\/span><span class=\"x_s2\"><strong>\u00a0<\/strong><\/span><span class=\"x_s1\"><strong>18<\/strong><\/span><\/p>\n<p class=\"x_p1\"><span class=\"x_s1\">Cinema di Bellano\u00a0<\/span><\/p>\n<p class=\"x_p1\"><span class=\"x_s1\"><a id=\"x_2826\" href=\"https:\/\/clienti.mailcom.it\/url.php?lid=480101bd97dd0c721116acf5e14e9fa97d46f76a&amp;uid=0d35b3de17cde8e0fd47a11d5806909ebe925622\" target=\"_blank\" rel=\"noopener noreferrer\" data-auth=\"NotApplicable\">www.archivivitali.org<\/a>\u00a0<\/span><\/p>\n<table class=\"x_obj_content\" role=\"presentation\" border=\"0\" width=\"100%\" cellspacing=\"0\" cellpadding=\"0\">\n<tbody class=\"x_layout x_ui-sortable\">\n<tr id=\"x_obj_7\" class=\"x_obj\">\n<td class=\"x_stack-column-center x_obj_testo x_center-on-narrow x_mce-content-body\"><strong>PRO-FUMO .<\/strong>\u00a0Il testo di Giorgio Terruzzi \u00e8 accompagnato da\u00a0<a id=\"x_2827\" href=\"https:\/\/clienti.mailcom.it\/url.php?lid=d85a5759524a2d7065556c5354a81f78a4d9f88a&amp;uid=0d35b3de17cde8e0fd47a11d5806909ebe925622\" target=\"_blank\" rel=\"noopener noreferrer\" data-auth=\"NotApplicable\">20 tavole &#8220;bruciate&#8221; di Giancarlo Vitali\u00a0<\/a>.<\/p>\n<p>96 pag . 18 euro .\u00a0<a id=\"x_2828\" href=\"https:\/\/clienti.mailcom.it\/url.php?lid=dc7046a7e1a659278bfbd890b2867b6fde827dba&amp;uid=0d35b3de17cde8e0fd47a11d5806909ebe925622\" target=\"_blank\" rel=\"noopener noreferrer\" data-auth=\"NotApplicable\">www.cinquesensi.it\u00a0<\/a><\/td>\n<\/tr>\n<\/tbody>\n<\/table>\n","protected":false},"excerpt":{"rendered":"<p>1 titolo | PRO-FUMO 2 autori |GIORGIO TERRUZZI e GIANCARLO VITALI 2 edizioni | CAMPI 1898 e CINQUESENSI EDITORE Il progetto della presente opera prese corpo un giorno di qualche anno fa, quando\u00a0Giorgio Terruzzi\u00a0e\u00a0Giancarlo Vitali\u00a0si conobbero entrando in immediata sintonia. Entrambi fumavano in bella continuit\u00e0. Alla fine di una lunga e piacevole conversazione pensarono di &hellip; <a href=\"https:\/\/www.gdapress.it\/it\/index.php\/73399\/libri\/pro-fumo-giorgio-terruzzi-giancarlo-vitali.html\" class=\"more-link\">Read more <span class=\"screen-reader-text\">&#8220;PRO-FUMO&#8221; GIORGIO TERRUZZI GIANCARLO VITALI<\/span><\/a><\/p>\n","protected":false},"author":2,"featured_media":73400,"comment_status":"closed","ping_status":"open","sticky":false,"template":"","format":"standard","meta":{"footnotes":""},"categories":[6],"tags":[24952,19911,25713,25714],"class_list":["post-73399","post","type-post","status-publish","format-standard","has-post-thumbnail","hentry","category-libri","tag-bellano","tag-giancarlo-vitali","tag-giorgio-terruzzi","tag-pro-fumo"],"_links":{"self":[{"href":"https:\/\/www.gdapress.it\/it\/index.php\/wp-json\/wp\/v2\/posts\/73399","targetHints":{"allow":["GET"]}}],"collection":[{"href":"https:\/\/www.gdapress.it\/it\/index.php\/wp-json\/wp\/v2\/posts"}],"about":[{"href":"https:\/\/www.gdapress.it\/it\/index.php\/wp-json\/wp\/v2\/types\/post"}],"author":[{"embeddable":true,"href":"https:\/\/www.gdapress.it\/it\/index.php\/wp-json\/wp\/v2\/users\/2"}],"replies":[{"embeddable":true,"href":"https:\/\/www.gdapress.it\/it\/index.php\/wp-json\/wp\/v2\/comments?post=73399"}],"version-history":[{"count":1,"href":"https:\/\/www.gdapress.it\/it\/index.php\/wp-json\/wp\/v2\/posts\/73399\/revisions"}],"predecessor-version":[{"id":73401,"href":"https:\/\/www.gdapress.it\/it\/index.php\/wp-json\/wp\/v2\/posts\/73399\/revisions\/73401"}],"wp:featuredmedia":[{"embeddable":true,"href":"https:\/\/www.gdapress.it\/it\/index.php\/wp-json\/wp\/v2\/media\/73400"}],"wp:attachment":[{"href":"https:\/\/www.gdapress.it\/it\/index.php\/wp-json\/wp\/v2\/media?parent=73399"}],"wp:term":[{"taxonomy":"category","embeddable":true,"href":"https:\/\/www.gdapress.it\/it\/index.php\/wp-json\/wp\/v2\/categories?post=73399"},{"taxonomy":"post_tag","embeddable":true,"href":"https:\/\/www.gdapress.it\/it\/index.php\/wp-json\/wp\/v2\/tags?post=73399"}],"curies":[{"name":"wp","href":"https:\/\/api.w.org\/{rel}","templated":true}]}}