
{"id":73246,"date":"2019-11-24T01:52:33","date_gmt":"2019-11-23T23:52:33","guid":{"rendered":"http:\/\/www.gdapress.it\/it\/?p=73246"},"modified":"2019-11-24T01:52:33","modified_gmt":"2019-11-23T23:52:33","slug":"raffaello-una-mostra-impossibile","status":"publish","type":"post","link":"https:\/\/www.gdapress.it\/it\/index.php\/73246\/arte\/raffaello-una-mostra-impossibile.html","title":{"rendered":"RAFFAELLO  UNA MOSTRA IMPOSSIBILE"},"content":{"rendered":"<p align=\"center\"><img loading=\"lazy\" decoding=\"async\" class=\"alignleft size-large wp-image-73247\" src=\"http:\/\/www.gdapress.it\/it\/..\/public\/it\/2019\/11\/ei-82-500x333.jpg\" alt=\"\" width=\"500\" height=\"333\" srcset=\"https:\/\/www.gdapress.it\/it\/..\/public\/it\/2019\/11\/ei-82-500x333.jpg 500w, https:\/\/www.gdapress.it\/it\/..\/public\/it\/2019\/11\/ei-82-300x200.jpg 300w, https:\/\/www.gdapress.it\/it\/..\/public\/it\/2019\/11\/ei-82-768x512.jpg 768w, https:\/\/www.gdapress.it\/it\/..\/public\/it\/2019\/11\/ei-82-720x480.jpg 720w, https:\/\/www.gdapress.it\/it\/..\/public\/it\/2019\/11\/ei-82-272x182.jpg 272w, https:\/\/www.gdapress.it\/it\/..\/public\/it\/2019\/11\/ei-82.jpg 1920w\" sizes=\"auto, (max-width: 500px) 100vw, 500px\" \/><\/p>\n<p class=\"x_MsoNormal\" align=\"center\"><b>RAFFAELLO<\/b><\/p>\n<p class=\"x_MsoNormal\" align=\"center\"><b>UNA MOSTRA IMPOSSIBILE<\/b><\/p>\n<p class=\"x_MsoNormal\" align=\"center\">Progetto ideato e diretto da Renato Parascandolo<\/p>\n<p class=\"x_MsoNormal\" align=\"center\">Direzione scientifica di Ferdinando Bologna<\/p>\n<p class=\"x_MsoNormal\" align=\"center\">23 novembre 2019 &#8211; 6 gennaio 2020<\/p>\n<p class=\"x_MsoNormal\" align=\"center\">Aeroporto delle Marche \u201cRaffaello Sanzio\u201d<\/p>\n<p class=\"x_MsoNormal\" align=\"center\">Piazzale Sordoni &#8211; Falconara Marittima (AN)<\/p>\n<p class=\"x_MsoNormal\">La Regione Marche, in collaborazione con ENIT &#8211; Agenzia Nazionale Turismo e Aerdorica Aeroporto delle Marche e con il sostegno del Ministero per i beni e le attivit\u00e0 culturali e per il turismo, presenta\u00a0<b><i>Raffaello Una mostra impossibile<\/i><\/b>, dando cos\u00ec il via alle celebrazioni per il 500\u00b0 anniversario dalla morte del maestro urbinate previste per il 2020.<\/p>\n<p class=\"x_MsoNormal\"><b>La Regione Marche &#8211; recentemente nominata da Best in Travel 2020<\/b>, l\u2019annuale classifica di Lonely Planet,\u00a0<b>la seconda regione al mondo da visitare<\/b>\u00a0tra le dieci migliori e unica destinazione italiana per il 2020 &#8211; partendo da Urbino, citt\u00e0 natale di Raffaello Sanzio nonch\u00e9 Patrimonio Unesco, vuole, attraverso la vita e le opere del grande artista rinascimentale, portare i visitatori alla scoperta di un territorio ricco di fascino, storia e tradizioni culturali ed eno-gastronomiche.<\/p>\n<p class=\"x_MsoNormal\">E quale miglior modo di farlo se non organizzare una vera e propria mostra impossibile nell\u2019aeroporto marchigiano a lui intitolato? L\u2019esposizione\u00a0<b><i>Raffaello Una mostra impossibile<\/i><\/b>,<b><i>\u00a0<\/i><\/b>ideata e curata da Renato Parascandolo e con la direzione scientifica di Ferdinando Bologna recentemente scomparso, presenta 45 dipinti di Raffello &#8211; compreso l\u2019affresco de\u00a0<i>La Scuola di Atene<\/i>\u00a0&#8211; riprodotti in scala 1:1 e riuniti insieme, permettendo cos\u00ec di ammirare in un unico allestimento opere disseminate in 17 paesi diversi, un\u2019impresa che non riusc\u00ec nemmeno a Raffaello in persona.<\/p>\n<p class=\"x_MsoNormal\"><b>Una carriera folgorante quella di Raffaello, morto a soli 37 anni, che la mostra racconta affiancando riproduzioni di opere provenienti dai maggiori musei del mondo<\/b>\u00a0&#8211; dagli Uffizi di Firenze, ai Musei Vaticani, dalla Pinacoteca di Brera a Milano alla Galleria Borghese a Roma, passando per il Louvre a Parigi, il Prado a Madrid e la Gem\u00e4ldegalerie a Berlino, per arrivare a San Pietroburgo all\u2019Ermitage e alla National Gallery di Washington, solo per citarne alcuni &#8211;\u00a0<b>che conservano capolavori assoluti<\/b>\u00a0come la\u00a0<i>Madonna Conestabile<\/i>, la\u00a0<i>Madonna di Terranuova<\/i>, lo\u00a0<i>Sposalizio della Vergine<\/i>, la\u00a0<i>Madonna del Cardellino<\/i>, la\u00a0<i>Deposizione<\/i>, il\u00a0<i>Ritratto di Baldassare Castiglione<\/i>\u00a0e tanti altri fino ad arrivare alle\u00a0<i>Stanze Vaticane<\/i>\u00a0per cui Raffaello giunse a Roma ingaggiato da papa Giulio II che segn\u00f2 la sua consacrazione a interprete della \u201dmaniera moderna\u201d.<\/p>\n<p class=\"x_MsoNormal\">Lo scopo e l\u2019<b>obiettivo della mostra e della regione Marche\u00a0<\/b>\u00e8 quello di rivolgersi prevalentemente ai giovani e a quanti non frequentano abitualmente i musei e le esposizioni d\u2019arte,\u00a0<b>permettendo a un pubblico vasto e allargato di avvicinarsi ai pi\u00f9 grandi autori della storia dell\u2019arte &#8211; in questo caso a Raffaello<\/b>\u00a0&#8211; attraverso riproduzioni delle loro opere di altissima qualit\u00e0 e pregio. Mutuando le istanze di democrazia culturale ispirate da Andr\u00e9 Malraux, Paul Val\u00e9ry e Walter Benjamin, con questa operazione non si vuole ridimensionare la \u201csacralit\u00e0\u201d del capolavoro originale, al contrario, la diffusione delle riproduzioni vuole essere un volano filologicamente impeccabile e di grande efficacia per invitare i turisti italiani ed esteri che arriveranno nella Regione Marche a scoprire i capolavori conservati sul territorio e pi\u00f9 in generale nel nostro paese, come afferma Salvatore Settis: \u201c<i>A me piacciono le copie. Mi piacciono perch\u00e9 diffondono la conoscenza delle opere d&#8217;arte<\/i>\u201d.<\/p>\n<p class=\"x_MsoNormal\">Ferdinando Bologna, che ha curato la selezione e il catalogo delle opere di Raffaello in mostra, sosteneva: \u201c<i>Le Mostre impossibili consentono una pi\u00f9 approfondita conoscenza delle opere ed un accostamento, per confronto, di opere che sono normalmente lontanissime fra di loro. Soprattutto, questa nuova generazione di riproduzioni d&#8217;arte, ad altissima definizione e a grandezza naturale, consente un approccio agli originali che gli originali stessi, nelle condizioni in cui normalmente si trovano, sia nei musei sia nelle sedi proprie, non consentono<\/i>\u201c. Infatti\u00a0le riproduzioni sono stampate su un tessuto trasparente e retroilluminate e questa soluzione, oltre a conferire una particolare suggestione ai dipinti, consente di cogliere dettagli e sfumature difficilmente apprezzabili nelle tele originali ad occhio nudo o nelle riproduzioni a stampa.<\/p>\n<p class=\"x_MsoNormal\">La Regione Marche \u00e8 pronta a celebrare nel 2020 uno dei suoi figli pi\u00f9 illustri &#8211; Raffaello Sanzio &#8211; che nella citt\u00e0 di Urbino nacque e mosse i primi passi e per farlo ha deciso di portare l\u2019esposizione\u00a0<i>Raffaello La mostra impossibile<\/i>\u00a0oltre i confini nazionali. Dopo l\u2019aeroporto di Falconara infatti, la mostra arriver\u00e0 a Le Carrousel du Louvre a Parigi dal febbraio 2020, ma non solo, nel corso del prossimo anno toccher\u00e0 altre citt\u00e0 europee fino a giungere in Russia.<\/p>\n<p class=\"x_MsoNormal\"><i>\u201cOggi inauguriamo non solo una mostra, ma un nuovo genere di museo\u00a0e un nuovo modo di fare cultura. Apriamo nelle Marche una frontiera digitale a servizio della Cultura, la tecnologia avanzata a favore dell\u2019Arte, l\u2019essenza del concetto di democrazia culturale come possibilit\u00e0 per tutti di fruire del bello, di poter provare quelle emozioni che solo i capolavori in dimensioni naturali riescono a trasmettere e altrimenti difficili da raggiungere.\u201d &#8211;\u00a0<\/i>afferma\u00a0<b>Luca Ceriscioli,<\/b><b>\u00a0Presidente della Regione Marche<\/b><i>\u00a0&#8211; \u201cE quale miglior inizio per un\u2019operazione culturale del genere se non il genio di Raffaello, l\u2019Urbinate di cui ci apprestiamo a celebrare il cinquecentenario della morte? Anche la scelta dell\u2019Aeroporto delle Marche \u201cRaffaello Sanzio\u201d \u00e8 naturalmente in sintonia con questi obiettivi: insomma \u00e8 un viaggio dentro il mondo di Raffaello, un modo inusitato di approfondire la sua conoscenza in un luogo di passaggio che sar\u00e0 valorizzato da questa mostra ma che a sua volta diventa\u2026 vettore di bellezza marchigiana e lancio della nostra immagine nel mondo. L\u2019icona immortale e universale di Raffaello, sublimata in queste riproduzioni, diviene quindi ambasciatrice della bellezza delle Marche nel mondo. Una mostra \u201cimpossibile\u201d ma che rende possibile avvicinarsi all\u2019Arte pi\u00f9 pura. E girer\u00e0 l\u2019Europa nel 2020 rappresentando uno strumento straordinariamente efficace per far conoscere i molteplici aspetti dell\u2019offerta turistica regionale.<\/i><\/p>\n<p class=\"x_MsoNormal\"><i>Sono sicuro che anche davanti a queste magnifiche riproduzioni di cos\u00ec elevata definizione, la sindrome di Stendhal potrebbe avere il sopravvento&#8230;\u201c.<\/i><\/p>\n<p class=\"x_MsoNormal\">Continua\u00a0<b>Moreno Pieroni, assessore regionale al Turismo-Cultura<\/b><i>: \u201cPossiamo dire che questa innovativa forma di esposizione, un compendio dei capolavori di uno dei figli pi\u00f9 illustri di questa terra, attraverso immagini di una qualit\u00e0 straordinaria, riassume bene due caratteristiche delle Marche: in primo luogo sintetizza in un colpo d\u2019occhio il motivo per cui Lonely Planet ci ha riconosciuto come Top destination 2020 e cio\u00e8 il fascino di scoprire meraviglie in un luogo in cui non ti aspetteresti di trovarle, come\u00a0 \u00e8 appunto un aeroporto;\u00a0 in secondo luogo, l\u2019aver voluto organizzare questa mostra in una sede cos\u00ec inusuale, ma simbolo del viaggio e della vacanza, esprime al meglio il binomio compiuto tra Turismo e Cultura su cui abbiamo puntato fortemente in questa legislatura. E i diversi riconoscimenti, i risultati ottenuti, gli impegni premiati anche dai numeri dei turisti che hanno visitato la nostra regione, l\u2019aver superato momenti difficili con un lavoro di squadra, ci hanno dato ragione. Ancora una volta dunque segniamo una sorta di primato, un\u2019innovazione nell\u2019innovazione: aver connesso alla Cultura un luogo non deputato per catturare il maggior numero di fruitori. Sono sicuro, quindi, che questa mostra diventer\u00e0 il miglior \u201cbiglietto da visita\u201d della bellezza delle Marche per chi si apprester\u00e0 a visitarle anche nel periodo natalizio\u201d.<\/i><\/p>\n<p class=\"x_MsoNormal\"><i>\u201c\u00c8 fondamentale passare attraverso la storia, il vissuto e le opere di personaggi come Raffaello e divulgarne il pi\u00f9 possibile l\u2019opera per contribuire a diffondere l\u2019identit\u00e0 dell\u2019Italia ed amplificarne l\u2019attrattivit\u00e0 turistica. Il turismo culturale infatti passa dai geni dell\u2019arte e continua ad essere un prodotto turistico dal potenziale crescente e inesauribile che favorisce la crescita a valore dell\u2019Italia come destinazione turistica sostenibile\u201d<\/i>\u00a0\u2013 dichiara il\u00a0<b>direttore esecutivo Enit Giovanni Bastianelli<\/b>\u00a0&#8211; \u201c<i>I flussi turistici organizzati sono in crescita e l\u2019Italia culturale \u00e8 un brand che si posiziona sempre di pi\u00f9 in cima alle scelte dei visitatori stranieri che hanno sete di conoscenza dell\u2019arte italica\u201d.<\/i><\/p>\n<p>Nella guida Best in Travel 2020 di Lonely Planet si legge a proposito della Regione Marche: \u201c<i>Una delle ragioni del suo grande fascino \u00e8 proprio quella di poter esplorare con calma, e in relativa solitudine, maestose rovine romane, svettanti architetture gotiche, massicci castelli medievali e sublimi palazzi rinascimentali che custodiscono collezioni d\u2019arte tra le pi\u00f9 ricche d\u2019Italia. Il tutto racchiuso tra alte montagne boscose e la placida costa dell\u2019Adriatico e condito da golosi festival gastronomici<\/i>\u201d.<\/p>\n<p>La Regione Marche con\u00a0<i>Raffaello La mostra impossibile<\/i>, si appresta ad aprire il nuovo anno nel segno dell\u2019arte, ma non solo. Il 2020 sar\u00e0 anche l\u2019anno del\u00a0<b>Giubileo Lauretano<\/b>\u00a0in occasione del centenario della proclamazione della Vergine Lauretana quale Patrona universale degli aeronauti, avvenuta il\u00a0<span class=\"marki5xy84onh\" data-markjs=\"true\" data-ogac=\"\" data-ogab=\"\" data-ogsc=\"\" data-ogsb=\"\">24<\/span>\u00a0marzo 1920. Il Giubileo avr\u00e0 inizio l\u20198 dicembre 2019, con l\u2019apertura della Porta Santa nel Santuario di Loreto presieduta da S. Em.za il Card. Pietro Parolin, Segretario di Stato e si concluder\u00e0 il 10 dicembre 2020.<\/p>\n<p>Inoltre continua il progetto\u00a0<b>Marche Outdoor<\/b>, inaugurato nel 2019 e che avr\u00e0 come testimonial d\u2019eccezione il campione del ciclismo mondiale Vincenzo Nibali. La filosofia del progetto \u00e8 quella di promuovere un\u2019economia del territorio sostenibile, proponendo la bicicletta come mezzo e non come \u201cfine\u201d e facendo vivere al cicloturista tutte le emozioni che la regione pu\u00f2 offrire, attraverso\u00a0<span class=\"marki5xy84onh\" data-markjs=\"true\" data-ogac=\"\" data-ogab=\"\" data-ogsc=\"\" data-ogsb=\"\">24<\/span>\u00a0percorsi ciclabili che interessano tutte le Marche.<\/p>\n<p>_______________________________<\/p>\n<p class=\"x_MsoNormal\"><b>RAFFAELLO<\/b><\/p>\n<p class=\"x_MsoNormal\"><b>UNA MOSTRA IMPOSSIBILE<\/b><\/p>\n<p class=\"x_MsoNormal\">Progetto ideato e diretto da Renato Parascandolo<\/p>\n<p class=\"x_MsoNormal\">Direzione scientifica di Ferdinando Bologna<\/p>\n<p class=\"x_MsoNormal\">23 novembre 2019 &#8211; 6 gennaio 2020<\/p>\n<p class=\"x_MsoNormal\">Aeroporto delle Marche \u201cRaffaello Sanzio\u201d<\/p>\n<p class=\"x_MsoNormal\">Piazzale Sordoni &#8211; Falconara Marittima (AN)<\/p>\n<p class=\"x_MsoNormal\">Ingresso libero<\/p>\n<p class=\"x_MsoNormal\">Orari di apertura<\/p>\n<p class=\"x_MsoNormal\">La mostra \u00e8 a disposizione del pubblico durante l\u2019orario di apertura del Terminal Arrivi<\/p>\n<p class=\"x_MsoNormal\">Informazioni\u00a0<a href=\"http:\/\/eventi.turismo.marche.it\/\" target=\"_blank\" rel=\"noopener noreferrer\" data-auth=\"NotApplicable\">http:\/\/eventi.turismo.marche.it<\/a><\/p>\n","protected":false},"excerpt":{"rendered":"<p>RAFFAELLO UNA MOSTRA IMPOSSIBILE Progetto ideato e diretto da Renato Parascandolo Direzione scientifica di Ferdinando Bologna 23 novembre 2019 &#8211; 6 gennaio 2020 Aeroporto delle Marche \u201cRaffaello Sanzio\u201d Piazzale Sordoni &#8211; Falconara Marittima (AN) La Regione Marche, in collaborazione con ENIT &#8211; Agenzia Nazionale Turismo e Aerdorica Aeroporto delle Marche e con il sostegno del &hellip; <a href=\"https:\/\/www.gdapress.it\/it\/index.php\/73246\/arte\/raffaello-una-mostra-impossibile.html\" class=\"more-link\">Read more <span class=\"screen-reader-text\">RAFFAELLO  UNA MOSTRA IMPOSSIBILE<\/span><\/a><\/p>\n","protected":false},"author":2,"featured_media":73247,"comment_status":"closed","ping_status":"open","sticky":false,"template":"","format":"standard","meta":{"footnotes":""},"categories":[4],"tags":[25618,25619,1860,25617],"class_list":["post-73246","post","type-post","status-publish","format-standard","has-post-thumbnail","hentry","category-arte","tag-aeroporto-delle-marche-raffaello-sanzio","tag-enit","tag-raffaello","tag-una-mostra-impossibile"],"_links":{"self":[{"href":"https:\/\/www.gdapress.it\/it\/index.php\/wp-json\/wp\/v2\/posts\/73246","targetHints":{"allow":["GET"]}}],"collection":[{"href":"https:\/\/www.gdapress.it\/it\/index.php\/wp-json\/wp\/v2\/posts"}],"about":[{"href":"https:\/\/www.gdapress.it\/it\/index.php\/wp-json\/wp\/v2\/types\/post"}],"author":[{"embeddable":true,"href":"https:\/\/www.gdapress.it\/it\/index.php\/wp-json\/wp\/v2\/users\/2"}],"replies":[{"embeddable":true,"href":"https:\/\/www.gdapress.it\/it\/index.php\/wp-json\/wp\/v2\/comments?post=73246"}],"version-history":[{"count":1,"href":"https:\/\/www.gdapress.it\/it\/index.php\/wp-json\/wp\/v2\/posts\/73246\/revisions"}],"predecessor-version":[{"id":73248,"href":"https:\/\/www.gdapress.it\/it\/index.php\/wp-json\/wp\/v2\/posts\/73246\/revisions\/73248"}],"wp:featuredmedia":[{"embeddable":true,"href":"https:\/\/www.gdapress.it\/it\/index.php\/wp-json\/wp\/v2\/media\/73247"}],"wp:attachment":[{"href":"https:\/\/www.gdapress.it\/it\/index.php\/wp-json\/wp\/v2\/media?parent=73246"}],"wp:term":[{"taxonomy":"category","embeddable":true,"href":"https:\/\/www.gdapress.it\/it\/index.php\/wp-json\/wp\/v2\/categories?post=73246"},{"taxonomy":"post_tag","embeddable":true,"href":"https:\/\/www.gdapress.it\/it\/index.php\/wp-json\/wp\/v2\/tags?post=73246"}],"curies":[{"name":"wp","href":"https:\/\/api.w.org\/{rel}","templated":true}]}}