
{"id":73182,"date":"2019-11-21T01:10:51","date_gmt":"2019-11-20T23:10:51","guid":{"rendered":"http:\/\/www.gdapress.it\/it\/?p=73182"},"modified":"2019-11-21T01:10:51","modified_gmt":"2019-11-20T23:10:51","slug":"conversazioni-sul-corallo-a-cura-di-gioia-de-simone-e-bianca-cappello","status":"publish","type":"post","link":"https:\/\/www.gdapress.it\/it\/index.php\/73182\/cultura\/conversazioni-sul-corallo-a-cura-di-gioia-de-simone-e-bianca-cappello.html","title":{"rendered":"Conversazioni sul Corallo  a cura di Gioia De Simone e Bianca Cappello"},"content":{"rendered":"<p><img loading=\"lazy\" decoding=\"async\" class=\"alignleft size-large wp-image-73183\" src=\"http:\/\/www.gdapress.it\/it\/..\/public\/it\/2019\/11\/Ramo-corallo-444x400.jpg\" alt=\"\" width=\"444\" height=\"400\" srcset=\"https:\/\/www.gdapress.it\/it\/..\/public\/it\/2019\/11\/Ramo-corallo-444x400.jpg 444w, https:\/\/www.gdapress.it\/it\/..\/public\/it\/2019\/11\/Ramo-corallo-300x270.jpg 300w, https:\/\/www.gdapress.it\/it\/..\/public\/it\/2019\/11\/Ramo-corallo-768x692.jpg 768w, https:\/\/www.gdapress.it\/it\/..\/public\/it\/2019\/11\/Ramo-corallo.jpg 1812w\" sizes=\"auto, (max-width: 444px) 100vw, 444px\" \/><\/p>\n<p><strong><u>Conversazioni sul Corallo<\/u><\/strong><\/p>\n<p>a cura di Gioia De Simone e Bianca Cappello<\/p>\n<p>21\u00a0Novembre\u00a02019<\/p>\n<p>Spazio Campania<\/p>\n<p>Piazza Fontana, Milano<\/p>\n<p>dalle ore 10.00 alle ore 16.00<\/p>\n<p>L\u2019 impresa storica Antonino De Simone nel 2020 compie 190 anni di attivit\u00e0 e sceglie Milano come anteprima del suo anniversario presentando\u00a0il 21 novembre,\u00a0presso la prestigiosa cornice dello Spazio Campania in piazza Fontana, una\u00a0giornata aperta a tutti per promuovere\u00a0la cultura del Corallo: cos&#8217;\u00e8, qual \u00e8 il suo uso nei gioielli, cosa significa per il corallo essere sostenibile e come si lavora.<\/p>\n<p><strong>Gioia De Simone<\/strong>, CEO dell\u2019azienda Antonino De Simone, si trasforma per l&#8217;occasione in &#8220;padrona di casa&#8221; ospitando nel &#8220;salotto&#8221; Spazio Campania\u00a0alcuni tra i pi\u00f9 importanti esperti del settore per raccontare\u00a0lo straordinario mondo del corallo con un susseguirsi di approfondimenti\u00a0teorici e pratici.<\/p>\n<p>All&#8217;evento partecipano\u00a0<strong>Bianca Cappello<\/strong>, storica e critica del gioiello, docente in varie scuole tra cui Galdus Oreficeria Milano e IED Milano, curatrice di mostre e autore di libri sul gioiello,\u00a0<strong>Loredana\u00a0Prosperi<\/strong>, direttrice dell\u2019Istituto Gemmologico Italiano,\u00a0<strong>Monica\u00a0Odoli<\/strong>, Responsabile dei corsi I.G.I. <strong>Cristina Del Mare<\/strong>, etnologa e primaria esperta dell&#8217;uso del corallo nelle varie culture del mondo.<\/p>\n<p>In questa speciale occasione verr\u00e0 presentato\u00a0il volume \u201c<strong>Lungo le\u00a0Vie del corallo<\/strong>\u201d, a cura di Gioia De Simone e Cristina Del Mare che\u00a0illustra le opere della\u00a0collezione museale Antonino De Simone,\u00a0attraverso una\u00a0lettura storica e antropologica delle manifatture in\u00a0corallo e degli\u00a0oggetti realizzati dal XVI al XX secolo.<\/p>\n<p>Loredana Prosperi e Monica Odoli trattano, durante la mattinata, la materia prima come gemma e la relazione tra uomo e natura, con la sostenibilit\u00e0 e la tracciabilit\u00e0 del corallo come punto centrale.<\/p>\n<p>A seguire la dimostrazione dal vivo del maestro incisore torrese\u00a0<strong>Pasquale\u00a0Centoducati<\/strong>, che ci trasporta in un altro tempo, mostrandoci come le sue abili mani danno forma a questo incredibile materiale .<\/p>\n<p>Per tutta la durata dell&#8217;evento \u00e8 possibile ammirare da vicino la\u00a0<strong>mostra\u00a0<\/strong>di\u00a0una selezione di\u00a0<strong>antichi gioielli etnici in corallo<\/strong>\u00a0provenienti dalla\u00a0<strong>collezione Antonino De Simone<\/strong>\u00a0che propongono un\u00a0percorso\u00a0prodigioso in grado di unire civilt\u00e0, storie e genti attraverso\u00a0un viaggio che dalle sponde dell\u2019Occidente mediterraneo \u2013 con Torre del Greco protagonista \u2013 giunge fino all\u2019Oriente e oltre l\u2019Oceano,\u00a0alle coste americane.\u00a0Una collezione straordinaria, nata dall\u2019amore per il corallo di Antonino De Simone, imprenditore e sognatore.<\/p>\n<p>La storica del gioiello Bianca Cappello, co curatrice dell&#8217;evento, afferma:\u00a0\u201c<em>Da sempre il\u00a0Corallo \u00e8 considerato un materiale denso di contenuti magici e apotropaici e in questa veste lo troviamo dall&#8217;antichit\u00e0 ad oggi nell&#8217;oreficeria del Mediterraneo e non solo. La pesca, il commercio, la lavorazione e l&#8217;inserimento del corallo nei gioielli, dall&#8217;amuleto all&#8217;alta gioielleria, dalla moda al bijou, \u00e8 fino dai tempi remoti una catena che coinvolge popoli, culture e religioni diversi, accomunati dal suo innegabile fascino. In Italia fino dal Medioevo erano molti i centri di pesca e lavorazione del corallo, in Sardegna, Liguria, Toscana, Sicilia ed in Campania che, soprattutto negli ultimi 2 secoli, ha avuto un ruolo primario con importanti botteghe e laboratori concentrati a Torre del Greco. Oggi pi\u00f9 che mai \u00e8 necessario preservare questo materiale prezioso che \u00e8 un patrimonio naturale di tutti, farlo conoscere per valorizzarlo in tutta la sua importanza, nei gioielli e non solo<\/em>.\u201d<\/p>\n<p>Pensiero confermato da Cristina\u00a0Del Mare che ribadisce come\u00a0\u201c<em>Il corallo rosso Mediterraneo,\u00a0Corallium\u00a0rubrum, per la sua enigmatica natura, il colore sanguigno e la forma arborea, ha saputo evocare nell\u2019immaginario umano riferimenti simbolici pregni di potere magico. Popoli lontanissimi dalle sue coste d\u2019origine, stanziati lungo le antiche vie commerciali, che noi abbiamo ribattezzato \u201cVie del Corallo\u201d, hanno subito il suo fascino, indipendentemente dalla loro fede religiosa. Nomadi tibetani e pastori mongoli buddisti, genti del Subcontinente indiano e musulmani del centro Asia e della penisola Arabica, berberi del nord Africa e finanche gruppi di nativi americani, sono stati sedotti dalla bellezza e rarit\u00e0 del materiale corallino, attribuendogli prodigiosi poteri difensivi e virt\u00f9 propiziatorie. Nei gioielli e ornamenti rituali di queste popolazioni il corallo \u00e8 amuleto universale, capace di allontanare le sventure, proteggere dal male, apportare prosperit\u00e0, salute e fortuna a chiunque lo indossi, le stesse propriet\u00e0 attribuite dalla nostra tradizione mediterranea<\/em>\u201d.<\/p>\n<p>Ingresso gratuito fino ad esaurimento posti<\/p>\n<p>Per confermare la vostra presenza vi preghiamo gentilmente di scrivere all\u2019indirizzo mail:\u00a0<a href=\"mailto:spaziocampania@antoninodesimone.it\">spaziocampania@antoninodesimone.it<\/a><\/p>\n<p>&nbsp;<\/p>\n","protected":false},"excerpt":{"rendered":"<p>Conversazioni sul Corallo a cura di Gioia De Simone e Bianca Cappello 21\u00a0Novembre\u00a02019 Spazio Campania Piazza Fontana, Milano dalle ore 10.00 alle ore 16.00 L\u2019 impresa storica Antonino De Simone nel 2020 compie 190 anni di attivit\u00e0 e sceglie Milano come anteprima del suo anniversario presentando\u00a0il 21 novembre,\u00a0presso la prestigiosa cornice dello Spazio Campania in &hellip; <a href=\"https:\/\/www.gdapress.it\/it\/index.php\/73182\/cultura\/conversazioni-sul-corallo-a-cura-di-gioia-de-simone-e-bianca-cappello.html\" class=\"more-link\">Read more <span class=\"screen-reader-text\">Conversazioni sul Corallo  a cura di Gioia De Simone e Bianca Cappello<\/span><\/a><\/p>\n","protected":false},"author":2,"featured_media":73183,"comment_status":"closed","ping_status":"open","sticky":false,"template":"","format":"standard","meta":{"footnotes":""},"categories":[5],"tags":[25581,3104,23700],"class_list":["post-73182","post","type-post","status-publish","format-standard","has-post-thumbnail","hentry","category-cultura","tag-antonino-de-simone","tag-corallo","tag-spazio-campania"],"_links":{"self":[{"href":"https:\/\/www.gdapress.it\/it\/index.php\/wp-json\/wp\/v2\/posts\/73182","targetHints":{"allow":["GET"]}}],"collection":[{"href":"https:\/\/www.gdapress.it\/it\/index.php\/wp-json\/wp\/v2\/posts"}],"about":[{"href":"https:\/\/www.gdapress.it\/it\/index.php\/wp-json\/wp\/v2\/types\/post"}],"author":[{"embeddable":true,"href":"https:\/\/www.gdapress.it\/it\/index.php\/wp-json\/wp\/v2\/users\/2"}],"replies":[{"embeddable":true,"href":"https:\/\/www.gdapress.it\/it\/index.php\/wp-json\/wp\/v2\/comments?post=73182"}],"version-history":[{"count":1,"href":"https:\/\/www.gdapress.it\/it\/index.php\/wp-json\/wp\/v2\/posts\/73182\/revisions"}],"predecessor-version":[{"id":73184,"href":"https:\/\/www.gdapress.it\/it\/index.php\/wp-json\/wp\/v2\/posts\/73182\/revisions\/73184"}],"wp:featuredmedia":[{"embeddable":true,"href":"https:\/\/www.gdapress.it\/it\/index.php\/wp-json\/wp\/v2\/media\/73183"}],"wp:attachment":[{"href":"https:\/\/www.gdapress.it\/it\/index.php\/wp-json\/wp\/v2\/media?parent=73182"}],"wp:term":[{"taxonomy":"category","embeddable":true,"href":"https:\/\/www.gdapress.it\/it\/index.php\/wp-json\/wp\/v2\/categories?post=73182"},{"taxonomy":"post_tag","embeddable":true,"href":"https:\/\/www.gdapress.it\/it\/index.php\/wp-json\/wp\/v2\/tags?post=73182"}],"curies":[{"name":"wp","href":"https:\/\/api.w.org\/{rel}","templated":true}]}}